{"id":6568,"date":"2009-03-25T11:33:42","date_gmt":"2009-03-25T09:33:42","guid":{"rendered":"http:\/\/www.korhanyilmaz.com\/?p=6568"},"modified":"2009-03-25T11:33:42","modified_gmt":"2009-03-25T09:33:42","slug":"chpli-oymenden-ido-sikayeti","status":"publish","type":"post","link":"http:\/\/www.korhanyilmaz.com\/?p=6568","title":{"rendered":"CHP&#039;li \u00d6ymen&#039;den \u0130DO \u015fikayeti"},"content":{"rendered":"<p><img loading=\"lazy\" decoding=\"async\" class=\"aligncenter size-full wp-image-6569\" title=\"CHP Genel Ba\u015fkan Yard\u0131mc\u0131s\u0131 Onur \u00d6ymen\" src=\"http:\/\/www.korhanyilmaz.com\/wp-content\/uploads\/2009\/03\/onuroymen1.jpg\" alt=\"CHP Genel Ba\u015fkan Yard\u0131mc\u0131s\u0131 Onur \u00d6ymen\" width=\"300\" height=\"202\" \/><\/p>\n<p style=\"text-align: justify;\"><strong>CHP Genel Ba\u015fkan Yard\u0131mc\u0131s\u0131 Onur \u00d6ymen, \u0130DO&#8217;nun, iktidar yanl\u0131s\u0131 olarak yorumlad\u0131\u011f\u0131 Kanal 24 ile yapt\u0131\u011f\u0131 anla\u015fma sonucu, seferlerde sadece bu kanal\u0131n izlenmesini, Bursa \u0130l Se\u00e7im Kurulu&#8217;na \u015fikayet etti. \u00d6ymen, &#8220;Bu anlay\u0131\u015f, se\u00e7imlerin adil ve tarafs\u0131z yap\u0131lmas\u0131na g\u00f6lge d\u00fc\u015f\u00fcr\u00fcyor&#8221; dedi.<\/strong><\/p>\n<p style=\"text-align: justify;\">CHP Genel Ba\u015fkan Yard\u0131mc\u0131s\u0131 ve Bursa Milletvekili Onur \u00d6ymen, d\u00fcn partisinin \u0130l Ba\u015fkan\u0131 G\u00fcrhan Akdo\u011fan ve CHP MKYK \u00dcyesi Ali Nihat Irk\u00f6r\u00fcc\u00fc ile Bursa Adliyesi&#8217;ne gelerek \u0130l Se\u00e7im Kurulu Ba\u015fkan\u0131 M. Necati T\u00fcre ile g\u00f6r\u00fc\u015ft\u00fc. Adliyeden \u00e7\u0131karken bas\u0131n mensuplar\u0131na a\u00e7\u0131klama yapan Onur \u00d6ymen, iktidar partisinin pazar g\u00fcn\u00fc ger\u00e7ekle\u015fecek olan yerel se\u00e7imlere g\u00f6lge d\u00fc\u015f\u00fcren uygulamalar i\u00e7ersinde oldu\u011funu s\u00f6yledi. <!--more-->Bunlardan birinin de, Kanal 24&#8217;\u00fcn yay\u0131nlar\u0131n\u0131n \u0130DO&#8217;nun deniz seferlerinde yolculara zorunlu olarak izletilmesi oldu\u011funu belirten \u00d6ymen, &#8220;T\u00fcrkiye&#8217;de y\u00fcz binlerce insan\u0131n seyahat etti\u011fi deniz ula\u015f\u0131m vas\u0131talar\u0131nda, sadece iktidar yanl\u0131s\u0131 bir televizyon kanal\u0131n\u0131n yay\u0131n yapmas\u0131 normal mi? Do\u011fal m\u0131d\u0131r? Se\u00e7im zaman\u0131, bu e\u015fitlik kurallar\u0131n\u0131 ihlal etmiyor mu? CHP&#8217;li bir belediye, iktidara kar\u015f\u0131 g\u00f6r\u00fc\u015fleri ile bilinen bir kanalla, sadece onun yay\u0131nlar\u0131 i\u00e7in bir ticari anla\u015fma yapsa iktidar bunu sineye \u00e7eker mi?&#8221; dedi.<\/p>\n<p style=\"text-align: justify;\">\u00d6ymen, Yenikap\u0131&#8217;dan Bursa&#8217;ya da yolcu ta\u015f\u0131yan \u0130DO&#8217;nun yapt\u0131\u011f\u0131 bu anla\u015fman\u0131n yerel se\u00e7imlerin adil ve tarafs\u0131z yap\u0131lmas\u0131na g\u00f6lge d\u00fc\u015f\u00fcrmesi nedeniyle konuyu \u0130l Se\u00e7im Kurulu Ba\u015fkan\u0131&#8217;na \u015fikayet olarak ilettiklerini s\u00f6yledi.<\/p>\n<p style=\"text-align: justify;\"><strong>BAYKAL&#8217;IN M\u0130T\u0130NG\u0130NDEK\u0130 G\u00d6STER\u0130 DE \u015e\u0130KAYET ED\u0130LD\u0130<\/strong><\/p>\n<p style=\"text-align: justify;\">CHP Genel Ba\u015fkan\u0131 Deniz Baykal&#8217;\u0131n Bursa&#8217;da d\u00fczenledi\u011fi mitingde, AKP B\u00fcy\u00fck\u015fehir Belediye Ba\u015fkan Aday\u0131 Recep Altepe&#8217;nin ad\u0131n\u0131 ta\u015f\u0131yan motorlu plan\u00f6r\u00fcn miting alan\u0131n\u0131n \u00fczerinde d\u00f6rt kez ge\u00e7mesinin son derece tehlikeli oldu\u011funu da belirten \u00d6ymen, ruhsat\u0131 olmayan, sivil havac\u0131l\u0131k kurallar\u0131na g\u00f6re su\u00e7 olan bu uygulamadan duyduklar\u0131 rahats\u0131zl\u0131\u011f\u0131, Se\u00e7im Kurulu&#8217;nda g\u00fcndeme getirdiklerini a\u00e7\u0131klad\u0131.<\/p>\n<p style=\"text-align: justify;\"><span style=\"color: #888888;\">Kaynak : Nail Kahraman \/ Bursa- DHA<\/span><\/p>\n","protected":false},"excerpt":{"rendered":"<\/p>\n<p style=\"text-align: justify;\">CHP Genel Ba\u015fkan Yard\u0131mc\u0131s\u0131 Onur \u00d6ymen, \u0130DO&#8217;nun, iktidar yanl\u0131s\u0131 olarak yorumlad\u0131\u011f\u0131 Kanal 24 ile yapt\u0131\u011f\u0131 anla\u015fma sonucu, seferlerde sadece bu kanal\u0131n izlenmesini, Bursa \u0130l Se\u00e7im Kurulu&#8217;na \u015fikayet etti. \u00d6ymen, &#8220;Bu anlay\u0131\u015f, se\u00e7imlerin adil ve tarafs\u0131z yap\u0131lmas\u0131na g\u00f6lge d\u00fc\u015f\u00fcr\u00fcyor&#8221; dedi.<\/p>\n<p style=\"text-align: justify;\">CHP Genel Ba\u015fkan Yard\u0131mc\u0131s\u0131 ve Bursa Milletvekili Onur \u00d6ymen, d\u00fcn partisinin <\/p>\n","protected":false},"author":1,"featured_media":0,"comment_status":"open","ping_status":"closed","sticky":false,"template":"","format":"standard","meta":{"footnotes":""},"categories":[105],"tags":[],"class_list":["post-6568","post","type-post","status-publish","format-standard","hentry","category-gundem","odd"],"_links":{"self":[{"href":"http:\/\/www.korhanyilmaz.com\/index.php?rest_route=\/wp\/v2\/posts\/6568","targetHints":{"allow":["GET"]}}],"collection":[{"href":"http:\/\/www.korhanyilmaz.com\/index.php?rest_route=\/wp\/v2\/posts"}],"about":[{"href":"http:\/\/www.korhanyilmaz.com\/index.php?rest_route=\/wp\/v2\/types\/post"}],"author":[{"embeddable":true,"href":"http:\/\/www.korhanyilmaz.com\/index.php?rest_route=\/wp\/v2\/users\/1"}],"replies":[{"embeddable":true,"href":"http:\/\/www.korhanyilmaz.com\/index.php?rest_route=%2Fwp%2Fv2%2Fcomments&post=6568"}],"version-history":[{"count":0,"href":"http:\/\/www.korhanyilmaz.com\/index.php?rest_route=\/wp\/v2\/posts\/6568\/revisions"}],"wp:attachment":[{"href":"http:\/\/www.korhanyilmaz.com\/index.php?rest_route=%2Fwp%2Fv2%2Fmedia&parent=6568"}],"wp:term":[{"taxonomy":"category","embeddable":true,"href":"http:\/\/www.korhanyilmaz.com\/index.php?rest_route=%2Fwp%2Fv2%2Fcategories&post=6568"},{"taxonomy":"post_tag","embeddable":true,"href":"http:\/\/www.korhanyilmaz.com\/index.php?rest_route=%2Fwp%2Fv2%2Ftags&post=6568"}],"curies":[{"name":"wp","href":"https:\/\/api.w.org\/{rel}","templated":true}]}}