{"id":6549,"date":"2009-03-25T11:18:57","date_gmt":"2009-03-25T09:18:57","guid":{"rendered":"http:\/\/www.korhanyilmaz.com\/?p=6549"},"modified":"2009-03-25T11:18:57","modified_gmt":"2009-03-25T09:18:57","slug":"melih-gokcek-oglumla-ilgili-iddialar-tamamen-yalan","status":"publish","type":"post","link":"http:\/\/www.korhanyilmaz.com\/?p=6549","title":{"rendered":"Melih G\u00f6k\u00e7ek: O\u011flumla ilgili iddialar tamamen yalan!"},"content":{"rendered":"<p><img loading=\"lazy\" decoding=\"async\" class=\"aligncenter size-full wp-image-6550\" src=\"http:\/\/www.korhanyilmaz.com\/wp-content\/uploads\/2009\/03\/250320091054388173208.jpg\" alt=\"\" width=\"320\" height=\"100\" \/><\/p>\n<p style=\"text-align: justify;\"><strong>Melih G\u00f6k\u00e7ek, o\u011flu Osman G\u00f6k\u00e7ek&#8217;in Bak\u00fc&#8217;de tedavi alt\u0131nda tutuldu\u011funa dair iddialar\u0131 yalanlad\u0131&#8230;<\/strong><\/p>\n<p style=\"text-align: justify;\">Ankara kulisleri birka\u00e7 g\u00fcnd\u00fcr Melih G\u00f6k\u00e7ek&#8217;in o\u011flunun aya\u011f\u0131ndan vuruldu\u011fu ve  Bak\u00fc&#8217;de tedavi alt\u0131nda tutuldu\u011fu konu\u015fuluyordu.<\/p>\n<p style=\"text-align: justify;\">G\u00f6k\u00e7ek, bug\u00fcn sitemizde yay\u0131nlanan bu iddialar \u00fczerine bir a\u00e7\u0131klama yapt\u0131. Haberin tamamen as\u0131ls\u0131z oldu\u011funu belirten Melih G\u00f6k\u00e7ek \u015funlar\u0131 s\u00f6yledi:<\/p>\n<p style=\"text-align: justify;\"><strong>O\u011eLUM YANIMDA KANAL KANAL GEZD\u0130R\u0130YORUM<\/strong><\/p>\n<p style=\"text-align: justify;\">&#8220;B\u00f6yle bir olay yok. Azeri sitesine T\u00fcrkiye&#8217;den belli \u00e7evreler taraf\u0131ndan servis edildi bu haber&#8230; Se\u00e7ime do\u011fru belden a\u015fa\u011f\u0131 vurma \u00e7abas\u0131&#8230; O\u011flum \u015fu anda Ankara&#8217;da yan\u0131mda. Hatta iddialar\u0131n as\u0131ls\u0131zl\u0131\u011f\u0131n\u0131 ispatlamak i\u00e7in birlikte televizyon kanallar\u0131n\u0131 dola\u015f\u0131yoruz..&#8221;<!--more--><\/p>\n<p style=\"text-align: justify;\"><strong>O \u0130DD\u0130A NEYD\u0130?<\/strong><\/p>\n<p style=\"text-align: justify;\">Ankara kulisleri son birka\u00e7 g\u00fcnd\u00fcr bu dedikoduyla \u00e7alkalan\u0131yordu: &#8220;Aya\u011f\u0131ndan kur\u015funlanan Melih G\u00f6k\u00e7ek&#8217;in o\u011flu<br \/>\nOsman G\u00f6k\u00e7ek Bak\u00fc&#8217;de tedavi alt\u0131nda tutuluyor.&#8221;<br \/>\nAzerice yay\u0131n yapan musavat.com. adl\u0131 internet sitesinin g\u00fcndeme getirdi\u011fi iddiaya g\u00f6re ge\u00e7en hafta i\u00e7ersinde Osman G\u00f6k\u00e7ek tabancayla aya\u011f\u0131ndan vurulur. Se\u00e7im kampanyas\u0131nda a\u011f\u0131r bir yara alaca\u011f\u0131n\u0131 d\u00fc\u015f\u00fcnen Melih G\u00f6k\u00e7ek o\u011flunu \u00e7ok gizli bir operasyonla Azerbaycan&#8217;a g\u00f6nderir ve Osman G\u00f6k\u00e7ek Bak\u00fc&#8217;de tedavi alt\u0131na al\u0131n\u0131r.\n<\/p>\n<p style=\"text-align: justify;\"><strong>&#8216;Melih G\u00f6k\u00e7ek vuruldu&#8217; diyecekler&#8221;<\/strong><\/p>\n<p style=\"text-align: justify;\">Ankara Belediye Ba\u015fkan\u0131 Melih G\u00f6k\u00e7ek 15 Mart&#8217;ta se\u00e7imlerden bir g\u00fcn \u00f6nce kendisiyle ilgili spek\u00fclasyonlar\u0131n artaca\u011f\u0131n\u0131 ve G\u00f6k\u00e7ek vuruldu dedikodusunun yay\u0131laca\u011f\u0131n\u0131 \u00f6ne s\u00fcrm\u00fc\u015ft\u00fc.<\/p>\n<p style=\"text-align: justify;\">Ankara B\u00fcy\u00fck\u015fehir Belediye Ba\u015fkan\u0131 Melih G\u00f6k\u00e7ek, &#8220;Kendisine kar\u015f\u0131 olan baz\u0131 gruplar\u0131n se\u00e7imlerden bir g\u00fcn \u00f6nce ortaya &#8216;G\u00f6k\u00e7ek se\u00e7imden \u00e7ekildi&#8217;, &#8216;G\u00f6k\u00e7ek vuruldu&#8217; \u015feklinde iddialar ortaya at\u0131laca\u011f\u0131 istihbarat\u0131n\u0131 ald\u0131klar\u0131n\u0131&#8221; iddia etmi\u015fti.<\/p>\n<p style=\"text-align: justify;\"><span style=\"color: #888888;\">Kaynak : Vatan<\/span><\/p>\n","protected":false},"excerpt":{"rendered":"<\/p>\n<p style=\"text-align: justify;\">Melih G\u00f6k\u00e7ek, o\u011flu Osman G\u00f6k\u00e7ek&#8217;in Bak\u00fc&#8217;de tedavi alt\u0131nda tutuldu\u011funa dair iddialar\u0131 yalanlad\u0131&#8230;<\/p>\n<p style=\"text-align: justify;\">Ankara kulisleri birka\u00e7 g\u00fcnd\u00fcr Melih G\u00f6k\u00e7ek&#8217;in o\u011flunun aya\u011f\u0131ndan vuruldu\u011fu ve Bak\u00fc&#8217;de tedavi alt\u0131nda tutuldu\u011fu konu\u015fuluyordu.<\/p>\n<p style=\"text-align: justify;\">G\u00f6k\u00e7ek, bug\u00fcn sitemizde yay\u0131nlanan bu iddialar \u00fczerine bir a\u00e7\u0131klama yapt\u0131. Haberin tamamen as\u0131ls\u0131z oldu\u011funu belirten Melih G\u00f6k\u00e7ek \u015funlar\u0131 s\u00f6yledi:<\/p>\n<p style=\"text-align:  \n\n","protected":false},"author":1,"featured_media":0,"comment_status":"open","ping_status":"closed","sticky":false,"template":"","format":"standard","meta":{"footnotes":""},"categories":[105],"tags":[],"class_list":["post-6549","post","type-post","status-publish","format-standard","hentry","category-gundem","odd"],"_links":{"self":[{"href":"http:\/\/www.korhanyilmaz.com\/index.php?rest_route=\/wp\/v2\/posts\/6549","targetHints":{"allow":["GET"]}}],"collection":[{"href":"http:\/\/www.korhanyilmaz.com\/index.php?rest_route=\/wp\/v2\/posts"}],"about":[{"href":"http:\/\/www.korhanyilmaz.com\/index.php?rest_route=\/wp\/v2\/types\/post"}],"author":[{"embeddable":true,"href":"http:\/\/www.korhanyilmaz.com\/index.php?rest_route=\/wp\/v2\/users\/1"}],"replies":[{"embeddable":true,"href":"http:\/\/www.korhanyilmaz.com\/index.php?rest_route=%2Fwp%2Fv2%2Fcomments&post=6549"}],"version-history":[{"count":0,"href":"http:\/\/www.korhanyilmaz.com\/index.php?rest_route=\/wp\/v2\/posts\/6549\/revisions"}],"wp:attachment":[{"href":"http:\/\/www.korhanyilmaz.com\/index.php?rest_route=%2Fwp%2Fv2%2Fmedia&parent=6549"}],"wp:term":[{"taxonomy":"category","embeddable":true,"href":"http:\/\/www.korhanyilmaz.com\/index.php?rest_route=%2Fwp%2Fv2%2Fcategories&post=6549"},{"taxonomy":"post_tag","embeddable":true,"href":"http:\/\/www.korhanyilmaz.com\/index.php?rest_route=%2Fwp%2Fv2%2Ftags&post=6549"}],"curies":[{"name":"wp","href":"https:\/\/api.w.org\/{rel}","templated":true}]}}