{"id":6545,"date":"2009-03-25T09:22:49","date_gmt":"2009-03-25T07:22:49","guid":{"rendered":"http:\/\/www.korhanyilmaz.com\/?p=6545"},"modified":"2009-03-25T09:22:49","modified_gmt":"2009-03-25T07:22:49","slug":"muhalefete-cakmanin-odulu","status":"publish","type":"post","link":"http:\/\/www.korhanyilmaz.com\/?p=6545","title":{"rendered":"Muhalefete \u00e7akman\u0131n \u00f6d\u00fcl\u00fc..!"},"content":{"rendered":"<p style=\"text-align: center;\"><img loading=\"lazy\" decoding=\"async\" class=\"aligncenter size-full wp-image-6546\" title=\" Muhalefete \u00e7akman\u0131n \u00f6d\u00fcl\u00fc..! \" src=\"http:\/\/www.korhanyilmaz.com\/wp-content\/uploads\/2009\/03\/250320090936319278027.jpg\" alt=\" Muhalefete \u00e7akman\u0131n \u00f6d\u00fcl\u00fc..! \" width=\"329\" height=\"210\" \/><\/p>\n<p style=\"text-align: justify;\"><strong>Sabah gazetesi muhalefetin adaylar\u0131na &#8216;vurdu\u011fu&#8217; g\u00fcnler, baz\u0131 illerde bedava da\u011f\u0131t\u0131l\u0131yor<\/strong><\/p>\n<p style=\"text-align: justify;\">\u00d6nce Ankara&#8217;da MHP&#8217;li Yava\u015f&#8217;\u0131 ele\u015ftiren say\u0131s\u0131 bedavayd\u0131, sonra DSP&#8217;li B\u00fcy\u00fcker\u015fen&#8217;in kalesi Eski\u015fehir&#8217;de&#8230; Takvim de Sabah&#8217;tan geri kalm\u0131yor..<\/p>\n<p style=\"text-align: justify;\">Yerel se\u00e7imlere say\u0131l\u0131 g\u00fcnler kala baz\u0131 illerde Sabah gazetesi bedava! Ankara&#8217;da ge\u00e7en ay MHPli B\u00fcy\u00fck\u015fehir Belediyesi Ba\u015fkan aday\u0131 Mansur Yava\u015f aleyhine haber i\u00e7eren gazetenin kent genelinde \u00fccretsiz da\u011f\u0131tmas\u0131n\u0131n ard\u0131ndan, \u00f6nceki g\u00fcn de Eski\u015fehir&#8217;de DSPli Belediye Ba\u015fkan\u0131 Prof. Dr. Y\u0131lmaz B\u00fcy\u00fcker\u015fen aleyhine haberin oldu\u011fu Sabah caddelerde halka bedava verildi. Sabah&#8217;la ayn\u0131 grup i\u00e7inde yer alan Takvim gazetesi de Be\u015fikta\u015f Belediye Ba\u015fkan\u0131 \u0130smail \u00dcnal aleyhine haber yap\u0131ld\u0131\u011f\u0131 g\u00fcn il\u00e7ede bedava da\u011f\u0131t\u0131ld\u0131. <!--more--><\/p>\n<p style=\"text-align: justify;\">Sabah gazetesinin 19 \u015eubat ve 20 \u015eubat 2009 tarihli Ankara ekinde, MHP&#8217;nin aday\u0131 Mansur Yava\u015f aleyhine haberler \u00e7\u0131km\u0131\u015f, ayn\u0131 g\u00fcnlerde gazete \u00fccretsiz olarak Ankara genelinde da\u011f\u0131tm\u0131\u015ft\u0131. Gazetedeki haberlerde Ankara B\u00fcy\u00fck\u015fehir Belediye Ba\u015fkan aday\u0131 Mansur Yava\u015f&#8217;\u0131n uzun s\u00fcre belediye ba\u015fkanl\u0131\u011f\u0131 yapt\u0131\u011f\u0131 Beypazar\u0131&#8217;nda, vatanda\u015f\u0131n bidonlarla evine su ta\u015f\u0131d\u0131\u011f\u0131, \u00e7\u00f6p da\u011flar\u0131ndan ge\u00e7ilmedi\u011fi iddia ediliyordu. Melih G\u00f6k\u00e7ek ad\u0131na a\u00e7\u0131klama yapan Bas\u0131n Yay\u0131n M\u00fcd\u00fcr\u00fc Avni Kavlak, bedava da\u011f\u0131t\u0131mla ilgilerinin olmad\u0131\u011f\u0131n\u0131 s\u00f6ylerken, MHP konuyu yarg\u0131ya ta\u015f\u0131yaca\u011f\u0131n\u0131 a\u00e7\u0131klam\u0131\u015ft\u0131.<\/p>\n<p style=\"text-align: justify;\">Bu olay\u0131n benzeri \u00f6nceki g\u00fcn Eski\u015fehir&#8217;de ya\u015fand\u0131. \u0130ddialara g\u00f6re, B\u00fcy\u00fcker\u015fen, belediyenin ihalelerini ba\u015fta damad\u0131, &#8216;Yasemin&#8217; ad\u0131ndaki k\u0131z\u0131 ve ortaklar\u0131 olmak \u00fczere yak\u0131nlar\u0131na da\u011f\u0131tm\u0131\u015ft\u0131. Bu haberin yer ald\u0131\u011f\u0131 22 Mart tarihli Sabah gazetesi kentte \u00fccretsiz olarak da\u011f\u0131t\u0131ld\u0131. Olay\u0131 kirli siyasetin bir par\u00e7as\u0131 oldu\u011funu belirten B\u00fcy\u00fcker\u015fen, s\u00f6zlerine &#8220;Benim Yasemin adl\u0131 k\u0131z\u0131m yok&#8221; diyerek ba\u015flad\u0131:<\/p>\n<p style=\"text-align: justify;\">&#8220;Eski\u015fehir&#8217;e normalde 1500 &#8211; 2 bin aras\u0131nda Sabah gazetesi gelir ancak pazar g\u00fcn\u00fc 8 bin adet gazete Ankara&#8217;dan geldi. Bu gazeteler balyalar halinde AKP&#8217;nin Atat\u00fcrk Caddesi&#8217;ndeki se\u00e7im b\u00fcrosuna indirildi. Gazetelerin hem se\u00e7im b\u00fcrosunda balyalanm\u0131\u015f halini, hem de AKPli gen\u00e7ler taraf\u0131ndan gazetelerin da\u011f\u0131t\u0131ld\u0131\u011f\u0131n\u0131 foto\u011fraflad\u0131k. Sabah gazetesi ge\u00e7mi\u015fte de benzer bir karalama haber yapm\u0131\u015ft\u0131. Biz gazeteye tekzip yay\u0131mlatarak tazminat \u00f6demeye mahk\u00fbm ettik. \u0130lgin\u00e7 olan, ayn\u0131 haber gazetenin \u0130stanbul bask\u0131s\u0131nda bir s\u00fctunun yar\u0131s\u0131 kadar yer al\u0131rken, Ankara bask\u0131s\u0131nda haberin yeri de\u011fi\u015ftirilerek \u00fc\u00e7 s\u00fctun olarak yer alm\u0131\u015f.&#8221;<\/p>\n<p style=\"text-align: justify;\"><strong>CHP&#8217;li Be\u015fikta\u015f Belediyesi de hedefte <\/strong><\/p>\n<p style=\"text-align: justify;\">Sabah&#8217;la ayn\u0131 gruptaki Takvim gazetesinde de 18-22 Mart tarihleri aras\u0131nda CHPli Be\u015fikta\u015f Belediyesi Ba\u015fkan\u0131 \u0130smail \u00dcnal ve Be\u015fikta\u015f Spor Kul\u00fcb\u00fc&#8217;n\u00fcn eski ba\u015fkan\u0131, i\u015fadam\u0131 Serdar Bilgili aleyhinde haberler \u00e7\u0131km\u0131\u015ft\u0131. Sabah&#8217;ta da yer alan &#8216;mezardan imar yolsuzlu\u011fu&#8217; \u015feklindeki haberlere g\u00f6re \u00dcnal, Bilgili&#8217;ye Ortak\u00f6y Meryem Ana Ermeni Kilisesi Vakf\u0131&#8217;na ait Ermeni Mezarl\u0131\u011f\u0131 arazisinde in\u015faat yapma izni vermi\u015f, b\u00f6ylece ikisi 300 milyon avro rant sa\u011flam\u0131\u015ft\u0131. CHP Be\u015fikta\u015f il\u00e7e Ba\u015fkan\u0131 U\u011fur Gedik&#8217;in verdi\u011fi bilgilere g\u00f6re de haberlerin \u00e7\u0131kt\u0131\u011f\u0131 g\u00fcn Be\u015fikta\u015f&#8217;ta Takvim gazetesi \u00fccretsiz da\u011f\u0131t\u0131lm\u0131\u015ft\u0131. Bilgili&#8217;yse a\u00e7\u0131klamas\u0131nda, t\u00fcm su\u00e7lamalar\u0131n ger\u00e7ek d\u0131\u015f\u0131 oldu\u011funu belirtmi\u015fti.<\/p>\n<p style=\"text-align: justify;\"><span style=\"color: #888888;\">Kaynak :\u00a0 Radikal<\/span><\/p>\n","protected":false},"excerpt":{"rendered":"<p style=\"text-align: center;\">\n<p style=\"text-align: justify;\">Sabah gazetesi muhalefetin adaylar\u0131na &#8216;vurdu\u011fu&#8217; g\u00fcnler, baz\u0131 illerde bedava da\u011f\u0131t\u0131l\u0131yor<\/p>\n<p style=\"text-align: justify;\">\u00d6nce Ankara&#8217;da MHP&#8217;li Yava\u015f&#8217;\u0131 ele\u015ftiren say\u0131s\u0131 bedavayd\u0131, sonra DSP&#8217;li B\u00fcy\u00fcker\u015fen&#8217;in kalesi Eski\u015fehir&#8217;de&#8230; Takvim de Sabah&#8217;tan geri kalm\u0131yor..<\/p>\n<p style=\"text-align: justify;\">Yerel se\u00e7imlere say\u0131l\u0131 g\u00fcnler kala baz\u0131 illerde Sabah gazetesi bedava! Ankara&#8217;da ge\u00e7en ay MHPli B\u00fcy\u00fck\u015fehir Belediyesi Ba\u015fkan aday\u0131 Mansur <\/p>\n","protected":false},"author":1,"featured_media":0,"comment_status":"open","ping_status":"closed","sticky":false,"template":"","format":"standard","meta":{"footnotes":""},"categories":[105],"tags":[],"class_list":["post-6545","post","type-post","status-publish","format-standard","hentry","category-gundem","odd"],"_links":{"self":[{"href":"http:\/\/www.korhanyilmaz.com\/index.php?rest_route=\/wp\/v2\/posts\/6545","targetHints":{"allow":["GET"]}}],"collection":[{"href":"http:\/\/www.korhanyilmaz.com\/index.php?rest_route=\/wp\/v2\/posts"}],"about":[{"href":"http:\/\/www.korhanyilmaz.com\/index.php?rest_route=\/wp\/v2\/types\/post"}],"author":[{"embeddable":true,"href":"http:\/\/www.korhanyilmaz.com\/index.php?rest_route=\/wp\/v2\/users\/1"}],"replies":[{"embeddable":true,"href":"http:\/\/www.korhanyilmaz.com\/index.php?rest_route=%2Fwp%2Fv2%2Fcomments&post=6545"}],"version-history":[{"count":0,"href":"http:\/\/www.korhanyilmaz.com\/index.php?rest_route=\/wp\/v2\/posts\/6545\/revisions"}],"wp:attachment":[{"href":"http:\/\/www.korhanyilmaz.com\/index.php?rest_route=%2Fwp%2Fv2%2Fmedia&parent=6545"}],"wp:term":[{"taxonomy":"category","embeddable":true,"href":"http:\/\/www.korhanyilmaz.com\/index.php?rest_route=%2Fwp%2Fv2%2Fcategories&post=6545"},{"taxonomy":"post_tag","embeddable":true,"href":"http:\/\/www.korhanyilmaz.com\/index.php?rest_route=%2Fwp%2Fv2%2Ftags&post=6545"}],"curies":[{"name":"wp","href":"https:\/\/api.w.org\/{rel}","templated":true}]}}