{"id":6523,"date":"2009-03-25T08:19:17","date_gmt":"2009-03-25T06:19:17","guid":{"rendered":"http:\/\/www.korhanyilmaz.com\/?p=6523"},"modified":"2009-03-25T08:19:17","modified_gmt":"2009-03-25T06:19:17","slug":"kurdistan-polemigi","status":"publish","type":"post","link":"http:\/\/www.korhanyilmaz.com\/?p=6523","title":{"rendered":"K\u00fcrdistan polemi\u011fi"},"content":{"rendered":"<p style=\"text-align: justify;\"><img loading=\"lazy\" decoding=\"async\" class=\"aligncenter size-full wp-image-6524\" src=\"http:\/\/www.korhanyilmaz.com\/wp-content\/uploads\/2009\/03\/7621594.jpg\" alt=\"\" width=\"286\" height=\"138\" \/><strong><\/strong><\/p>\n<p style=\"text-align: justify;\"><strong>Irak&#8217;tan d\u00f6nen Cumhurba\u015fkan\u0131 G\u00fcl, polemi\u011fe neden olan &#8216;K\u00fcrdistan&#8217; ifadesini kullanmad\u0131\u011f\u0131n\u0131 s\u00f6yledi. G\u00fcl, &#8220;Irak&#8217;\u0131n kendi anayasas\u0131na g\u00f6re Irak&#8217;\u0131n kuzeyinde bir yerel K\u00fcrt y\u00f6netimi vard\u0131r, bunu s\u00f6yledim. Bunlar normal \u015feylerdir. B\u00f6yle zedeleyici, l\u00fczumsuz tart\u0131\u015fmalara girmenin anlam\u0131 yok&#8221; dedi.<\/strong><\/p>\n<p style=\"text-align: justify;\"><strong>CUMHURBA\u015eKANI<\/strong> Abdullah G\u00fcl&#8217;\u00fcn \u00f6nceki g\u00fcn Irak&#8217;a giderken gazetecilerle sohbetinde &#8220;K\u00fcrdistan&#8221; ifadesini kulland\u0131\u011f\u0131 haberleri b\u00fcy\u00fck bir polemik yaratt\u0131. G\u00fcl, d\u00fcn ak\u015fam Irak&#8217;tan d\u00f6n\u00fc\u015f\u00fcnde &#8220;K\u00fcrdistan&#8221; ifadesini kullanmad\u0131\u011f\u0131n\u0131 s\u00f6yleyerek \u015fa\u015f\u0131rtt\u0131. G\u00fcl, Esenbo\u011fa Havaalan\u0131&#8217;nda d\u00fczenledi\u011fi bas\u0131n toplant\u0131s\u0131nda bir gazetecinin &#8220;Irak&#8217;\u0131n kuzeyindeki b\u00f6lgesel K\u00fcrt y\u00f6netimiyle ilgili ne zaman bir konu olsa yetkililer anayasada nas\u0131l tan\u0131mlan\u0131yorsa \u00f6yle kullan\u0131yorlard\u0131, ancak K\u00fcrdistan ifadesini ilk kullanan siz oldunuz&#8221; s\u00f6zleri \u00fczerine, &#8220;Asl\u0131nda ben o s\u00f6yledi\u011finiz ifadeyi kullanmad\u0131m&#8221; dedi ve \u015f\u00f6yle konu\u015ftu:<!--more--><\/p>\n<p style=\"text-align: justify;\"><strong>Yerel K\u00fcrt y\u00f6netimi var<br \/>\n<\/strong><br \/>\n&#8220;Ama benim burada s\u00f6yledi\u011fim \u015fekilde bu bir ger\u00e7ek. Kendi i\u00e7inde Irak&#8217;\u0131n birli\u011fine ve b\u00fct\u00fcnl\u00fc\u011f\u00fcne en \u00e7ok \u00f6nem veren \u00fclke T\u00fcrkiye&#8217;dir. Irak&#8217;\u0131n i\u00e7erisinde kendi anayasalar\u0131na g\u00f6re Irak&#8217;\u0131n kuzeyinde bir yerel K\u00fcrt y\u00f6netimi vard\u0131r, bunu s\u00f6yledik. Onlar\u0131n ba\u015fbakanlar\u0131yla da g\u00f6r\u00fc\u015fme yapt\u0131m. Bunlar gayet normal \u015feylerdir. Bu konularda \u00e7e\u015fitli m\u00fcnaka\u015falar \u00e7\u0131k\u0131yor. \u00c7ok zor konularla u\u011fra\u015f\u0131yoruz. Bu konularla u\u011fra\u015f\u0131rken hepimiz dikkatli olmak zorunday\u0131z ve hele hele b\u00f6yle ter\u00f6rle m\u00fccadele etti\u011fimiz, zor i\u015flerle u\u011fra\u015ft\u0131\u011f\u0131m\u0131z konularda mesafeler de al\u0131nmaya ba\u015flarken b\u00f6yle zedeleyici, l\u00fczumsuz tart\u0131\u015fmalara girmenin anlam\u0131 yok.\n<\/p>\n<p style=\"text-align: justify;\">Ayr\u0131ca her \u00fclkenin kendi i\u00e7inde kulland\u0131\u011f\u0131 kendi dilleri vard\u0131r, kendi terminolojileri vard\u0131r, kendi kanunlar\u0131, anayasalar\u0131 vard\u0131r. Bunlar onlar\u0131 ilgilendirir. Irak&#8217;\u0131n toprak b\u00fct\u00fcnl\u00fc\u011f\u00fc, siyasi b\u00fct\u00fcnl\u00fc\u011f\u00fc, bunun i\u00e7in de kendi y\u00f6netim tarzlar\u0131na Irakl\u0131lar kendileri karar verirler. Irak&#8217;\u0131n kuzeyinde kendi yerel K\u00fcrt b\u00f6lgesi vard\u0131r. Onlarla da ili\u015fkilerimiz var. \u0130li\u015fkilerimiz \u00f6zellikle, ter\u00f6r \u00f6rg\u00fct\u00fc bu b\u00f6lgede oldu\u011fu i\u00e7in ter\u00f6r\u00fcn oradan ar\u0131nmas\u0131yla ilgili beklentilerimiz de \u00e7oktur. O a\u00e7\u0131dan b\u00f6yle bir i\u015fbirli\u011fi i\u00e7erisindeyiz. Bunu bu \u015fekilde herkesin anlamas\u0131n\u0131 ve bu \u015fekilde g\u00f6rmesini isterim.&#8221;<\/p>\n<p style=\"text-align: justify;\"><strong>G\u00fcvenlik her konunun ba\u015f\u0131<br \/>\n<\/strong><br \/>\nBas\u0131n toplant\u0131s\u0131n\u0131n ba\u015f\u0131nda ziyaretine ili\u015fkin bilgi verirken de &#8220;Irak&#8217;\u0131n kuzeyindeki yerel y\u00f6netim&#8221; ifadesini kulland\u0131\u011f\u0131 g\u00f6zlenen G\u00fcl, ter\u00f6rle m\u00fccadelede Irakl\u0131 makamlarla y\u00fcr\u00fct\u00fclen g\u00f6r\u00fc\u015fmelerin ayr\u0131nt\u0131lar\u0131na ili\u015fkin bir soru \u00fczerine de &#8220;Bu konularla ilgili sizin arzu etti\u011finiz kadar a\u00e7\u0131k konu\u015fulamaz&#8221; dedi. Bu konuyu herkesin belirli bir s\u00fcre takip etmesi ve beklentilerin nas\u0131l gitti\u011fini g\u00f6rmesi gerekti\u011fini belirten G\u00fcl, ilgili ki\u015filerin bu mekanizmalar \u00e7er\u00e7evesinde g\u00f6r\u00fc\u015fmeleri y\u00fcr\u00fctt\u00fc\u011f\u00fcn\u00fc s\u00f6yledi. &#8220;G\u00fcvenlik her konunun ba\u015f\u0131d\u0131r&#8221; diyen G\u00fcl, Irak&#8217;\u0131n kuzeyindeki yerel y\u00f6netimle g\u00f6r\u00fc\u015fmelerinde bu konunun a\u00e7\u0131k se\u00e7ik ele al\u0131nd\u0131\u011f\u0131n\u0131 belirterek, &#8220;olumlu geli\u015fmelerin olaca\u011f\u0131n\u0131 beklemekteyiz. \u00c7\u00fcnk\u00fc tarihi f\u0131rsat herkes i\u00e7in ge\u00e7erlidir&#8221; dedi.\n<\/p>\n<p style=\"text-align: justify;\"><img loading=\"lazy\" decoding=\"async\" class=\"aligncenter size-full wp-image-6525\" src=\"http:\/\/www.korhanyilmaz.com\/wp-content\/uploads\/2009\/03\/7621282.jpg\" alt=\"\" width=\"600\" height=\"407\" \/><\/p>\n<p style=\"text-align: justify;\"><strong>Irak&#8217;\u0131n yeni anayasas\u0131nda K\u00fcrdistan tan\u0131m\u0131 var<\/strong><\/p>\n<p style=\"text-align: justify;\"><strong>IRAK&#8217;ta<\/strong> yeni kabul edilen anayasada &#8220;K\u00fcrdistan&#8221; tan\u0131m\u0131 kullan\u0131l\u0131yor. &#8220;B\u00f6lgesel makamlar&#8221; b\u00f6l\u00fcm\u00fcnde &#8220;b\u00f6lgeler&#8221; \u015f\u00f6yle tan\u0131mlan\u0131yor:<\/p>\n<p style=\"text-align: justify;\"><strong>Madde 113:<\/strong><\/p>\n<p style=\"text-align: justify;\">Irak Cumhuriyeti&#8217;ndeki federal sistem ba\u015fkent, b\u00f6lgeler, bir b\u00f6lgeye ba\u011fl\u0131 olmayan vilayetler ve yerel y\u00f6netimlerden olu\u015fur.<\/p>\n<p style=\"text-align: justify;\"><strong>Madde 114:<\/strong><\/p>\n<p style=\"text-align: justify;\">1. \u0130\u015fbu anayasa y\u00fcr\u00fcrl\u00fc\u011fe girdikten sonra K\u00fcrdistan B\u00f6lgesini mevcut makamlar\u0131n\u0131 federal bir b\u00f6lge olarak kabul eder.<\/p>\n<p style=\"text-align: justify;\"><strong>\u0130zleyen gazeteciler &#8216;K\u00fcrdistan&#8217; yazd\u0131<\/strong><\/p>\n<p style=\"text-align: justify;\"><strong>IRAK <\/strong>gezisini izleyen gazetecilerin hemen tamam\u0131 Cumhurba\u015fkan\u0131 G\u00fcl&#8217;\u00fcn, Irak&#8217;a giderken sohbet s\u0131ras\u0131nda &#8220;K\u00fcrdistan&#8221; ifadesini kulland\u0131\u011f\u0131n\u0131 yazd\u0131. \u0130HA Genel M\u00fcd\u00fcr\u00fc Feyzi Kahraman ve Milliyet gazetesinde Hasan Cemal, yaz\u0131s\u0131nda bu tan\u0131ma yer vermedi. Gazetecilerin yaz\u0131lar\u0131nda G\u00fcl&#8217;\u00fcn &#8220;K\u00fcrdistan&#8221; ifadesini kulland\u0131\u011f\u0131 c\u00fcmleler \u015f\u00f6yle ge\u00e7ti:<\/p>\n<p style=\"text-align: justify;\"><strong>Erdal \u015eafak (Sabah):<\/strong> Madem Irak&#8217;\u0131n par\u00e7as\u0131s\u0131n\u0131z, madem K\u00fcrdistan B\u00f6lge H\u00fck\u00fcmeti&#8217;siniz (Not: G\u00fcl sohbet boyunca ilk ve son kez &#8220;K\u00fcrdistan&#8221; s\u00f6zc\u00fc\u011f\u00fcn\u00fc kulland\u0131, Irak Anayasas\u0131&#8217;nda bu ifadenin yer ald\u0131\u011f\u0131n\u0131 vurgulad\u0131, &#8220;Irak Anayasas\u0131&#8217;na g\u00f6re nas\u0131l tan\u0131mlan\u0131yorsa, ad\u0131 o&#8221; dedi), oras\u0131 sizin diyorsan\u0131z, ter\u00f6r \u00f6rg\u00fct\u00fcn\u00fc bar\u0131nd\u0131ramazs\u0131n\u0131z.<\/p>\n<p style=\"text-align: justify;\"><strong>Murat Yetkin (Radikal): <\/strong>T\u00fcrkiye&#8217;ye kar\u015f\u0131 ter\u00f6rist faaliyetin Irak&#8217; taki K\u00fcrdistan B\u00f6lgesel Y\u00f6netiminin sorumlulu\u011fu alt\u0131nda oldu\u011funu s\u00f6yleyen G\u00fcl, b\u00f6ylelikle ilk kez b\u00f6lgeyi &#8220;K\u00fcrdistan&#8221; ad\u0131yla and\u0131 ve bunu da Irak Anayasas\u0131&#8217; nda \u00f6yle yaz\u0131yor olmas\u0131yla a\u00e7\u0131klad\u0131. G\u00fcl, &#8220;Ter\u00f6r \u00f6rg\u00fct\u00fc Irak K\u00fcrdistan B\u00f6lgesel Y\u00f6netimi alanda faaliyet g\u00f6steriyor. Bunlar\u0131n temizlenmesi ve Irak&#8217;\u0131n g\u00fcvenli hale gelip kom\u015fular\u0131yla iyi ili\u015fki kurmas\u0131 laz\u0131md\u0131r&#8221; dedi.<\/p>\n<p style=\"text-align: justify;\"><strong>Mustafa Karaalio\u011flu (Star): <\/strong>G\u00fcl&#8217;\u00fcn tarihi Irak ziyareti, tarihi s\u00f6zlerle ba\u015flad\u0131. &#8220;S\u0131n\u0131rlar b\u00f6l\u00fcnd\u00fc ama akrabal\u0131klar\u0131m\u0131z var&#8221; diyen G\u00fcl ter\u00f6r\u00fcn zararlar\u0131n\u0131 &#8220;herkesin&#8221; g\u00f6rd\u00fc\u011f\u00fcn\u00fc hat\u0131rlatt\u0131: K\u00fcrdistan B\u00f6lgesel Y\u00f6netimi, topraklar\u0131nda faaliyet g\u00f6steren PKK&#8217;y\u0131 engellemeli.<\/p>\n<p style=\"text-align: justify;\"><strong>Mustafa \u00dcnal (Zaman):<\/strong> Cumhurba\u015fkan\u0131 G\u00fcl, gazetecilerle yapt\u0131\u011f\u0131 sohbette Kuzey Irak K\u00fcrt Y\u00f6netimi&#8217;ne ter\u00f6r konusunda \u00f6nemli mesajlar g\u00f6nderdi. Kuzey Irak y\u00f6netimini anlat\u0131rken &#8220;K\u00fcrdistan&#8221; kelimesini kulland\u0131. &#8220;Irak Anayasas\u0131 b\u00f6yle yaz\u0131yor&#8221; dedi.<\/p>\n<p style=\"text-align: justify;\"><strong>Mehmet Ali Birand (Posta):<\/strong> T\u00fcrkiye ile Irak aras\u0131nda daha fazla i\u015fbirli\u011fi kurulmas\u0131n\u0131n \u00f6n\u00fcndeki engelin PKK varl\u0131\u011f\u0131 oldu\u011funu s\u00f6yleyen Cumhurba\u015fkan\u0131 Abdullah G\u00fcl, &#8220;Ter\u00f6rist faaliyetin sorumlulu\u011fu K\u00fcrdistan B\u00f6lgesel Y\u00f6netimi&#8217;nin&#8221; dedi. Cumhurba\u015fkan\u0131 B\u00f6ylece &#8220;K\u00fcrdistan&#8221; ad\u0131n\u0131 ilk defa telaffuz etti. G\u00fcl, &#8220;K\u00fcrdistan&#8221;\u0131 telaffuz etmesini de \u015f\u00f6yle a\u00e7\u0131klad\u0131: Anayasalar\u0131 \u00f6yle yaz\u0131yor. Yunanistan &#8216;Makedonya&#8217; demiyor diye biz demiyor de\u011filiz.&#8221;<\/p>\n<p style=\"text-align: justify;\"><strong>Fehmi Koru (Yeni \u015eafak):<\/strong> T\u00fcrkiye&#8217;yi ilgilendiren ter\u00f6r \u00f6rg\u00fct\u00fc Irak B\u00f6lgesel K\u00fcrdistan y\u00f6netimi alan\u0131nda faaliyet g\u00f6steriyor. Bunlar\u0131n temizlenmesi ve Irak&#8217;\u0131n g\u00fcvenli hale gelip kom\u015fular\u0131yla iyi ili\u015fkiler kurmas\u0131 laz\u0131md\u0131r.<\/p>\n<p style=\"text-align: justify;\"><span style=\"color: #888888;\">Kaynak : H\u00fcrriyet Gazetesi<\/span><\/p>\n<p style=\"text-align: justify;\">\n","protected":false},"excerpt":{"rendered":"<p style=\"text-align: justify;\">\n<p style=\"text-align: justify;\">Irak&#8217;tan d\u00f6nen Cumhurba\u015fkan\u0131 G\u00fcl, polemi\u011fe neden olan &#8216;K\u00fcrdistan&#8217; ifadesini kullanmad\u0131\u011f\u0131n\u0131 s\u00f6yledi. G\u00fcl, &#8220;Irak&#8217;\u0131n kendi anayasas\u0131na g\u00f6re Irak&#8217;\u0131n kuzeyinde bir yerel K\u00fcrt y\u00f6netimi vard\u0131r, bunu s\u00f6yledim. Bunlar normal \u015feylerdir. B\u00f6yle zedeleyici, l\u00fczumsuz tart\u0131\u015fmalara girmenin anlam\u0131 yok&#8221; dedi.<\/p>\n<p style=\"text-align: justify;\">CUMHURBA\u015eKANI Abdullah G\u00fcl&#8217;\u00fcn \u00f6nceki g\u00fcn Irak&#8217;a giderken gazetecilerle sohbetinde &#8220;K\u00fcrdistan&#8221; ifadesini kulland\u0131\u011f\u0131 <\/p>\n","protected":false},"author":1,"featured_media":0,"comment_status":"open","ping_status":"closed","sticky":false,"template":"","format":"standard","meta":{"footnotes":""},"categories":[105],"tags":[],"class_list":["post-6523","post","type-post","status-publish","format-standard","hentry","category-gundem","odd"],"_links":{"self":[{"href":"http:\/\/www.korhanyilmaz.com\/index.php?rest_route=\/wp\/v2\/posts\/6523","targetHints":{"allow":["GET"]}}],"collection":[{"href":"http:\/\/www.korhanyilmaz.com\/index.php?rest_route=\/wp\/v2\/posts"}],"about":[{"href":"http:\/\/www.korhanyilmaz.com\/index.php?rest_route=\/wp\/v2\/types\/post"}],"author":[{"embeddable":true,"href":"http:\/\/www.korhanyilmaz.com\/index.php?rest_route=\/wp\/v2\/users\/1"}],"replies":[{"embeddable":true,"href":"http:\/\/www.korhanyilmaz.com\/index.php?rest_route=%2Fwp%2Fv2%2Fcomments&post=6523"}],"version-history":[{"count":0,"href":"http:\/\/www.korhanyilmaz.com\/index.php?rest_route=\/wp\/v2\/posts\/6523\/revisions"}],"wp:attachment":[{"href":"http:\/\/www.korhanyilmaz.com\/index.php?rest_route=%2Fwp%2Fv2%2Fmedia&parent=6523"}],"wp:term":[{"taxonomy":"category","embeddable":true,"href":"http:\/\/www.korhanyilmaz.com\/index.php?rest_route=%2Fwp%2Fv2%2Fcategories&post=6523"},{"taxonomy":"post_tag","embeddable":true,"href":"http:\/\/www.korhanyilmaz.com\/index.php?rest_route=%2Fwp%2Fv2%2Ftags&post=6523"}],"curies":[{"name":"wp","href":"https:\/\/api.w.org\/{rel}","templated":true}]}}