{"id":6507,"date":"2009-03-25T08:00:21","date_gmt":"2009-03-25T06:00:21","guid":{"rendered":"http:\/\/www.korhanyilmaz.com\/?p=6507"},"modified":"2009-03-25T08:00:21","modified_gmt":"2009-03-25T06:00:21","slug":"frankfurt%e2%80%99a-uctu","status":"publish","type":"post","link":"http:\/\/www.korhanyilmaz.com\/?p=6507","title":{"rendered":"Frankfurt\u2019a u\u00e7tu"},"content":{"rendered":"<p><img loading=\"lazy\" decoding=\"async\" class=\"aligncenter size-full wp-image-6520\" src=\"http:\/\/www.korhanyilmaz.com\/wp-content\/uploads\/2009\/03\/76215921.jpg\" alt=\"\" width=\"286\" height=\"116\" \/><\/p>\n<p style=\"text-align: justify;\"><strong>\u0130SFALT&#8217;a 4 milyon Euro&#8217;luk dan\u0131\u015fmanl\u0131k hizmeti veren Eurasfalt&#8217;\u0131n sahibi Serdar Kepenek&#8217;in 20 Mart tarihinde H\u00fcrriyet&#8217;te &#8220;Asfalt \u015eirketiyle B\u00fcy\u00fck Vurgun&#8221; ba\u015fl\u0131\u011f\u0131yla \u00e7\u0131kan haberin ard\u0131ndan Frankfurt&#8217;a gitti\u011fi ortaya \u00e7\u0131kt\u0131.<\/strong><\/p>\n<p style=\"text-align: justify;\"><strong>\u0130STANBUL <\/strong>B\u00fcy\u00fck\u015fehir Belediyesi i\u015ftiraklerinden \u0130SFALT&#8217;a 4 milyon Euro&#8217;luk dan\u0131\u015fmanl\u0131k hizmeti veren Eurasfalt&#8217;\u0131n sahibi Serdar Kepenek, CHP, \u0130BB Ba\u015fkan\u0131 aday\u0131 Kemal K\u0131l\u0131\u00e7daro\u011flu&#8217;nun a\u00e7\u0131klamalar\u0131n\u0131n gazetelerde yer ald\u0131\u011f\u0131 g\u00fcn, ilk u\u00e7akla Frankfurt&#8217;a gitti.<\/p>\n<p style=\"text-align: justify;\">24 Ocak&#8217;ta Atat\u00fcrk Havaliman\u0131&#8217;ndan evinin oldu\u011fu Hamburg&#8217;a u\u00e7an Kepenek 7 \u015eubat g\u00fcn\u00fc \u0130stanbul&#8217;a geri d\u00f6nd\u00fc. 20 Mart&#8217;ta H\u00fcrriyet Gazetesi&#8217;nde &#8220;Asfalt \u015eirketiyle B\u00fcy\u00fck Vurgun&#8221; ba\u015fl\u0131\u011f\u0131yla \u00e7\u0131kan haberin ard\u0131ndan bu kez Frankfurt&#8217;a gitti.<!--more--><\/p>\n<p style=\"text-align: justify;\"><strong>Ortak\u00f6y&#8217;deki dubleks daire<\/strong><\/p>\n<p style=\"text-align: justify;\">Kepenek, Ortak\u00f6y \u015e\u0131rac\u0131 Sokak Ven\u00fcs Apartman\u0131&#8217;n\u0131n 4 No&#8217;lu dairesindeki dubleks evini sat\u0131n ald\u0131ktan sonra belediyeye 17 Ekim 2007&#8217;de beyan etti. Yakla\u015f\u0131k 400 metrekare b\u00fcy\u00fckl\u00fc\u011f\u00fcndeki daire i\u00e7in 2008&#8217;deki rayi\u00e7 bedel 98 bin 782 lirayd\u0131. Kepenek&#8217;in evinin bu y\u0131lki rayi\u00e7 bedeli ise 104 bin 709 lira 77 kuru\u015f. Kepenek&#8217;in bu bedel \u00fczerinden 209 lira emlak vergisi \u00f6demesi gerekiyor. Geni\u015f bir teras\u0131 bulunan ev K\u0131zkulesi, Ayasofya ve \u00dcsk\u00fcdar&#8217;\u0131 da i\u00e7ine alan \u0130stanbul Bo\u011faz\u0131 ile Marmara Denizi ba\u011flant\u0131s\u0131n\u0131 ku\u015fbak\u0131\u015f\u0131 g\u00f6r\u00fcyor. \u00c7evredeki emlak\u00e7\u0131lar evin daha \u00f6nce Sudi \u00d6zkan&#8217;a ya da gelini Elif \u00d6zkan&#8217;a ait oldu\u011funu s\u00f6yl\u00fcyorlar.<\/p>\n<p style=\"text-align: justify;\"><strong>Son maa\u015f\u0131 750 lira<\/strong><\/p>\n<p style=\"text-align: justify;\">Serdar Kepenek&#8217;in sigorta kayd\u0131 11 A\u011fustos 1987&#8217;de ba\u015fl\u0131yor. Bu d\u00f6nemdeki 20 g\u00fcnl\u00fck \u00e7al\u0131\u015fmas\u0131n\u0131n ard\u0131ndan Kepenek, 28 Temmuz 2006&#8217;da kendi \u015firketi GRC&#8217;den Genel M\u00fcd\u00fcr olarak 3 bin 400 lira maa\u015fla sigorta kay\u0131tlar\u0131na ge\u00e7iyor. Kepenek&#8217;in maa\u015f\u0131 Mart 2007&#8217;de 600 liraya iniyor. Temmuz 2008&#8217;de 16 g\u00fcn \u00fczerinden 352, A\u011fustos 2008&#8217;de 15 g\u00fcn \u00fczerinden 350 lira maa\u015f alan Kepenek, A\u011fustos 2008&#8217;den itibaren 700 lira maa\u015fla SSK \u00f6demesi yap\u0131yor. Kay\u0131tlardaki son \u00f6deme ise Ocak 2009&#8217;a ait. Kendisine 50 lira zam yapan Kepenek&#8217;in son maa\u015f\u0131 750 lira. Kepenek&#8217;in toplam 925 i\u015f g\u00fcn\u00fcnde, toplam kazanc\u0131 38 bin 902 lira 98 kuru\u015f.<\/p>\n<p style=\"text-align: justify;\"><span style=\"color: #888888;\">Kaynak : H\u00fcrriyet Gazetesi<\/span><\/p>\n<p style=\"text-align: justify;\">\n","protected":false},"excerpt":{"rendered":"<\/p>\n<p style=\"text-align: justify;\">\u0130SFALT&#8217;a 4 milyon Euro&#8217;luk dan\u0131\u015fmanl\u0131k hizmeti veren Eurasfalt&#8217;\u0131n sahibi Serdar Kepenek&#8217;in 20 Mart tarihinde H\u00fcrriyet&#8217;te &#8220;Asfalt \u015eirketiyle B\u00fcy\u00fck Vurgun&#8221; ba\u015fl\u0131\u011f\u0131yla \u00e7\u0131kan haberin ard\u0131ndan Frankfurt&#8217;a gitti\u011fi ortaya \u00e7\u0131kt\u0131.<\/p>\n<p style=\"text-align: justify;\">\u0130STANBUL B\u00fcy\u00fck\u015fehir Belediyesi i\u015ftiraklerinden \u0130SFALT&#8217;a 4 milyon Euro&#8217;luk dan\u0131\u015fmanl\u0131k hizmeti veren Eurasfalt&#8217;\u0131n sahibi Serdar Kepenek, CHP, \u0130BB Ba\u015fkan\u0131 aday\u0131 Kemal K\u0131l\u0131\u00e7daro\u011flu&#8217;nun a\u00e7\u0131klamalar\u0131n\u0131n gazetelerde <\/p>\n","protected":false},"author":1,"featured_media":0,"comment_status":"open","ping_status":"closed","sticky":false,"template":"","format":"standard","meta":{"footnotes":""},"categories":[105],"tags":[],"class_list":["post-6507","post","type-post","status-publish","format-standard","hentry","category-gundem","odd"],"_links":{"self":[{"href":"http:\/\/www.korhanyilmaz.com\/index.php?rest_route=\/wp\/v2\/posts\/6507","targetHints":{"allow":["GET"]}}],"collection":[{"href":"http:\/\/www.korhanyilmaz.com\/index.php?rest_route=\/wp\/v2\/posts"}],"about":[{"href":"http:\/\/www.korhanyilmaz.com\/index.php?rest_route=\/wp\/v2\/types\/post"}],"author":[{"embeddable":true,"href":"http:\/\/www.korhanyilmaz.com\/index.php?rest_route=\/wp\/v2\/users\/1"}],"replies":[{"embeddable":true,"href":"http:\/\/www.korhanyilmaz.com\/index.php?rest_route=%2Fwp%2Fv2%2Fcomments&post=6507"}],"version-history":[{"count":0,"href":"http:\/\/www.korhanyilmaz.com\/index.php?rest_route=\/wp\/v2\/posts\/6507\/revisions"}],"wp:attachment":[{"href":"http:\/\/www.korhanyilmaz.com\/index.php?rest_route=%2Fwp%2Fv2%2Fmedia&parent=6507"}],"wp:term":[{"taxonomy":"category","embeddable":true,"href":"http:\/\/www.korhanyilmaz.com\/index.php?rest_route=%2Fwp%2Fv2%2Fcategories&post=6507"},{"taxonomy":"post_tag","embeddable":true,"href":"http:\/\/www.korhanyilmaz.com\/index.php?rest_route=%2Fwp%2Fv2%2Ftags&post=6507"}],"curies":[{"name":"wp","href":"https:\/\/api.w.org\/{rel}","templated":true}]}}