{"id":6493,"date":"2009-03-24T20:55:53","date_gmt":"2009-03-24T18:55:53","guid":{"rendered":"http:\/\/www.korhanyilmaz.com\/?p=6493"},"modified":"2009-03-24T20:55:53","modified_gmt":"2009-03-24T18:55:53","slug":"%e2%80%98ben-asfalt-projesinin-basinda-filan-degilim%e2%80%99","status":"publish","type":"post","link":"http:\/\/www.korhanyilmaz.com\/?p=6493","title":{"rendered":"\u2018Ben asfalt projesinin ba\u015f\u0131nda filan de\u011filim\u2019"},"content":{"rendered":"<p style=\"text-align: center;\"><img loading=\"lazy\" decoding=\"async\" class=\"aligncenter size-full wp-image-6494\" title=\"\u2018Ben asfalt projesinin ba\u015f\u0131nda filan de\u011filim\u2019 \" src=\"http:\/\/www.korhanyilmaz.com\/wp-content\/uploads\/2009\/03\/250320090349492121409.jpg\" alt=\"\u2018Ben asfalt projesinin ba\u015f\u0131nda filan de\u011filim\u2019 \" width=\"329\" height=\"210\" \/><\/p>\n<p style=\"text-align: justify;\"><strong>\u0130stanbul Belediyesi&#8217;nin asfalt projesinin dan\u0131\u015fman\u0131 oldu\u011fu a\u00e7\u0131klanan Prof. Blab,\u0131srarla bu i\u015fle alakas\u0131 olmad\u0131\u011f\u0131n\u0131 s\u00f6yl\u00fcyor.<\/strong><\/p>\n<p style=\"text-align: justify;\">Kemal K\u0131l\u0131\u00e7daro\u011flu&#8217;nun \u0130BB&#8217;nin asfalt i\u015fini alan \u015firketle ilgili iddialar\u0131 \u00fczerine g\u00fcndeme gelen isimlerden biri de Viyana Teknik \u00dcniversitesi Yol K\u00fcrs\u00fcs\u00fc&#8217;nde g\u00f6rev yapan Prof. Dr. Ronald Blab oldu. \u0130BB&#8217;ye asfalt i\u015flerinde dan\u0131\u015fmanl\u0131k hizmeti verdi\u011fi ileri s\u00fcr\u00fclen Blab, VATAN&#8217;a \u015funlar\u0131 s\u00f6yledi:<\/p>\n<p style=\"text-align: justify;\">\u0130stanbul Belediyesi, asfalt projesine katk\u0131da bulunan uzmanlar\u0131n listesini bir bas\u0131n a\u00e7\u0131klamas\u0131 olarak yay\u0131nlad\u0131. Siz bu listeden haberdar m\u0131s\u0131n\u0131z?<\/p>\n<p style=\"text-align: justify;\">Profes\u00f6r Ronald Blab: Hay\u0131r b\u00f6yle bir listeden haberim yok. <!--more--><\/p>\n<p style=\"text-align: justify;\">(\u0130simlerin baz\u0131lar\u0131n\u0131 okuduktan sonra&#8230;) Bu isimleri siz mi tavsiye ettiniz?<\/p>\n<p style=\"text-align: justify;\"><strong>Blab:<\/strong> Hay\u0131r.<\/p>\n<p style=\"text-align: justify;\"><strong>Peki tan\u0131yor musunuz?<\/strong><\/p>\n<p style=\"text-align: justify;\"><strong>Blab: <\/strong>Tabii ki baz\u0131lar\u0131n\u0131 tan\u0131yorum. Zaten Almanya&#8217;da asfalt projeleriyle u\u011fra\u015fan 10 tane uzman ya vard\u0131r ya yoktur. Bu ki\u015filerle de t\u00fcrl\u00fc konferanslarda bir araya geliyoruz. Ama \u0130SFALT&#8217;a tavsiye etmem diye bir \u015fey s\u00f6zkonusu de\u011fil.<\/p>\n<p style=\"text-align: justify;\"><strong>Belediye&#8217;nin ilk a\u00e7\u0131klamas\u0131nda yabanc\u0131 uzmanlarla \u00e7al\u0131\u015fma karar\u0131n\u0131n sizin tavsiyenizle al\u0131nd\u0131\u011f\u0131 belirtilmi\u015fti. Bu asfalt i\u015fiyle ilgilenen uzman heyetin ba\u015f\u0131nda siz mi vars\u0131n\u0131z?<\/strong><\/p>\n<p style=\"text-align: justify;\"><strong>Blab: <\/strong>Bak\u0131n son 3 g\u00fcnd\u00fcr T\u00fcrkiye&#8217;den gelen telefonlara cevap vermekten i\u015f yapam\u0131yorum. Ben bu projenin ba\u015f\u0131nda falan de\u011filim. EurAsfalt yetkilileri ge\u00e7ti\u011fimiz y\u0131l\u0131n Mart ay\u0131nda beni T\u00fcrkiye&#8217;ye davet ettiler. &#8220;Bir proje hakk\u0131nda bilimsel g\u00f6r\u00fc\u015flerinizi almak istiyoruz&#8221; dediler. Ben de \u0130stanbul&#8217;a geldim. \u0130SFALT ve EurAsfalt yetkililerinin de haz\u0131r bulundu\u011fu bir salonda sunum yapt\u0131m. Hatta \u00e7ok bilimsel \u015feyler de anlatmad\u0131m. \u00c7ok genel bir sunumdu. Benden 800-1000 euro&#8217;luk dan\u0131\u015fmanl\u0131k \u00fccreti kar\u015f\u0131l\u0131\u011f\u0131 yard\u0131m istediler ben de verdim. Olay budur.<\/p>\n<p style=\"text-align: justify;\"><strong>Peki bu sunumdan sonra sizden herhangi bir tavsiyede bulunman\u0131z ya da yard\u0131mc\u0131 olabilecek uzmanlar\u0131n isimlerini vermeniz konusunda bir talep oldu mu?<\/strong><\/p>\n<p style=\"text-align: justify;\"><strong>Blab:<\/strong> \u0130stanbul&#8217;dan Avusturya&#8217;ya d\u00f6nd\u00fckten sonra hi\u00e7bir \u015fekilde hi\u00e7 kimse beni bir daha aramad\u0131.<\/p>\n<p style=\"text-align: justify;\"><strong>Bu olaylar\u0131n patlak vermesinden sonra da m\u0131 aramad\u0131lar?<\/strong><\/p>\n<p style=\"text-align: justify;\"><strong>Blab:<\/strong> Son birka\u00e7 g\u00fcnd\u00fcr ne olduysa 1 y\u0131ld\u0131r beni hi\u00e7 aramayan EurAsfalt&#8217;tan insanlar mail ve telefon yoluyla s\u00fcrekli ula\u015fmaya \u00e7al\u0131\u015f\u0131yorlar.<\/p>\n<p style=\"text-align: justify;\"><strong>Size ne diyorlar?<\/strong><\/p>\n<p style=\"text-align: justify;\"><strong>Blab:<\/strong> Benim su\u00e7lanmam\u0131 ya da rahats\u0131z olmam\u0131 gerektirecek bir durum olmad\u0131\u011f\u0131n\u0131 s\u00f6yleyip beni sakinle\u015ftirmeye \u00e7al\u0131\u015f\u0131yorlar. Ama \u00e7ok k\u0131zg\u0131n\u0131m. Ben bir yolsuzlu\u011fun par\u00e7as\u0131 falan olmad\u0131m, asla da olmam. Ben bir profes\u00f6r\u00fcm ve tek yapt\u0131\u011f\u0131m bilimsel g\u00f6r\u00fc\u015flerimi aktarmak oldu. L\u00fctfen bir daha beni aramay\u0131n. S\u00f6ylenecek her \u015feyi s\u00f6yledim ve bu durumdan \u00e7ok s\u0131k\u0131ld\u0131m.<\/p>\n<p style=\"text-align: justify;\"><strong>Son bir soru. Belediye&#8217;nin \u0130SFALT&#8217;ta \u00e7al\u0131\u015fma yapan uzmanlar listesinde Burghardt Herr adl\u0131 bir uzman\u0131n da ismi var. Ancak kendisi \u0130stanbul&#8217;a hi\u00e7 gelmedi\u011fini s\u00f6yl\u00fcyor. Kendisini tan\u0131r m\u0131s\u0131n\u0131z?<\/strong><\/p>\n<p style=\"text-align: justify;\"><strong>Blab:<\/strong> Hay\u0131r bu isimde birini tan\u0131m\u0131yorum.<\/p>\n<p style=\"text-align: justify;\"><span style=\"color: #888888;\">Kaynak : Vatan Gazetesi<\/span><\/p>\n<p style=\"text-align: justify;\">\n","protected":false},"excerpt":{"rendered":"<p style=\"text-align: center;\">\n<p style=\"text-align: justify;\">\u0130stanbul Belediyesi&#8217;nin asfalt projesinin dan\u0131\u015fman\u0131 oldu\u011fu a\u00e7\u0131klanan Prof. Blab,\u0131srarla bu i\u015fle alakas\u0131 olmad\u0131\u011f\u0131n\u0131 s\u00f6yl\u00fcyor.<\/p>\n<p style=\"text-align: justify;\">Kemal K\u0131l\u0131\u00e7daro\u011flu&#8217;nun \u0130BB&#8217;nin asfalt i\u015fini alan \u015firketle ilgili iddialar\u0131 \u00fczerine g\u00fcndeme gelen isimlerden biri de Viyana Teknik \u00dcniversitesi Yol K\u00fcrs\u00fcs\u00fc&#8217;nde g\u00f6rev yapan Prof. Dr. Ronald Blab oldu. \u0130BB&#8217;ye asfalt i\u015flerinde dan\u0131\u015fmanl\u0131k hizmeti verdi\u011fi ileri <\/p>\n","protected":false},"author":1,"featured_media":0,"comment_status":"open","ping_status":"closed","sticky":false,"template":"","format":"standard","meta":{"footnotes":""},"categories":[105],"tags":[],"class_list":["post-6493","post","type-post","status-publish","format-standard","hentry","category-gundem","odd"],"_links":{"self":[{"href":"http:\/\/www.korhanyilmaz.com\/index.php?rest_route=\/wp\/v2\/posts\/6493","targetHints":{"allow":["GET"]}}],"collection":[{"href":"http:\/\/www.korhanyilmaz.com\/index.php?rest_route=\/wp\/v2\/posts"}],"about":[{"href":"http:\/\/www.korhanyilmaz.com\/index.php?rest_route=\/wp\/v2\/types\/post"}],"author":[{"embeddable":true,"href":"http:\/\/www.korhanyilmaz.com\/index.php?rest_route=\/wp\/v2\/users\/1"}],"replies":[{"embeddable":true,"href":"http:\/\/www.korhanyilmaz.com\/index.php?rest_route=%2Fwp%2Fv2%2Fcomments&post=6493"}],"version-history":[{"count":0,"href":"http:\/\/www.korhanyilmaz.com\/index.php?rest_route=\/wp\/v2\/posts\/6493\/revisions"}],"wp:attachment":[{"href":"http:\/\/www.korhanyilmaz.com\/index.php?rest_route=%2Fwp%2Fv2%2Fmedia&parent=6493"}],"wp:term":[{"taxonomy":"category","embeddable":true,"href":"http:\/\/www.korhanyilmaz.com\/index.php?rest_route=%2Fwp%2Fv2%2Fcategories&post=6493"},{"taxonomy":"post_tag","embeddable":true,"href":"http:\/\/www.korhanyilmaz.com\/index.php?rest_route=%2Fwp%2Fv2%2Ftags&post=6493"}],"curies":[{"name":"wp","href":"https:\/\/api.w.org\/{rel}","templated":true}]}}