{"id":6469,"date":"2009-03-24T19:30:22","date_gmt":"2009-03-24T17:30:22","guid":{"rendered":"http:\/\/www.korhanyilmaz.com\/?p=6469"},"modified":"2009-03-24T19:30:22","modified_gmt":"2009-03-24T17:30:22","slug":"ankara%e2%80%99da-%e2%80%98gokcek-gidecek-sol-gelecek%e2%80%99-kavgasi","status":"publish","type":"post","link":"http:\/\/www.korhanyilmaz.com\/?p=6469","title":{"rendered":"Ankara\u2019da \u2018G\u00f6k\u00e7ek gidecek Sol gelecek\u2019 kavgas\u0131"},"content":{"rendered":"<p><img loading=\"lazy\" decoding=\"async\" class=\"aligncenter size-full wp-image-6470\" title=\"Ankara\u2019da \u2018G\u00f6k\u00e7ek gidecek Sol gelecek\u2019 kavgas\u0131\" src=\"http:\/\/www.korhanyilmaz.com\/wp-content\/uploads\/2009\/03\/fft27_mf142967.jpeg\" alt=\"Ankara\u2019da \u2018G\u00f6k\u00e7ek gidecek Sol gelecek\u2019 kavgas\u0131\" width=\"322\" height=\"97\" \/><\/p>\n<p style=\"text-align: justify;\"><strong>Ankara&#8217;da bilboardlarda yaz\u0131lan &#8220;G\u00f6k\u00e7ek Gidecek Sol Gelecek\u00f6 slogan\u0131, se\u00e7imlere 5 g\u00fcn kala ortal\u0131\u011f\u0131 kar\u0131\u015ft\u0131rd\u0131.<\/strong><\/p>\n<p style=\"text-align: justify;\">CHP Ankara B\u00fcy\u00fck\u015fehir Belediye Ba\u015fkan Aday\u0131 Karayal\u00e7\u0131n isminin ge\u00e7ti\u011fi afi\u015flerin kendileri ile ilgisi olmad\u0131\u011f\u0131n\u0131 a\u00e7\u0131klarken, afi\u015flerdeki slogana benzer bir isim ta\u015f\u0131yan &#8220;G\u00f6k\u00e7ek Gidecek, Sola&#8217;\u00c7ek&#8221; adl\u0131 kampanya da afi\u015flerin kendilerine ait olmad\u0131\u011f\u0131n\u0131 duyurdu.<br \/>\nAnkara&#8217;da se\u00e7imlere birka\u00e7 g\u00fcn kala, billboard&#8217;lara as\u0131lan afi\u015fler tart\u0131\u015fmaya yol a\u00e7t\u0131. CHP Ankara B\u00fcy\u00fck\u015fehir Belediye Ba\u015fkan Aday\u0131 Karayal\u00e7\u0131n afi\u015flerde yer alan &#8220;G\u00f6k\u00e7ek Gidecek Sol Gelecek\u00f6 slogan\u0131n kendilerine ait olmad\u0131\u011f\u0131n\u0131, &#8220;\u015f\u00fcphelilere\u00f6 ait oldu\u011funu s\u00f6ylerken, &#8220;G\u00f6k\u00e7ek Gidecek, Sola&#8217;\u00c7ek&#8221; adl\u0131 sivil inisiyatif de afi\u015flere sahip \u00e7\u0131kmad\u0131. <!--more--><br \/>\nKampanya yapt\u0131\u011f\u0131 a\u00e7\u0131klamada, bu sabahtan itibaren kentin t\u00fcm billboardlar\u0131n\u0131n &#8220;G\u00f6k\u00e7ek Gidecek Sol Gelecek&#8221; afi\u015fleri ile donat\u0131ld\u0131\u011f\u0131n\u0131, ancak bu afi\u015flerin kendileri taraf\u0131ndan yap\u0131lmad\u0131\u011f\u0131n\u0131 vurgulad\u0131. Kampanya, afi\u015flerden G\u00f6k\u00e7ek&#8217;i sorumlu tutarken, &#8220;Belediye kaynaklar\u0131 ile bu billboardlar\u0131n nas\u0131l kullan\u0131ld\u0131\u011f\u0131 \u00e7ok iyi biliyoruz. Sabah\u0131n erken saatlerinde bu afi\u015fleri da\u011f\u0131tan belediye ara\u00e7lar\u0131 bunun en g\u00fczel \u00f6rne\u011fi. Bu y\u00fczden Sola&#8217;\u00c7ek kampanyas\u0131 olarak, kampanyam\u0131z\u0131n temel fikrini bu kadar geni\u015f bir \u015fekilde duyurdu\u011fu i\u00e7in Say\u0131n \u0130brahim Melih G\u00f6k\u00e7ek&#8217;e te\u015fekk\u00fcr ediyoruz&#8221; dedi.<br \/>\nS\u00f6z konusu afi\u015fleri, Ankara&#8217;da 15 y\u0131ld\u0131r hizmet veremeyen G\u00f6k\u00e7ek&#8217;in bir itiraf\u0131 olarak kabul ettiklerini belirten kampanya G\u00f6k\u00e7ek&#8217;ten \u015fu afi\u015fleri yapt\u0131rmas\u0131n\u0131 da istedi:<br \/>\n&#8220;G\u00f6k\u00e7ek Gidecek, Temiz Hava, Temiz Su, Temiz Ba\u015fkan Gelecek!<br \/>\nG\u00f6k\u00e7ek Gidecek, Metro Gelecek, Temiz Su Gelecek, Ankara&#8217;ya Bahar Gelecek!&#8221;<\/p>\n<p><span style=\"color: #888888;\">ANKA<\/span><\/p>\n","protected":false},"excerpt":{"rendered":"<\/p>\n<p style=\"text-align: justify;\">Ankara&#8217;da bilboardlarda yaz\u0131lan &#8220;G\u00f6k\u00e7ek Gidecek Sol Gelecek\u00f6 slogan\u0131, se\u00e7imlere 5 g\u00fcn kala ortal\u0131\u011f\u0131 kar\u0131\u015ft\u0131rd\u0131.<\/p>\n<p style=\"text-align: justify;\">CHP Ankara B\u00fcy\u00fck\u015fehir Belediye Ba\u015fkan Aday\u0131 Karayal\u00e7\u0131n isminin ge\u00e7ti\u011fi afi\u015flerin kendileri ile ilgisi olmad\u0131\u011f\u0131n\u0131 a\u00e7\u0131klarken, afi\u015flerdeki slogana benzer bir isim ta\u015f\u0131yan &#8220;G\u00f6k\u00e7ek Gidecek, Sola&#8217;\u00c7ek&#8221; adl\u0131 kampanya da afi\u015flerin kendilerine ait olmad\u0131\u011f\u0131n\u0131 duyurdu. Ankara&#8217;da se\u00e7imlere birka\u00e7 g\u00fcn <\/p>\n","protected":false},"author":1,"featured_media":0,"comment_status":"open","ping_status":"closed","sticky":false,"template":"","format":"standard","meta":{"footnotes":""},"categories":[105],"tags":[],"class_list":["post-6469","post","type-post","status-publish","format-standard","hentry","category-gundem","odd"],"_links":{"self":[{"href":"http:\/\/www.korhanyilmaz.com\/index.php?rest_route=\/wp\/v2\/posts\/6469","targetHints":{"allow":["GET"]}}],"collection":[{"href":"http:\/\/www.korhanyilmaz.com\/index.php?rest_route=\/wp\/v2\/posts"}],"about":[{"href":"http:\/\/www.korhanyilmaz.com\/index.php?rest_route=\/wp\/v2\/types\/post"}],"author":[{"embeddable":true,"href":"http:\/\/www.korhanyilmaz.com\/index.php?rest_route=\/wp\/v2\/users\/1"}],"replies":[{"embeddable":true,"href":"http:\/\/www.korhanyilmaz.com\/index.php?rest_route=%2Fwp%2Fv2%2Fcomments&post=6469"}],"version-history":[{"count":0,"href":"http:\/\/www.korhanyilmaz.com\/index.php?rest_route=\/wp\/v2\/posts\/6469\/revisions"}],"wp:attachment":[{"href":"http:\/\/www.korhanyilmaz.com\/index.php?rest_route=%2Fwp%2Fv2%2Fmedia&parent=6469"}],"wp:term":[{"taxonomy":"category","embeddable":true,"href":"http:\/\/www.korhanyilmaz.com\/index.php?rest_route=%2Fwp%2Fv2%2Fcategories&post=6469"},{"taxonomy":"post_tag","embeddable":true,"href":"http:\/\/www.korhanyilmaz.com\/index.php?rest_route=%2Fwp%2Fv2%2Ftags&post=6469"}],"curies":[{"name":"wp","href":"https:\/\/api.w.org\/{rel}","templated":true}]}}