{"id":6460,"date":"2009-03-24T18:54:52","date_gmt":"2009-03-24T16:54:52","guid":{"rendered":"http:\/\/www.korhanyilmaz.com\/?p=6460"},"modified":"2009-03-24T18:54:52","modified_gmt":"2009-03-24T16:54:52","slug":"kurdistan-ifadesini-kullanmadim","status":"publish","type":"post","link":"http:\/\/www.korhanyilmaz.com\/?p=6460","title":{"rendered":"&quot;K\u00fcrdistan ifadesini kullanmad\u0131m&quot;"},"content":{"rendered":"<p style=\"text-align: justify;\"><a href=\"http:\/\/www.korhanyilmaz.com\/wp-content\/uploads\/2009\/03\/ac9cc53b0ab7f24b9f939d10x.jpg\"  class=\"lightview\"><img loading=\"lazy\" decoding=\"async\" class=\"aligncenter size-full wp-image-6461\" title=\"&quot;K\u00fcrdistan ifadesini kullanmad\u0131m&quot; \" src=\"http:\/\/www.korhanyilmaz.com\/wp-content\/uploads\/2009\/03\/ac9cc53b0ab7f24b9f939d10x.jpg\" alt=\"&quot;K\u00fcrdistan ifadesini kullanmad\u0131m&quot; \" width=\"333\" height=\"175\" \/><\/a><\/p>\n<p style=\"text-align: justify;\"><strong>Irak&#8217;a iki g\u00fcnl\u00fck resmi ziyaret ger\u00e7ekle\u015ftiren Cumhurba\u015fkan\u0131 Abdullah G\u00fcl, Ankara&#8217;ya d\u00f6nd\u00fc.<\/strong><\/p>\n<p style=\"text-align: justify;\">G\u00fcl ve beraberindekileri ta\u015f\u0131yan THY&#8217;ye ait \u00f6zel u\u00e7ak saat 18.40&#8217;da Esenbo\u011fa Havaliman\u0131&#8217;na indi.<\/p>\n<p style=\"text-align: justify;\">Irak ziyaretinin ard\u0131ndan Esenbo\u011fa Havaliman\u0131&#8217;nda gazetecilere a\u00e7\u0131klama yapan Cumhurba\u015fkan\u0131 G\u00fcl, daha sonra sorular\u0131 yan\u0131tlad\u0131.<\/p>\n<p style=\"text-align: justify;\">G\u00fcl, bir gazetecinin <strong>&#8221;Irak&#8217;\u0131n kuzeyindeki b\u00f6lgesel K\u00fcrt y\u00f6netimiyle ilgili ne zaman bir konu olsa yetkililer anayasada nas\u0131l tan\u0131mlan\u0131yorsa \u00f6yle kullan\u0131yorlard\u0131 ancak K\u00fcrdistan ifadesini ilk kullanan siz oldunuz&#8221; <\/strong>s\u00f6zlerine, <strong>&#8221;Asl\u0131nda ben o s\u00f6yledi\u011finiz ifadeyi kullanmad\u0131m&#8221;<\/strong> diyerek kar\u015f\u0131l\u0131k verdi.<!--more--><\/p>\n<p style=\"text-align: justify;\">Irak&#8217;\u0131n birlik ve b\u00fct\u00fcnl\u00fc\u011f\u00fcne en \u00e7ok \u00f6nem veren \u00fclkenin T\u00fcrkiye oldu\u011funu vurgulayan G\u00fcl, s\u00f6zlerini \u015f\u00f6yle s\u00fcrd\u00fcrd\u00fc:<\/p>\n<p style=\"text-align: justify;\"><strong>&#8221;Irak&#8217;\u0131n i\u00e7erisinde kendi anayasalar\u0131na g\u00f6re Irak&#8217;\u0131n kuzeyinde bir yerel K\u00fcrt y\u00f6netimi vard\u0131r, bunu s\u00f6yledik. Onlar\u0131n ba\u015fbakanlar\u0131yla da g\u00f6r\u00fc\u015fme yapt\u0131m. Bunlar gayet normal \u015feylerdir. Bu konularda \u00e7e\u015fitli m\u00fcnaka\u015falar \u00e7\u0131k\u0131yor. \u00c7ok zor konularla u\u011fra\u015f\u0131yoruz. Bu konularla u\u011fra\u015f\u0131rken hepimiz dikkatli olmak zorunday\u0131z ve hele hele b\u00f6yle ter\u00f6rle m\u00fccadele etti\u011fimiz, zor i\u015flerle u\u011fra\u015ft\u0131\u011f\u0131m\u0131z konularda mesafeler de al\u0131nmaya ba\u015flarken b\u00f6yle zedeleyici, l\u00fczumsuz tart\u0131\u015fmalara girmenin anlam\u0131 yok.<\/strong><\/p>\n<p style=\"text-align: justify;\"><strong>Ayr\u0131ca her \u00fclkenin kendi i\u00e7inde kulland\u0131\u011f\u0131 kendi dilleri vard\u0131r, kendi terminolojileri vard\u0131r, kendi kanunlar\u0131, anayasalar\u0131 vard\u0131r. Bunlar onlar\u0131 ilgilendirir.<\/strong><\/p>\n<p style=\"text-align: justify;\"><strong>Irak&#8217;\u0131n toprak b\u00fct\u00fcnl\u00fc\u011f\u00fc, siyasi b\u00fct\u00fcnl\u00fc\u011f\u00fc, bunun i\u00e7in de kendi y\u00f6netim tarzlar\u0131na Irakl\u0131lar kendileri karar verirler. Irak&#8217;\u0131n kuzeyinde kendi yerel K\u00fcrt b\u00f6lgesi vard\u0131r. Onlarla da ili\u015fkilerimiz var. \u0130li\u015fkilerimiz \u00f6zellikle, ter\u00f6r \u00f6rg\u00fct\u00fc bu b\u00f6lgede oldu\u011fu i\u00e7in ter\u00f6r\u00fcn oradan ar\u0131nmas\u0131yla ilgili beklentilerimiz de \u00e7oktur. O a\u00e7\u0131dan b\u00f6yle bir i\u015fbirli\u011fi i\u00e7erisindeyiz. Bunu bu \u015fekilde herkesin anlamas\u0131n\u0131 ve bu \u015fekilde g\u00f6rmesini isterim.&#8221;<\/strong><\/p>\n<p style=\"text-align: justify;\">Cumhurba\u015fkan\u0131 G\u00fcl, ter\u00f6rle m\u00fccadelede Irakl\u0131 makamlarla olu\u015fturulan mekanizmalara Kuzey Irak&#8217;taki b\u00f6lgesel y\u00f6netimin nas\u0131l dahil olaca\u011f\u0131na ve y\u00fcr\u00fct\u00fclen g\u00f6r\u00fc\u015fmelerin ayr\u0131nt\u0131lar\u0131na ili\u015fkin bir soru \u00fczerine de <strong>&#8221;Bu konularla ilgili sizin arzu etti\u011finiz kadar a\u00e7\u0131k konu\u015fulamaz&#8221;<\/strong> dedi.<\/p>\n<p style=\"text-align: justify;\">Bu konuyu herkesin belirli bir s\u00fcre takip etmesi ve beklentilerin nas\u0131l gitti\u011fini g\u00f6rmesi gerekti\u011fini belirten G\u00fcl, ilgili ki\u015filerin bu mekanizmalar \u00e7er\u00e7evesinde g\u00f6r\u00fc\u015fmeleri y\u00fcr\u00fctt\u00fc\u011f\u00fcn\u00fc kaydetti.<\/p>\n<p style=\"text-align: justify;\">Cumhurba\u015fkan\u0131 G\u00fcl, Esenbo\u011fa Havaliman\u0131&#8217;nda yapt\u0131\u011f\u0131 a\u00e7\u0131klamada, ziyarette Irak Cumhurba\u015fkan\u0131 Celal Talabani ile kapsaml\u0131 g\u00f6r\u00fc\u015fmeler yapt\u0131\u011f\u0131n\u0131, Irak Cumhurba\u015fkan\u0131 yard\u0131mc\u0131lar\u0131n\u0131, Irak Ba\u015fbakan\u0131&#8217;n\u0131, baz\u0131 bakanlar\u0131, Irak&#8217;\u0131n B\u00f6lgesel K\u00fcrt Y\u00f6netimi Ba\u015fbakan\u0131&#8217;n\u0131 ve Irak Parlamentosundaki T\u00fcrkmen Milletvekillerini kabul etti\u011fini an\u0131msatt\u0131.<\/p>\n<p style=\"text-align: justify;\">Ziyaretin, T\u00fcrkiye&#8217;den Irak&#8217;a 33 y\u0131l sonra yap\u0131lan ilk Cumhurba\u015fkan\u0131 ziyareti oldu\u011funa dikkati \u00e7eken Cumhurba\u015fkan\u0131 G\u00fcl, Irak Sava\u015f\u0131&#8217;ndan sonra bir devlet ba\u015fkan\u0131 d\u00fczeyinde ilk kez iki g\u00fcnl\u00fck ziyaret ger\u00e7ekle\u015ftirildi\u011fini kaydetti.<\/p>\n<p style=\"text-align: justify;\">Cumhurba\u015fkan\u0131 G\u00fcl, <strong>&#8221;Irak&#8217;a, b\u00fct\u00fcn bu a\u00e7\u0131lardan da bak\u0131ld\u0131\u011f\u0131nda tarihi bir ziyaret olmu\u015ftur. T\u00fcrkiye olarak kom\u015fumuz Irak&#8217;\u0131n normalle\u015fmesine, istikrar\u0131n\u0131n korunmas\u0131na en \u00fcst seviyede bu \u015fekilde destek verilmi\u015ftir&#8221; <\/strong>diye konu\u015ftu.<\/p>\n<p style=\"text-align: justify;\">Gerek ba\u015f ba\u015fa gerekse heyetler aras\u0131nda yapt\u0131\u011f\u0131 g\u00f6r\u00fc\u015fmelerde, T\u00fcrkiye ile Irak aras\u0131ndaki bir\u00e7ok konuyu ele ald\u0131klar\u0131 gibi b\u00f6lgeyi ilgilendiren \u00f6nemli konular\u0131 g\u00f6zden ge\u00e7irme f\u0131rsat\u0131 bulduklar\u0131n\u0131 ifade eden Cumhurba\u015fkan\u0131 G\u00fcl, Irak&#8217;la ikili ili\u015fkiler konusunda \u00f6zellikle siyasi ili\u015fkileri g\u00f6zden ge\u00e7irdiklerini belirtti.<\/p>\n<p style=\"text-align: justify;\">Cumhurba\u015fkan\u0131 G\u00fcl, <strong>&#8221;Irak yeniden kurulurken T\u00fcrkiye&#8217;nin deste\u011finin, kom\u015fusunun yan\u0131nda oldu\u011funu, Irak i\u00e7erisindeki b\u00fct\u00fcn gruplara T\u00fcrkiye&#8217;nin ayn\u0131 mesafede yak\u0131nl\u0131k g\u00f6sterdi\u011fini ve bir an \u00f6nce Irak&#8217;\u0131n i\u00e7inde bulundu\u011fu s\u0131k\u0131nt\u0131lardan kurtulup Irak&#8217;\u0131n toprak b\u00fct\u00fcnl\u00fc\u011f\u00fcn\u00fc ve siyasi birli\u011fini g\u00fc\u00e7lendirerek, muhafaza ederek, bu krizlerden, s\u0131k\u0131nt\u0131lardan \u00e7\u0131kmas\u0131 gerekti\u011fini muhataplar\u0131ma anlatt\u0131m&#8221; <\/strong>dedi.<\/p>\n<p style=\"text-align: justify;\">Irak&#8217;ta bu y\u0131l \u00f6nemli geli\u015fmeler oldu\u011funu, genel mahalli se\u00e7imler yap\u0131ld\u0131\u011f\u0131n\u0131, Amerikan askerleri&#8217;nin i\u015fgali sona erdirmesiyle ilgili SOFA anla\u015fmas\u0131n\u0131n imzaland\u0131\u011f\u0131n\u0131, belli bir tarihte Amerikan askerlerinin tamamen Irak&#8217;\u0131 terk edece\u011fini ve bu s\u00fcre i\u00e7erisinde Irak&#8217;\u0131n kendi milli ordusunun kurulmakta oldu\u011funu hat\u0131rlatan Cumhurba\u015fkan\u0131 G\u00fcl, <strong>&#8221;Bu konularda yine T\u00fcrkiye&#8217;nin Irak&#8217;\u0131n yan\u0131nda, destek oldu\u011fu ve olaca\u011f\u0131 kendilerine anlat\u0131lm\u0131\u015ft\u0131r&#8221;<\/strong> diye konu\u015ftu.<\/p>\n<p style=\"text-align: justify;\"><strong>EKONOM\u0130K \u0130L\u0130\u015eK\u0130LER<\/strong><\/p>\n<p style=\"text-align: justify;\">G\u00f6r\u00fc\u015fmelerde en \u00f6nemli konulardan birinin ekonomik ili\u015fkiler oldu\u011funa dikkati \u00e7eken Cumhurba\u015fkan\u0131 G\u00fcl, T\u00fcrkiye ile Irak&#8217;\u0131n ekonomik a\u00e7\u0131dan birbirini tamamlayan \u00fclkeler oldu\u011funu kaydetti.<\/p>\n<p style=\"text-align: justify;\">\u0130ki \u00fclke aras\u0131ndaki ticaret hacminin \u015fu anda 5-6 milyar dolar civar\u0131nda bulundu\u011funa i\u015faret eden Cumhurba\u015fkan\u0131 G\u00fcl, bu miktar\u0131 2011 y\u0131l\u0131nda 20 milyar dolara \u00e7\u0131kartmay\u0131 kararla\u015ft\u0131rd\u0131klar\u0131n\u0131 ve bu konuda mutabakata vard\u0131klar\u0131n\u0131 bildirdi.<\/p>\n<p style=\"text-align: justify;\">Kapsaml\u0131 Ekonomik \u0130\u015fbirli\u011fi Anla\u015fmas\u0131&#8217;n\u0131 imzalad\u0131klar\u0131n\u0131 belirten Cumhurba\u015fkan\u0131 G\u00fcl, bu anla\u015fman\u0131n Irak&#8217;\u0131n bu \u00e7er\u00e7evede imzalad\u0131\u011f\u0131 ilk anla\u015fma oldu\u011funu, yeni Irak&#8217;\u0131n b\u00f6yle bir anla\u015fmay\u0131 hi\u00e7 kimseyle imzalamad\u0131\u011f\u0131n\u0131 s\u00f6yledi.<\/p>\n<p style=\"text-align: justify;\">T\u00fcrkiye a\u00e7\u0131s\u0131ndan da imzalanan en kapsaml\u0131 ekonomik i\u015fbirli\u011fi anla\u015fmas\u0131 oldu\u011funa i\u015faret eden Cumhurba\u015fkan\u0131 G\u00fcl, anla\u015fman\u0131n \u00f6zellikle i\u015f adamlar\u0131 ve m\u00fcteahhitlerin geleceklerini ve Irak&#8217;ta yapacaklar\u0131 i\u015flerdeki g\u00fcvenliklerini ve g\u00fcvencelerini garanti alt\u0131na alan \u00e7ok \u00f6nemli maddeler i\u00e7erdi\u011fini anlatt\u0131. Cumhurba\u015fkan\u0131 G\u00fcl, \u015f\u00f6yle devam etti:<\/p>\n<p style=\"text-align: justify;\"><strong>&#8221;Yapt\u0131\u011f\u0131m\u0131z g\u00f6r\u00fc\u015fmelerde ba\u015fta enerji sekt\u00f6r\u00fc olmak \u00fczere, gaz ve petrol konular\u0131nda T\u00fcrk i\u015f adamlar\u0131n\u0131n, T\u00fcrk firmalar\u0131n\u0131n Irak&#8217;ta faaliyet g\u00f6stermeleri, Irak&#8217;tan T\u00fcrkiye \u00fczerinden Avrupa&#8217;ya, ba\u015fka yerlere gaz boru hatlar\u0131 yap\u0131lmas\u0131 konusu da geni\u015f bir \u015fekilde konu\u015fulmu\u015f, bu konulara bir \u00e7ok i\u015f adam\u0131 da kat\u0131lm\u0131\u015ft\u0131r. \u00d6zellikle bu konularla ilgilenenler bakanlar, ilgili \u00e7evrelerle \u00e7ok iyi noktalara gelmi\u015flerdir.<\/strong><\/p>\n<p style=\"text-align: justify;\"><strong>Bu konularda Devlet Bakan\u0131 K\u00fcr\u015fat T\u00fczmen ilgili b\u00fct\u00fcn bakanlarla g\u00f6r\u00fc\u015fm\u00fc\u015f, konu\u015fmu\u015f ve belki de \u015fu ana kadar hi\u00e7 yap\u0131lmayan ekonomik g\u00f6r\u00fc\u015fmeler yap\u0131lm\u0131\u015ft\u0131r.<\/strong><\/p>\n<p style=\"text-align: justify;\"><strong>\u0130nan\u0131yoruz ki k\u0131sa s\u00fcre i\u00e7erisinde T\u00fcrkiye&#8217;nin Irak&#8217;a olan ihracat\u0131, ticareti h\u0131zl\u0131 ve s\u00fcratli bir \u015fekilde artacakt\u0131r.&#8221;<\/strong><\/p>\n<p style=\"text-align: justify;\">Cumhurba\u015fkan\u0131 G\u00fcl, savunma sanayi i\u015fbirli\u011fi konusunda da, z\u0131rhl\u0131 ara\u00e7lar, lokomotif sat\u0131\u015f\u0131, m\u00fcteahhitlik hizmetleri ve Irak&#8217;\u0131n telekom altyap\u0131s\u0131 ile ilgili \u00f6nemli g\u00f6r\u00fc\u015fmeler yap\u0131ld\u0131\u011f\u0131n\u0131 ve \u00f6n mutabakatlar sa\u011fland\u0131\u011f\u0131n\u0131 bildirdi.<\/p>\n<p style=\"text-align: justify;\"><strong>G\u00dcVENL\u0130K<\/strong><\/p>\n<p style=\"text-align: justify;\">G\u00f6r\u00fc\u015fmelerde di\u011fer \u00e7ok \u00f6nemli konunun g\u00fcvenlik oldu\u011funu ifade eden Cumhurba\u015fkan\u0131 G\u00fcl, <strong>&#8221;G\u00fcvenlik, her zaman s\u00f6yledi\u011fimiz gibi her \u015feyin ba\u015f\u0131d\u0131r. Bu konuda hem Irak&#8217;\u0131n hem T\u00fcrkiye&#8217;nin ter\u00f6rle m\u00fccadelesi vard\u0131r. Bu konuda Irak H\u00fck\u00fcmeti ile T\u00fcrkiye aras\u0131nda kararl\u0131 bir tav\u0131r s\u00f6z konusudur&#8221;<\/strong> dedi.<\/p>\n<p style=\"text-align: justify;\">Bu konuda \u0130\u00e7i\u015fleri Bakanlar\u0131 ve Silahl\u0131 Kuvvetler aras\u0131nda g\u00f6r\u00fc\u015fmeler yap\u0131ld\u0131\u011f\u0131n\u0131, Genelkurmay \u0130kinci Ba\u015fkan\u0131 Orgeneral Hasan I\u011fs\u0131z&#8217;\u0131n Irak&#8217;\u0131 ziyaret etti\u011fini ve Irak Genelkurmay Ba\u015fkan yard\u0131mc\u0131lar\u0131n\u0131n T\u00fcrkiye&#8217;ye geldi\u011fini anlatan Cumhurba\u015fkan\u0131 G\u00fcl, b\u00fct\u00fcn bu konularda \u00e7ok iyi bir anlay\u0131\u015f\u0131n s\u00f6z konusu oldu\u011funu s\u00f6yledi.<\/p>\n<p style=\"text-align: justify;\">Cumhurba\u015fkan\u0131 G\u00fcl, \u015funlar\u0131 kaydetti:<\/p>\n<p style=\"text-align: justify;\"><strong>&#8221;Ter\u00f6rle m\u00fccadele g\u00fcvenlik meselelerinin tabii ba\u015f\u0131nda gelen \u00f6nemli bir konudur. Ter\u00f6rle m\u00fccadele etmek i\u00e7in gerek Merkezi H\u00fck\u00fcmet gerekse Irak&#8217;\u0131n kuzeyindeki Yerel Y\u00f6netimle yapt\u0131\u011f\u0131m g\u00f6r\u00fc\u015fmelerde bu konu gayet a\u00e7\u0131k, se\u00e7ik bir \u015fekilde ele al\u0131nm\u0131\u015f, kararl\u0131 bir \u015fekilde konu\u015fulmu\u015ftur. Bu konuda da olumlu geli\u015fmelerin olaca\u011f\u0131n\u0131 beklemekteyiz.<\/strong><\/p>\n<p style=\"text-align: justify;\"><strong>\u00c7\u00fcnk\u00fc tarihi bir f\u0131rsat, herkes i\u00e7in de ge\u00e7erlidir. Bu f\u0131rsatlar\u0131n en iyi \u015fekilde de\u011ferlendirilmesi ve Irak&#8217;\u0131n kuzeyinde yerle\u015fmi\u015f olan ter\u00f6r \u00f6rg\u00fct\u00fcn\u00fcn tamamen aradan \u00e7\u0131kart\u0131lmas\u0131 ile ilgili \u00e7al\u0131\u015fmalar\u0131n kapsaml\u0131 bir \u015fekilde yap\u0131lmas\u0131 ve bununla ilgili kendi aram\u0131zda takip mekanizmalar\u0131, b\u00fct\u00fcn bunlar zaten kurulmu\u015ftur, mevcuttur&#8230; Bu konuyla ilgili de \u0130\u00e7i\u015fleri Bakan\u0131m\u0131z muhataplar\u0131yla \u00e7ok \u00f6nemli g\u00f6r\u00fc\u015fmeler yapm\u0131\u015ft\u0131r.&#8221;<\/strong><\/p>\n<p style=\"text-align: justify;\">Irak&#8217;\u0131n ne kadar zor d\u00f6nemden ge\u00e7ti\u011fini herkesin bildi\u011fini ifade eden Cumhurba\u015fkan\u0131 G\u00fcl, <strong>&#8221;Ben Ba\u011fdat&#8217;\u0131 y\u0131llar \u00f6nce g\u00f6rm\u00fc\u015ft\u00fcm. Bu sefer g\u00f6r\u00fcnce, insan tabii ki ger\u00e7ekten b\u00fcy\u00fck bir \u00fcz\u00fcnt\u00fc duyuyor, elem duyuyor. Hepsine kolayl\u0131k diliyoruz. Hi\u00e7 kimsenin ba\u015f\u0131na da bu tip s\u0131k\u0131nt\u0131lar\u0131 Allah vermesin a\u00e7\u0131k\u00e7as\u0131. Ger\u00e7ekten \u00fcz\u00fcl\u00fcnecek durumda&#8221;<\/strong> dedi.<\/p>\n<p style=\"text-align: justify;\">E\u015fi Hayr\u00fcnnisa G\u00fcl&#8217;\u00fcn de ziyarete kat\u0131ld\u0131\u011f\u0131n\u0131 belirten Cumhurba\u015fkan\u0131 G\u00fcl, Hayr\u00fcnnisa G\u00fcl&#8217;\u00fcn Irak&#8217;taki hastanelerde, annesiz, babas\u0131z \u00e7ocuklarla yapt\u0131\u011f\u0131 g\u00f6r\u00fc\u015fmelerde, Irak&#8217;ta 3 milyon yetim \u00e7ocu\u011fun oldu\u011funu \u00f6\u011frendiklerini s\u00f6yledi.<\/p>\n<p style=\"text-align: justify;\">Cumhurba\u015fkan\u0131 G\u00fcl, <strong>&#8221;B\u00fct\u00fcn bunlar herkese tabii ders olmal\u0131d\u0131r. Bu g\u00f6r\u00fc\u015fmelerin ve bu ziyaretin, ger\u00e7ekten \u00e7ok faydal\u0131 oldu\u011funu ifade etmek isterim. Sadece bizim i\u00e7in de\u011fil Irakl\u0131lar i\u00e7in de \u00f6nemli olmu\u015ftur. Irak&#8217;\u0131n i\u00e7erisinde bildi\u011finiz gibi bir\u00e7ok b\u00f6l\u00fcnmeler, bir\u00e7ok kendi renkleri, farkl\u0131l\u0131klar\u0131 vard\u0131r. Benim bu ziyaretim vesilesiyle hepsi de bir araya gelme imkan\u0131 bulmu\u015flard\u0131r. Bundan dolay\u0131 da T\u00fcrkiye&#8217;ye m\u00fcte\u015fekkir olmu\u015flard\u0131r&#8221;<\/strong> diye konu\u015ftu.<\/p>\n<p style=\"text-align: justify;\">T\u00fcrkiye&#8217;nin Ba\u011fdat B\u00fcy\u00fckel\u00e7ili\u011fi&#8217;ni de hep beraber ziyaret ettiklerini belirten Cumhurba\u015fkan\u0131 G\u00fcl, Ba\u011fdat B\u00fcy\u00fckel\u00e7ili\u011fi&#8217;nin Irak&#8217;ta sava\u015f\u0131n en \u015fiddetli oldu\u011fu d\u00f6nemlerde bile kapat\u0131lmayan, T\u00fcrk bayra\u011f\u0131n\u0131n daima dalgaland\u0131\u011f\u0131 bir b\u00fcy\u00fckel\u00e7ilik oldu\u011funu, b\u00fcy\u00fckel\u00e7ilerin de g\u00f6revlerinin hep ba\u015f\u0131nda bulunduklar\u0131n\u0131 s\u00f6yledi.<\/p>\n<p style=\"text-align: justify;\">Cumhurba\u015fkan\u0131 G\u00fcl,<strong> &#8221;Ba\u011fdat B\u00fcy\u00fckel\u00e7ili\u011fimizi ziyaret ettik ve orada g\u00f6rev yapan b\u00fct\u00fcn arkada\u015flar\u0131m\u0131zla gurur duydu\u011fumuzu b\u00fct\u00fcn arkada\u015flar\u0131m\u0131za ifade ettik&#8221;<\/strong> dedi.<\/p>\n<p style=\"text-align: justify;\">\u00d6nemli bir ziyaret yapt\u0131klar\u0131na i\u015faret eden Cumhurba\u015fkan\u0131 G\u00fcl, <strong>&#8221;\u0130nan\u0131yorum ki Irak&#8217;la T\u00fcrkiye aras\u0131nda, bahsetti\u011fim \u00fc\u00e7 konuda da \u00f6nemli sayfalar a\u00e7\u0131lm\u0131\u015ft\u0131r. Bunlar\u0131n hepsinin de devam\u0131 gelecektir&#8221;<\/strong> diye konu\u015ftu.<\/p>\n<p style=\"text-align: justify;\"><span style=\"color: #888888;\">Kaynak : Sabah Gazetesi<\/span><\/p>\n","protected":false},"excerpt":{"rendered":"<p style=\"text-align: justify;\">\n<p style=\"text-align: justify;\">Irak&#8217;a iki g\u00fcnl\u00fck resmi ziyaret ger\u00e7ekle\u015ftiren Cumhurba\u015fkan\u0131 Abdullah G\u00fcl, Ankara&#8217;ya d\u00f6nd\u00fc.<\/p>\n<p style=\"text-align: justify;\">G\u00fcl ve beraberindekileri ta\u015f\u0131yan THY&#8217;ye ait \u00f6zel u\u00e7ak saat 18.40&#8217;da Esenbo\u011fa Havaliman\u0131&#8217;na indi.<\/p>\n<p style=\"text-align: justify;\">Irak ziyaretinin ard\u0131ndan Esenbo\u011fa Havaliman\u0131&#8217;nda gazetecilere a\u00e7\u0131klama yapan Cumhurba\u015fkan\u0131 G\u00fcl, daha sonra sorular\u0131 yan\u0131tlad\u0131.<\/p>\n<p style=\"text-align: justify;\">G\u00fcl, bir gazetecinin &#8221;Irak&#8217;\u0131n kuzeyindeki b\u00f6lgesel <\/p>\n","protected":false},"author":1,"featured_media":0,"comment_status":"open","ping_status":"closed","sticky":false,"template":"","format":"standard","meta":{"footnotes":""},"categories":[105],"tags":[],"class_list":["post-6460","post","type-post","status-publish","format-standard","hentry","category-gundem","odd"],"_links":{"self":[{"href":"http:\/\/www.korhanyilmaz.com\/index.php?rest_route=\/wp\/v2\/posts\/6460","targetHints":{"allow":["GET"]}}],"collection":[{"href":"http:\/\/www.korhanyilmaz.com\/index.php?rest_route=\/wp\/v2\/posts"}],"about":[{"href":"http:\/\/www.korhanyilmaz.com\/index.php?rest_route=\/wp\/v2\/types\/post"}],"author":[{"embeddable":true,"href":"http:\/\/www.korhanyilmaz.com\/index.php?rest_route=\/wp\/v2\/users\/1"}],"replies":[{"embeddable":true,"href":"http:\/\/www.korhanyilmaz.com\/index.php?rest_route=%2Fwp%2Fv2%2Fcomments&post=6460"}],"version-history":[{"count":0,"href":"http:\/\/www.korhanyilmaz.com\/index.php?rest_route=\/wp\/v2\/posts\/6460\/revisions"}],"wp:attachment":[{"href":"http:\/\/www.korhanyilmaz.com\/index.php?rest_route=%2Fwp%2Fv2%2Fmedia&parent=6460"}],"wp:term":[{"taxonomy":"category","embeddable":true,"href":"http:\/\/www.korhanyilmaz.com\/index.php?rest_route=%2Fwp%2Fv2%2Fcategories&post=6460"},{"taxonomy":"post_tag","embeddable":true,"href":"http:\/\/www.korhanyilmaz.com\/index.php?rest_route=%2Fwp%2Fv2%2Ftags&post=6460"}],"curies":[{"name":"wp","href":"https:\/\/api.w.org\/{rel}","templated":true}]}}