{"id":6456,"date":"2009-03-24T20:54:53","date_gmt":"2009-03-24T18:54:53","guid":{"rendered":"http:\/\/www.korhanyilmaz.com\/?p=6456"},"modified":"2009-03-24T20:54:53","modified_gmt":"2009-03-24T18:54:53","slug":"ak-parti-ve-chpliler-kavga-etti","status":"publish","type":"post","link":"http:\/\/www.korhanyilmaz.com\/?p=6456","title":{"rendered":"AK Parti ve CHP&#039;liler kavga etti"},"content":{"rendered":"<p><img loading=\"lazy\" decoding=\"async\" class=\"aligncenter size-full wp-image-6457\" title=\"AK Parti ve CHP'liler kavga etti \" src=\"http:\/\/www.korhanyilmaz.com\/wp-content\/uploads\/2009\/03\/ebe3d810d5ad7149916003d9r.jpg\" alt=\"AK Parti ve CHP'liler kavga etti \" width=\"200\" height=\"150\" \/><\/p>\n<p style=\"text-align: justify;\"><strong>\u0130zmir&#8217;in Hatay semt pazar\u0131nda se\u00e7im bro\u015f\u00fcr\u00fc da\u011f\u0131tan AK Parti&#8217;lilerle CHP&#8217;nin Karaba\u011flar il\u00e7e gen\u00e7lik kollar\u0131 \u00fcyeleri aras\u0131nda \u00e7\u0131kan arbedede, 5&#8217;i k\u0131z 10 ki\u015fi hafif yaraland\u0131.<br \/>\n<\/strong><br \/>\nAl\u0131nan bilgiye g\u00f6re, Hatay semt pazar\u0131nda kurduklar\u0131 standda se\u00e7im bro\u015f\u00fcr\u00fc da\u011f\u0131tan AK Parti Karaba\u011flar Gen\u00e7lik Kollar\u0131 \u00fcyeleri ile ayn\u0131 pazarda stand\u0131 bulunan CHP Karaba\u011flar \u0130l\u00e7e Gen\u00e7lik Kollar\u0131 \u00fcyeleri aras\u0131nda arbede \u00e7\u0131kt\u0131. Arbede, semt pazar\u0131na gelen polis ekiplerinin m\u00fcdahalesi sonucu sona erdi.\n<\/p>\n<p style=\"text-align: justify;\">Olayda iki partinin gen\u00e7lik kollar\u0131 \u00fcyesi 5&#8217;i k\u0131z 10 ki\u015fi hafif yaraland\u0131.<!--more--><\/p>\n<p style=\"text-align: justify;\">Yaral\u0131 gen\u00e7lerden 6&#8217;s\u0131 Atat\u00fcrk E\u011fitim ve Ara\u015ft\u0131rma Hastanesine kald\u0131r\u0131ld\u0131. Tedavi alt\u0131na al\u0131nan 3&#8217;\u00fc k\u0131z, 6 gencin darp sonucu yaraland\u0131klar\u0131 ve sa\u011fl\u0131k durumlar\u0131n\u0131n iyi oldu\u011fu bildirildi. V\u00fccutlar\u0131nda morluklar olu\u015fan 2&#8217;si k\u0131z 4 gencin hastaneye gitmesine gerek g\u00f6r\u00fclmedi.<\/p>\n<p style=\"text-align: justify;\">Olay\u0131n ard\u0131ndan CHP Karaba\u011flar \u0130l\u00e7e Ba\u015fkan\u0131 Birol A\u011f\u0131rba\u015f d\u00fczenledi\u011fi bas\u0131n toplant\u0131s\u0131nda, politikaya hi\u00e7 yak\u0131\u015fmayan bir olay ya\u015fand\u0131\u011f\u0131n\u0131, se\u00e7im yar\u0131\u015f\u0131n\u0131n centilmenlik s\u0131n\u0131rlar\u0131 i\u00e7inde ge\u00e7mesine \u00f6zen g\u00f6sterdiklerini belirtti.<\/p>\n<p style=\"text-align: justify;\">AK Parti Karaba\u011flar \u0130l\u00e7e Ba\u015fkan\u0131 Sinan Demirci de d\u00fczenledi\u011fi bas\u0131n toplant\u0131s\u0131nda ya\u015fanan olay\u0131n ho\u015f olmad\u0131\u011f\u0131n\u0131 bildirdi. Olaya polisin ge\u00e7 m\u00fcdahale etti\u011fini ileri s\u00fcren Demirci, &#8221;Emniyet g\u00fc\u00e7lerinin bu olayda a\u011f\u0131r davrand\u0131klar\u0131n\u0131 hissettim&#8221; dedi.<\/p>\n<p style=\"text-align: justify;\">Emniyet yetkilileri, kavgaya kar\u0131\u015fan gen\u00e7lerin ifadesine ba\u015fvurulaca\u011f\u0131n\u0131 bildirdi.<\/p>\n<p style=\"text-align: justify;\"><span style=\"color: #888888;\">Kaynak : Sabah Gazetesi<\/span><\/p>\n","protected":false},"excerpt":{"rendered":"<\/p>\n<p style=\"text-align: justify;\">\u0130zmir&#8217;in Hatay semt pazar\u0131nda se\u00e7im bro\u015f\u00fcr\u00fc da\u011f\u0131tan AK Parti&#8217;lilerle CHP&#8217;nin Karaba\u011flar il\u00e7e gen\u00e7lik kollar\u0131 \u00fcyeleri aras\u0131nda \u00e7\u0131kan arbedede, 5&#8217;i k\u0131z 10 ki\u015fi hafif yaraland\u0131. Al\u0131nan bilgiye g\u00f6re, Hatay semt pazar\u0131nda kurduklar\u0131 standda se\u00e7im bro\u015f\u00fcr\u00fc da\u011f\u0131tan AK Parti Karaba\u011flar Gen\u00e7lik Kollar\u0131 \u00fcyeleri ile ayn\u0131 pazarda stand\u0131 bulunan CHP Karaba\u011flar \u0130l\u00e7e Gen\u00e7lik Kollar\u0131 \u00fcyeleri <\/p>\n","protected":false},"author":1,"featured_media":0,"comment_status":"open","ping_status":"closed","sticky":false,"template":"","format":"standard","meta":{"footnotes":""},"categories":[105],"tags":[],"class_list":["post-6456","post","type-post","status-publish","format-standard","hentry","category-gundem","odd"],"_links":{"self":[{"href":"http:\/\/www.korhanyilmaz.com\/index.php?rest_route=\/wp\/v2\/posts\/6456","targetHints":{"allow":["GET"]}}],"collection":[{"href":"http:\/\/www.korhanyilmaz.com\/index.php?rest_route=\/wp\/v2\/posts"}],"about":[{"href":"http:\/\/www.korhanyilmaz.com\/index.php?rest_route=\/wp\/v2\/types\/post"}],"author":[{"embeddable":true,"href":"http:\/\/www.korhanyilmaz.com\/index.php?rest_route=\/wp\/v2\/users\/1"}],"replies":[{"embeddable":true,"href":"http:\/\/www.korhanyilmaz.com\/index.php?rest_route=%2Fwp%2Fv2%2Fcomments&post=6456"}],"version-history":[{"count":0,"href":"http:\/\/www.korhanyilmaz.com\/index.php?rest_route=\/wp\/v2\/posts\/6456\/revisions"}],"wp:attachment":[{"href":"http:\/\/www.korhanyilmaz.com\/index.php?rest_route=%2Fwp%2Fv2%2Fmedia&parent=6456"}],"wp:term":[{"taxonomy":"category","embeddable":true,"href":"http:\/\/www.korhanyilmaz.com\/index.php?rest_route=%2Fwp%2Fv2%2Fcategories&post=6456"},{"taxonomy":"post_tag","embeddable":true,"href":"http:\/\/www.korhanyilmaz.com\/index.php?rest_route=%2Fwp%2Fv2%2Ftags&post=6456"}],"curies":[{"name":"wp","href":"https:\/\/api.w.org\/{rel}","templated":true}]}}