{"id":6374,"date":"2009-03-24T11:25:47","date_gmt":"2009-03-24T09:25:47","guid":{"rendered":"http:\/\/www.korhanyilmaz.com\/?p=6374"},"modified":"2009-03-24T11:25:47","modified_gmt":"2009-03-24T09:25:47","slug":"meteorolojiden-uyari","status":"publish","type":"post","link":"http:\/\/www.korhanyilmaz.com\/?p=6374","title":{"rendered":"Meteoroloji&#039;den uyar\u0131"},"content":{"rendered":"<p style=\"text-align: center;\"><img loading=\"lazy\" decoding=\"async\" class=\"aligncenter size-full wp-image-6376\" title=\"Meteorolojik Uyar\u0131\" src=\"http:\/\/www.korhanyilmaz.com\/wp-content\/uploads\/2009\/03\/images2.jpg\" alt=\"Meteorolojik Uyar\u0131\" width=\"114\" height=\"116\" \/><\/p>\n<p style=\"text-align: justify;\">Hava s\u0131cakl\u0131klar\u0131 t\u00fcm b\u00f6lgelerde 2 ile 4 derece art\u0131\u015f g\u00f6sterirken, baz\u0131 b\u00f6lgelerde beklenen kuvvetli r\u00fczgar\u0131n sebep oabilece\u011fi soba zehirlenmelerine kar\u015f\u0131 Meteoroloji uyard\u0131.<\/p>\n<p style=\"text-align: justify;\">Devlet Meteoroloji \u0130\u015fleri Genel M\u00fcd\u00fcrl\u00fc\u011f\u00fc&#8217;nden edinilen bilgiye g\u00f6re; i\u00e7 ve do\u011fu kesimlerde g\u00f6r\u00fclecek ya\u011f\u0131\u015flar\u0131n; Do\u011fu Karadeniz (Giresun, Trabzon, Rize, Artvin, G\u00fcm\u00fc\u015fhane, Bayburt), Do\u011fu Anadolu&#8217;nu kuzey ve do\u011fusu (Erzincan, Tunceli, Elaz\u0131\u011f, Bing\u00f6l, Mu\u015f, Bitlis, Ardahan, Kars, A\u011fr\u0131, I\u011fd\u0131r, Van ve Hakkari) ile G\u00fcneydo\u011fu Anadolu&#8217;nun do\u011fusunda (Diyarbak\u0131r, Mardin, Batman, Siirt) kuvvetli olmas\u0131 bekleniyor. <!--more--><\/p>\n<p style=\"text-align: justify;\"><a href=\"http:\/\/www.dmi.gov.tr\/tahmin\/turkiye.aspx?g=1\" target=\"_blank\"><img loading=\"lazy\" decoding=\"async\" class=\"size-full wp-image-6379 alignleft\" style=\"margin-left: 10px; margin-right: 10px;\" title=\"5 G\u00fcnl\u00fck Hava Tahmini\" src=\"http:\/\/www.korhanyilmaz.com\/wp-content\/uploads\/2009\/03\/171220081058461545748_3.jpg\" alt=\"5 G\u00fcnl\u00fck Hava Tahmini\" width=\"230\" height=\"136\" \/><\/a><\/p>\n<p style=\"text-align: justify;\">Hava s\u0131cakl\u0131klar\u0131 ise t\u00fcm b\u00f6lgelerde 2 ile 4 derece artacak. R\u00fczgar ise, genellikle kuzey ve kuzeybat\u0131, Marmara ile g\u00fcneydo\u011fu b\u00f6lgelerimizde g\u00fcney ve g\u00fcneybat\u0131 (Lodos) y\u00f6nlerden hafif, ara s\u0131ra orta kuvvette, Marmara, Kuzey Ege k\u0131y\u0131lar\u0131 ile sabah saatlerinde Do\u011fu Anadolu&#8217;nun do\u011fusu ile Antalya ve Diyarbak\u0131r \u00e7evrelerinde kuvvetli olarak esecek.<\/p>\n<p style=\"text-align: justify;\"><strong>SOBA ZEH\u0130RLENMELER\u0130NE D\u0130KKAT <\/strong><\/p>\n<p style=\"text-align: justify;\">Meteoroloji, Do\u011fu Karadeniz (Giresun, Trabzon, Rize, Artvin, G\u00fcm\u00fc\u015fhane, Bayburt), Do\u011fu Anadolu&#8217;nu kuzey ve do\u011fusu (Erzincan, Tunceli, Elaz\u0131\u011f, Bing\u00f6l, Mu\u015f, Bitlis, Ardahan, Kars, A\u011fr\u0131, I\u011fd\u0131r, Van ve Hakkari) ile G\u00fcneydo\u011fu Anadolu&#8217;nun do\u011fusunda (Diyarbak\u0131r, Mardin, Batman, Siirt) kuvvetli ya\u011f\u0131\u015fa kar\u015f\u0131 uyard\u0131.<\/p>\n<p style=\"text-align: justify;\">\u00d6te yandan, r\u00fczgar\u0131n sabah saatlerinde Do\u011fu Anadolu&#8217;nun do\u011fusu ile Antalya ve Diyarbak\u0131r \u00e7evrelerinde, \u00f6\u011fle saatlerinden itibaren Marmara ve Kuzey Ege k\u0131y\u0131lar\u0131nda kuvvetli olarak esmesi beklendi\u011finden ula\u015f\u0131mdaki aksamalar, soba zehirlenmeleri ve \u00e7at\u0131 u\u00e7mas\u0131 gibi olaylara kar\u015f\u0131 dikkatli ve tedbirli olunmas\u0131 gerekiyor.<\/p>\n<p style=\"text-align: justify;\">Meteoroloji ayr\u0131ca, sabah ve gece saatlerinde Do\u011fu Anadolu b\u00f6lgesinde buzlanma ve don olay\u0131 ile Do\u011fu Anadolu&#8217;nun do\u011fusu (Erzurum, Kars, Ardahan, A\u011fr\u0131, Mu\u015f, Bitlis, Van ve Hakkari) ile Do\u011fu Karadeniz&#8217;in i\u00e7 kesimlerinin (G\u00fcm\u00fc\u015fhane, Bayburt ve Artvin) y\u00fcksek ve e\u011fimli yerlerinde meydana gelebilecek muhtemel \u00e7\u0131\u011f tehlikesine kar\u015f\u0131 da uyar\u0131da bulundu.<\/p>\n<p style=\"text-align: justify;\"><strong>B\u00d6LGELERDE HAVA <\/strong><\/p>\n<p style=\"text-align: justify;\">Marmara: Par\u00e7al\u0131 ve az bulutlu ge\u00e7ecek. R\u00fczgar \u00f6\u011fle saatlerinden itibaren b\u00f6lgenin bat\u0131s\u0131nda g\u00fcney ve g\u00fcneybat\u0131 (Lodos) y\u00f6nlerden kuvvetlice esecek.<\/p>\n<p style=\"text-align: justify;\">Ege: Genellikle par\u00e7al\u0131, ak\u015fam saatlerinden sonra K\u0131y\u0131 Ege \u00e7ok bulutlu, gece saatlerinden itibaren G\u00fcney Ege k\u0131y\u0131lar\u0131 (\u0130zmir, Ayd\u0131n, Mu\u011fla) sa\u011fanak ya\u011f\u0131\u015fl\u0131 ge\u00e7ecek. R\u00fczgar \u00f6\u011fle saatlerinden itibaren Kuzey Ege k\u0131y\u0131lar\u0131nda g\u00fcney ve g\u00fcneybat\u0131 (Lodos) y\u00f6nlerden kuvvetlice esecek.<br \/>\nAkdeniz: Par\u00e7al\u0131, do\u011fusu \u00e7ok bulutlu, sabah saatlerinde Do\u011fu Akdeniz (Adana, K.Mara\u015f, Osmaniye, Hatay), \u00f6\u011fle saatlerinde Hatay \u00e7evreleri sa\u011fanak ve g\u00f6kg\u00fcr\u00fclt\u00fcl\u00fc sa\u011fanak ya\u011f\u0131\u015fl\u0131 ge\u00e7ecek.\n<\/p>\n<p style=\"text-align: justify;\">\u0130\u00e7 Anadolu: Par\u00e7al\u0131 \u00e7ok bulutlu, sabah saatlerinde do\u011fusu (Kayseri, Yozgat, Nev\u015fehir, Ni\u011fde ve Sivas) aral\u0131kl\u0131 karla kar\u0131\u015f\u0131k ya\u011fmur ve kar ya\u011f\u0131\u015fl\u0131 ge\u00e7ecek.<\/p>\n<p style=\"text-align: justify;\">Bat\u0131 KAradeniz: Par\u00e7al\u0131 ve \u00e7ok bulutlu ge\u00e7ecek.<\/p>\n<p style=\"text-align: justify;\">Orta ve Do\u011fu Karadeniz: Par\u00e7al\u0131 ve \u00e7ok bulutlu, Do\u011fu Karadeniz ile sabah saatlerinde Samsun, \u00c7orum, Amasya, Tokat ve Ordu \u00e7evreleri aral\u0131kl\u0131 ya\u011f\u0131\u015fl\u0131 ge\u00e7ecek. Ya\u011f\u0131\u015flar; genellikle ya\u011fmur ve sa\u011fanak, Do\u011fu Karadeniz&#8217;in i\u00e7 kesimlerinde karla kar\u0131\u015f\u0131k ya\u011fmur ve y\u00fckseklerinde kar \u015feklinde olacak. Ya\u011f\u0131\u015flar\u0131n; sabah saatlerinde Do\u011fu Karadeniz&#8217;de kuvvetli olmas\u0131 bekleniyor. Do\u011fu Karadeniz&#8217;in i\u00e7 kesimlerinin (G\u00fcm\u00fc\u015fhane, Bayburt ve Artvin) y\u00fcksek ve e\u011fimli yerlerinde meydana gelebilecek muhtemel \u00e7\u0131\u011f tehlikesine kar\u015f\u0131 tedbirli olunmas\u0131 gerekiyor.<\/p>\n<p style=\"text-align: justify;\">Do\u011fu Anadolu: \u00c7ok bulutlu ve b\u00f6lge geneli aral\u0131kl\u0131 ya\u011f\u0131\u015fl\u0131 ge\u00e7ecek. Ya\u011f\u0131\u015flar\u0131n; sabah saatlerinde kuzey ve do\u011fusunda kuvvetli olmak \u00fczere ya\u011fmur, i\u00e7 ve do\u011fu kesimlerinde karla kar\u0131\u015f\u0131k ya\u011fmur ve kar \u015feklinde olmas\u0131 bekleniyor. Sabah ve gece saatlerinde kuzey ve do\u011fusunda buzlanma ve don olay\u0131 g\u00f6r\u00fclecek. B\u00f6lgenin do\u011fu kesimlerinin (Erzurum, Kars, Ardahan, A\u011fr\u0131, Mu\u015f, Bitlis, Van ve Hakkari) y\u00fcksek ve e\u011fimli yerlerinde meydana gelebilecek muhtemel \u00e7\u0131\u011f tehlikesine kar\u015f\u0131 dikkatli ve tedbirli olunmas\u0131 gerekiyor.<\/p>\n<p style=\"text-align: justify;\">G\u00fcneydo\u011fu Anadolu: Par\u00e7al\u0131 \u00e7ok bulutlu, aral\u0131kl\u0131 ya\u011fmur ve sa\u011fanak ya\u011f\u0131\u015fl\u0131 ge\u00e7ecek. Ya\u011f\u0131\u015flar\u0131n sabah saatlerinde do\u011fusunda(Diyarbak\u0131r, Mardin, Batman, Siirt) kuvvetli olmas\u0131 bekleniyor.<\/p>\n","protected":false},"excerpt":{"rendered":"<p style=\"text-align: center;\">\n<p style=\"text-align: justify;\">Hava s\u0131cakl\u0131klar\u0131 t\u00fcm b\u00f6lgelerde 2 ile 4 derece art\u0131\u015f g\u00f6sterirken, baz\u0131 b\u00f6lgelerde beklenen kuvvetli r\u00fczgar\u0131n sebep oabilece\u011fi soba zehirlenmelerine kar\u015f\u0131 Meteoroloji uyard\u0131.<\/p>\n<p style=\"text-align: justify;\">Devlet Meteoroloji \u0130\u015fleri Genel M\u00fcd\u00fcrl\u00fc\u011f\u00fc&#8217;nden edinilen bilgiye g\u00f6re; i\u00e7 ve do\u011fu kesimlerde g\u00f6r\u00fclecek ya\u011f\u0131\u015flar\u0131n; Do\u011fu Karadeniz (Giresun, Trabzon, Rize, Artvin, G\u00fcm\u00fc\u015fhane, Bayburt), Do\u011fu Anadolu&#8217;nu kuzey ve <\/p>\n","protected":false},"author":1,"featured_media":0,"comment_status":"open","ping_status":"closed","sticky":false,"template":"","format":"standard","meta":{"footnotes":""},"categories":[7],"tags":[],"class_list":["post-6374","post","type-post","status-publish","format-standard","hentry","category-ekonomi","odd"],"_links":{"self":[{"href":"http:\/\/www.korhanyilmaz.com\/index.php?rest_route=\/wp\/v2\/posts\/6374","targetHints":{"allow":["GET"]}}],"collection":[{"href":"http:\/\/www.korhanyilmaz.com\/index.php?rest_route=\/wp\/v2\/posts"}],"about":[{"href":"http:\/\/www.korhanyilmaz.com\/index.php?rest_route=\/wp\/v2\/types\/post"}],"author":[{"embeddable":true,"href":"http:\/\/www.korhanyilmaz.com\/index.php?rest_route=\/wp\/v2\/users\/1"}],"replies":[{"embeddable":true,"href":"http:\/\/www.korhanyilmaz.com\/index.php?rest_route=%2Fwp%2Fv2%2Fcomments&post=6374"}],"version-history":[{"count":0,"href":"http:\/\/www.korhanyilmaz.com\/index.php?rest_route=\/wp\/v2\/posts\/6374\/revisions"}],"wp:attachment":[{"href":"http:\/\/www.korhanyilmaz.com\/index.php?rest_route=%2Fwp%2Fv2%2Fmedia&parent=6374"}],"wp:term":[{"taxonomy":"category","embeddable":true,"href":"http:\/\/www.korhanyilmaz.com\/index.php?rest_route=%2Fwp%2Fv2%2Fcategories&post=6374"},{"taxonomy":"post_tag","embeddable":true,"href":"http:\/\/www.korhanyilmaz.com\/index.php?rest_route=%2Fwp%2Fv2%2Ftags&post=6374"}],"curies":[{"name":"wp","href":"https:\/\/api.w.org\/{rel}","templated":true}]}}