{"id":6367,"date":"2009-03-24T18:19:40","date_gmt":"2009-03-24T16:19:40","guid":{"rendered":"http:\/\/www.korhanyilmaz.com\/?p=6367"},"modified":"2009-03-24T18:19:40","modified_gmt":"2009-03-24T16:19:40","slug":"eski-belediye-baskani-tutuklandi","status":"publish","type":"post","link":"http:\/\/www.korhanyilmaz.com\/?p=6367","title":{"rendered":"Eski Belediye Ba\u015fkan\u0131 tutukland\u0131"},"content":{"rendered":"<p style=\"text-align: justify;\"><img loading=\"lazy\" decoding=\"async\" class=\"aligncenter size-full wp-image-6453\" title=\"Kamil Atak\" src=\"http:\/\/www.korhanyilmaz.com\/wp-content\/uploads\/2009\/03\/c441b2d7f701b44e84026a4er1.jpg\" alt=\"Kamil Atak\" width=\"200\" height=\"250\" \/><\/p>\n<p style=\"text-align: justify;\">\u015eIRNAK&#8217;\u0131n Cizre \u0130l\u00e7esi Ku\u015ftepe K\u00f6y\u00fc&#8217;nde bir tan\u0131\u011f\u0131n ifadesi \u00fczerine yap\u0131lan ve 13 kemik par\u00e7as\u0131n\u0131n bulundu\u011fu kaz\u0131larla ilgili yakalanan Cizre Belediye eski Ba\u015fkan\u0131 ve korucuba\u015f\u0131 Kamil Atak, Diyarbak\u0131r&#8217;da tutukland\u0131.<\/p>\n<p style=\"text-align: justify;\">Cizre&#8217;de bir tan\u0131\u011f\u0131n ifadeleri \u00fczerine Ku\u015ftepe K\u00f6y\u00fc&#8217;nde ge\u00e7en hafta Diyarbak\u0131r&#8217;dan giden \u00f6zel yetkili bir savc\u0131 nezaretinde kaz\u0131lar yap\u0131ld\u0131. Kaz\u0131larda, 13 ayr\u0131 kemik par\u00e7as\u0131 bulunan incelenmek \u00fczere \u0130stanbul Adli T\u0131p Kurumu&#8217;na g\u00f6nderildi. Olayla ilgili g\u00f6zalt\u0131na al\u0131nan 5 \u015f\u00fcpheliden Cizre Belediye eski Ba\u015fkan\u0131 Kamil Atak&#8217;\u0131n o\u011flu Temel Atak tutuklan\u0131rken, baba Atak, Mardin&#8217;in Nusaybin \u0130l\u00e7esi&#8217;nde yakalanarak sorgusunun yap\u0131lmas\u0131 i\u00e7in Diyarbak\u0131r&#8217;a getirildi. Ter\u00f6rle M\u00fccadele \u015eube M\u00fcd\u00fcrl\u00fc\u011f\u00fc&#8217;nde soru\u015fturmas\u0131 tamamlanan Atak, adliyeye sevkedildi. Adliyede ifadeleri al\u0131nan eski Ba\u015fkan Kamil Atak tutukland\u0131.<!--more--><\/p>\n<p style=\"text-align: justify;\">Ku\u015ftepe K\u00f6y\u00fc&#8217;ndeki kaz\u0131larla ilgili Diyarbak\u0131r Cumhuriyet Ba\u015fsavc\u0131l\u0131\u011f\u0131&#8217;na ihbarda bulunan ve yer g\u00f6steren N.A. isimli tan\u0131k, 1990&#8217;l\u0131 y\u0131llarda d\u00f6nemin Cizre Belediye Ba\u015fkan\u0131 ve korucuba\u015f\u0131 olan Kamil Atak&#8217;\u0131n ter\u00f6r \u00f6rg\u00fct\u00fc PKK&#8217;ya yard\u0131m ve yatakl\u0131k eden baz\u0131 ki\u015fileri al\u0131p sorgulanmak \u00fczere ter\u00f6r \u00f6rg\u00fct\u00fc Hizbullah&#8217;a teslim etti\u011fini \u00f6ne s\u00fcrd\u00fc. Ayn\u0131 ki\u015fi bu ki\u015filerin Ku\u015ftepe K\u00f6y\u00fc&#8217;ne g\u00f6t\u00fcr\u00fcl\u00fcp sorguland\u0131ktan sonra \u00f6ld\u00fcr\u00fcl\u00fcp g\u00f6m\u00fcld\u00fc\u011f\u00fcn\u00fc s\u00f6yledi. Tan\u0131k, ter\u00f6r olaylar\u0131 nedeniyle ba\u015f\u0131lt\u0131lan k\u00f6y\u00fcn o d\u00f6nemde ter\u00f6r \u00f6rg\u00fct\u00fc Hizbullah taraf\u0131ndan e\u011fitim ama\u00e7l\u0131 kullan\u0131ld\u0131\u011f\u0131n\u0131 ve sorgulan\u0131p \u00f6ld\u00fcr\u00fclen ki\u015filerin cesetlerinin g\u00f6m\u00fcld\u00fc\u011f\u00fc yerleri g\u00f6sterebilece\u011fini s\u00f6yleyince Diyarbak\u0131r&#8217;dan \u00f6zel yetkili bir savc\u0131 itiraf\u00e7\u0131 ile Cizre&#8217;de kaz\u0131 yap\u0131lm\u0131\u015ft\u0131.<\/p>\n","protected":false},"excerpt":{"rendered":"<p style=\"text-align: justify;\">\n<p style=\"text-align: justify;\">\u015eIRNAK&#8217;\u0131n Cizre \u0130l\u00e7esi Ku\u015ftepe K\u00f6y\u00fc&#8217;nde bir tan\u0131\u011f\u0131n ifadesi \u00fczerine yap\u0131lan ve 13 kemik par\u00e7as\u0131n\u0131n bulundu\u011fu kaz\u0131larla ilgili yakalanan Cizre Belediye eski Ba\u015fkan\u0131 ve korucuba\u015f\u0131 Kamil Atak, Diyarbak\u0131r&#8217;da tutukland\u0131.<\/p>\n<p style=\"text-align: justify;\">Cizre&#8217;de bir tan\u0131\u011f\u0131n ifadeleri \u00fczerine Ku\u015ftepe K\u00f6y\u00fc&#8217;nde ge\u00e7en hafta Diyarbak\u0131r&#8217;dan giden \u00f6zel yetkili bir savc\u0131 nezaretinde kaz\u0131lar yap\u0131ld\u0131. Kaz\u0131larda, 13 <\/p>\n","protected":false},"author":1,"featured_media":0,"comment_status":"open","ping_status":"closed","sticky":false,"template":"","format":"standard","meta":{"footnotes":""},"categories":[105],"tags":[],"class_list":["post-6367","post","type-post","status-publish","format-standard","hentry","category-gundem","odd"],"_links":{"self":[{"href":"http:\/\/www.korhanyilmaz.com\/index.php?rest_route=\/wp\/v2\/posts\/6367","targetHints":{"allow":["GET"]}}],"collection":[{"href":"http:\/\/www.korhanyilmaz.com\/index.php?rest_route=\/wp\/v2\/posts"}],"about":[{"href":"http:\/\/www.korhanyilmaz.com\/index.php?rest_route=\/wp\/v2\/types\/post"}],"author":[{"embeddable":true,"href":"http:\/\/www.korhanyilmaz.com\/index.php?rest_route=\/wp\/v2\/users\/1"}],"replies":[{"embeddable":true,"href":"http:\/\/www.korhanyilmaz.com\/index.php?rest_route=%2Fwp%2Fv2%2Fcomments&post=6367"}],"version-history":[{"count":0,"href":"http:\/\/www.korhanyilmaz.com\/index.php?rest_route=\/wp\/v2\/posts\/6367\/revisions"}],"wp:attachment":[{"href":"http:\/\/www.korhanyilmaz.com\/index.php?rest_route=%2Fwp%2Fv2%2Fmedia&parent=6367"}],"wp:term":[{"taxonomy":"category","embeddable":true,"href":"http:\/\/www.korhanyilmaz.com\/index.php?rest_route=%2Fwp%2Fv2%2Fcategories&post=6367"},{"taxonomy":"post_tag","embeddable":true,"href":"http:\/\/www.korhanyilmaz.com\/index.php?rest_route=%2Fwp%2Fv2%2Ftags&post=6367"}],"curies":[{"name":"wp","href":"https:\/\/api.w.org\/{rel}","templated":true}]}}