{"id":6362,"date":"2009-03-24T15:51:53","date_gmt":"2009-03-24T13:51:53","guid":{"rendered":"http:\/\/www.korhanyilmaz.com\/?p=6362"},"modified":"2009-03-24T15:51:53","modified_gmt":"2009-03-24T13:51:53","slug":"mhp-adayi-gozdagi-verdi","status":"publish","type":"post","link":"http:\/\/www.korhanyilmaz.com\/?p=6362","title":{"rendered":"MHP aday\u0131 g\u00f6zda\u011f\u0131 verdi"},"content":{"rendered":"<p style=\"text-align: center;\"><img loading=\"lazy\" decoding=\"async\" class=\"aligncenter size-full wp-image-6363\" title=\"MHP aday\u0131 g\u00f6zda\u011f\u0131 verdi \" src=\"http:\/\/www.korhanyilmaz.com\/wp-content\/uploads\/2009\/03\/240320091732593278654.jpg\" alt=\"MHP aday\u0131 g\u00f6zda\u011f\u0131 verdi \" width=\"329\" height=\"210\" \/><\/p>\n<p style=\"text-align: justify;\"><strong>MHP&#8217;nin Ankara B\u00fcy\u00fck\u015fehir Belediyesi Ba\u015fkan  Aday\u0131 Mansur Yava\u015f, &#8216;Turgut Alt\u0131nok&#8217;un hesab\u0131 sorulacak&#8217; dedi.<\/strong><\/p>\n<p style=\"text-align: justify;\">Yava\u015f, se\u00e7im \u00e7al\u0131\u015fmalar\u0131 i\u00e7in geldi\u011fi Ankara&#8217;n\u0131n Bala il\u00e7esinde se\u00e7im  otob\u00fcs\u00fcn\u00fcn \u00fczerinde halka seslendi.<\/p>\n<p style=\"text-align: justify;\">Se\u00e7im \u00e7al\u0131\u015fmalar\u0131n\u0131n geride kalan k\u0131sm\u0131nda en \u00e7ok deste\u011fi ald\u0131\u011f\u0131 il\u00e7elerden birisinin Bala oldu\u011funu belirten Yava\u015f, son atm\u0131\u015f y\u0131ld\u0131r Ankara&#8217;n\u0131n Ankaral\u0131 bir belediye ba\u015fkan\u0131 ile y\u00f6netilmedi\u011fini s\u00f6yledi.<!--more--><\/p>\n<p style=\"text-align: justify;\">Eski Ke\u00e7i\u00f6ren Belediye Ba\u015fkan\u0131 Turgut Alt\u0131nok&#8217;un Bala&#8217;n\u0131n yeti\u015ftirdi\u011fi \u00f6nemli siyaset\u00e7ilerden birisi oldu\u011funu ifade eden Yava\u015f, &#8216;Sizler hem\u015fehrilerinize sahip \u00e7\u0131karsan\u0131z, size sahip \u00e7\u0131kacak milletvekiliniz de olur belediye ba\u015fkan\u0131n\u0131zda. Sahip \u00e7\u0131kmazsan\u0131z belediyecilikte t\u00fcm T\u00fcrkiye&#8217;ye ad\u0131n\u0131 duyurmu\u015f, emsal olmu\u015f Turgut Alt\u0131nok&#8217;u kirli siyasetle \u00e7i\u011f \u00e7i\u011f yerler. Bize oy verirseniz 29 Marttan sonra Turgut Alt\u0131nok&#8217;un hesab\u0131 sorulacak&#8217; dedi.<\/p>\n<p style=\"text-align: justify;\">Yava\u015f, &#8217;30 Mart sabah\u0131 Ankara&#8217;m\u0131zda yeni bir d\u00f6nem ba\u015flayacak&#8217; dedi. Yava\u015f, nefretin insanlar\u0131 birbirine d\u00fc\u015f\u00fcrd\u00fc\u011f\u00fcn\u00fc belirterek, &#8216;Siyaset, kavga etmek de\u011fildir. Nefret, siyasetin dili olmamal\u0131d\u0131r&#8217; dedi.<\/p>\n<p style=\"text-align: justify;\">Allah&#8217;\u0131n, do\u011frunun, g\u00fczelin ve iyinin yan\u0131nda oldu\u011funa t\u00fcm kalbiyle inand\u0131\u011f\u0131n\u0131 ifade eden Yava\u015f, &#8217;30 Mart sabah\u0131 Ankara&#8217;da yeni bir d\u00f6nem ba\u015flayacak. Bizim d\u00f6nemimiz ba\u015flayacak&#8217; diye konu\u015ftu.<\/p>\n<p style=\"text-align: justify;\">Bu se\u00e7imin Ankara i\u00e7in bir milat olaca\u011f\u0131n\u0131 \u00f6ne s\u00fcren Yava\u015f, kendilerinin sevginin kazanmas\u0131, nefretin kaybolmas\u0131 i\u00e7in \u00e7al\u0131\u015ft\u0131klar\u0131n\u0131 s\u00f6zlerine ekledi.<\/p>\n<p style=\"text-align: justify;\"><span style=\"color: #888888;\">Kaynak : Vatan Gazetesi<\/span><\/p>\n<p style=\"text-align: justify;\">\n","protected":false},"excerpt":{"rendered":"<p style=\"text-align: center;\">\n<p style=\"text-align: justify;\">MHP&#8217;nin Ankara B\u00fcy\u00fck\u015fehir Belediyesi Ba\u015fkan Aday\u0131 Mansur Yava\u015f, &#8216;Turgut Alt\u0131nok&#8217;un hesab\u0131 sorulacak&#8217; dedi.<\/p>\n<p style=\"text-align: justify;\">Yava\u015f, se\u00e7im \u00e7al\u0131\u015fmalar\u0131 i\u00e7in geldi\u011fi Ankara&#8217;n\u0131n Bala il\u00e7esinde se\u00e7im otob\u00fcs\u00fcn\u00fcn \u00fczerinde halka seslendi.<\/p>\n<p style=\"text-align: justify;\">Se\u00e7im \u00e7al\u0131\u015fmalar\u0131n\u0131n geride kalan k\u0131sm\u0131nda en \u00e7ok deste\u011fi ald\u0131\u011f\u0131 il\u00e7elerden birisinin Bala oldu\u011funu belirten Yava\u015f, son atm\u0131\u015f y\u0131ld\u0131r Ankara&#8217;n\u0131n Ankaral\u0131 <\/p>\n","protected":false},"author":1,"featured_media":0,"comment_status":"open","ping_status":"closed","sticky":false,"template":"","format":"standard","meta":{"footnotes":""},"categories":[105],"tags":[],"class_list":["post-6362","post","type-post","status-publish","format-standard","hentry","category-gundem","odd"],"_links":{"self":[{"href":"http:\/\/www.korhanyilmaz.com\/index.php?rest_route=\/wp\/v2\/posts\/6362","targetHints":{"allow":["GET"]}}],"collection":[{"href":"http:\/\/www.korhanyilmaz.com\/index.php?rest_route=\/wp\/v2\/posts"}],"about":[{"href":"http:\/\/www.korhanyilmaz.com\/index.php?rest_route=\/wp\/v2\/types\/post"}],"author":[{"embeddable":true,"href":"http:\/\/www.korhanyilmaz.com\/index.php?rest_route=\/wp\/v2\/users\/1"}],"replies":[{"embeddable":true,"href":"http:\/\/www.korhanyilmaz.com\/index.php?rest_route=%2Fwp%2Fv2%2Fcomments&post=6362"}],"version-history":[{"count":0,"href":"http:\/\/www.korhanyilmaz.com\/index.php?rest_route=\/wp\/v2\/posts\/6362\/revisions"}],"wp:attachment":[{"href":"http:\/\/www.korhanyilmaz.com\/index.php?rest_route=%2Fwp%2Fv2%2Fmedia&parent=6362"}],"wp:term":[{"taxonomy":"category","embeddable":true,"href":"http:\/\/www.korhanyilmaz.com\/index.php?rest_route=%2Fwp%2Fv2%2Fcategories&post=6362"},{"taxonomy":"post_tag","embeddable":true,"href":"http:\/\/www.korhanyilmaz.com\/index.php?rest_route=%2Fwp%2Fv2%2Ftags&post=6362"}],"curies":[{"name":"wp","href":"https:\/\/api.w.org\/{rel}","templated":true}]}}