{"id":6355,"date":"2009-03-24T15:37:03","date_gmt":"2009-03-24T13:37:03","guid":{"rendered":"http:\/\/www.korhanyilmaz.com\/?p=6355"},"modified":"2009-03-24T15:37:03","modified_gmt":"2009-03-24T13:37:03","slug":"yetti-artik","status":"publish","type":"post","link":"http:\/\/www.korhanyilmaz.com\/?p=6355","title":{"rendered":"Yetti Art\u0131k"},"content":{"rendered":"<p style=\"text-align: center;\"><img loading=\"lazy\" decoding=\"async\" class=\"aligncenter size-full wp-image-6356\" title=\"Yetti Art\u0131k\" src=\"http:\/\/www.korhanyilmaz.com\/wp-content\/uploads\/2009\/03\/240320091634352882928.jpg\" alt=\"YETT\u0130 ARTIK! \" width=\"329\" height=\"210\" \/><\/p>\n<p style=\"text-align: justify;\"><strong>YSK&#8217;n\u0131n &#8216;t\u00fcrban&#8217; karar\u0131 Erdo\u011fan&#8217;\u0131 \u00e7ileden \u00e7\u0131kard\u0131<\/strong>.<\/p>\n<p style=\"text-align: justify;\">Ba\u015fbakan Recep Tayyip Erdo\u011fan, Y\u00fcksek Se\u00e7im Kurulunun (YSK) &#8216;Sand\u0131k kurullar\u0131nda g\u00f6rev alanlar\u0131n k\u0131l\u0131k ve k\u0131yafet \u00f6l\u00e7\u00fclerine uymalar\u0131&#8217; \u015feklindeki karar\u0131 nedeniyle t\u00fcrbanl\u0131lar\u0131n g\u00f6rev alamamas\u0131n\u0131 de\u011ferlendirirken, &#8216;Sand\u0131k kurulunun oldu\u011fu yer kamusal alanm\u0131\u015f. B\u00f6yle kamusal alan m\u0131 olur? Oraya gelenler devletin memuru de\u011fil. Oraya gelenler siyasi partilerin temsilcileri&#8217; dedi.<\/p>\n<p style=\"text-align: justify;\">Erdo\u011fan, Bart\u0131n Cumhuriyet Meydan\u0131&#8217;nda partisince d\u00fczenlenen mitingde yapt\u0131\u011f\u0131 konu\u015fmada, vatanda\u015flar\u0131n TC Kimlik Numaral\u0131 bir belgeyle oylar\u0131n\u0131 kullanabileceklerini an\u0131msatarak, mutlaka bunu almalar\u0131n\u0131 istedi.<!--more--><\/p>\n<p style=\"text-align: justify;\">N\u00fcfus m\u00fcd\u00fcrl\u00fcklerinin bunun i\u00e7in gece g\u00fcnd\u00fcz \u00e7al\u0131\u015ft\u0131klar\u0131n\u0131 ifade eden  Erdo\u011fan, \u015f\u00f6yle konu\u015ftu:<\/p>\n<p style=\"text-align: justify;\">&#8216;Aileden bir ki\u015fi gitse (n\u00fcfus m\u00fcd\u00fcrl\u00fc\u011f\u00fcne) de olur. Bunun imkanlar\u0131n\u0131 haz\u0131rl\u0131yoruz. Aman bunlar\u0131 ihmal etmeyiniz. Ben, bir vatanda\u015f\u0131m demokratik hakk\u0131n\u0131 kullanamazsa inan\u0131n kahrolurum. YSK bana g\u00f6re burada \u00e7ok ciddi bir yanl\u0131\u015f yapm\u0131\u015ft\u0131r. Tabii bu yanl\u0131\u015f burada kalmad\u0131, bir yanl\u0131\u015f daha yapt\u0131lar.<\/p>\n<p style=\"text-align: justify;\">Sand\u0131k kurulu \u00fcyelerine neymi\u015f, sand\u0131k kurulunun oldu\u011fu yer kamusal alanm\u0131\u015f. Ne demek yahu? B\u00f6yle kamusal alan m\u0131 olur? B\u00f6yle \u015fey mi olur? Bunu Avrupa duydu\u011fu zaman ne der? Oraya gelenler devletin memuru de\u011fil. Oraya gelenler siyasi partilerin temsilcileri. Bunun i\u00e7inde ba\u015f\u0131 a\u00e7\u0131k olan da var, ba\u015f\u0131 \u00f6rt\u00fcl\u00fc olan da var. Sen onun nas\u0131l olur da demokratik hakk\u0131n\u0131, siyasi partinin \u00fcyesi olarak orada m\u00fc\u015fahitlik, sand\u0131k kurulu \u00fcyeli\u011fi yapma hakk\u0131n\u0131 engellersin. B\u00f6yle bir anlay\u0131\u015f m\u0131 olur? Maalesef \u00fclkemizde kendi kendimize demokrasinin \u00f6n\u00fcne engeller koyuyoruz. Bunlarla u\u011fra\u015f\u0131yoruz. Art\u0131k yetti. Nedir bu s\u0131k\u0131nt\u0131? Demokrasi bu \u015fekilde engellemelerle tekam\u00fcl etmez.<\/p>\n<p style=\"text-align: justify;\">Biz bu yar\u0131\u015fta bir taraftan Anayasam\u0131zda &#8216;demokratik, laik, sosyal bir hukuk devletidir&#8217; diyece\u011fiz ve zorla\u015ft\u0131rmak i\u00e7in de elimizden ne geliyorsa onu yapaca\u011f\u0131z. Olmaz b\u00f6yle bir anlay\u0131\u015f. Arkada\u015flar\u0131m\u0131z gidiyorlar, g\u00f6r\u00fc\u015f\u00fcyorlar. Ondan sonra bir araya geliyorlar, bir toplant\u0131, &#8216;Efendim uygun olan budur&#8230;&#8217; Ne demek bu yahu? Nas\u0131l uygun olan budur? Temenni ederiz ki bu yanl\u0131\u015flardan d\u00f6n\u00fcl\u00fcr.&#8217;<\/p>\n<p style=\"text-align: justify;\">Erdo\u011fan, &#8216;Say\u0131n Baykal sen ne kadar oy alacaks\u0131n onu s\u00f6yle. Birinci olacak m\u0131s\u0131n, olmayacak m\u0131s\u0131n onu s\u00f6yle. Birinci olamayacaksan, zaten ondan ben de \u00e7ok memnun olurum, b\u00f6yle muhalefete can kurban&#8230;&#8217; dedi.<\/p>\n<p style=\"text-align: justify;\">Erdo\u011fan, partisi taraf\u0131ndan Bart\u0131n&#8217;da d\u00fczenlenen mitingde yapt\u0131\u011f\u0131  konu\u015fmada, Bart\u0131n&#8217;a yap\u0131lan yat\u0131r\u0131mlar\u0131 anlatt\u0131.<\/p>\n<p style=\"text-align: justify;\">Turizmin &#8216;bacas\u0131z sanayi&#8217; oldu\u011funu, g\u00f6reve geldiklerinde 8.5 milyar dolar olan turizm gelirinin 22 milyar dolara y\u00fckseldi\u011fini ifade eden Erdo\u011fan, &#8216;Ni\u00e7in Amasra&#8217;ya Kuruca\u015file&#8217;ye turist gelmesin? Bu g\u00fczelim Bart\u0131n&#8217;\u0131 g\u00f6rmeye ni\u00e7in gelmesin? Ama biz getirece\u011fiz. Bunlar\u0131n haz\u0131rl\u0131klar\u0131n\u0131 yap\u0131yoruz&#8217; dedi. Erdo\u011fan, \u015funlar\u0131 kaydetti:<\/p>\n<p style=\"text-align: justify;\">&#8216;\u015eimdi Say\u0131n Baykal, Bah\u00e7eli \u00e7\u0131k\u0131yorlar &#8216;ge\u00e7mi\u015fi inkar ediyorsun&#8217; diyorlar. Ge\u00e7mi\u015fi asla inkar etmiyorum, etmem. Tersine, T\u00fcrkiye&#8217;ye kazand\u0131ran, T\u00fcrkiye&#8217;de ta\u015f \u00fcst\u00fcne ta\u015f koyan herkesi de minnetle an\u0131yorum. Hepsinin ba\u015f\u0131m\u0131z\u0131n \u00fczerinde yeri var. 1938 y\u0131l\u0131nda Gazi Mustafa Kemal vefat etti. Hem \u0130stiklal Sava\u015f\u0131m\u0131z\u0131 ba\u015far\u0131yla sonu\u00e7land\u0131rd\u0131 hem de istikbal sava\u015f\u0131m\u0131z\u0131n start\u0131n\u0131 verdi. T\u00fcrkiye&#8217;yi yeniden bir d\u00fcnya devleti yapmak i\u00e7in \u00e7ok \u00f6nemli, b\u00fcy\u00fck projeleri, yat\u0131r\u0131mlar\u0131 \u00fclkemize kazand\u0131rd\u0131. Peki onun vefat\u0131ndan itibaren ne oldu? Bu Anadolu, bu Trakya Gazi Mustafa Kemal&#8217;den sonra sadece iki ba\u015fbakan\u0131 derin haf\u0131zas\u0131nda misafir etti, hay\u0131rla yad etti. Rahmetli Menderes ve rahmetli \u00d6zal&#8230; \u015eimdi say\u0131n Baykal \u0130kinci D\u00fcnya Sava\u015f\u0131 d\u00f6neminden, zorluklardan bahsediyor. Almanya ve bir \u00e7ok \u00fclke o sava\u015fta tamamen y\u0131k\u0131ld\u0131. Ama tamamen y\u0131k\u0131lan Almanya ve di\u011fer \u00fclkeler d\u00fcnyan\u0131n en b\u00fcy\u00fck ekonomileri aras\u0131nda yerini ald\u0131, b\u00fcy\u00fcd\u00fc, geli\u015fti. Peki b\u00fct\u00fcn o d\u00f6nemlerde T\u00fcrkiye ne yapt\u0131? T\u00fcrkiye seyretti, trib\u00fcnlerden izledi. Avrupa demokrasiyle b\u00fcy\u00fcrken geli\u015firken T\u00fcrkiye, demokrasisini tart\u0131\u015fmal\u0131 hale getirdi. Kalk\u0131nmada h\u0131z kesti. Avrupa sanayile\u015firken T\u00fcrkiye sanal korkularla yel de\u011firmenleriyle m\u00fccadele etti. Avrupa d\u00fcnyada s\u00fcper g\u00fc\u00e7 haline gelirken T\u00fcrkiye, Say\u0131n Baykal&#8217;\u0131n d\u00f6neminde benzin, gaz ya\u011f\u0131, margarin kuyruklar\u0131nda vaktini heba etti.&#8217;<\/p>\n<p style=\"text-align: justify;\">&#8216;Biz hizmete mi oy verece\u011fiz yoksa kuru ideolojiye mi? Esere mi oy verece\u011fiz yoksa hi\u00e7 bir eseri olmayan insanlar\u0131n, partilerin pe\u015finden mi ko\u015faca\u011f\u0131z?&#8217; diye soran Ba\u015fbakan Erdo\u011fan, &#8216;Futbol tak\u0131m\u0131 tutar gibi siyasi parti tutulmaz. Kim hizmet verirse onun pe\u015finden ko\u015fmal\u0131y\u0131m, onu g\u00fc\u00e7lendirmeliyim. AK Parti H\u00fck\u00fcmeti, belediyeler bu \u00fclkeye hizmet vermiyorsa oy vermeyin. Ama veriyorsa onu daha da g\u00fc\u00e7lendirin&#8217; dedi.<\/p>\n<p style=\"text-align: justify;\"><strong>-&#8216;N\u0130YE BIRAKTIN G\u0130TT\u0130N?&#8217;-<\/strong><\/p>\n<p style=\"text-align: justify;\">H\u0131zl\u0131 tren, bo\u011faz t\u00fcp ge\u00e7idi, Bolu T\u00fcneli, Karadeniz Otoyolu  yat\u0131r\u0131mlar\u0131n\u0131 anlatan Ba\u015fbakan Erdo\u011fan, \u015funlar\u0131 s\u00f6yledi:<\/p>\n<p style=\"text-align: justify;\">&#8216;Say\u0131n Baykal d\u00fcn \u00e7\u0131km\u0131\u015f diyor ki &#8216;AK Parti&#8217;nin iktidar\u0131 d\u00f6neminde bu kadar gelir oldu, bunlar nereye gitti?&#8217; En y\u00fcksek gelir bu d\u00f6nemde oldu&#8217; diyor. \u015eecaat arz ederken sirkatini s\u00f6yl\u00fcyor. Evet, bizim iktidar\u0131m\u0131z en y\u00fcksek geliri elde ettiyse i\u015fte bu yat\u0131r\u0131mlar\u0131 da yapt\u0131, demek ki ba\u015far\u0131l\u0131 bir iktidar. Sen ne yapt\u0131n onu s\u00f6yle. Ben sana senin ne yapt\u0131\u011f\u0131n\u0131 soruyorum. Say\u0131n Bah\u00e7eli 3.5 y\u0131l bizden \u00f6nce iktidara ortak oldu. Millet be\u015f y\u0131ll\u0131\u011f\u0131na g\u00f6rev verdi. Niye b\u0131rakt\u0131n gittin? 5 y\u0131l\u0131 tamamlamad\u0131lar. Kimse sana &#8216;b\u0131rak&#8217; demedi. Niye ka\u00e7t\u0131n? Onun cevab\u0131n\u0131 ver. \u0130nan\u0131n bunlar\u0131n eline 5, 10 tane koyun verin, kaybedip gelirler. Bunlar da b\u00f6yle idarecilik, midarecelik \u00f6yle bir \u015fey yok. Zaten Say\u0131n Baykal&#8217;\u0131n b\u00f6yle bir derdi de yok. \u0130ktidara gelmek diye bir derdi yok. Bunu kendisi s\u00f6yl\u00fcyor. Ne dedi, &#8216;AK Parti bu se\u00e7imde y\u00fczde 52&#8217;nin alt\u0131na d\u00fc\u015ferse ba\u015far\u0131s\u0131z&#8217;&#8230; \u015eimdi yani bu daha ma\u00e7a \u00e7\u0131karken ma\u011flubiyeti kabul etmi\u015f zaten. Kabul etmi\u015f de \u015fu anda ka\u00e7 gol yiyecek onun hesab\u0131n\u0131 yap\u0131yor. Yani 3 m\u00fc, 4 m\u00fc, 5 mi yiyecek? Yani &#8216;ne kadar az yersem o kadar karl\u0131y\u0131m&#8217;&#8230; Bir siyasi partinin lideri bunu s\u00f6yler mi? Senin se\u00e7imi kazanmay\u0131 konu\u015fman laz\u0131m. Say\u0131n Baykal, sen ne kadar oy alacaks\u0131n onu s\u00f6yle. Birinci olacak m\u0131s\u0131n, olmayacak m\u0131s\u0131n onu s\u00f6yle. Birinci olamayacaksan zaten ondan ben de \u00e7ok memnun olurum, b\u00f6yle muhalefete can kurban&#8230;&#8217;<\/p>\n<p style=\"text-align: justify;\"><strong>-&#8216;\u00dc\u00c7L\u00dc KURMU\u015eLAR&#8217;-<\/strong><\/p>\n<p style=\"text-align: justify;\">Ba\u015fbakan Erdo\u011fan, iktidarlar\u0131 d\u00f6neminde t\u00fcm illerin \u00fcniversiteye kavu\u015ftu\u011funu, ayr\u0131m yapmad\u0131klar\u0131n\u0131, art\u0131k \u00fcniversitesiz il bulunmad\u0131\u011f\u0131n\u0131 ifade etti.<\/p>\n<p style=\"text-align: justify;\">T\u00fcm d\u00fcnyada i\u015fsizlik oldu\u011funu, i\u015fsizlikle m\u00fccadele ettiklerini s\u00f6yleyen Erdo\u011fan, &#8216;Tabii ki bunu azaltman\u0131n gayreti i\u00e7erisinde olaca\u011f\u0131z. \u0130\u015fsizlik fonundan destekliyoruz. Sosyal devlet ilkemizi de unutmad\u0131k, unutmuyoruz&#8217; dedi.<\/p>\n<p style=\"text-align: justify;\">&#8216;Bunlar bir \u00fc\u00e7l\u00fc kurmu\u015flar, CHP, MHP ve yanda\u015f medya. Bu \u00fclkede iktidar\u0131 bunlar belirlemiyor. Bu \u00fclkede iktidar\u0131 buras\u0131 belirliyor, siz. AK Parti medya ile gelmedi. AK Parti medyaya ra\u011fmen geldi&#8217; diyen Ba\u015fbakan Erdo\u011fan, s\u00f6zlerini \u015f\u00f6yle s\u00fcrd\u00fcrd\u00fc:<\/p>\n<p style=\"text-align: justify;\">&#8216; Ama ne diyor Say\u0131n Baykal, &#8216;Ben Ergenekon&#8217;un avukat\u0131y\u0131m&#8217; diyor. D\u00fc\u015f\u00fcn\u00fcn, &#8216;ben medyan\u0131n baz\u0131lar\u0131n\u0131n avukat\u0131y\u0131m&#8217; diyor. Say\u0131n Baykal biz de milletimizin avukat\u0131y\u0131z. Fark\u0131m\u0131z bu. T\u00fcy\u00fc bitmemi\u015f yetimin hakk\u0131n\u0131 yemeyece\u011fiz ve yedirtmeyece\u011fiz, dedik. Bak\u0131n\u0131z Say\u0131n Bah\u00e7eli diyor ki &#8216;28.5 milyar dolar biz IMF&#8217;ye bor\u00e7land\u0131k&#8217;. Bize ne kadar bor\u00e7la devrettin Say\u0131n Bah\u00e7eli? D\u00fcn iyice kimyas\u0131 bozulmu\u015f, hakaret \u00fcst\u00fcne hakaret ediyor. Ben hakaret etmiyorum, g\u00f6r\u00fcyorsunuz rakam s\u00f6yl\u00fcyorum. Bana &#8216;m\u00fcfteri&#8217; diyor. E\u011fer \u015fu s\u00f6yledi\u011fim rakamlar yanl\u0131\u015fsa \u00e7\u0131k a\u00e7\u0131kla. 23.5 milyar dolar bor\u00e7la biz devrald\u0131k. \u015eu anda 7.8 milyar dolar borca indirdik. Onlar bor\u00e7land\u0131 biz bor\u00e7 \u00f6dedik, ortada&#8230;&#8217;<\/p>\n<p style=\"text-align: justify;\">Erdo\u011fan, halk\u0131n emanetini ta\u015f\u0131d\u0131klar\u0131n\u0131  belirterek, &#8216;Bug\u00fcn var\u0131z yar\u0131n yokuz. Bu koltuklara yap\u0131\u015fman\u0131n anlam\u0131 var m\u0131?&#8217;  dedi.<\/p>\n<p style=\"text-align: justify;\">Partisince Bart\u0131n&#8217;da d\u00fczenlenen mitingde konu\u015fan Erdo\u011fan, kendilerinden \u00f6nceki h\u00fck\u00fcmetler bor\u00e7lan\u0131rken kendilerinin bu bor\u00e7lar\u0131 \u00f6dediklerini, her \u015feyin ortada oldu\u011funu s\u00f6yledi. Erdo\u011fan, iktidarlar\u0131ndan \u00f6nceki h\u00fck\u00fcmet d\u00f6neminde 16 banka fona devredilirken, bu d\u00f6nemde bir tek bankan\u0131n bile fona devredilmedi\u011fini, b\u00fct\u00fcn bankalar\u0131n ayakta oldu\u011funu kaydetti.<\/p>\n<p style=\"text-align: justify;\">Erdo\u011fan, &#8216;G\u00f6reve geldi\u011fimizde, Merkez Bankas\u0131 rezervleri, Say\u0131n Bah\u00e7eli&#8217;nin oldu\u011fu iktidardan bize 26.5 milyar dolarla devredildi. Ama \u015fimdi Merkez Bankas\u0131n\u0131n kasas\u0131nda 67 milyar dolar var. Aradaki fark, 40 milyar dolar. Onlar bor\u00e7land\u0131, biz \u00f6dedik. Onlar bo\u015faltt\u0131, biz doldurduk. Fark\u0131m\u0131z bu&#8217; dedi.<\/p>\n<p style=\"text-align: justify;\">Kendilerinden \u00f6nceki iktidarlar\u0131n \u00e7al\u0131\u015fanlar\u0131n maa\u015f\u0131ndan &#8216;nema  kestiklerini&#8217; ifade eden Erdo\u011fan, \u015f\u00f6yle konu\u015ftu:<\/p>\n<p style=\"text-align: justify;\">&#8216;Bunda Baykal da var, Bah\u00e7eli de var, bunda Do\u011fru Yol&#8217;u da var, di\u011ferleri, hepsi de var. Hepsi kaynaktan para kesiyordu, &#8216;size nema \u00f6deyece\u011fiz&#8217; diyorlard\u0131. Faizleri \u00f6demek i\u00e7in kesiyorlard\u0131. Paran\u0131z\u0131 \u00f6dediler mi? \u00d6demediler. Geldik bakt\u0131k ki \u00f6n\u00fcm\u00fcze bir tablo geldi. Devletin i\u015f\u00e7isine, memuruna 13.5 katrilyon borcu var. Kim \u00f6dedi bunu, biz \u00f6dedik biz. Hepsini s\u0131f\u0131rlad\u0131k. Hadi \u00e7\u0131k bakal\u0131m Say\u0131n Baykal, Say\u0131n Bah\u00e7eli, &#8216;yalan&#8217; de, &#8216;iftira&#8217; de. Bak ben somut konu\u015fuyorum. Hayal \u00fcretmiyorum. \u0130\u015fte bunlar sizin b\u0131rakt\u0131klar\u0131n\u0131z, sizin o yanl\u0131\u015flar\u0131n\u0131z, sizin benim i\u015f\u00e7i, memur karde\u015fime yapt\u0131klar\u0131n\u0131z. Konut edindirme dediler para toplad\u0131lar, &#8216;Seni konut sahibi yapaca\u011f\u0131z&#8217; dediler. Nerede ya&#8230; Say\u0131n Bah\u00e7eli, TOK\u0130 sana ba\u011fl\u0131yd\u0131 bir zamanlar. Ka\u00e7 tane konut yapt\u0131n, \u00e7\u0131k konu\u015f. \u015eimdi kalkm\u0131\u015f, &#8216;TOK\u0130 \u015f\u00f6yle yap\u0131yor, TOK\u0130 b\u00f6yle yap\u0131yor&#8217; diye konu\u015fuyor. &#8216;TOK\u0130&#8217;nin evlerinin yok bilmem kap\u0131lar\u0131 \u00fczerinize&#8230;&#8217; Ay\u0131pt\u0131r ya&#8230; TOK\u0130 konutlar\u0131nda oturanlar, g\u00f6rd\u00fc\u011f\u00fc yerde bize dua ediyor. Say\u0131n Bah\u00e7eli, TOK\u0130 nerede var git bir seyret, git bir izle. Ay\u0131pt\u0131r ya ay\u0131pt\u0131r. Arada afedersiniz b\u00f6yle bir \u00e7\u00fcr\u00fck, \u00e7ar\u0131k, hasarl\u0131 olsa, kalk\u0131p onu diline dolama, ay\u0131pt\u0131r. B\u00f6yle nank\u00f6rl\u00fck olmaz, ay\u0131pt\u0131r. 250 bin konut&#8230; Konut edindirme yard\u0131mlar\u0131 ve makbuzlar\u0131n\u0131 al\u0131p toplad\u0131k, \u015fimdiye kadar 3 katrilyon liraya yak\u0131n para \u00f6dedik. Bak onlar maalesef bor\u00e7land\u0131, onu da biz \u00f6dedik. Biz ne yap\u0131yoruz, o ne yap\u0131yor. Ama ben diyorum ki benim vatanda\u015f\u0131m bunlar\u0131n tuza\u011f\u0131na d\u00fc\u015fmesin. \u0130deoloji de\u011fil, esere, hizmete oy versin.&#8217;<\/p>\n<p style=\"text-align: justify;\">G\u00f6reve geldiklerinde T\u00fcrkiye&#8217;nin ekonomide d\u00fcnyada 26. s\u0131radayken, 17. s\u0131raya y\u00fckseldi\u011fini, Avrupa&#8217;n\u0131n 6. b\u00fcy\u00fck ekonomisi oldu\u011funu kaydeden Erdo\u011fan, &#8216;Daha ne s\u00f6yleyeyim? \u0130\u015f bilenin k\u0131l\u0131\u00e7 ku\u015fanan\u0131n. 26. s\u0131radan ald\u0131k, 17. s\u0131raya \u00e7\u0131kard\u0131k. Hadi gel bunu da inkar et. Bizim siyasetimizde hizmet var, a\u015fk var, heyecan var, eser var. Sizde ne var onu s\u00f6yle. Onu s\u00f6yleyemiyorlar. Onlara bunu sorun&#8217; dedi.<\/p>\n<p style=\"text-align: justify;\"><strong>-&#8216;AMASRA, FAT\u0130H SULTAN MEHMET&#8217;\u0130N B\u0130ZE EMANET\u0130&#8230;&#8217;-<\/strong><\/p>\n<p style=\"text-align: justify;\">Bart\u0131nl\u0131&#8217;n\u0131n \u00e7al\u0131\u015fmaya, \u00fcretmeye, kentine kazand\u0131rmaya sevdal\u0131 oldu\u011funu ifade eden Erdo\u011fan, &#8216;Biliyorsunuz Amasra bize, Fatih Sultan Mehmet&#8217;in emanetidir. Bunu biliyorsunuz de\u011fil mi? Fatih Sultan Mehmet&#8217;in deyimiyle, Amasra&#8217;n\u0131n ad\u0131 \u00c7e\u015fmi Cihan&#8230;Yani, cihan\u0131n g\u00f6z\u00fc, cihan\u0131n g\u00f6z bebe\u011fi. Bu emaneti korumaya ve gelecek nesillere aktarmaya in\u015fallah biz devam edece\u011fiz. Oraya ciddi turizm yat\u0131r\u0131mlar\u0131 yap\u0131yoruz, yapaca\u011f\u0131z. Oray\u0131 bir \u00e7ekim alan\u0131 haline getiriyoruz, getirece\u011fiz&#8217; diye konu\u015ftu.<\/p>\n<p style=\"text-align: justify;\">Erdo\u011fan, Bart\u0131n&#8217;da, Amasra&#8217;da \u00f6zel sekt\u00f6r\u00fcn \u00e7ok \u00f6nemli yat\u0131r\u0131mlar yapt\u0131\u011f\u0131na, 2 bin ki\u015finin istihdam edilmi\u015f durumda oldu\u011funa i\u015faret ederek, b\u00fct\u00fcn yat\u0131r\u0131mlar\u0131n tamamlanmas\u0131yla 11 bine \u00e7\u0131kaca\u011f\u0131n\u0131 kaydetti.<\/p>\n<p style=\"text-align: justify;\">Bart\u0131n&#8217;\u0131n te\u015fvik kapsam\u0131nda oldu\u011funu, T\u00fcrkiye Ta\u015f K\u00f6m\u00fcr\u00fc Kurumuna i\u015f\u00e7i al\u0131m\u0131 yapt\u0131klar\u0131n\u0131, bunun aynen devam edece\u011fini belirten Erdo\u011fan, &#8216;Bu yat\u0131r\u0131mlar yenilerini \u00e7ekecek. Bart\u0131n, sanayi, ticaret, turizm ve \u00fcniversiteyle b\u00fcy\u00fcyecek. Bart\u0131n emekliler kenti olarak bilinir. Emeklilerin \u015fartlar\u0131n\u0131 iyile\u015ftirirken, bir yandan da Bart\u0131n&#8217;\u0131 \u00f6\u011frenciler ve gen\u00e7ler i\u00e7in cazibe merkezine d\u00f6n\u00fc\u015ft\u00fcrece\u011fiz&#8217; diye konu\u015ftu.<\/p>\n<p style=\"text-align: justify;\"><strong>-&#8216;KOLTU\u011eA YAPI\u015eMANIN ANLAMI VAR MI?&#8217;-<\/strong><\/p>\n<p style=\"text-align: justify;\">Siyaset\u00e7iler olarak halk\u0131n emanetini ta\u015f\u0131d\u0131klar\u0131n\u0131 belirten Erdo\u011fan,  konu\u015fmas\u0131n\u0131 \u015f\u00f6yle s\u00fcrd\u00fcrd\u00fc:<\/p>\n<p style=\"text-align: justify;\">&#8216;Biz kimiz? Biz emanet\u00e7iyiz, emanet\u00e7i. Biz sizin emanetinizi ta\u015f\u0131yoruz. Bug\u00fcn var\u0131z yar\u0131n yokuz. Ne olacak, eninde sonunda&#8230; Yani buralarda, bu koltuklara yap\u0131\u015fman\u0131n anlam\u0131 var m\u0131? Sonunda hepimizin gidece\u011fiz yer, \u015fu kara toprak&#8230; Hepimizi oraya defnedecekler. Hoca Efendi gelip de musalla ta\u015f\u0131nda &#8216;Cumhurba\u015fkan\u0131 niyetine, Ba\u015fbakan niyetine, bakan, milletvekili, belediye ba\u015fkan\u0131 niyetine&#8217; demiyor, &#8216;er ki\u015fi&#8217; niyetine diyor. Ondan sonra mezara b\u0131rak\u0131yorlar, hadi Allaha \u0131smarlad\u0131k. \u00d6yle de\u011fil mi? Aslolan, \u015fu g\u00f6k kubbede bir ho\u015f sada b\u0131rakmak. Mesele bu. Bu kin niye, bu nefret niye? Ba\u015far\u0131 varsa alk\u0131\u015fla, yoksa yol g\u00f6ster. Ama ne yaz\u0131k ki yok. Bug\u00fcne kadar yok. \u0130\u015fte, &#8216;k\u0131z\u0131yor iyice&#8217; diyorum ya.. Televizyon da televizyon, televizyon da televizyon&#8230;.Art\u0131k b\u0131kt\u0131m ya&#8230;\u0130lla televizyona \u00e7\u0131kacaksan, buyur \u00e7ark\u0131felek, buyur televole, \u00e7\u0131k. Orada senin iyi \u015fovmen arkada\u015flar\u0131n da var. O \u015fovmen arkada\u015flar\u0131nla beraber g\u00fczel bir senaryo ortaya koyars\u0131n\u0131z. Zaten onlar, seni g\u00f6rmeden de bu i\u015fi yap\u0131yorlar. Beraberce yap\u0131n, biz de izleriz.<\/p>\n<p style=\"text-align: justify;\">Ama bu arada kalk\u0131p da &#8216;H\u00fck\u00fcmet bizi dinliyor&#8217; Telefonlarda H\u00fck\u00fcmete hakaret edilebilir, k\u00fcfredebilir, bunlar\u0131 konu\u015fun. Hatta daha da ileriye gidiyor, &#8216;Halk telefonda a\u011f\u0131z tad\u0131yla birbirine k\u00fcfredemiyor&#8217; diyor. Bunu bir siyasi partinin lideri s\u00f6yler mi? Ben de kendisine nasihat ediyorum, diyorum ki &#8216;Bak \u00e7ocuklar seni dinliyor, ay\u0131p oluyor, \u00e7ocuklar\u0131n ahlak\u0131n\u0131 bozacaks\u0131n, hi\u00e7 olmazsa bu ifadeleri gece 12&#8217;den sonra s\u00f6yle veya \u015fifreli kanallarda s\u00f6yle, \u00e7ocuklar duymas\u0131n.&#8217; Yaz\u0131k oluyor, ay\u0131p oluyor. Neyse, bunlar\u0131n t\u00fcm yapt\u0131klar\u0131na cevap yeti\u015ftirmeye kalkarsak biz i\u015fimizden geri kal\u0131r\u0131z. Biz yolumuza devam ediyoruz.&#8217;<\/p>\n<p style=\"text-align: justify;\"><strong>-&#8216;S\u0130Z\u0130N EFEND\u0130N\u0130Z DE\u011e\u0130L\u0130Z&#8217;-<\/strong><\/p>\n<p style=\"text-align: justify;\">Bart\u0131n&#8217;da iktidarlar\u0131 d\u00f6neminde yap\u0131lan hizmet ve yat\u0131r\u0131mlar hakk\u0131nda bilgi veren Erdo\u011fan, g\u00f6reve geldiklerinden bu yana Bart\u0131nl\u0131 esnaf ve sanatkarlara 2002&#8217;ye oranla 80 kat art\u0131\u015fla 5,2 trilyon kredi verdiklerini anlatt\u0131. Bart\u0131n Valili\u011fine, kaymakaml\u0131klara, k\u00f6ye hizmet g\u00f6t\u00fcrme birliklerine 46 trilyon lira kaynak aktard\u0131klar\u0131n\u0131 ifade eden Erdo\u011fan, &#8216;\u00c7\u00fcnk\u00fc yolu olamayan k\u00f6y kalmayacak, suyu olmayan k\u00f6y kalmayacak dedik, bunu ba\u015faraca\u011f\u0131z&#8217; dedi.<\/p>\n<p style=\"text-align: justify;\">Bart\u0131n&#8217;da Kirazl\u0131k\u00f6pr\u00fc Baraj\u0131 ve hidroelektrik santralinin yap\u0131m\u0131n\u0131n devam etti\u011fini hat\u0131rlatan Erdo\u011fan, bu barajla 2 bin 113 hektar alan\u0131n sulanaca\u011f\u0131n\u0131, ayr\u0131ca Bart\u0131n&#8217;\u0131 ta\u015fk\u0131nlardan koruyaca\u011f\u0131n\u0131 s\u00f6yledi. Ayr\u0131ca 3 ta\u015fk\u0131n koruma tesisini de hizmete ald\u0131klar\u0131n\u0131 belirten Erdo\u011fan, &#8216;\u015eimdi bir ad\u0131m daha at\u0131yoruz. Bart\u0131n&#8217;\u0131n dereleri me\u015fhur. \u015eimdi biz bu dereleri in\u015fallah turizm noktas\u0131nda de\u011ferlendirmeye gidece\u011fiz ve projelendirmeyle birlikte bu derelerimizi turizm noktas\u0131nda \u00e7ok etkili hale getirece\u011fiz. Onlarla Bart\u0131n\u0131m\u0131za bir g\u00fczellik kazand\u0131raca\u011f\u0131z&#8217; diye konu\u015ftu.<\/p>\n<p style=\"text-align: justify;\">Erdo\u011fan, \u0130stanbul&#8217;da belediye olarak yapt\u0131klar\u0131n\u0131n ortada oldu\u011funu ifade ederek, Bart\u0131n&#8217;a da ayn\u0131 \u015fekilde hizmet etmek istediklerini dile getirdi.<\/p>\n<p style=\"text-align: justify;\">G\u00f6reve geldikleri 2002&#8217;de Bart\u0131n&#8217;da sigortal\u0131 \u00e7al\u0131\u015fan say\u0131s\u0131n\u0131n 9 bin 211 ki\u015fi oldu\u011funu, \u015fimdi ise y\u00fczde 76 art\u0131\u015fla 17 bin 218&#8217;e ula\u015ft\u0131\u011f\u0131n\u0131 anlatan Erdo\u011fan, Bart\u0131n i\u00e7in \u00fcretmeye, Bart\u0131n&#8217;\u0131 kalk\u0131nd\u0131rmaya, Bart\u0131n&#8217;a eserler kazand\u0131rmaya devam edeceklerini bildirdi.<\/p>\n<p style=\"text-align: justify;\">Bart\u0131nl\u0131lar&#8217;dan miting alan\u0131ndan ayr\u0131ld\u0131ktan sonra duyduklar\u0131n\u0131 kom\u015fular\u0131na, akrabalar\u0131na anlatmalar\u0131n\u0131 isteyen Erdo\u011fan, AK Parti Bart\u0131n Belediye Ba\u015fkan Aday\u0131 Emin \u00d6zkan&#8217;\u0131 tan\u0131tt\u0131.<\/p>\n<p style=\"text-align: justify;\">Erdo\u011fan, &#8216;Bizler sizin efendiniz de\u011filiz. Biz size efendi olmaya gelmedik, biz size hizmetkar olmaya geldik. G\u00fcn, birlik g\u00fcn\u00fcd\u00fcr. G\u00fcn, beraberlik g\u00fcn\u00fcd\u00fcr. Bizde ay\u0131r\u0131mc\u0131l\u0131k yok. T\u00fcrk\u00fcyle, K\u00fcrd\u00fcyle, Laz\u0131yla, \u00c7erkeziyle, G\u00fcrc\u00fcs\u00fcyle, Abhazas\u0131yla, Bo\u015fna\u011f\u0131yla, Arnavutuyla. Biz yarat\u0131lan\u0131 yaradandan \u00f6t\u00fcr\u00fc severiz. Hakimiyet kay\u0131ts\u0131z \u015farts\u0131z milletindir. Son s\u00f6z sizin, karar sizin. Bu \u00fclke hepimizin&#8217; dedi.<\/p>\n<p style=\"text-align: justify;\"><span style=\"color: #888888;\">Kaynak : Vatan Gazetesi<\/span><\/p>\n","protected":false},"excerpt":{"rendered":"<p style=\"text-align: center;\">\n<p style=\"text-align: justify;\">YSK&#8217;n\u0131n &#8216;t\u00fcrban&#8217; karar\u0131 Erdo\u011fan&#8217;\u0131 \u00e7ileden \u00e7\u0131kard\u0131.<\/p>\n<p style=\"text-align: justify;\">Ba\u015fbakan Recep Tayyip Erdo\u011fan, Y\u00fcksek Se\u00e7im Kurulunun (YSK) &#8216;Sand\u0131k kurullar\u0131nda g\u00f6rev alanlar\u0131n k\u0131l\u0131k ve k\u0131yafet \u00f6l\u00e7\u00fclerine uymalar\u0131&#8217; \u015feklindeki karar\u0131 nedeniyle t\u00fcrbanl\u0131lar\u0131n g\u00f6rev alamamas\u0131n\u0131 de\u011ferlendirirken, &#8216;Sand\u0131k kurulunun oldu\u011fu yer kamusal alanm\u0131\u015f. B\u00f6yle kamusal alan m\u0131 olur? Oraya gelenler devletin memuru de\u011fil. Oraya gelenler <\/p>\n","protected":false},"author":1,"featured_media":0,"comment_status":"open","ping_status":"closed","sticky":false,"template":"","format":"standard","meta":{"footnotes":""},"categories":[105],"tags":[],"class_list":["post-6355","post","type-post","status-publish","format-standard","hentry","category-gundem","odd"],"_links":{"self":[{"href":"http:\/\/www.korhanyilmaz.com\/index.php?rest_route=\/wp\/v2\/posts\/6355","targetHints":{"allow":["GET"]}}],"collection":[{"href":"http:\/\/www.korhanyilmaz.com\/index.php?rest_route=\/wp\/v2\/posts"}],"about":[{"href":"http:\/\/www.korhanyilmaz.com\/index.php?rest_route=\/wp\/v2\/types\/post"}],"author":[{"embeddable":true,"href":"http:\/\/www.korhanyilmaz.com\/index.php?rest_route=\/wp\/v2\/users\/1"}],"replies":[{"embeddable":true,"href":"http:\/\/www.korhanyilmaz.com\/index.php?rest_route=%2Fwp%2Fv2%2Fcomments&post=6355"}],"version-history":[{"count":0,"href":"http:\/\/www.korhanyilmaz.com\/index.php?rest_route=\/wp\/v2\/posts\/6355\/revisions"}],"wp:attachment":[{"href":"http:\/\/www.korhanyilmaz.com\/index.php?rest_route=%2Fwp%2Fv2%2Fmedia&parent=6355"}],"wp:term":[{"taxonomy":"category","embeddable":true,"href":"http:\/\/www.korhanyilmaz.com\/index.php?rest_route=%2Fwp%2Fv2%2Fcategories&post=6355"},{"taxonomy":"post_tag","embeddable":true,"href":"http:\/\/www.korhanyilmaz.com\/index.php?rest_route=%2Fwp%2Fv2%2Ftags&post=6355"}],"curies":[{"name":"wp","href":"https:\/\/api.w.org\/{rel}","templated":true}]}}