{"id":6347,"date":"2009-03-24T16:41:24","date_gmt":"2009-03-24T14:41:24","guid":{"rendered":"http:\/\/www.korhanyilmaz.com\/?p=6347"},"modified":"2009-03-24T16:41:24","modified_gmt":"2009-03-24T14:41:24","slug":"bakani-soke-eden-yanit","status":"publish","type":"post","link":"http:\/\/www.korhanyilmaz.com\/?p=6347","title":{"rendered":"Bakan&#039;\u0131 \u015foke eden yan\u0131t!"},"content":{"rendered":"<p style=\"text-align: center;\"><img loading=\"lazy\" decoding=\"async\" class=\"aligncenter size-full wp-image-6348\" title=\"Bakan'\u0131 \u015foke eden yan\u0131t! \" src=\"http:\/\/www.korhanyilmaz.com\/wp-content\/uploads\/2009\/03\/240320091651437560193.jpg\" alt=\"Bakan'\u0131 \u015foke eden yan\u0131t! \" width=\"329\" height=\"210\" \/><\/p>\n<p style=\"text-align: justify;\"><strong>Bakan \u015eahin, sokakta mikrofonla oy istedi\u011fine pi\u015fman oldu<\/strong>.<\/p>\n<p style=\"text-align: justify;\">Adalet Bakan\u0131 Mehmet Ali \u015eahin, Antalya&#8217;da partisinin belediye ba\u015fkan adayalr\u0131 i\u00e7in destek gezilerine bug\u00fcn yeniden ba\u015flad\u0131. Bakan \u015eahin, Antalya sokaklar\u0131nda mikrofonla oy isterken, ya\u015fl\u0131 bir kad\u0131n camdan g\u00f6rd\u00fc\u011f\u00fc bakana &#8220;Bakan bey bakan bey buraya bak. B\u0131rak\u0131n bunlar\u0131 herkes i\u015fsiz, gen\u00e7ler a\u011fl\u0131yor. Onlara i\u015f verin, a\u015f verin&#8221; diyerek tepki g\u00f6sterdi.<\/p>\n<p style=\"text-align: justify;\">Adalet Bakan\u0131 Mehmet Ali \u015eahin, Antalya&#8217;da partisinin belediye ba\u015fkan adaylar\u0131 i\u00e7in destek gezilerine bug\u00fcn yeniden ba\u015flad\u0131. AKP Antalya \u0130l Ba\u015fkanl\u0131\u011f\u0131&#8217;n\u0131n Gazi Bulvar\u0131&#8217;ndaki yeni il binas\u0131 \u00f6n\u00fcnde partililerle bulu\u015fan Bakan \u015eahin, bu civardaki esnaf\u0131 ziyaret etti.<!--more--><\/p>\n<p style=\"text-align: justify;\">ADALET Bakan\u0131 Mehmet Ali \u015eahin, DTP&#8217;nin g\u00fcndeme getirdi\u011fi &#8216;genel af&#8217; konusuyla ilgili soruya, &#8220;Ne benim ba\u015f\u0131nda bulundu\u011fum bakanl\u0131k olan Adalet Bakanl\u0131\u011f\u0131, ne de h\u00fck\u00fcmetimizin g\u00fcndeminde b\u00f6yle bir\u015fey yok&#8221; yan\u0131t\u0131n\u0131 verdi.<\/p>\n<p style=\"text-align: justify;\">Bu s\u0131rada gazetecilerin, Cumhurba\u015fkan\u0131 Abdullah G\u00fcl&#8217;\u00fcn Irak&#8217;taki g\u00f6r\u00fc\u015fmeleriyle ilgili sorunu yan\u0131tlayan Bakan \u015eahin \u015funlar\u0131 s\u00f6yledi:<\/p>\n<p style=\"text-align: justify;\">&#8220;Bu ziyaret, Cumhurba\u015fkan\u0131m\u0131z\u0131n milletimizi temsil eden, \u015fahsi de\u011fil devlet politikalar\u0131n\u0131n gere\u011fidir. Cumhurba\u015fkan\u0131n\u0131n a\u00e7\u0131klamalar\u0131n\u0131 de\u011ferlendirmek ve yorumlaman\u0131n g\u00f6revim oldu\u011funu d\u00fc\u015f\u00fcnm\u00fcyorum, ama T\u00fcrkiye&#8217;nin y\u0131llarca ba\u015f\u0131n\u0131 a\u011fr\u0131tan, binlerce \u015fehit verdi\u011fimiz ve belki de \u015fimdi T\u00fcrkiye&#8217;nin d\u00fcnyan\u0131n en g\u00fc\u00e7l\u00fc 10 \u00fclkesinden biri olmas\u0131n\u0131 engelleyen ekonomik kay\u0131p verdi\u011fimiz bir sorunu \u00e7\u00f6zmek bak\u0131m\u0131ndan Irak&#8217;la birtak\u0131m g\u00f6r\u00fc\u015fmeleri \u00f6nemli bir ad\u0131m olarak g\u00f6r\u00fcyorum.&#8221;.<\/p>\n<p style=\"text-align: justify;\"><strong>&#8216;B\u00d6LGEM\u0130ZDE HUZUR VE BARI\u015e \u0130ST\u0130YORUZ&#8217; <\/strong><\/p>\n<p style=\"text-align: justify;\">Cumhurba\u015fkanlar\u0131n\u0131n bir anla\u015fma yapmad\u0131\u011f\u0131n\u0131, bir anla\u015fma yap\u0131lacaksa ilgili bakanl\u0131klar aras\u0131nda g\u00f6r\u00fc\u015fmeler yap\u0131laca\u011f\u0131n\u0131 kaydeden Bakan \u015eahin, &#8220;San\u0131yorum 30 y\u0131l sonra bir Cumhurba\u015fkan\u0131m\u0131z\u0131n Irak&#8217;a Ba\u011fdat&#8217;a ziyareti \u00e7ok \u00f6nemli, bu ziyareti \u00f6nemsiyorum. \u00c7\u00fcnk\u00fc biz iktidar partisi olarak kom\u015fular\u0131m\u0131zla iyi ili\u015fkiler i\u00e7inde olma stratejisini hedefliyoruz ve Ermenistan hari\u00e7 bunu ba\u015fard\u0131k. Ermenistan&#8217;la da ili\u015fkilerimizi d\u00fczeltmek i\u00e7in \u00e7al\u0131\u015fmalar\u0131m\u0131z\u0131 s\u00fcrd\u00fcr\u00fcyoruz. Dolay\u0131s\u0131yla biz b\u00f6lgemizde huzur ve bar\u0131\u015f istiyoruz&#8221; dedi.<\/p>\n<p style=\"text-align: justify;\">DTP&#8217;nin g\u00fcndeme getirdi\u011fi &#8216;genel af&#8217; konusuyla ilgili soruya ise Bakan \u015eahin, &#8220;Ne benim ba\u015f\u0131nda bulundu\u011fum bakanl\u0131k olan Adalet Bakanl\u0131\u011f\u0131, ne de H\u00fck\u00fcmetimizin g\u00fcndeminde b\u00f6yle bir\u015fey yok&#8221; yan\u0131t\u0131n\u0131 verdi.<\/p>\n<p style=\"text-align: justify;\"><strong>&#8216;BEN\u0130 SPOR TOTO BAKANI YAPTINIZ&#8217; <\/strong><\/p>\n<p style=\"text-align: justify;\">H\u00fclya Baran ad\u0131ndaki kad\u0131n esnaf da Bakan \u015eahin&#8217;e \u0130ddaa makinesi almak istedi\u011fini, ancak kendisinden 50 bin TL r\u00fc\u015fvet istendi\u011fini \u00f6ne s\u00fcrd\u00fc. R\u00fc\u015fvet isteyenin kim oldu\u011funu soran Bakan \u015eahin ise, &#8220;Kimse ismini s\u00f6yleyin pe\u015fine d\u00fc\u015felim&#8221; dedi. H\u00fclya Baran&#8217;\u0131n bir ba\u015fka \u0130ddaa bayii ile aras\u0131ndaki mesafenin 150 metre oldu\u011funu \u00f6\u011frenen Bakan \u015eahin, Spordan Sorumlu Devlet Bakanl\u0131\u011f\u0131 yapt\u0131\u011f\u0131n\u0131 hat\u0131rlatarak, &#8220;250 metre olmas\u0131 gerekiyor ve o y\u00fczden size verilmemi\u015ftir&#8221; di\u015fe konu\u015ftu. Bakan \u015eahin, diyaloglar\u0131 s\u0131ras\u0131nda, &#8220;Spor Toto bakan\u0131 yapt\u0131n\u0131z beni. Adalet Bakan\u0131n\u0131 Spor Toto ile me\u015fgul ediyorsunuz. Sizin i\u00e7in kanun mu de\u011fi\u015ftirece\u011fiz&#8221; diye espri de yapt\u0131.<\/p>\n<p style=\"text-align: justify;\"><strong>ANONSLA OY \u0130STED\u0130<\/strong><\/p>\n<p style=\"text-align: justify;\">Adalet Bakan\u0131 Mehmet Ali \u015eahin, Antalya&#8217;da Kepez Belediye Ba\u015fkan Aday\u0131 Hakan T\u00fct\u00fcnc\u00fc i\u00e7in s\u00fcrd\u00fcrd\u00fc\u011f\u00fc destek gezisinde eline mikrofonu alarak, caddelerde, &#8220;Ben Adalet Bakan\u0131 ve Antalya Milletvekili Mehmet Ali \u015eahin, Kepez Belediye Ba\u015fkan aday\u0131m\u0131z Hakan T\u00fct\u00fcnc\u00fc&#8217;ye destek istiyoruz. Oylar\u0131n\u0131zla destek bekliyoruz&#8221; diye anons etti.<\/p>\n<p style=\"text-align: justify;\"><strong>HERKES \u0130\u015eS\u0130Z, ONLARA A\u015e VER\u0130N<\/strong><\/p>\n<p style=\"text-align: justify;\">Bakan \u015eahin&#8217;in gezisi s\u0131ras\u0131nda vatanda\u015flar s\u0131k s\u0131k \u00f6n\u00fcn\u00fc keserek sorunlar\u0131n\u0131 anlatt\u0131. Ya\u015fl\u0131 bir kad\u0131n camdan sarkarak, &#8220;Bakan bey, bakan bey buraya bak. B\u0131rak\u0131n bunlar\u0131 herkes i\u015fsiz, gen\u00e7ler a\u011fl\u0131yor. Onlara i\u015f verin a\u015f verin&#8221; diye ba\u011f\u0131rd\u0131.<\/p>\n<p style=\"text-align: justify;\">Cenk adl\u0131 bir vatanda\u015f ise mahkumlara verilen cezalar\u0131n \u00e7ok a\u011f\u0131r oldu\u011fundan yak\u0131narak, &#8220;Verilen cezalar \u00e7ok a\u011f\u0131r ve T\u00fcrkiye&#8217;de adaletsiz yarg\u0131lama var. Siz de bunu \u00e7ok iyi biliyorsunuz. Bir gidin bak\u0131n cezaevlerine&#8221; dedi. Bakan \u015eahin ise T\u00fcrkiye&#8217;de yarg\u0131n\u0131n ba\u011f\u0131ms\u0131z oldu\u011funu ve yarg\u0131ya m\u00fcdahalenin s\u00f6zkonusu olamayaca\u011f\u0131n\u0131 s\u00f6yledi. \u015eahin, cezaevlerini gezdi\u011fini, hatta tek ki\u015filik odalar\u0131 bile g\u00f6rd\u00fc\u011f\u00fcn\u00fc s\u00f6zlerine ekledi.<\/p>\n<p style=\"text-align: justify;\">Bir ba\u015fka \u015fikayet ise tramvay ve \u015fehiri\u00e7i otob\u00fcslerde engelli vatanda\u015flar\u0131n d\u00fc\u015f\u00fcn\u00fclmedi\u011fi ve \u015fof\u00f6rler taraf\u0131ndan engellilerin azarland\u0131\u011f\u0131 konusunda oldu. \u015eahin&#8217;e iletilen sorunlar aras\u0131nda kredi bor\u00e7lar\u0131, i\u015fsizlik ve yerel sorunlar \u00e7o\u011funlu\u011fu olu\u015fturdu.<\/p>\n<p style=\"text-align: justify;\"><span style=\"color: #888888;\">Kaynak : Vatan Gazetesi<\/span><\/p>\n","protected":false},"excerpt":{"rendered":"<p style=\"text-align: center;\">\n<p style=\"text-align: justify;\">Bakan \u015eahin, sokakta mikrofonla oy istedi\u011fine pi\u015fman oldu.<\/p>\n<p style=\"text-align: justify;\">Adalet Bakan\u0131 Mehmet Ali \u015eahin, Antalya&#8217;da partisinin belediye ba\u015fkan adayalr\u0131 i\u00e7in destek gezilerine bug\u00fcn yeniden ba\u015flad\u0131. Bakan \u015eahin, Antalya sokaklar\u0131nda mikrofonla oy isterken, ya\u015fl\u0131 bir kad\u0131n camdan g\u00f6rd\u00fc\u011f\u00fc bakana &#8220;Bakan bey bakan bey buraya bak. B\u0131rak\u0131n bunlar\u0131 herkes i\u015fsiz, gen\u00e7ler <\/p>\n","protected":false},"author":1,"featured_media":0,"comment_status":"open","ping_status":"closed","sticky":false,"template":"","format":"standard","meta":{"footnotes":""},"categories":[105],"tags":[],"class_list":["post-6347","post","type-post","status-publish","format-standard","hentry","category-gundem","odd"],"_links":{"self":[{"href":"http:\/\/www.korhanyilmaz.com\/index.php?rest_route=\/wp\/v2\/posts\/6347","targetHints":{"allow":["GET"]}}],"collection":[{"href":"http:\/\/www.korhanyilmaz.com\/index.php?rest_route=\/wp\/v2\/posts"}],"about":[{"href":"http:\/\/www.korhanyilmaz.com\/index.php?rest_route=\/wp\/v2\/types\/post"}],"author":[{"embeddable":true,"href":"http:\/\/www.korhanyilmaz.com\/index.php?rest_route=\/wp\/v2\/users\/1"}],"replies":[{"embeddable":true,"href":"http:\/\/www.korhanyilmaz.com\/index.php?rest_route=%2Fwp%2Fv2%2Fcomments&post=6347"}],"version-history":[{"count":0,"href":"http:\/\/www.korhanyilmaz.com\/index.php?rest_route=\/wp\/v2\/posts\/6347\/revisions"}],"wp:attachment":[{"href":"http:\/\/www.korhanyilmaz.com\/index.php?rest_route=%2Fwp%2Fv2%2Fmedia&parent=6347"}],"wp:term":[{"taxonomy":"category","embeddable":true,"href":"http:\/\/www.korhanyilmaz.com\/index.php?rest_route=%2Fwp%2Fv2%2Fcategories&post=6347"},{"taxonomy":"post_tag","embeddable":true,"href":"http:\/\/www.korhanyilmaz.com\/index.php?rest_route=%2Fwp%2Fv2%2Ftags&post=6347"}],"curies":[{"name":"wp","href":"https:\/\/api.w.org\/{rel}","templated":true}]}}