{"id":6342,"date":"2009-03-24T17:03:22","date_gmt":"2009-03-24T15:03:22","guid":{"rendered":"http:\/\/www.korhanyilmaz.com\/?p=6342"},"modified":"2009-03-24T17:03:22","modified_gmt":"2009-03-24T15:03:22","slug":"esrarengiz-olum","status":"publish","type":"post","link":"http:\/\/www.korhanyilmaz.com\/?p=6342","title":{"rendered":"Esrarengiz \u00f6l\u00fcm !"},"content":{"rendered":"<p><img loading=\"lazy\" decoding=\"async\" class=\"aligncenter size-full wp-image-6343\" title=\"Esrarengiz \u00f6l\u00fcm ! \" src=\"http:\/\/www.korhanyilmaz.com\/wp-content\/uploads\/2009\/03\/240320091702561401925.jpg\" alt=\"Esrarengiz \u00f6l\u00fcm ! \" width=\"320\" height=\"100\" \/><\/p>\n<p style=\"text-align: justify;\"><strong>\u00c7ayyolu&#8217;nda, Milli \u0130stihbarat Te\u015fkilat\u0131 (M\u0130T) mensubu oldu\u011fu belirtilen bir ki\u015fi evinde \u00f6l\u00fc bulundu<\/strong>.<\/p>\n<p style=\"text-align: justify;\">Al\u0131nan bilgiye g\u00f6re, \u00c7ayyolu&#8217;nda bir evde ya\u015fayan ve M\u0130T mensubu oldu\u011fu belirtilen bu ki\u015fiden haber al\u0131namamas\u0131 \u00fczerine sabah saatlerinde evine gidildi. \u0130\u00e7eri giren g\u00f6revliler ad\u0131 a\u00e7\u0131klanmayan bu ki\u015finin cesedini buldu.<\/p>\n<p style=\"text-align: justify;\">\u00d6len \u015fahs\u0131n yakla\u015f\u0131k bir hafta \u00f6nce trafik kazas\u0131na kar\u0131\u015ft\u0131\u011f\u0131, buna ba\u011fl\u0131 olarak ge\u00e7irdi\u011fi i\u00e7 kanamas\u0131 sonras\u0131nda ya\u015fam\u0131n\u0131 yitirmi\u015f olabilece\u011fi belirtildi.<\/p>\n<p style=\"text-align: justify;\"><span style=\"color: #888888;\">AA<\/span><\/p>\n","protected":false},"excerpt":{"rendered":"<\/p>\n<p style=\"text-align: justify;\">\u00c7ayyolu&#8217;nda, Milli \u0130stihbarat Te\u015fkilat\u0131 (M\u0130T) mensubu oldu\u011fu belirtilen bir ki\u015fi evinde \u00f6l\u00fc bulundu.<\/p>\n<p style=\"text-align: justify;\">Al\u0131nan bilgiye g\u00f6re, \u00c7ayyolu&#8217;nda bir evde ya\u015fayan ve M\u0130T mensubu oldu\u011fu belirtilen bu ki\u015fiden haber al\u0131namamas\u0131 \u00fczerine sabah saatlerinde evine gidildi. \u0130\u00e7eri giren g\u00f6revliler ad\u0131 a\u00e7\u0131klanmayan bu ki\u015finin cesedini buldu.<\/p>\n<p style=\"text-align: justify;\">\u00d6len \u015fahs\u0131n yakla\u015f\u0131k bir hafta <\/p>\n","protected":false},"author":1,"featured_media":0,"comment_status":"open","ping_status":"closed","sticky":false,"template":"","format":"standard","meta":{"footnotes":""},"categories":[105],"tags":[],"class_list":["post-6342","post","type-post","status-publish","format-standard","hentry","category-gundem","odd"],"_links":{"self":[{"href":"http:\/\/www.korhanyilmaz.com\/index.php?rest_route=\/wp\/v2\/posts\/6342","targetHints":{"allow":["GET"]}}],"collection":[{"href":"http:\/\/www.korhanyilmaz.com\/index.php?rest_route=\/wp\/v2\/posts"}],"about":[{"href":"http:\/\/www.korhanyilmaz.com\/index.php?rest_route=\/wp\/v2\/types\/post"}],"author":[{"embeddable":true,"href":"http:\/\/www.korhanyilmaz.com\/index.php?rest_route=\/wp\/v2\/users\/1"}],"replies":[{"embeddable":true,"href":"http:\/\/www.korhanyilmaz.com\/index.php?rest_route=%2Fwp%2Fv2%2Fcomments&post=6342"}],"version-history":[{"count":0,"href":"http:\/\/www.korhanyilmaz.com\/index.php?rest_route=\/wp\/v2\/posts\/6342\/revisions"}],"wp:attachment":[{"href":"http:\/\/www.korhanyilmaz.com\/index.php?rest_route=%2Fwp%2Fv2%2Fmedia&parent=6342"}],"wp:term":[{"taxonomy":"category","embeddable":true,"href":"http:\/\/www.korhanyilmaz.com\/index.php?rest_route=%2Fwp%2Fv2%2Fcategories&post=6342"},{"taxonomy":"post_tag","embeddable":true,"href":"http:\/\/www.korhanyilmaz.com\/index.php?rest_route=%2Fwp%2Fv2%2Ftags&post=6342"}],"curies":[{"name":"wp","href":"https:\/\/api.w.org\/{rel}","templated":true}]}}