{"id":6334,"date":"2009-03-16T18:28:53","date_gmt":"2009-03-16T16:28:53","guid":{"rendered":"http:\/\/www.korhanyilmaz.com\/?p=6334"},"modified":"2009-03-16T18:28:53","modified_gmt":"2009-03-16T16:28:53","slug":"tepedekine-biraz-dokunmak-lazim-artik","status":"publish","type":"post","link":"http:\/\/www.korhanyilmaz.com\/?p=6334","title":{"rendered":"&#039;TEPEDEK\u0130NE B\u0130RAZ DOKUNMAK LAZIM ARTIK&#039;"},"content":{"rendered":"<p><img loading=\"lazy\" decoding=\"async\" class=\"aligncenter size-full wp-image-6432\" src=\"http:\/\/www.korhanyilmaz.com\/wp-content\/uploads\/2009\/03\/240320091034516992749_38.jpg\" alt=\"\" width=\"300\" height=\"142\" \/><\/p>\n<h5 style=\"text-align: justify;\"><span style=\"color: #993300;\">Balbay&#8217;\u0131n G\u00fcnl\u00fckleri : <span style=\"color: #0000ff;\"><a href=\"http:\/\/www.korhanyilmaz.com\/?p=6306\" target=\"_self\">1<\/a> &#8211; <a href=\"http:\/\/www.korhanyilmaz.com\/?p=6317 \" target=\"_self\">2<\/a> &#8211;<a href=\"http:\/\/www.korhanyilmaz.com\/?p=6312\" target=\"_self\"> 3<\/a> &#8211; <a href=\"http:\/\/www.korhanyilmaz.com\/?p=6321\" target=\"_self\">4<\/a> &#8211; <a href=\"http:\/\/www.korhanyilmaz.com\/?p=6325\" target=\"_self\">5<\/a> &#8211; <a href=\"http:\/\/www.korhanyilmaz.com\/?p=6328\" target=\"_self\">6<\/a> &#8211; <a href=\"http:\/\/www.korhanyilmaz.com\/?p=6331\" target=\"_self\">7 <\/a>&#8211; <a href=\"http:\/\/www.korhanyilmaz.com\/?p=6334\" target=\"_self\">8<\/a><\/span><\/span><\/h5>\n<p style=\"text-align: justify;\"><strong>&#8216;TEPEDEK\u0130NE B\u0130RAZ DOKUNMAK LAZIM ARTIK&#8217;<\/strong><\/p>\n<p style=\"text-align: justify;\">&#8220;16 Ekimde \u015eenerle AO\u00c7&#8217;deki binada yemekli g\u00f6r\u00fc\u015fme&#8230; ba\u015fba\u015fa&#8230; bilgibelge&#8230; en tepedekini gerekirse aram\u0131za al\u0131p birlikte y\u00fcr\u00fcyoruz havas\u0131 verme. O \u00f6l\u00fc bile olsa ayakta ve bizimle g\u00f6stermemiz gerekli&#8230; G\u00fcleni getirme giri\u015fimi olamaz. Bunlar\u0131n bir saniye verdi\u011fi zarar fazla..<br \/>\n13 Kas\u0131m Per\u015fembe.. Ayn\u0131 yerde bu kez sadece neskafe&#8230; Bir saatten fazla&#8230;tepedekine biraz dokunmak laz\u0131m art\u0131k. Hafiften&#8230; Bunun ikisine gidi\u015fimizde bir duru\u015fu vard\u0131, hani sustal\u0131 maymun gibi..&#8221;\n<\/p>\n<p style=\"text-align: justify;\"><strong>DE\u011eERLEND\u0130RME<\/strong><\/p>\n<p style=\"text-align: justify;\">S\u00f6z konusu yaz\u0131larda y\u0131l belirtilmedi\u011finden dolay\u0131 takvim \u00fczerinde yap\u0131lan incelemede 13 Kas\u0131m&#8217;\u0131n 2003 y\u0131l\u0131nda Per\u015fembe g\u00fcn\u00fcne rast geldi\u011fi ve bu nedenle s\u00f6z konusu g\u00f6r\u00fc\u015fmelerin &#8220;16 Ekim &#8211; 13 Kas\u0131m 2003&#8221; tarihli oldu\u011fu de\u011ferlendirilmi\u015ftir.<!--more--><\/p>\n<p style=\"text-align: justify;\"><strong>NECDET T\u0130MUR: KORKARIM Y\u0130NE MECBUR OLACA\u011eIZ<\/strong><\/p>\n<p style=\"text-align: justify;\">&#8220;10 Aral\u0131k Per\u015fembe g\u00fcn\u00fc saat 10.00&#8217;da Kara Kuvvetleri Komutanl\u0131\u011f\u0131 Kurmay Ba\u015fkan\u0131<br \/>\nOrgeneral Necdet Timur telefon etti\n<\/p>\n<p style=\"text-align: justify;\">-Bug\u00fcn \u00f6\u011fleyin yemek yesek, sizin de durumunuz uygunsa. Bizim komutan (KKK Org. Atilla ATE\u015e) d\u0131\u015far\u0131da. Benim i\u00e7in uygun bir g\u00fcn..tamam&#8217; dedim..<\/p>\n<p style=\"text-align: justify;\">Saat 12.15&#8217;te KKK D\u0131\u015f giri\u015finden beni \u00f6zel ara\u00e7la ald\u0131lar, komutana gittik. \u00d6nce odas\u0131nda 15 dakika sohbet ettik..<br \/>\n(&#8230;)<\/p>\n<p style=\"text-align: justify;\">13.45&#8217;e kadar sohbet ettik<br \/>\nKonu ba\u015fl\u0131klar\u0131yla konu\u015ftuklar\u0131m\u0131z\n<\/p>\n<p style=\"text-align: justify;\">-Mesut YILMAZ&#8217;a g\u00fcm\u00fc\u015f tepside ba\u015fbakanl\u0131k verdik&#8230; Kullanamad\u0131. Planlar bu y\u00fczden tam y\u00fcr\u00fcmedi..<\/p>\n<p style=\"text-align: justify;\">-Baykal&#8217;\u0131n ne yapmak istedi\u011fini tam olarak kestiremiyorum<\/p>\n<p style=\"text-align: justify;\">-Geni\u015f tabanl\u0131 h\u00fck\u00fcmet diyorlar. B\u00f6yle bir h\u00fck\u00fcmet kurulursa bu, devlet olaraklar\u0131n\u0131n d\u00f6rt koldan talan\u0131 demektir. Her parti kendine g\u00f6re se\u00e7im propagandas\u0131 i\u00e7in devleti kullanacak. Bu felaket olur.<\/p>\n<p style=\"text-align: justify;\">-\u00dcstelik b\u00f6yle bir h\u00fck\u00fcmet, se\u00e7imden sonra da bir iki ay daha y\u00fcr\u00fcrl\u00fckte olacak<\/p>\n<p style=\"text-align: justify;\">-Partilere bak\u0131yoruz, \u00e7o\u011funda muhatap olunacak ki\u015fi yok. \u00d6rne\u011fin DYP, kiminle muhatap olursun ki<\/p>\n<p style=\"text-align: justify;\">-Nas\u0131l bir h\u00fck\u00fcmet kurulacak \u00f6ng\u00f6rmek g\u00fc\u00e7. D\u00fc\u015f\u00fcr\u00fclmesi zamanlama olarak pek uygun de\u011fildi&#8230;<\/p>\n<p style=\"text-align: justify;\">Se\u00e7i<\/p>\n<p style=\"text-align: justify;\">-Bu ko\u015fullarda se\u00e7im hi\u00e7bir \u015feyi de\u011fi\u015ftirmez. Ayn\u0131 istikrars\u0131zl\u0131k olur. Ben daha k\u00f6t\u00fcs\u00fcnden endi\u015fe ediyorum<\/p>\n<p style=\"text-align: justify;\">-Fazilet Partisi tekrar iktirar olur mu? Ona tekrar h\u00fck\u00fcmet verilir mi? Verilmez. Bu m\u00fcmk\u00fcn m\u00fc? olmaz..<\/p>\n<p style=\"text-align: justify;\">-\u0130\u015fte h\u00fck\u00fcmet i\u015flevini yerine getiremedi. Y\u0131lmaz&#8217;la olmad\u0131&#8230; Yapabilseydi, FP&#8217;nin oylar\u0131n\u0131 eritebilirdi&#8230; olmad\u0131..<\/p>\n<p style=\"text-align: justify;\">-Se\u00e7imlerin mutlaka iki turlu olmas\u0131 gerekiyor. En az\u0131ndan yerel se\u00e7imlerin iki turlu olmas\u0131 \u015fart. Bizde y\u00fczde 20 ile iktidar olunuyor. \u00d6teki \u00fclkelerde y\u00fczde 15-20 marjinal partilerin ald\u0131\u011f\u0131 oy bu olur mu?<\/p>\n<p style=\"text-align: justify;\">-Se\u00e7im yasas\u0131nda bu baraj\u0131n da d\u00fc\u015f\u00fcn\u00fclmesi laz\u0131m. Tart\u0131\u015f\u0131ls\u0131n, y\u00fczde 10&#8217;da kalmal\u0131 m\u0131 y\u00fczde 5&#8217;lere inmeli mi? tart\u0131\u015fmak gerekiyor.<\/p>\n<p style=\"text-align: justify;\">-Siyasi Partiler yasas\u0131nda de\u011fi\u015fiklik \u015fart. Milletvekili adaylar\u0131 Genel Ba\u015fkanlar\u0131n iki duda\u011f\u0131 aras\u0131nda olmamal\u0131. Bunu mutlaka de\u011fi\u015ftirmek gerekiyor. Mutlaka.<\/p>\n<p style=\"text-align: justify;\">-Korkar\u0131m yine mecbur olaca\u011f\u0131z&#8230; T\u00fcrk Silahl\u0131 Kuvvetlerinin g\u00f6revleri aras\u0131nda i\u00e7 g\u00fcvenlik de var..<br \/>\n(&#8230;)\n<\/p>\n<p style=\"text-align: justify;\"><strong>DE\u011eERLEND\u0130RME<\/strong><\/p>\n<p style=\"text-align: justify;\">S\u00f6z konusu yaz\u0131da y\u0131l belirtilmedi\u011finden dolay\u0131 takvim \u00fczerinde yap\u0131lan incelemede 10 Aral\u0131k&#8217; \u0131n 1998 y\u0131l\u0131na Per\u015fembe g\u00fcn\u00fcne rast geldi\u011fi ve bu nedenle s\u00f6z konusu g\u00f6r\u00fc\u015fmenin &#8220;10 Aral\u0131k 1998&#8221; tarihinde yap\u0131ld\u0131\u011f\u0131,<br \/>\nA\u00e7\u0131k kaynaklardan yap\u0131lan ara\u015ft\u0131rmada Atilla ATE\u015e&#8217; in d\u00f6nemin Kara Kuvvetleri Komutan\u0131, Kurmay Ba\u015fkan\u0131 Necdet T\u0130MUR&#8217;un ise Kara Kuvvetleri Kurmay Ba\u015fkan\u0131 Necdet Y\u0131lmaz T\u0130MUR oldu\u011fu de\u011ferlendirilmi\u015ftir.\n<\/p>\n<p style=\"text-align: justify;\"><strong>DO\u011eU AKTULGA: KOMUTANIM BU \u0130\u015e SOPAYLA OLUR, \u00d6TEK\u0130 YOLLAR BO\u015eUNA<\/strong><\/p>\n<p style=\"text-align: justify;\">&#8220;15 Ocak 2000 sal\u0131 g\u00fcn\u00fc, Kara Kuvvetleri Komutan\u0131 Orgeneral Atilla ATE\u015e, Kurmay Ba\u015fkan\u0131 Orgeneral Necdet T\u0130MUR, Emekli Orgeneral Do\u011fu AKTULGA ile \u00f6\u011fle yeme\u011f<br \/>\nAtilla ATE\u015e(AA<br \/>\nNecdet Timur(NT<br \/>\nDo\u011fu AKTULGA(DA<\/p>\n<p style=\"text-align: justify;\">Saat 12.00&#8217;de NT&#8217;nin makam\u0131nda bulu\u015fma. da orada&#8230; Dokuzuncu kata \u00e7\u0131k\u0131\u015f. Ankara ayaklar alt\u0131nda. \u00e7at\u0131 kat&#8230; \u00fcst d\u00fczey komutanlara hizmet veren yiyecek-i\u00e7ecek b\u00f6l\u00fcmleri&#8230; En u\u00e7ta \u00f6zel oda var&#8230; Oraya ge\u00e7tik<br \/>\n12.15&#8217;te AA geldi. koltuklardan masalara ge\u00e7tik..<br \/>\nKonulara g\u00f6re g\u00f6r\u00fc\u015fm\n<\/p>\n<p style=\"text-align: justify;\">Medy<\/p>\n<p style=\"text-align: justify;\">(AA, masaya oturur oturmaz ilk bu konuyu a\u00e7t\u0131<br \/>\nAA- bu medya nereye gidiyor b\u00f6yle&#8230; memlekette olup bitenlerin ger\u00e7ek y\u00f6nleriyle yans\u0131tm\u0131yorlar. Her ihaleden koku \u00e7\u0131k\u0131yor, d\u00fcnyaya a\u00e7\u0131lma diye her\u015fey hara\u00e7 mezat sat\u0131l\u0131\u011fa \u00e7\u0131kar\u0131l\u0131yor, bunlar\u0131n hi\u00e7biri yok&#8230; Bu ki\u015filer vatansever de\u011fil mi.. (olup bitenleri \u00f6zetledim&#8230; devam etti\n<\/p>\n<p style=\"text-align: justify;\">AA- Pek \u00e7ok \u015feyden haberimiz vard\u0131 ama, bu kadar\u0131na pes&#8230; Peki nas\u0131l adam olur bunlar? B\u00f6yle gidemez.<\/p>\n<p style=\"text-align: justify;\">NT- gazeteciler araba bir araya gelip, konular\u0131 tart\u0131\u015fm\u0131yor mu? Olup bitene m\u00fcdahale etmeleri laz\u0131m..<\/p>\n<p style=\"text-align: justify;\">AA- Ben Kayseri&#8217;de konu\u015fma yapt\u0131m. \u00c7ok \u00f6nemli \u015feyler s\u00f6yledim. Bir tek Cumhuriyet birinci sayfadan verdi. \u00d6tekiler ya olanlar\u0131n fark\u0131nda de\u011fil ya da vermek istemiyorlar..<\/p>\n<p style=\"text-align: justify;\">DA- Komutam\u0131n\u0131m Cumhuriyet de zaman zaman de\u011fi\u015fik yaz\u0131lar \u00e7\u0131k\u0131yor. Onlara \u00e7ok k\u0131z\u0131yorum. \u0130lhan bey sa\u011flam, C\u00fcneyt<\/p>\n<p style=\"text-align: justify;\">ARCAY\u00dcREK do\u011frular\u0131 yaz\u0131yor, i\u015fte sizler vars\u0131n\u0131z, o kadar..<\/p>\n<p style=\"text-align: justify;\">AA- Medyan\u0131n neyin \u00fclke yaran\u0131na neyin zarar\u0131na oldu\u011funu ay\u0131rt etmesi gerekiyor<br \/>\nLaiklik\n<\/p>\n<p style=\"text-align: justify;\">AA- T\u00fcrk Silahl\u0131 Kuvvetleri bu konuda milim \u00f6d\u00fcn vermez. Ancak i\u015fin merkezi meclis. \u00f6nce meclis&#8217;in bu konuda duyarl\u0131 meclis olmas\u0131 laz\u0131m..<\/p>\n<p style=\"text-align: justify;\">DA- bu meclis mi komutan\u0131m<\/p>\n<p style=\"text-align: justify;\">AA- Evet bu meclis. Ba\u015fka meclis yok. Meclis&#8217;in laiklik konusun art\u0131k tart\u0131\u015f\u0131l\u0131r hale getirmekten \u00e7\u0131karmas\u0131 laz\u0131m.<\/p>\n<p style=\"text-align: justify;\">NT- Toplumda da bir suskunluk var. Arada bir canlan\u0131yor o kadar.<\/p>\n<p style=\"text-align: justify;\">Soru- Her\u015fey daha k\u00f6t\u00fcye giderse, toplumun \u00f6teki kesimlerinde de beklenen canlanma olmazsa, Silahl\u0131 Kuvvetler ne yapar<\/p>\n<p style=\"text-align: justify;\">AA- Gere\u011fini yapar. (biraz duraksay\u0131p, yeniden) Yapar&#8230;<br \/>\nTSK&#8217;ye s\u0131zmaya \u00e7al\u0131\u015f\u0131yorlar ama uzun y\u0131llar bunu ba\u015faramazlar. Bizleri nas\u0131l tan\u0131yorsan\u0131z, en alttaki \u00f6\u011frenciler \u00f6yle. Onlara b\u00f6yle e\u011fitim veriliyor&#8230; \u0130ran&#8217;\u0131n durumu belli, Suriye&#8217;yi biliyoruz, laiklik \u00e7ok \u00f6nemli..\n<\/p>\n<p style=\"text-align: justify;\">DA- Komutan\u0131m bu i\u015f sopayla olur, \u00f6teki yollar bo\u015funa..<\/p>\n<p style=\"text-align: justify;\">AA- (g\u00fcl\u00fcmseyerek) sen beni k\u00f6t\u00fc yola iteceksin..<\/p>\n<p style=\"text-align: justify;\">NT- Komutan\u0131m sivillere s\u00f6ylenmesi gereken ne varsa, en a\u00e7\u0131k bi\u00e7imde s\u00f6yl\u00fcyorsunuz..<br \/>\nAA- Evet, MGK&#8217;de inan\u0131n s\u00f6ylenecek en sert \u00fcslupla s\u00f6yl\u00fcyorum bunlar\u0131.\n<\/p>\n<p style=\"text-align: justify;\"><strong>BALBAY: S\u0130YAS\u0130LER\u0130N TSK&#8217;YI \u0130K\u0130NC\u0130 PLANA \u0130TME PLANI D\u0130KKAT \u00c7EK\u0130YOR<\/strong><\/p>\n<p style=\"text-align: justify;\">Soru- Hassas bir konu ama&#8230;Herhangi bir kulis bilgisi alma kayg\u0131s\u0131yla da sormuyorum&#8230; Biz yanl\u0131z kalm\u0131\u015f gibi g\u00f6r\u00fcn\u00fcyorsunuz&#8230; K\u0131vr\u0131ko\u011flu, \u00f6teki Kuvvet Komutanlar\u0131 elbette laiklikte \u00e7ok hassas. Ancak siyasilerin de TSK&#8217;yi ikinci plana itme plan\u0131 dikkati \u00e7ekiyor&#8230; Demirel, K\u0131vr\u0131ko\u011flu&#8217;nu konu\u015fma k\u00fcrs\u00fcs\u00fcn\u00fcn arkas\u0131na al\u0131yor, \u015f\u0131k bir foto\u011fraf \u00e7\u0131km\u0131yor&#8230; D\u0131\u015far\u0131dan g\u00f6r\u00fcnen bu&#8230; Siz ne dersiniz<br \/>\n(bir s\u00fcre sessizlik\n<\/p>\n<p style=\"text-align: justify;\">AA- Sak\u0131n ola bunlar\u0131 bir yerde de\u011ferlendirmeyin&#8230; S\u00f6ylediklerinizin t\u00fcm\u00fcn\u00fcn fark\u0131nday\u0131z&#8230; Komutan\u0131n (K\u0131vr\u0131ko\u011flu) b\u00f6yle hareket etmemesi gerekti\u011fi y\u00f6n\u00fcnde de\u011ferlendirmemiz oldu&#8230; \u00d6rne\u011fin cumhurba\u015fkan\u0131 bizi I\u011fd\u0131r&#8217;a \u00e7a\u011f\u0131rd\u0131&#8230; T\u00fcm komutanlar oraday\u0131z. K\u00fcrs\u00fcye \u00e7\u0131k\u0131nca bize seslendi, yan\u0131ma gelin&#8217; dedi. Komutan (K\u0131vr\u0131ko\u011flu) gitti. Ben gitmedim. \u00d6teki arkada\u015flar da y\u00f6nelikler, arkada\u015flar ben \u00e7\u0131km\u0131yorum&#8217; dedim. Onlar da \u00e7\u0131kmad\u0131lar. K\u00fcrs\u00fcde Demirel&#8217;le komutan oldu..yanl\u0131z laiklik konusunda TSK&#8217;den hi\u00e7bir ku\u015fku olmas\u0131n.<\/p>\n<p style=\"text-align: justify;\">DA- Bu fazilet komutan\u0131m&#8230; hemen kapat\u0131lmas\u0131 gereken bir parti..(AA sustu<\/p>\n<p style=\"text-align: justify;\">NECDET T\u0130MUR: \u00d6CALAN DA S\u0130YASET\u0130N B\u0130R AYA\u011eI HAL\u0130NE GELECEK<br \/>\nTer\u00f6r-\u00fclkenin gelece\u011f\n<\/p>\n<p style=\"text-align: justify;\">AA- Herkes PKK bitti Hizbullah ba\u015flad\u0131 diyor. Hay\u0131r, PKK da bitmedi. \u015eu anda bast\u0131r\u0131ld\u0131 o kadar. Kuzey Irak&#8217;ta tehdit unsuru olarak duruyorlar. Sonra bu HADEP&#8217;li belediye ba\u015fkanlar&#8230; Diyarbak\u0131r belediyesinde T\u00fcrk\u00e7e konu\u015fmak yasak. D\u0131\u015far\u0131dan gelenler de T\u00fcrk\u00e7e konu\u015fursa i\u015fleri yap\u0131lm\u0131yor. K\u00fcrt\u00e7e mecburi dil. Yani biraz daha g\u00fc\u00e7lenseler ne yapacaklar\u0131 ortada..<\/p>\n<p style=\"text-align: justify;\">NT- HADEP&#8217;in ne yapaca\u011f\u0131 \u00f6nemli..<\/p>\n<p style=\"text-align: justify;\">DA- Komutan\u0131m ben bu \u00d6calan&#8217;\u0131n hala ya\u015f\u0131yor olmas\u0131n\u0131 kabul edemiyorum. Vatan hainli\u011finin insan haklar\u0131 m\u0131 olur. as\u0131lmal\u0131yd\u0131..<\/p>\n<p style=\"text-align: justify;\">NT- \u00d6calan da siyasetin bir aya\u011f\u0131 haline gelecek..<br \/>\n(AA biraz sustu, konu de\u011fi\u015ftirdi\n<\/p>\n<p style=\"text-align: justify;\">AA- Bizi AB&#8217;ye aday yap\u0131yorlar&#8230; Yunanistan dostluktan s\u00f6z ediyor&#8230; Bir\u015feyler de\u011fi\u015fiyor. Bizden istediklerini PKK ter\u00f6r\u00fcyle alamay\u0131nca ba\u015fka yollar arayacaklar. \u015eimdi bunlar (AB), her konuda yedek politikalar geli\u015ftirirler, bir politika tutmad\u0131 m\u0131, hemen yenisini s\u00fcrerler&#8230; \u00c7ok, \u00e7ok dikkatli olmam\u0131z laz\u0131m. Ama bu medya, Cumhuriyet&#8217;i ayr\u0131 tutuyorum, bunlar\u0131n fark\u0131nda de\u011fil. Biz ne yapmam\u0131z gerekti\u011fini tart\u0131yoruz&#8230; Kayseri&#8217;de konu\u015fuyoruz&#8230; Yer verilmiyor..<\/p>\n<p style=\"text-align: justify;\">DA- Komutan\u0131m, bu deme\u00e7le olacak \u015fey de\u011fil, sopayla..<\/p>\n<p style=\"text-align: justify;\">AA- (g\u00fclerek) Bug\u00fcn kar ya\u011facak..<br \/>\nG\u00fcle\n<\/p>\n<p style=\"text-align: justify;\">AA- bu G\u00fclen&#8217;i iyi tahlil etmek gerekiyor. Adam aylard\u0131r Amerika&#8217;da&#8230; Bunlar siyaseti ele ge\u00e7irerek, hedeflerine ula\u015fmak istiyor..<\/p>\n<p style=\"text-align: justify;\">DA- en tehlikelisi..<\/p>\n<p style=\"text-align: justify;\">AT\u0130LLA ATE\u015e: ABD&#8217;N\u0130N \u00c7IKARI NEREDEYSE G\u00dcLEN ORADA OKUL A\u00c7MI\u015e<\/p>\n<p style=\"text-align: justify;\">AA- bak\u0131yorsunuz ABD&#8217;nin \u00e7\u0131kar\u0131 neredeyse bunlar orada okul a\u00e7m\u0131\u015f..<\/p>\n<p style=\"text-align: justify;\">DA- komutan\u0131m \u00fcstelik bu okullar\u0131 kendisi de a\u00e7m\u0131yor. Bizim dangalaklara a\u00e7t\u0131r\u0131yor. yani paray\u0131 da biz veriyor..<\/p>\n<p style=\"text-align: justify;\">AA- \u015eimdi bunlar (\u015feriat\u00e7\u0131lar) ekonomik bir g\u00fc\u00e7 de elde ettiler. Art\u0131k i\u015fadamlar\u0131, t\u00fcccarlar\u0131 var&#8230; Kimi i\u015f alanlar\u0131 \u00f6yle ki, G\u00fclen&#8217;in adamlar\u0131na para vermeyen ihale alam\u0131yor&#8230; bu b\u00f6yle gitmez..<br \/>\nCumhurba\u015fkanl\u0131\u011f<\/p>\n<p style=\"text-align: justify;\">AA- Benim g\u00f6rd\u00fc\u011f\u00fcm \u015fu&#8230; Bu Meclis Demirel&#8217;i se\u00e7meye haz\u0131r<br \/>\nde\u011fil. Demirel de \u00e7ok istiyor&#8230; Ecevit, Demirel yukar\u0131da olursa daha rahat y\u00fcr\u00fctece\u011fini d\u00fc\u015f\u00fcn\u00fcyor&#8230;Mesut YILMAZ&#8217;\u0131n hesab\u0131 farkl\u0131..\n<\/p>\n<p style=\"text-align: justify;\">DA- Y\u0131lmaz kendine oynuyor..<\/p>\n<p style=\"text-align: justify;\">AA- Y\u0131lmaz&#8217;\u0131n iki a\u015famal\u0131 hesap yap\u0131yor&#8230; Birincisi, anayasa de\u011fi\u015fikli\u011finin olmamas\u0131 i\u00e7in \u00e7al\u0131\u015facak. Bu olmay\u0131nca, bak\u0131n olmuyor diyecek, adayl\u0131\u011f\u0131n\u0131 koyacak. \u0130kincisi Demirel&#8217;in \u00fc\u00e7 y\u0131ll\u0131k bir uzatmayla se\u00e7ilmesini sa\u011flayacak. Be\u015f art\u0131 be\u015f on oldu\u011funa g\u00f6re&#8230; Demirel yedi y\u0131l cumhurba\u015fkanl\u0131\u011f\u0131 yapt\u0131\u011f\u0131na g\u00f6re, geriye \u00fc\u00e7 y\u0131l kal\u0131yor&#8230; Sonra bu Meclis&#8217;le kendisini se\u00e7tirecek&#8230; Hesab\u0131 bu g\u00f6r\u00fcn\u00fcyor..<\/p>\n<p style=\"text-align: justify;\">NT- Demirel de Meclis&#8217;e \u00f6d\u00fcn veriyor&#8230; k\u0131yak emeklilik falan..<\/p>\n<p style=\"text-align: justify;\">DA- Bu memleket zaten gelir da\u011f\u0131l\u0131m\u0131ndaki dengesizlikten batacak&#8230; Milletin y\u00fczde 40&#8217;\u0131 a\u00e7, bunlar bir milyar emekli maa\u015f\u0131 al\u0131or..<\/p>\n<p style=\"text-align: justify;\">AA- Bu gidi\u015fle Demirel ba\u015fka hatalar yapmak zorunda kalabilir&#8230; Yapacak&#8230; \u00d6yle g\u00f6r\u00fcn\u00fcyor..&#8221;<\/p>\n<p style=\"text-align: justify;\"><strong>DE\u011eERLEND\u0130RME<\/strong><\/p>\n<p style=\"text-align: justify;\">A\u00e7\u0131k kaynaklardan yap\u0131lan ara\u015ft\u0131rmada s\u00f6z konusu g\u00f6r\u00fc\u015fmenin yap\u0131ld\u0131\u011f\u0131 d\u00f6nemde be\u015fer y\u0131ll\u0131\u011f\u0131na ayn\u0131 ki\u015finin iki kez Cumhurba\u015fkan\u0131 se\u00e7ilmesi konusu ve Avrupa \u0130nsan haklar\u0131 Mahkemesinin Abdullah \u00d6CALAN dosyas\u0131 ile ilgili kararlar\u0131n yaz\u0131l\u0131 bas\u0131nda yer ald\u0131\u011f\u0131 g\u00f6r\u00fclm\u00fc\u015ft\u00fcr.<\/p>\n<p style=\"text-align: justify;\"><strong>BALBA<br \/>\nBALBAY: 28 \u015eUBAT D\u0130YORSUNUZ AMA BU KEZ ATILACAK ADIM SONU\u00c7 ALICI OLMALI<\/strong><\/p>\n<p style=\"text-align: justify;\">&#8220;31 Ekim Pazar g\u00fcn\u00fc saat 16.00-19.00 aras\u0131nda KKK&#8217;da KKK Kurmay Ba\u015fkan\u0131 Org. Necdet T\u0130MUR ve Emekli Orgeneral Do\u011fu AKTULGA ile sohbe<br \/>\nNecdet T\u0130MUR(NT<br \/>\nDo\u011fu AKTULGA(DA<br \/>\nMustafa BALBAY(MB<br \/>\nDurum Saptamas\n<\/p>\n<p style=\"text-align: justify;\">NT- Ne oluyor, nereye gidiyoruz, duruma nas\u0131l bakmak gerekir, ne yapmak gerekir bir konu\u015fal\u0131m dedik. Toplumda bir umutsuzluk var. Ge\u00e7en g\u00fcn ben kuma\u015f\u00e7\u0131m var, ona u\u011frad\u0131m, neredesiniz efendim&#8217; diyor bana, siz d\u00fczeltirsiniz bunu&#8217; diyor..<\/p>\n<p style=\"text-align: justify;\">MB- Evet siyasete g\u00fcvensizlik yerle\u015fiyor..<\/p>\n<p style=\"text-align: justify;\">NT- Ne yapmal\u0131, mesela 28 \u015eubat benzeri bir giri\u015fim mi olmal\u0131<\/p>\n<p style=\"text-align: justify;\">MB- 28 \u015eubat devam ediyor deniyor ama&#8230; Durum da ortada&#8230; Bence irtica o g\u00fcnlerden daha fazla mesafe ald\u0131..<\/p>\n<p style=\"text-align: justify;\">DA- Evet evet ben de onu diyorum..<\/p>\n<p style=\"text-align: justify;\">NT- \u0130\u015fte nas\u0131l bir \u015fey yapmal\u0131, mesele orada..<\/p>\n<p style=\"text-align: justify;\">MB- 28 \u015eubat benzeri durum diyorsunuz, ama bu kez at\u0131lacak ad\u0131m sonu\u00e7 al\u0131c\u0131 olmal\u0131, s\u00fcreye yay\u0131l\u0131nca g\u00f6r\u00fcnen ortada..<\/p>\n<p style=\"text-align: justify;\">AKTULGA: 28 \u015eUBAT YETER\u0130NCE \u0130LER\u0130 G\u0130TMED\u0130<br \/>\nDA- Ben de onu diyorum&#8230; Bence de&#8230; Zaten 28 \u015eubat yeterince ileri gitmedi<br \/>\nEskiler-Yenile\n<\/p>\n<p style=\"text-align: justify;\">MB- Benim dikkatimi \u00e7eken bir \u015fey var. K\u0131vr\u0131ko\u011flu Pa\u015fa da 28 \u015eubat bin y\u0131l ya\u015fayacak diyor, ama Karaday\u0131 d\u00f6nemiyle bug\u00fcnk\u00fc d\u00f6nem aras\u0131nda y\u00fczde y\u00fcz \u00e7ak\u0131\u015fma yok gibi..<\/p>\n<p style=\"text-align: justify;\">NT- Yok&#8230; \u00d6yle..<\/p>\n<p style=\"text-align: justify;\">DA- (NT&#8217;ye d\u00f6nerek) bak g\u00f6r\u00fcn\u00fcyor i\u015fte..<\/p>\n<p style=\"text-align: justify;\">NT- Karaday\u0131&#8217;n\u0131n ekibi \u00e7ok kuvvetliydi. Bu i\u015f biraz tak\u0131m oyunu&#8230; Biri karar alacak, \u00f6teki uygulayacak, bir di\u011feri olan\u0131 takip edecek, bir ba\u015fkan\u0131 plan-program \u00fcretecek..<\/p>\n<p style=\"text-align: justify;\"><strong>BALBAY: GENELKURMAY&#8217;IN TAKINDI\u011eI TUTUM KAR\u015eI TARAFI CESARETLEND\u0130R\u0130YOR OLMASIN<\/strong><\/p>\n<p style=\"text-align: justify;\">MB- Laiklik konusunda \u00f6d\u00fcn verilece\u011fini d\u00fc\u015f\u00fcnm\u00fcyoruz, ama Genelkurmay\u0131n tak\u0131nd\u0131\u011f\u0131 yeni durum, kar\u015f\u0131 taraf\u0131 cesaretlendiriyor olmas\u0131n..<\/p>\n<p style=\"text-align: justify;\">NT- Karaday\u0131 d\u00f6neminde aktif politika uygulan\u0131yordu. \u00d6rne\u011fin sizlerden biri arad\u0131\u011f\u0131nda \u00d6zkasnak \u00e7\u0131k\u0131yor, gerekeni s\u00f6yl\u00fcyordu&#8230; K\u0131vr\u0131ko\u011flu pa\u015fa pasif siyaset uyguluyor. D\u0131\u015fa kapal\u0131. Gazetecilerle diyalog kesik&#8230; B\u00f6yle olunca da depremde ad\u0131m at\u0131nca, gazetecilerle tam olarak bulu\u015fam\u0131yorsun&#8230;<\/p>\n<p style=\"text-align: justify;\">MB- KKK Atilla ATE\u015e pa\u015fan\u0131n g\u00f6rev s\u00fcresi uzayabilir deniyor..<\/p>\n<p style=\"text-align: justify;\">NT- Hay\u0131r, ba\u011fr\u0131m\u0131za ta\u015f basar\u0131z onu yapmay\u0131z. (DA&#8217;y\u0131 g\u00f6stererek) bak\u0131n en de\u011ferli komutanlar\u0131m\u0131z\u0131 emekli ettik&#8230; TSK&#8217;da o olmaz&#8230; Ama \u015funu da s\u00f6yleyeyim, Ate\u015f pa\u015fadan sonra bir bo\u015fluk geliyor..<\/p>\n<p style=\"text-align: justify;\">MB- Ama laiklikten \u00f6d\u00fcn verecek bir bo\u015fluk olmaz san\u0131r\u0131m bu..<\/p>\n<p style=\"text-align: justify;\">DA- Olmaz, olamaz&#8230; \u00fcstte bo\u015fluk olsa, alt\u0131 var..<br \/>\nCumhuriyet&#8217;in Durum\n<\/p>\n<p style=\"text-align: justify;\">MB- Eski-yeni d\u00f6nem dedik de, biz yeni d\u00f6nemde Cumhuriyet&#8217;e kar\u015f\u0131 bir so\u011fukluk hissediyoruz..<\/p>\n<p style=\"text-align: justify;\">NT- Var..<\/p>\n<p style=\"text-align: justify;\">MB- \u00d6rne\u011fin brifinge \u00e7a\u011fr\u0131lmad\u0131k..<\/p>\n<p style=\"text-align: justify;\">NT- Bak onu duydum ne kadar \u00fcz\u00fcld\u00fcm. Olmaz b\u00f6yle \u015fey&#8230; Ama bana s\u00f6ylediler ki, hata ettik. Yapt\u0131klar\u0131n\u0131n do\u011fru olmad\u0131\u011f\u0131n\u0131 s\u00f6ylediler&#8230; Sonra d\u00fczeldi ama..<\/p>\n<p style=\"text-align: justify;\">DA- Yaa T\u00fcrkiye&#8217;de tek gazete cumhuriyet&#8230; Laiklikte, Atat\u00fcrk\u00e7\u00fcl\u00fckte \u00fcst\u00fcne var m\u0131, nas\u0131l yapt\u0131lar b\u00f6yle bir \u015feyi&#8230;<\/p>\n<p style=\"text-align: justify;\">NT- Komutan\u0131 bazen \u00e7evresi etkiler..<\/p>\n<p style=\"text-align: justify;\">DA- Tabii cumhuriyet&#8217;in i\u00e7inde baz\u0131 \u00e7atlak sesler de var..<\/p>\n<p style=\"text-align: justify;\">NT- Evet var, oo \u015fey, Toktam\u0131\u015f ATE\u015e, Oral \u00c7ALI\u015eLAR, Ayd\u0131n<br \/>\nENG\u0130N, yani bunlar bazen ne diyorlar bilemiyorum&#8230; Bazen de Attila \u0130LHAN&#8230; \u0130nan\u0131n yaz\u0131lar\u0131n\u0131 sonuna kadar okuyam\u0131yorum..\n<\/p>\n<p style=\"text-align: justify;\">MB- Tabii as\u0131l olan geminin rotas\u0131, sotada baz\u0131 de\u011fi\u015fik isimler olabilir..<\/p>\n<p style=\"text-align: justify;\">NT- Elbette \u00f6yle&#8230; Biz zaten Cumhuriyet&#8217;i onlarla de\u011ferlendirmiyoruz<br \/>\n&#8216;BU \u0130\u015e EN\u0130NDE SONUNDA ORDU TARAFINDAN \u00c7\u00d6Z\u00dcLECEK&#8217;<br \/>\nNe yapmal\u0131\n<\/p>\n<p style=\"text-align: justify;\">DA- Bu i\u015fin eninde sonunda ordu taraf\u0131ndan \u00e7\u00f6z\u00fclecek&#8230; Ben b\u00f6yle g\u00f6r\u00fcyorum<\/p>\n<p style=\"text-align: justify;\">NT- Biz bir \u015fey s\u00f6yleyince de bozuluyorlar&#8230; Fa\u015fist ordu falan diyorlar. Toplumun \u00f6teki kesimleri do\u011frular\u0131 s\u00f6yleyince de bu oluyor. Mesela Vural SAVA\u015e, gayet g\u00fczel koydu olaylar\u0131&#8230; Adama yapmad\u0131klar\u0131n\u0131 b\u0131rakmad\u0131lar<\/p>\n<p style=\"text-align: justify;\">MB- Sava\u015f parlamentoya y\u00fcklenince hemen kenetlendiler. Ama toplumda sava\u015f hakl\u0131 diyenlerin say\u0131s\u0131 az de\u011fil..<\/p>\n<p style=\"text-align: justify;\">NT- Belki az de\u011fil, ama adam\u0131 yaln\u0131z b\u0131rakt\u0131lar..<\/p>\n<p style=\"text-align: justify;\">DA- Ben Atat\u00fcrk\u00e7\u00fc D\u00fc\u015f\u00fcnce Derne\u011fine girece\u011fim. Orada bir \u0131\u015f\u0131k g\u00f6r\u00fcyorum.<\/p>\n<p style=\"text-align: justify;\">MB- 430 \u015fubeleri var, g\u00fc\u00e7l\u00fc bir \u00f6rg\u00fct&#8230; ama i\u015fin merkezi parlamento..<\/p>\n<p style=\"text-align: justify;\">NT- ADD falan tamam da bu CHP aya\u011fa kald\u0131r\u0131lmal\u0131&#8230; Mesela Ecevit&#8217;ten sonra ortada DSP diye bir parti kalmaz. Bu adamlar da\u011f\u0131l\u0131rlar. Buradan 30-40 ki\u015filik bir \u00e7ekirdek \u00e7\u0131kabilir&#8230; Ona bakmak laz\u0131m..<\/p>\n<p style=\"text-align: justify;\">DA- Ama as\u0131l toplumu aya\u011fa kald\u0131rmak laz\u0131m&#8230; Bizim millet tembel kolay kolay aya\u011fa kalkmaz. Bakmay\u0131n siz o kar\u015f\u0131dakilerin arada toplu eylem yapt\u0131\u011f\u0131na, parayla yap\u0131yorlar. Anadolu&#8217;da i\u015fsiz g\u00fc\u00e7s\u00fcz adam m\u0131 yok. Topluyorlar, haydi \u0130stanbul&#8217;a gidece\u011fiz. \u015eu \u015fu sloganlar\u0131 atacaks\u0131n\u0131z. Araba bedava, yemek bedava diyorlar. bizim toplum bedavac\u0131..<\/p>\n<p style=\"text-align: justify;\">NT- Bu i\u015f as\u0131l medyayla olacak. Bazan ben medyay\u0131 da anlayam\u0131yorum&#8230; Neler oluyor..<\/p>\n<p style=\"text-align: justify;\">MB- Bug\u00fcnlerde olup bitenlerin yan\u0131nda orman kanunlar\u0131 Roma Hukuku kal\u0131r. Art\u0131k medya g\u00fcc\u00fc kalmad\u0131, g\u00fc\u00e7lerin medyas\u0131 var..<\/p>\n<p style=\"text-align: justify;\">NT- Mesela bu Ayd\u0131n DO\u011eAN, yok CNN ile i\u015fbirli\u011fi yap\u0131yor&#8230; Nedir bu gidi\u015f<\/p>\n<p style=\"text-align: justify;\">MB- \u00c7ok uluslu \u015firketlerle ortak hareket ediyor. Bu \u015firketlerin Orta Asya&#8217;ya da bu ortakl\u0131klarla gidece\u011fi s\u00f6yleniyor&#8230; H\u00fck\u00fcmetle de m\u00fcttefik oldular..<\/p>\n<p style=\"text-align: justify;\">NT- Evet hi\u00e7 ele\u015ftirmiyorlar. S\u00f6zle\u015fmi\u015f gibi k\u00f6\u015fe yazarlar\u0131 da \u00f6v\u00fcyor.<br \/>\nEcevit-Demire\n<\/p>\n<p style=\"text-align: justify;\">MB- Tabi \u00f6n\u00fcm\u00fczdeki g\u00fcnlerdeki as\u0131l tart\u0131\u015fma cumhurba\u015fkan\u0131 konusunda..<\/p>\n<p style=\"text-align: justify;\">NT- Demirel istiyor&#8230; yapacak..<\/p>\n<p style=\"text-align: justify;\">MB- Ne yapacak<\/p>\n<p style=\"text-align: justify;\">NT- En az\u0131ndan g\u00f6rev s\u00fcresi yar\u0131m uzar&#8230; \u0130\u015f oraya gidiyor. H\u00fck\u00fcmetle \u00e7ok iyi oynuyor. FP&#8217;yi de cebine koyabilir..<br \/>\nKARADAYI&#8217;YA &#8216;BA\u015eBAKAN ERBAKAN&#8217;LA KONU\u015eMA&#8217; UYARISI\n<\/p>\n<p style=\"text-align: justify;\">MB- Yeri gelmi\u015fken, K\u0131vr\u0131ko\u011flu&#8217;nun da Kosova&#8217;da Bak\u00fc&#8217;de hemen Demirel&#8217;in yan\u0131nda yer almas\u0131 biraz manidard\u0131..<\/p>\n<p style=\"text-align: justify;\">NT- Orada \u00e7er\u00e7eveye girmeyecekti&#8230; Adam nutuk mu \u00e7ekiyor, sen git Kosova&#8217;daki birli\u011fi denetle&#8230; Bak\u00fc&#8217;deki garnizonu ziyaret et&#8230; Ayn\u0131 kareye girmesi pek olmad\u0131&#8230; Tabi bu Demirel ba\u015fka bir yap\u0131&#8230; Allah kimseyi onun etkisi alt\u0131na sokmas\u0131n. Adam\u0131 et gibi \u00e7\u00fcr\u00fct\u00fcr<\/p>\n<p style=\"text-align: justify;\">DA- Biz Karaday\u0131 zaman\u0131nda, Erbakan ba\u015fbakanken onunda yak\u0131n g\u00f6r\u00fcnmesini bile ele\u015ftirirdik. Birinde An\u0131tkabir&#8217;e giderken, sohbet ettiler. Karaday\u0131 g\u00fclerek Erbakan&#8217;a bir\u015feyler anlat\u0131yordu. Mesele yapt\u0131k. Olmaz dedik<\/p>\n<p style=\"text-align: justify;\">NT- Karaday\u0131 da adam Ba\u015fbakan, o kadar da konu\u015fmayacak m\u0131y\u0131m demi\u015fti..<\/p>\n<p style=\"text-align: justify;\">DA- Olmaz&#8230; biz de olmaz dedik..<\/p>\n<p style=\"text-align: justify;\"><strong>&#8216;DEM\u0130REL \u00c7EKER B\u0130T\u0130R\u0130R ADAMI&#8217;<\/strong><\/p>\n<p style=\"text-align: justify;\">NT- O g\u00fcnler tabii&#8230; Karaday\u0131 bazen K\u00f6\u015fk&#8217;e \u00e7\u0131kar, bamba\u015fka biri olarak gelirdi. Etkilerdi onu&#8230; Dedim ya Allah kimseyi onun etki alan\u0131na sokmas\u0131n. \u00c7eker bitirir adam\u0131..<\/p>\n<p style=\"text-align: justify;\">MB- Ecevit&#8217;le ne kadar gidece\u011fi konu\u015fuluyor..<\/p>\n<p style=\"text-align: justify;\">NT- Gitmez&#8230; Zaten yar\u0131m \u00e7al\u0131\u015f\u0131yor. Esasen bu parlamentonun bir \u015fey yapmas\u0131 zor. Vural SAVA\u015e s\u00f6yledi a\u00e7\u0131k a\u00e7\u0131k&#8230; Mesut YILMAZ&#8217;la da olmaz. Neyi ni\u00e7in diyor anlam\u0131yorsunuz..<\/p>\n<p style=\"text-align: justify;\">MB- Cumhurba\u015fkanl\u0131\u011f\u0131 i\u00e7in Mesut YILMAZ&#8217;\u0131n da haz\u0131rland\u0131\u011f\u0131 s\u00f6yleniyor, \u0130smail CEM de ad\u0131 ge\u00e7erlender..<\/p>\n<p style=\"text-align: justify;\">NT- \u0130smail CEM korkakt\u0131r. Bu t\u00fcr b\u00fcy\u00fck ad\u0131mlar i\u00e7in cesareti yoktur. Ba\u015fka adlar olabilir..<\/p>\n<p style=\"text-align: justify;\">DA- Ben Kemal YAMAK ad\u0131n\u0131 att\u0131m, ama Necdet hemen \u00d6zal&#8217;\u0131n sekreteriydi dedi. do\u011fru..<\/p>\n<p style=\"text-align: justify;\">MB- Demirel&#8217;le Ecevit de iyi anla\u015f\u0131yor. Ecevit evet dedi mi Demirel&#8217;in dedi\u011fi olur..<\/p>\n<p style=\"text-align: justify;\">NT- Tabii siyasette neler de\u011fi\u015fir belli de\u011fil. Belki bu h\u00fck\u00fcmet d\u00fc\u015fer. MHP, ANAP, Fazilet&#8217;ye ba\u015fka bir h\u00fck\u00fcmet kurar&#8230; Bir ba\u015fka durum, bu parlamentonun \u00f6mr\u00fc ne kadar olur, o belli de\u011fil. bir y\u0131l daha ta\u015f\u0131yamayabilir..<br \/>\nPkk-\u00d6cala<\/p>\n<p style=\"text-align: justify;\">MB- \u00d6calan&#8217;\u0131n gelece\u011fi, PKK&#8217;n\u0131n durumu hakk\u0131nda ne<br \/>\nd\u00fc\u015f\u00fcn\u00fcyorsunuz\n<\/p>\n<p style=\"text-align: justify;\">NT- zaten gerilla hareketi siyasi bir harekettir. \u015eimdi diyorlar ya, siyasalla\u015facak diye&#8230; Bu t\u00fcr hareketlerin zaten \u00e7\u0131k\u0131\u015f \u015fekli siyasidir. Ama zaman PKK&#8217;n\u0131n lehine i\u015fliyor. Bu i\u015fler uzad\u0131 m\u0131 ter\u00f6r \u00f6rg\u00fct\u00fcn\u00fcn lehine i\u015fler..<\/p>\n<p style=\"text-align: justify;\">MB- Peki ne yap\u0131lmas\u0131 gerekti\u011fini d\u00fc\u015f\u00fcn\u00fcyorsunuz<\/p>\n<p style=\"text-align: justify;\">NT- Yasalar ne diyorsa o&#8230;<\/p>\n<p style=\"text-align: justify;\">MB- Bir taraftan da \u00e7ekiliyoruz diyorlar.<\/p>\n<p style=\"text-align: justify;\">DA- Bakmay\u0131n siz ona&#8230; Ben o b\u00f6lgede g\u00f6rev yapt\u0131m&#8230; Biz bu sava\u015f\u0131 zaman zaman hatalar yapmam\u0131za ra\u011fmen bir yere getirdik. \u015eimdi ter\u00f6rle m\u00fccadeleyle b\u00f6lgenin kalk\u0131nmas\u0131n\u0131n birlikte gitmesi laz\u0131m. Adam senin dozerini yakt\u0131 m\u0131 bir tane daha koyacaks\u0131n. Onu da m\u0131 yakt\u0131, bir daha&#8230; Y\u0131lmayacaks\u0131n. \u015eimdi \u00f6nce ter\u00f6r \u00f6nlensin sonra yat\u0131r\u0131m diyorlar&#8230; olmaz&#8230;<\/p>\n<p style=\"text-align: justify;\">MB- Baz\u0131 hatalar derken, neyi kastediyorsunuz..<\/p>\n<p style=\"text-align: justify;\">DA- Can\u0131m ge\u00e7ti art\u0131k&#8230; yani her devlet baz\u0131 gizli operasyonlar yapar&#8230; Ama bunlar\u0131 A\u011far gibi beceriksizlerle neyi ni\u00e7in kullanaca\u011f\u0131 belli olmayan ki\u015filerle yapmayacaks\u0131n..<\/p>\n<p style=\"text-align: justify;\">NT- ABD de bir\u015feyler yapmaya \u00e7al\u0131\u015f\u0131yor. Adam \u00e7ekti 36. Parelele \u00e7izgiyi. O \u00e7izgi K\u00fcrdistan&#8217;\u0131n g\u00fcney s\u0131n\u0131r\u0131d\u0131r. bunu b\u00f6yle g\u00f6rmek laz\u0131m..<br \/>\nOrdu-Solcular-\u0130rticac\u0131la\n<\/p>\n<p style=\"text-align: justify;\">MB- Ge\u00e7en g\u00fcn bize 12 eyl\u00fclde te\u011fmenken y\u00fczba\u015f\u0131yken solcu oldu\u011fu i\u00e7in ordudan at\u0131lanlar geldi&#8230; Ordunun bug\u00fcnk\u00fc durumunu, T\u00fcrkiye&#8217;nin sorunlar\u0131na bak\u0131\u015f\u0131n\u0131 onayl\u0131yorlar. \u00d6nyarg\u0131yla bakm\u0131yorlar. bana ilgin\u00e7 geldi..<\/p>\n<p style=\"text-align: justify;\">NT- O d\u00f6nem baz\u0131 \u015feyler oldu tabi..<br \/>\n&#8216;SOLCULAR ORDUDAN ATILDI MI G\u0130DER, \u00d6TEK\u0130LER \u0130FT\u0130RA EDER&#8217;\n<\/p>\n<p style=\"text-align: justify;\">DA- Bu solcular diyelim ordudan at\u0131ld\u0131 m\u0131, bir\u015fey demezler, toparlan\u0131r giderler. Ama \u00f6tekiler \u00f6yle de\u011fil. \u00c7ok a\u015fa\u011f\u0131l\u0131kt\u0131r onlar. Att\u0131n m\u0131, atmad\u0131k \u00e7amur b\u0131rakmazlar, iftira ederler..<\/p>\n<p style=\"text-align: justify;\">NT- Biz irticac\u0131lar\u0131 at\u0131yoruz, ama FP&#8217;li belediyeler hemen onlara i\u015f buluyor. Adamlar\u0131n biri a\u00e7\u0131kta de\u011fil<br \/>\n\u00c7evik B\u0130\n<\/p>\n<p style=\"text-align: justify;\">NT- Bu medyan\u0131n yapt\u0131\u011f\u0131&#8230; Biraz evvel \u00c7evir B\u0130R&#8217;le konu\u015ftum. H\u00fcrriyet&#8217;e o beyanat\u0131 vermemi\u015f&#8230; Sedat ERG\u0130N&#8217;le bir kez yemek yedim. O galiba kendisini biraz \u00f6ne \u00e7\u0131karmaya merakl\u0131&#8230; \u00c7evik Amerika&#8217;dayken bu anonslar\u0131 verdiler. Biz \u015fa\u015f\u0131rd\u0131k. D\u00fcn ak\u015fam komutanlarla bir vesileyle bir aradayd\u0131k. Herkes \u00c7evik&#8217;e bozuk. Bir ben, yapmam\u0131\u015ft\u0131r, bir de kendisini dinleyelim dedim. \u00c7evik sadece AB&#8217;yle ili\u015fkilerimizin gelece\u011fini anlatm\u0131\u015f onlar nerelere g\u00f6t\u00fcrm\u00fc\u015f. \u00c7evir, derhal Ayd\u0131n DO\u011eAN&#8217;\u0131 aram\u0131\u015f. Bunu d\u00fczeltmezseniz bas\u0131n toplant\u0131s\u0131 yapar, a\u00e7\u0131klar\u0131m demi\u015f. Sonra Ferai TIN\u00c7&#8217;\u0131 aram\u0131\u015f. Sen ne yapmak istiyorsun, niyetin de demi\u015f..<\/p>\n<p style=\"text-align: justify;\">DA- \u00c7evik de biraz heyecanl\u0131..<\/p>\n<p style=\"text-align: justify;\">NT- Evet heyecanl\u0131, o var tabii&#8230; Biz \u00c7evik, Ben, Do\u011fu Pa\u015fa, Hava Kuvvetleri Komutan\u0131 ayn\u0131 devreyiz&#8230;&#8221;<\/p>\n<p style=\"text-align: justify;\"><strong>DE\u011eERLEND\u0130RME<\/strong><\/p>\n<p style=\"text-align: justify;\">S\u00f6z konusu yaz\u0131da y\u0131l belirtilmedi\u011finden dolay\u0131 takvim \u00fczerinde yap\u0131lan incelemede 31 Ekim&#8217;in 1999 y\u0131l\u0131nda Pazar g\u00fcn\u00fcne rast geldi\u011fi ve bu nedenle s\u00f6z konusu g\u00f6r\u00fc\u015fmenin &#8220;31 Ekim 1999&#8221; tarihinde yap\u0131ld\u0131\u011f\u0131 de\u011ferlendirilmi\u015ftir.<\/p>\n","protected":false},"excerpt":{"rendered":"<\/p>\n<p> Balbay&#8217;\u0131n G\u00fcnl\u00fckleri : 1 &#8211; 2 &#8211; 3 &#8211; 4 &#8211; 5 &#8211; 6 &#8211; 7 &#8211; 8 <\/p>\n<p style=\"text-align: justify;\">&#8216;TEPEDEK\u0130NE B\u0130RAZ DOKUNMAK LAZIM ARTIK&#8217;<\/p>\n<p style=\"text-align: justify;\">&#8220;16 Ekimde \u015eenerle AO\u00c7&#8217;deki binada yemekli g\u00f6r\u00fc\u015fme&#8230; ba\u015fba\u015fa&#8230; bilgibelge&#8230; en tepedekini gerekirse aram\u0131za al\u0131p birlikte y\u00fcr\u00fcyoruz havas\u0131 verme. O \u00f6l\u00fc bile olsa ayakta ve bizimle g\u00f6stermemiz gerekli&#8230; <\/p>\n","protected":false},"author":1,"featured_media":0,"comment_status":"open","ping_status":"closed","sticky":false,"template":"","format":"standard","meta":{"footnotes":""},"categories":[105],"tags":[],"class_list":["post-6334","post","type-post","status-publish","format-standard","hentry","category-gundem","odd"],"_links":{"self":[{"href":"http:\/\/www.korhanyilmaz.com\/index.php?rest_route=\/wp\/v2\/posts\/6334","targetHints":{"allow":["GET"]}}],"collection":[{"href":"http:\/\/www.korhanyilmaz.com\/index.php?rest_route=\/wp\/v2\/posts"}],"about":[{"href":"http:\/\/www.korhanyilmaz.com\/index.php?rest_route=\/wp\/v2\/types\/post"}],"author":[{"embeddable":true,"href":"http:\/\/www.korhanyilmaz.com\/index.php?rest_route=\/wp\/v2\/users\/1"}],"replies":[{"embeddable":true,"href":"http:\/\/www.korhanyilmaz.com\/index.php?rest_route=%2Fwp%2Fv2%2Fcomments&post=6334"}],"version-history":[{"count":0,"href":"http:\/\/www.korhanyilmaz.com\/index.php?rest_route=\/wp\/v2\/posts\/6334\/revisions"}],"wp:attachment":[{"href":"http:\/\/www.korhanyilmaz.com\/index.php?rest_route=%2Fwp%2Fv2%2Fmedia&parent=6334"}],"wp:term":[{"taxonomy":"category","embeddable":true,"href":"http:\/\/www.korhanyilmaz.com\/index.php?rest_route=%2Fwp%2Fv2%2Fcategories&post=6334"},{"taxonomy":"post_tag","embeddable":true,"href":"http:\/\/www.korhanyilmaz.com\/index.php?rest_route=%2Fwp%2Fv2%2Ftags&post=6334"}],"curies":[{"name":"wp","href":"https:\/\/api.w.org\/{rel}","templated":true}]}}