{"id":6331,"date":"2009-03-16T18:26:43","date_gmt":"2009-03-16T16:26:43","guid":{"rendered":"http:\/\/www.korhanyilmaz.com\/?p=6331"},"modified":"2009-03-16T18:26:43","modified_gmt":"2009-03-16T16:26:43","slug":"mustafa-ozbek-ya-iktidar-ya-darbe","status":"publish","type":"post","link":"http:\/\/www.korhanyilmaz.com\/?p=6331","title":{"rendered":"MUSTAFA \u00d6ZBEK: YA \u0130KT\u0130DAR, YA DARBE"},"content":{"rendered":"<p><img loading=\"lazy\" decoding=\"async\" class=\"aligncenter size-full wp-image-6428\" src=\"http:\/\/www.korhanyilmaz.com\/wp-content\/uploads\/2009\/03\/240320091034516992749_37.jpg\" alt=\"\" width=\"300\" height=\"142\" \/><\/p>\n<h5 style=\"text-align: justify;\"><span style=\"color: #993300;\">Balbay&#8217;\u0131n G\u00fcnl\u00fckleri : <span style=\"color: #0000ff;\"><a href=\"http:\/\/www.korhanyilmaz.com\/?p=6306\" target=\"_self\">1<\/a> &#8211; <a href=\"http:\/\/www.korhanyilmaz.com\/?p=6317 \" target=\"_self\">2<\/a> &#8211;<a href=\"http:\/\/www.korhanyilmaz.com\/?p=6312\" target=\"_self\"> 3<\/a> &#8211; <a href=\"http:\/\/www.korhanyilmaz.com\/?p=6321\" target=\"_self\">4<\/a> &#8211; <a href=\"http:\/\/www.korhanyilmaz.com\/?p=6325\" target=\"_self\">5<\/a> &#8211; <a href=\"http:\/\/www.korhanyilmaz.com\/?p=6328\" target=\"_self\">6<\/a> &#8211; <a href=\"http:\/\/www.korhanyilmaz.com\/?p=6331\" target=\"_self\">7 <\/a>&#8211; <a href=\"http:\/\/www.korhanyilmaz.com\/?p=6334\" target=\"_self\">8<\/a><\/span><\/span><\/h5>\n<p style=\"text-align: justify;\"><strong>MUSTAFA \u00d6ZBEK: YA \u0130KT\u0130DAR, YA DARBE<\/strong><\/p>\n<p style=\"text-align: justify;\">&#8220;Saat 13.00 T\u00fcrk Metal&#8217;de Mustafa \u00d6ZBEK&#8217;le g\u00f6r\u00fc\u015fm<br \/>\nS\u0131cak bir g\u00f6r\u00fc\u015fme&#8230; Kar\u015f\u0131l\u0131kl\u0131 i\u015fbirli\u011fi. Yemekte so\u011fumu\u015f bal\u0131k ve bol ye\u015fillik&#8230; Bulgur pilav\n<\/p>\n<p style=\"text-align: justify;\">&#8211; Bence \u00e7\u00f6z\u00fcm giderek zorla\u015f\u0131yor. Ya bunlar\u0131 t\u00fcm\u00fcyle al\u0131p indirecek toplumsal g\u00fcc\u00fc fazla bir iktidar ya da darbe&#8230; Yanl\u0131\u015f anlamay\u0131n, istiyor de\u011filim. En \u00e7ok biz zarar g\u00f6r\u00fcr\u00fcz ama, \u00e7\u00f6z\u00fcm burada g\u00f6r\u00fcn\u00fcyor.<\/p>\n<p style=\"text-align: justify;\">&#8211; Bu devletin, sendikalar\u0131n tepesindekilere bak\u0131yorum yanl\u0131\u015f anlamay\u0131p heps G\u00fcrc\u00fc. Ba\u015fbakan, Salih KILI\u00c7, ADD Genel Ba\u015fkan\u0131.<\/p>\n<p style=\"text-align: justify;\">&#8211; Cumhuriyet&#8217;le her \u015feye var\u0131z. Arkada\u015flar proje getirsinler. Bizim T\u00fcrk Metal&#8217;in kullan\u0131labiecek 8 Trl var. Bunun y\u00fczde 40&#8217;\u0131 yasaya g\u00f6re \u015firketlere ortak olmaya, hisse almaya uygun.<\/p>\n<p style=\"text-align: justify;\">Cumhurba\u015fkan\u0131 ile g\u00f6r\u00fc\u015fmede ad\u0131n\u0131n ge\u00e7ti\u011fi yerleri anlatt\u0131k.&#8221;<\/p>\n<p style=\"text-align: justify;\">&#8220;Ak\u015fam Muzaffer ERYILMAZ, Metin PEKER, Erhan AYG\u00dcN, \u0130lhan abi Bilkent fi\u015fhause&#8230; \u015farap, bal\u0131k, sohbet. \u0130lhan abi \u00e7ok ne\u015feli&#8230; D\u00fczl\u00fc\u011fe \u00e7\u0131kt\u0131k, kara ge\u00e7tik&#8230; Erhan, biz neyapabiliriz, proje, ka\u011f\u0131t paras\u0131 biz verelim falan dedi.&#8221;<!--more--><\/p>\n<p style=\"text-align: justify;\"><strong>DE\u011eERLEND\u0130RME<\/strong><\/p>\n<p style=\"text-align: justify;\">Yaz\u0131 i\u00e7erisinde y\u0131l belirtilmedi\u011finden dolay\u0131 \u00f6nceki notun devam\u0131 niteli\u011finde oldu\u011fu ve tarihin 23 Mart 2005 oldu\u011fu,<br \/>\nA\u00e7\u0131k kaynaklardan yap\u0131lan ara\u015ft\u0131rmada ve incelemenin genelinden &#8216;\u0130lhan&#8217;n\u0131n Cumhuriyet Gazetesi \u0130mtiyaz Sahibi \u0130lhan SEL\u00c7UK, Muzaffer ERYILMAZ&#8217;\u0131n \u00c7ankaya Belediye Ba\u015fkan\u0131, Erhan AYG\u00dcN&#8217;\u00fcn ise Park Holding orta\u011f\u0131 oldu\u011fu de\u011ferlendirilmi\u015ftir.\n<\/p>\n<p style=\"text-align: justify;\">Ayr\u0131ca a\u00e7\u0131k kaynaklarda yap\u0131lan ara\u015ft\u0131rmada d\u00f6nemin ADD Genel Ba\u015fkan\u0131&#8217;n\u0131n Ertu\u011frul KAZANCI, Ba\u015fbakan\u0131n ise Recep Tayip ERDO\u011eAN oldu\u011fu de\u011ferlendirilmi\u015ftir.<\/p>\n<p style=\"text-align: justify;\"><strong>&#8216;KOMUTAN TYSON&#8217;DAN YUMRUK YEM\u0130\u015e G\u0130B\u0130 OLDU&#8217;<\/strong><\/p>\n<p style=\"text-align: justify;\">&#8220;Ya\u015fak B\u00dcY\u00dcKANIT&#8217;la 28 Mart Cuma g\u00fcn\u00fc saat 17.00&#8217;da karargahta g\u00f6r\u00fc\u015fme.<\/p>\n<p style=\"text-align: justify;\">Karargaha giri\u015fte her zamanki gibi tam kar\u015f\u0131da Atat\u00fcrk&#8230; Onu ge\u00e7ince meclis&#8217;te Atat\u00fcrk, onu ge\u00e7ince yine meclis \u00f6n\u00fcnde Atat\u00fcrk, onu ge\u00e7ince tam kar\u015f\u0131da yine mare\u015fal \u00fcniformas\u0131yla portre Atat\u00fcrk.<\/p>\n<p style=\"text-align: justify;\">Bekleme odas\u0131nda K\u0131br\u0131s G\u00fcvenlik Komutanl\u0131\u011f\u0131n\u0131n gemi, \u00fczerinde K\u0131br\u0131s&#8217;taki birliklerin bulunduklar\u0131 yerleri g\u00f6steren bayraklar yelken gibi i\u015flenmi\u015f&#8230;<\/p>\n<p style=\"text-align: justify;\">Caml\u0131 b\u00f6l\u00fcmde Osmanl\u0131dan bu yana asker \u00fcniformalar\u0131&#8230; Duvarla san\u0131r\u0131m 30 May\u0131s 2001&#8217;de \u00e7ekilmi\u015f K\u0131vr\u0131ko\u011flu&#8217;nun da oldu\u011fu genelkurmay \u00f6n\u00fcnde toplu hat\u0131ra foto\u011fraf\u0131l.<br \/>\nK\u0131sa bir giri\u015f sohbeti&#8230; Kas\u0131mpa\u015fa&#8217;dan \u00f6nce Sultahanmet \u00f6nemlidir. Benim day\u0131m eski kabaday\u0131lardand\u0131. Biz Sultanahmet&#8217;te b\u00fcy\u00fcd\u00fck.\n<\/p>\n<p style=\"text-align: justify;\">&#8211; Sizin bu yaz\u0131 \u00e7ok ciddi bir durum. Bu orduyu \u00e7atlat\u0131r. \u00c7atlat\u0131r. \u00c7ok ciddi. e\u011fer altta b\u00f6yle bir durum \u00f6ne \u00e7\u0131karsa TSK bundan b\u00fcy\u00fck yara al\u0131r<\/p>\n<p style=\"text-align: justify;\">&#8211; Ben komutan\u0131 1970&#8217;lerden beri tan\u0131yorum. Beraber \u00e7al\u0131\u015ft\u0131k, ayr\u0131 yerlere gittik, yine \u00e7al\u0131\u015ft\u0131k&#8230; komutan \u00f6yle biri de\u011fil.<\/p>\n<p style=\"text-align: justify;\">&#8211; Yazd\u0131klar\u0131n\u0131z\u0131n y\u00fczde 95&#8217;ine kat\u0131l\u0131yorum. Ama bu Aziz AKG\u00dcL&#8217;le g\u00f6r\u00fc\u015fmesi yok. Sadece bir kez, 3 Kas\u0131m se\u00e7imlerinden sonra Erdo\u011fan ve Aksu&#8217;yla geldi. O kadar. Ben buran\u0131n muhtar\u0131y\u0131m. Siz bana 3 y\u0131l \u00f6nce burada \u015f\u00f6yle bir g\u00f6r\u00fc\u015fme olmu\u015f deyin ben hemen \u00e7\u0131kart\u0131r, bilgisayara bakar\u0131m. \u00d6yle bir g\u00f6r\u00fc\u015fme yok. (ben, g\u00f6r\u00fc\u015fme, karargahta de\u011fil ba\u015fka yerde olmu\u015f, deyince)&#8230; aaaa, eee, onu bilemem. Tabi o ayr\u0131. Yani oldu\u011funu sanm\u0131yorum. Aziz AKG\u00dcL&#8217;de Harp Okulundan gelen dostlu\u011fu do\u011fru ama, \u00f6yle g\u00f6r\u00fc\u015fme falan yapaca\u011f\u0131 bir durum olaca\u011f\u0131n\u0131 sanm\u0131yor<\/p>\n<p style=\"text-align: justify;\">&#8211; Komutan \u00e7ok \u00fcz\u00fcld\u00fc. \u0130nan\u0131n \u00e7ok \u00fcz\u00fcld\u00fc. Tyson&#8217;dan yumrum yemi\u015f gibi oldu. \u015ea\u015f\u0131rd\u0131. Bana sordu. Ben Mustafa beyi tan\u0131r\u0131m dedim. \u00d6yle tan\u0131mad\u0131\u011f\u0131m\u0131z biri de\u011fil dedim&#8230; \u00c7ok \u00fcz\u00fcld\u00fc. Neden, dedi.<\/p>\n<p style=\"text-align: justify;\">&#8211; Siz e\u011fer bunu uygun bir dille, bilirsiniz onu, \u015f\u00f6yle bir uyakl\u0131 bir \u015fekilde d\u00fczeltirseniz, bir nebze, iyi olacak&#8230; (ben de yeri gelirse, \u00f6yle bir durum olabilir, deyip ba\u015fka bir \u015fey demedim<\/p>\n<p style=\"text-align: justify;\">&#8211; (Ben bunlar\u0131n kadrdola\u015fmas\u0131ndan, bunun tehlikesinden s\u00f6z edince) \u00e7ok hakl\u0131s\u0131n\u0131z&#8230; Bunlar gitse bile kal\u0131nt\u0131lar\u0131 y\u0131llarca temizlenemez. \u00d6yle kadrola\u015f\u0131yorlar. M\u00fccadele etmek gerekir ama, bak\u0131n 28 \u015eubat farkl\u0131yd\u0131. Orada bunlar h\u00fck\u00fcmet orta\u011f\u0131yd\u0131. \u00d6teki ortakla i\u015fbirli\u011fi yap\u0131balilirdi. \u015eimdi bunlar tek ba\u015f\u0131na geldiler. \u00d6yle bir g\u00fc\u00e7le geldiler. Hem 28 \u015eubatta iktidara geldiler 6 ay sonra ilk ad\u0131mlar at\u0131ld\u0131. Bunlar geleli 4 ay oldu. Bunun da nas\u0131l ge\u00e7ti\u011fini g\u00f6r\u00fcyorsunuz<\/p>\n<p style=\"text-align: justify;\">&#8211; Bana k\u00fcfredin. \u0130sted\u011fiiniz s\u00f6yleyin. Musatfa bey \u00f6yle d\u00fc\u015f\u00fcnm\u00fc\u015f der, keserim. Ama TSK&#8217;ya zarar verecek bir \u015fey yaparsan\u0131z \u00e7ok \u00fcz\u00fcl\u00fcr\u00fcm. Hemen duruma bakar\u0131m. Bundan TSK \u00e7ok zarar g\u00f6r\u00fcr. \u0130\u00e7inde bulundu\u011fmuuz ko\u015fullar\u0131 biliyorszunuz<\/p>\n<p style=\"text-align: justify;\"><strong>B\u00dcY\u00dcKANIT: BU SE\u00c7MEN \u0130RADES\u0130. HEP B\u0130ZE G\u00dcVEN\u0130YORLAR, AMA NEREYE KADAR<\/strong><\/p>\n<p style=\"text-align: justify;\">&#8211; Bunlarla m\u00fccadele sadece bizim i\u015fimiz de\u011fil. Bu se\u00e7men iradesi. Bunlara oy veren 10.5 milyona da sormak laz\u0131m. Hep bize g\u00fcvneiyorlarlar. Ama nereye kadar..<\/p>\n<p style=\"text-align: justify;\">&#8211; Bug\u00fcn medya deste\u011fi olmadan hi\u00e7bir \u015fey yap\u0131lamaz. Bak\u0131n medyaya sizin d\u0131\u015f\u0131n\u0131zda laiklikle ilgili hassasiyeti olan yay\u0131n organ\u0131 yok. Art\u0131k bu konuda sizden ba\u015fka kimseye bilgi notu da g\u00f6ndermiyoruz. (ben, kesildi, azald\u0131, deyince)&#8230; Evet orada bir kaza oldu. Bir hasar meydana geldi. D\u00fczeltiyoruz, yeniden yo\u011funla\u015ft\u0131raca\u011f\u0131z<\/p>\n<p style=\"text-align: justify;\">&#8211; Ayd\u0131n DO\u011eAN geldi s\u00f6yledim. Her g\u00fcn milliyetin birinci sayfas\u0131nda bir t\u00fcrbanl\u0131 fotor\u011faf koymaya mecbur musunuz, dedim. Fark\u0131nda de\u011filim, bakay\u0131m dedi. Ertesi g\u00fcn de birinci sayfaya H\u00fclya AV\u015eAN&#8217;\u0131n poposunu koydular. Ben ille onu yap demiyorum ki<\/p>\n<p style=\"text-align: justify;\"><strong>&#8216;G\u00dcL&#8217;\u00dcN \u0130NG\u0130L\u0130ZCES\u0130 GAKGUK \u0130NG\u0130L\u0130ZCES\u0130&#8217;<\/strong><\/p>\n<p style=\"text-align: justify;\">&#8211; Bu Abdullah G\u00dcL, Erdo\u011fan&#8217;dan daha tehlikeli. \u00d6yle g\u00fclery\u00fczl\u00fc durdu\u011funa bakmay\u0131n. ingilizcesi de gakguk ingilizcesi. Powel&#8217;la telefonla konu\u015fuyor. Ne dedi\u011fi belli de\u011fil..<\/p>\n<p style=\"text-align: justify;\">&#8211; Benim bunlarla bir temas\u0131m yok. Eski h\u00fck\u00fcmet r\u00f6neminde i\u015fleri H\u00fcsamettin \u00d6ZKAN&#8217;la halederdik. \u015eimdi o yok. \u00d6yle bir ortam yok. Hi\u00e7 temas\u0131m da yok.<\/p>\n<p style=\"text-align: justify;\">&#8211; (\u00d6zk\u00f6k&#8217;\u00fcn e\u015fi G\u00fcl&#8217;\u00fcn e\u015finin 8 Mart davetine mesaj \u00e7ekmi\u015f, deyince) yaa, sanm\u0131yorum. Yapmamas\u0131 laz\u0131m. Bana davetiye geldi, e\u015fim iade edelim, dedi. \u00d6yle yapt\u0131k. Tabii o ailevi bir durum, bunun olmamas\u0131 laz\u0131m.<\/p>\n<p style=\"text-align: justify;\">&#8211; T\u00fcrkiye&#8217;yi daha zorlu g\u00fcnler bekliyor. Bak\u0131n, nisan ortas\u0131 AB s\u00fcreci diye yeni durumlar ba\u015flayacak. Ordunun siyasetteki a\u011f\u0131rl\u0131\u011f\u0131na gelecekler. Oysa ne a\u011f\u0131rnl\u0131\u011f\u0131 var. (ben, int her trb\u00fc&#8217;de \u00e7\u0131kan reform i\u00e7in ordunun gerekli oldu\u011fu, yaz\u0131s\u0131n\u0131 an\u0131msat\u0131nca)&#8230; ama her \u015fey ordudan beklenmemeli. \u015eili B\u00fcy\u00fckel\u00e7il\u011finde \u00e7al\u0131\u015fan zarif bir han\u0131m var. E\u015fi \u015eilili. 3 Kas\u0131mdan \u00f6nce korktu\u011funu s\u00f6yledi, sonra neyse ki ordu var dedi. Ben de sana bir yumruk \u00e7akar\u0131m dedim. G\u00fcld\u00fck. Ama 28 \u015eubatta \u00fcniversiteler vard\u0131, toplum ayaktayd\u0131&#8230; Bunlar daha ak\u0131ll\u0131 gidiyor, onlar\u0131n yapt\u0131\u011f\u0131 hatalar\u0131 yapm\u0131yor..<\/p>\n<p style=\"text-align: justify;\"><strong>&#8216;BA\u015eBAKANLIK&#8217;TAK\u0130 K\u00dcRT\u00c7\u00dc, \u015eER\u0130AT\u00c7I YAPIDAN END\u0130\u015eEL\u0130Y\u0130Z&#8217;<\/strong><\/p>\n<p style=\"text-align: justify;\">&#8211; (Benim benzer s\u00f6zlerim \u00fczerine) Ba\u015fbakanl\u0131kta K\u00fcrt\u00e7\u00fc-\u015eeriat\u00e7\u0131 bir yap\u0131 olu\u015fuyor. \u00e7ok endi\u015fe ediyoruz..<\/p>\n<p style=\"text-align: justify;\">&#8211; (Yeri geldik\u00e7e yaz\u0131ya d\u00f6nd\u00fc) bunu ne olur d\u00fczeltin,<br \/>\nhaberin kayna\u011f\u0131n\u0131 sormaya hakk\u0131m yok. Bizim i\u00e7imizden de sab\u0131rs\u0131z arkada\u015flar\u0131m\u0131z \u00e7\u0131k\u0131yor. Baz\u0131 \u015feyler yanl\u0131\u015f anla\u015f\u0131labiliyor..\n<\/p>\n<p style=\"text-align: justify;\">&#8211; 1960&#8217;lar\u0131, 70&#8217;leri, 80&#8217;leri ya\u015fad\u0131k. Her \u015feyi g\u00f6rd\u00fcm. Ordunun birlik beraberli\u011fi \u00e7ok \u00f6nemli. Bu nedenle sizden haseten rica ediyorum&#8221;<\/p>\n<p style=\"text-align: justify;\"><strong>DE\u011eERLEND\u0130RME<\/strong><\/p>\n<p style=\"text-align: justify;\">S\u00f6z konusu yaz\u0131da y\u0131l belirtilmedi\u011finden dolay\u0131 takvim \u00fczerinde yap\u0131lan incelemede 28 Mart&#8217;\u0131n 2003 y\u0131l\u0131nda Cuma g\u00fcn\u00fcne rast geldi\u011fi ve bu nedenle s\u00f6z konusu g\u00f6r\u00fc\u015fmenin &#8220;28 Mart 2003&#8221; tarihinde yap\u0131ld\u0131\u011f\u0131 de\u011ferlendirilmi\u015ftir.<br \/>\nA\u00e7\u0131k kaynaklardan yap\u0131lan ara\u015ft\u0131rmada Ya\u015far B\u00dcY\u00dcKANITIN belirtilen tarihte Genelkurmay \u0130kinci Ba\u015fkan\u0131 oldu\u011fu, Aziz AKG\u00dcL&#8217;\u00fcn ise Kara Harp Okulu mezunu ve 22.D\u00f6nem Diyarbak\u0131r milletvekili oldu\u011fu g\u00f6r\u00fclm\u00fc\u015ft\u00fcr.\n<\/p>\n<p style=\"text-align: justify;\"><strong>&#8216;\u00c7ET\u0130N DO\u011eAN O G\u00dcNE HAZIRLANIYOR&#8217;<\/strong><\/p>\n<p style=\"text-align: justify;\">&#8220;31 Mart Pazartesi Mehmet Beyle g\u00f6r\u00fc\u015fm<br \/>\n&#8211; Elinize sa\u011fl\u0131k&#8230; Adresini buldu. Arkas\u0131 gelebilir&#8230; \u00c7etin&#8217;in ameliyat olmas\u0131n\u0131n nedeni haz\u0131rl\u0131k. O g\u00fcne haz\u0131rlan\u0131r&#8230; R\u00f6portajda s\u00fcrekli ben emekli olaca\u011f\u0131m demesinin nedeni, baz\u0131 dedikodular \u00e7\u0131kt\u0131\u011f\u0131 i\u00e7in kimseyi \u00fcrk\u00fctmemek. Ama fazla emekli olaca\u011f\u0131m, dedi.&#8221;\n<\/p>\n<p style=\"text-align: justify;\"><strong>DE\u011eERLEND\u0130RME<\/strong><\/p>\n<p style=\"text-align: justify;\">S\u00f6z konusu yaz\u0131da y\u0131l belirtilmedi\u011finden dolay\u0131 takvim \u00fczerinde yap\u0131lan incelemede 31 Mart&#8217;\u0131n 2003 y\u0131l\u0131nda Pazartesi g\u00fcn\u00fcne rast geldi\u011fi ve bu nedenle s\u00f6z konusu g\u00f6r\u00fc\u015fmenin &#8220;31 Mart 2003&#8221; tarihinde yap\u0131ld\u0131\u011f\u0131,<br \/>\nA\u00e7\u0131k kaynaklarda yap\u0131lan ara\u015ft\u0131rma ve incelmenin genelinden &#8216;Memet&#8217;in \u00fcst d\u00fczey bir askeri personel, &#8216;\u00c7etin&#8217;in ise d\u00f6nemin 1.Ordu Komutan\u0131 \u00c7etin DO\u011eAN oldu\u011fu de\u011ferlendirilmi\u015ftir.\n<\/p>\n<p style=\"text-align: justify;\">Ayr\u0131ca a\u00e7\u0131k kaynaklarda yap\u0131lan ara\u015ft\u0131rmada 1. Ordu Komutan\u0131 \u00c7etin DO\u011eAN&#8217;\u0131n 31 Mart 2003 tarihinde by-pass ameliyat\u0131 ge\u00e7irdi\u011fi g\u00f6r\u00fclm\u00fc\u015ft\u00fcr.<\/p>\n<p style=\"text-align: justify;\"><strong>ERUYGUR&#8217;DAN BALBAY&#8217;A: G\u00d6REV\u0130N\u0130Z\u0130 YAPTINIZ. RAHATSIZIZ<\/strong><\/p>\n<p style=\"text-align: justify;\">&#8220;31 May\u0131s \u00f6\u011fleyin evinden JGK Eruygur arad\u0131..<\/p>\n<p style=\"text-align: justify;\">&#8211; G\u00f6revinizi yapt\u0131n\u0131z. rahats\u0131z\u0131z., \u015funu sorun soranlara siz rahats\u0131z de\u011fil misiniz&#8230;k\u00f6pek&#8230; bunlar korkak Kas\u0131mpa\u015fa kabaday\u0131s\u0131..&#8221;<\/p>\n<p style=\"text-align: justify;\"><strong>DE\u011eERLEND\u0130RME<\/strong><\/p>\n<p style=\"text-align: justify;\">S\u00f6z konusu yaz\u0131da y\u0131l belirtilmedi\u011finden dolay\u0131 di\u011fer notlar\u0131n tarih ak\u0131\u015f\u0131 dikkate al\u0131nd\u0131\u011f\u0131nda g\u00f6r\u00fc\u015fmenin &#8217;31 May\u0131s 2003&#8242; tarihinde yap\u0131ld\u0131\u011f\u0131,<br \/>\nA\u00e7\u0131k kaynaklarda yap\u0131lan ara\u015ft\u0131rma ve incelemenin genelinden &#8216;JGK Eruygur&#8217;un belirtilen tarihte Jandarma Genel Komutan\u0131 olan Mehmet \u015eener ERUYGUR oldu\u011fu de\u011ferlendirilmi\u015ftir.\n<\/p>\n<p style=\"text-align: justify;\">Ayr\u0131ca a\u00e7\u0131k kaynaklarda yap\u0131lan ara\u015ft\u0131rmada Mustafa BALBAY&#8217;\u0131n 23 May\u0131s 2003 tarihli Cumhuriyet Gazetesinde &#8216;Gen\u00e7 subaylar tedirgin&#8217; ba\u015fl\u0131kl\u0131 bir yaz\u0131 yazd\u0131\u011f\u0131 g\u00f6r\u00fclm\u00fc\u015ft\u00fcr.<\/p>\n<p style=\"text-align: justify;\"><strong>ERUYGUR: KEND\u0130M\u0130 ZOR TUTUYORUM. 28 \u015eUBAT&#8217;TA BU R\u00dcTBEDE OLMALIYDIM<\/strong><\/p>\n<p style=\"text-align: justify;\">&#8220;16 Eyl\u00fcl Sal\u0131 g\u00fcn\u00fc saat 16 s\u0131ralar\u0131nda bulu\u015ftuk. CB de\u011ferlendirmesi. tedirginli\u011fi..<\/p>\n<p style=\"text-align: justify;\">17&#8217;de eski binada \u015eenerle g\u00f6r\u00fc\u015fme. Tam zaman\u0131nda ald\u0131. M\u00fcfit Yarbay Albayl\u0131\u011fa terfi etti. Bu r\u00fctbede ilk ziyaret<br \/>\n\u015eener Pa\u015fa bizi her zamanki gibi g\u00fclery\u00fczl\u00fc, ayakta, kap\u0131n\u0131n hemen yan\u0131nda kar\u015f\u0131lad\u0131<br \/>\nHeyecanl\u0131, gergin, k\u0131zg\u0131n, umutla k\u00f6t\u00fc haberlerin k\u0131zg\u0131nl\u0131\u011f\u0131 aras\u0131ndayd\u0131. S\u0131k s\u0131k, ben zaten konu\u015fmaya ba\u015flad\u0131m, ad\u0131m\u0131m\u0131 da att\u0131m. Geri \u00e7ekmek devam ederim dedi. S\u0131k s\u0131k bu y\u00f6nde de\u011ferlendirme yapt\u0131.<\/p>\n<p style=\"text-align: justify;\">\u0130S, bunlardan kurtulmak i\u00e7in biraz zaman dedi\u011finde, bunlar\u0131n bir saniye kalmas\u0131 zarar dedi. Yineledi, bir saniye durdmamalar\u0131 gerekir aram\u0131z\u0131 s\u0131k\u0131 tutmal\u0131y\u0131z. Arkada kalanlar\u0131 yan\u0131m\u0131za \u00e7ekmeli, ileri gidenleri yava\u015flatmal\u0131y\u0131z. Kar\u015f\u0131 tarafa malzeme vermemek i\u00e7in gerekirse aram\u0131zdaki \u00f6l\u00fcy\u00fc bile aram\u0131za s\u0131k\u0131\u015ft\u0131r\u0131p, bizimle ve ayakta g\u00f6stermemiz laz\u0131m bunlar felaket. Bazen kendimi zor tutuyorum o 28 \u015fubatta, 12 eyl\u00fclde bu r\u00fctbemde olmay\u0131 isterdim<br \/>\nMedyada bizden&#8221;\n<\/p>\n<p style=\"text-align: justify;\"><strong>DE\u011eERLEND\u0130RME<\/strong><\/p>\n<p style=\"text-align: justify;\">S\u00f6z konusu yaz\u0131da y\u0131l belirtilmedi\u011finden dolay\u0131 takvim \u00fczerinde yap\u0131lan incelemede 16 Eyl\u00fcl&#8217;\u00fcn 2003 tarihinde Sal\u0131 g\u00fcn\u00fcne rast geldi\u011fi ve bu nedenle s\u00f6z konusu g\u00f6r\u00fc\u015fmenin &#8220;16 Eyl\u00fcl 2003&#8221; tarihinde yap\u0131ld\u0131\u011f\u0131,<br \/>\nA\u00e7\u0131k kaynaklardan yap\u0131lan ara\u015ft\u0131rmada ve incelemenin genelinden &#8216;\u0130S&#8217;nin Cumhuriyet Gazetesi \u0130mtiyaz Sahibi \u0130lhan SEL\u00c7UK, &#8216;\u015eener Pa\u015fa&#8217;n\u0131n ise d\u00f6nemin Jandarma Genel Komutan\u0131 Mehmet \u015eener ERUYGUR oldu\u011fu de\u011ferlendirilmi\u015ftir.\n<\/p>\n<p style=\"text-align: justify;\"><strong>B\u00dcY\u00dcKANIT: S\u00d6YLEY\u0130N BALBAY BU MEDYA YAPISIYLA BUG\u00dcN DARBE YAPILIR MI?<\/strong><\/p>\n<p style=\"text-align: justify;\">&#8220;6 Nisan 2003 Pazar g\u00fcn\u00fc saat 12.30&#8217;da Genelkurmay Karargah\u0131nda Aslan Pa\u015fayla g\u00f6r\u00fc\u015fmle&#8230; 45 dakika sonra, Ya\u015far Pa\u015fa geldi, ona g\u00fcn\u00fc anlatmam laz\u0131m, isterseniz bekleyin, en \u00e7ok yar\u0131m saat s\u00fcrer&#8217; dedi sonra ikisi birlikte geldiler..Ya\u015far Pa\u015fa, sivildi. K\u0131rm\u0131z\u0131 a\u011f\u0131rl\u0131kl\u0131 bir ti\u015f\u00f6rt\u00fc vard\u0131. Konu Hilmi Pa\u015fayla ilgili yaz\u0131ya geldi..<\/p>\n<p style=\"text-align: justify;\">&#8211; S\u00f6yleyin Say\u0131n Balbay, bu medya yap\u0131s\u0131yla bug\u00fcn darbe yap\u0131l\u0131r m\u0131? Yap\u0131lmaz. Bug\u00fcn medyay\u0131 arkan\u0131za almad\u0131ktan sonra bir \u015fey yapamazs\u0131n\u0131z. Laikli\u011fi konu edinen bir tek siz vars\u0131n\u0131z. \u00d6teki gazeteler her g\u00fcn bir t\u00fcrbanl\u0131 kad\u0131n foto\u011fraf\u0131 koyup, neredeyse sempatik hale getirdmeye \u00e7al\u0131\u015f\u0131yorlar<\/p>\n<p style=\"text-align: justify;\">&#8211; Sizin yaz\u0131 bizi \u00e7atlat\u0131r. Bundan endi\u015fe ediyoruz. Komutan \u0131srar ediyor. G\u00f6r\u00fc\u015fmedim diyor. neredeyse ikisini y\u00fczle\u015ftirece\u011fiml diyor..<\/p>\n<p style=\"text-align: justify;\">&#8211; Biz Ba\u015fbakanl\u0131k Takip Kuruluna yine bilgi belge g\u00f6nderiyoruz ama, kime ne g\u00f6nrereceksiniz<\/p>\n<p style=\"text-align: justify;\">&#8211; 28 \u015eubat, \u00f6ncesi&#8230; Ge\u00e7mi\u015fe bakarak bir \u015fey olmaz. \u0130leriye bakmam\u0131z lyaz\u0131m. ileriye, ge\u00e7mi\u015fe tak\u0131l\u0131p kalmamak laz\u0131m..<\/p>\n<p style=\"text-align: justify;\">&#8211; U\u011fgur MUMCU benim arkada\u015f\u0131md\u0131. Buraya \u00e7ok geldi gitti. Bizim ar\u015fivde \u00e7al\u0131\u015ft\u0131. En sevilen yazard\u0131&#8230; \u00f6ld\u00fcr\u00fclmeseyse ertesi g\u00fcn, pazartesi buraya gelecekti. Ar\u015fivde \u00e7al\u0131\u015f\u0131yordu. \u00d6calan&#8217;\u0131n kar\u0131s\u0131n\u0131n babas\u0131n\u0131n M\u0130TE \u00e7al\u0131\u015ft\u0131\u011f\u0131n\u0131 saptam\u0131\u015ft\u0131. daha derin ara\u015ft\u0131rmalar i\u00e7indeydi<\/p>\n<p style=\"text-align: justify;\">&#8211; Adamlar kadrola\u015f\u0131yorlar. Bunu g\u00f6r\u00fc\u015foruz. Bir\u015feyler yapmak laz\u0131m. Kabul ediyorum ama, 28 \u015eubat h\u00fck\u00fcmet kurulduktan 6-7 ay sonra patlad\u0131..<\/p>\n<p style=\"text-align: justify;\">(\u00d6calan \u0130mral\u0131&#8217;da, Sezer \u00c7ankaya&#8217;da tecrit. Aslan bey&#8221;<br \/>\nDE\u011eERLEND\u0130RME\n<\/p>\n<p style=\"text-align: justify;\">A\u00e7\u0131k kaynaklardan yap\u0131lan ara\u015ft\u0131rma ve incelemenin genelinden &#8216;Aslan Pa\u015fa&#8217;n\u0131n belirtilen tarihte Genelkurmay \u0130stihbarat Ba\u015fkan\u0131 olan Aslan G\u00dcNER, &#8216;Ya\u015far Pa\u015fa&#8217;n\u0131n ise belirtilen tarihte Genelkurmay 2. Ba\u015fkan\u0131 olan Mehmet Ya\u015far B\u00dcY\u00dcKANIT oldu\u011fu de\u011ferlendirilmi\u015ftir.<\/p>\n<p style=\"text-align: justify;\"><strong>ERUYGUR: \u0130RT\u0130CA B\u00d6YLE G\u0130DERSE DEMOKRAS\u0130 TEHL\u0130KEYE G\u0130RER<\/strong><\/p>\n<p style=\"text-align: justify;\">&#8220;2 Nisan Pazartes 15.3 \u015eener ERUYGUR&#8217;la g\u00f6r\u00fc\u015fme..<br \/>\n\u015eunu iyi bilin, MGK da \u015fu dendi irtica b\u00f6yle giderse, demokrasi tehlikeye girer.&#8217; bunu ben s\u00f6yledim komutan Y\u00d6K&#8217;le ilgili a\u011f\u0131r konu\u015ftu. O k\u00f6 de b\u00f6yle bir plan\u0131m\u0131z yok dedi\n<\/p>\n<p style=\"text-align: justify;\">\u00c7ok dikkatli olmak laz\u0131m. (sizi G\u00fcven ERKAYA&#8217;ya benzetiyorlar) bak bu ho\u015fuma gitti. Benden haz etmediklerini biliyorum. Bu karola\u015fmay\u0131 mesele yapmak laz\u0131m. Ben Diyanet \u0130\u015fleri Ba\u015fkan\u0131n\u0131 \u00e7a\u011f\u0131rd\u0131m konu\u015ftum..&#8221;<\/p>\n<p style=\"text-align: justify;\"><strong>DE\u011eERLEND\u0130RME<\/strong><\/p>\n<p style=\"text-align: justify;\">S\u00f6z konusu yaz\u0131da y\u0131l belirtilmedi\u011finden di\u011fer notlar\u0131n ak\u0131\u015f\u0131na bak\u0131ld\u0131\u011f\u0131nda y\u0131l\u0131n 2003 oldu\u011fu ancak 2 Nisan 2003 tarihinin \u00c7ar\u015famba g\u00fcn\u00fcne rast geldi\u011fi dolay\u0131s\u0131yla notlardaki Pazartesi ibaresinin yanl\u0131\u015fl\u0131k yaz\u0131ld\u0131\u011f\u0131 de\u011ferlendirilmi\u015ftir.<\/p>\n<p style=\"text-align: justify;\"><strong>H\u0130LM\u0130 \u00d6ZK\u00d6K&#8217;E &#8216;MOLLA&#8217; YAKI\u015eTIRMASI<\/strong><\/p>\n<p style=\"text-align: justify;\">&#8220;29 Nisa<br \/>\nAk\u015fam Per\u015fembe Grubu topland\u0131. Erdal bey, T\u00fcrkiyede art\u0131k demokratik yollardan yap\u0131labilcek \u00e7ok az \u015feyin oldu\u011funu s\u00f6yledi. Adamlar\u0131n dini al\u0131p kulland\u0131\u011f\u0131 geriye bir \u015fey kalmad\u0131\u011f\u0131n\u0131 s\u00f6yledi. Hur\u015fit bey i\u00e7in \u00e7ok \u00f6v\u00fcc\u00fc \u015feyler s\u00f6yledi. Tak\u0131ld\u0131m: hayatta en hakiki m\u00fcr\u015fit Hur\u015fittir&#8230; Bir numara i\u00e7in molla diyoruz dedi..&#8221;\n<\/p>\n<p style=\"text-align: justify;\"><strong>DE\u011eERLEND\u0130RME<\/strong><\/p>\n<p style=\"text-align: justify;\">S\u00f6z konusu yaz\u0131da y\u0131l belirtilmedi\u011finden di\u011fer notlar\u0131n ak\u0131\u015f\u0131na bak\u0131ld\u0131\u011f\u0131nda y\u0131l\u0131n 2004 oldu\u011fu, netice olarak notun 29 Nisan 2004 tarihli oldu\u011fu,<br \/>\nS\u00f6z konusu yaz\u0131 i\u00e7eri\u011fi ve incelemenin genelinden &#8216;Per\u015fembe Grubu&#8217; \u015feklinde tan\u0131mlanan bir grup oldu\u011fu ve &#8216;Erdal&#8217;\u0131n belirtilen tarihte Genel Kurmay Adli M\u00fc\u015faviri olan T\u00fcmgeneral Erdal \u015eENEL, oldu\u011fu de\u011ferlendirilmi\u015ftir.\n<\/p>\n<p style=\"text-align: justify;\">&#8220;7 Nisan \u00c7ar\u015famba 200<\/p>\n<p style=\"text-align: justify;\">&#8211; Zekeriya TEM\u0130ZELLE birlikte \u0130stanbul&#8217;a gittik. Saat 17.00&#8217;de topland\u0131k. \u0130lhan SEL\u00c7UK, Alev CO\u015eKUN, Hikmet \u00c7ET\u0130NKAYA, \u0130brahim YILDIZ, Emre KONGAR, Mustafa PAMUKO\u011eLU, ben&#8230; Ak\u0131n ATALAY&#8217;\u0131n da gelmesi gerekiyordu. Cenazesi varm\u0131\u015f gelemedi..<\/p>\n<p style=\"text-align: justify;\">Temizel, 2 arkada\u015f\u0131yla 3 g\u00fcn gazetede \u00e7al\u0131\u015ft\u0131 ve her \u015feyi ortaya \u00e7\u0131kard\u0131..<\/p>\n<p style=\"text-align: justify;\">Bir hafta \u00f6nce Turgay C\u0130NER (TC) gazeteye gelmi\u015f, yukar\u0131daki kadroya yeni bir \u00f6neri getirmi\u015f. Buna g\u00f6re, yeni bir \u015firket kurulacak, b\u00fcy\u00fck ortak Cum Vakf\u0131 olacak. Onlar k\u00fc\u00e7\u00fck ortak ama, \u015firketin y\u00f6neticilerini k\u00fc\u00e7\u00fck ortak atayacak&#8230;bug\u00fcne kadar olan alacak verecek de s\u0131f\u0131rlanacak&#8230; Ciner bunu kabul ederseniz ben var\u0131m, etmezseniz yokum, reklam\u0131 da sat\u0131\u015f gelirini de size vereyim demi\u015f..Temizel bu \u00f6neriyi inceledi ilk tepkisi \u015fu oldu bunu kabul ederseniz t\u00fcm\u00fcyle teslim olursunuz&#8230;&#8217;\u0130lhan abi \u00f6yle d\u00fc\u015f\u00fcnmedi\u011fini a\u00e7\u0131k\u00e7a s\u00f6yledi arkada\u015flar bak\u0131n bu \u00f6neri \u00e7ok a\u00e7\u0131k ve bizi d\u00fczl\u00fc\u011fe \u00e7\u0131karacak bir \u00f6neri. Gelin bunu ayr\u0131ca dikkate al\u0131n. Hemen hay\u0131r demeyin&#8230; Bak\u0131n okuyorum \u00f6nerinin \u00f6nemli maddesini: ortaklar\u0131n d\u00f6rtte \u00fc\u00e7\u00fc evet demedik\u00e7e \u015firket yeni ad\u0131m atamaz, feshedilemez vs. burada bizim de s\u00f6z hakk\u0131m\u0131z olacak&#8230; Bir de bu Turgaya g\u00f6z\u00fcn\u00fcz\u00fc seveyim g\u00fcvensizlik g\u00f6stermeyin. O karde\u015fimizdir. A\u00e7\u0131k s\u00f6yleyeyim benim i\u00e7imde en ufak bir \u015f\u00fcphe falan yok&#8230;&#8217; ben uygun bir dille bunun kabul edilmesinin zor oldu\u011funu s\u00f6yleyip \u015f\u00f6yle dedim abi, bunlar reklam i\u015fini 2003 a\u011fustosta ald\u0131lar, daha o ay geliri yar\u0131ya indirdiler. Sonra da ayn\u0131 e\u011fik d\u00fczlem s\u00fcrd\u00fc. Bu neden? A\u00e7\u0131klayam\u0131yorlar. Sonra Cumhuiyeti Yeni As\u0131r ve Takvim&#8217;le birlikte pazarl\u0131yorlar. Bu cumhuriyete haks\u0131zl\u0131k. Son durum da bize 2 ay hi\u00e7 para g\u00f6ndermediler. Bunu da a\u00e7\u0131klayam\u0131yorlar. Ge\u00e7en y\u0131l temmuzda Dorint Otelde 5 ki\u015fi yemek yedik (TC, \u0130brahim, ben, Alev CO\u015eKUN, \u0130lhan SEL\u00c7UK) orada \u00fcst\u00fcne basa basa, sen her ay 300 bin dolar\u0131 garanti ediyor musun, dedik. Evet dedi. Alev abi bunu yaz\u0131l\u0131 bir protokole d\u00f6kelim dedi. Ona da evlet dedi&#8230; Ama bu s\u00f6zleri tutmad\u0131&#8230;&#8217; \u0130lhan abi bunlar\u0131 dinledikten sonra arkada\u015flar yeniden bakal\u0131m dedi&#8230; Emre, Hikmet, Alev abiler de so\u011fuk g\u00f6r\u00fc\u015f belirtti. ben ve \u0130brahim de..&#8221;<\/p>\n<p style=\"text-align: justify;\"><strong>DE\u011eERLEND\u0130RME<\/strong><\/p>\n<p style=\"text-align: justify;\">S\u00f6z konusu yaz\u0131da y\u0131l belirtilmedi\u011finden dolay\u0131 takvim \u00fczerinde yap\u0131lan incelemede 7 Nisan&#8217;\u0131n 2004 tarihinde \u00c7ar\u015famba g\u00fcn\u00fcne rast geldi\u011fi ve bu nedenle s\u00f6z konusu g\u00f6r\u00fc\u015fmenin &#8220;7 Nisan 2004&#8221; tarihli oldu\u011fu de\u011ferlendirilmi\u015ftir.<\/p>\n<p style=\"text-align: justify;\">&#8220;\u0130lhan abi 17 Nisan Cumartesi gecesi Ankara&#8217;ya geldi<br \/>\n18 Nisan pazar g\u00fcn\u00fc \u00f6\u011fleyin Ahlatl\u0131belde Temizel&#8217;le bulu\u015ftular. \u0130ki saat sonra da ben gittik. Temizel i\u015fe iyice \u0131s\u0131nm\u0131\u015f. Yeniden yap\u0131land\u0131rmay\u0131 tamamlar\u0131z dedi..&#8221;\n<\/p>\n<p style=\"text-align: justify;\"><strong>DE\u011eERLEND\u0130RME<\/strong><\/p>\n<p style=\"text-align: justify;\">S\u00f6z konusu yaz\u0131da y\u0131l belirtilmedi\u011finden dolay\u0131 takvim \u00fczerinde yap\u0131lan incelemede g\u00f6r\u00fc\u015fmelerin 2004 y\u0131l\u0131nda ger\u00e7ekle\u015fti\u011fi,<br \/>\nA\u00e7\u0131k kaynaklardan yap\u0131lan ara\u015ft\u0131rma ve incelemenin genelinden &#8216;\u0130lhan&#8217;\u0131n Cumhuriyet Gazetesi imtiyaz sahibi \u0130lhan SEL\u00c7UK, &#8216;Temizel&#8217;in ise Devlet eski Bakan\u0131 Zekeriya TEM\u0130ZEL oldu\u011fu de\u011ferlendirilmi\u015ftir.\n<\/p>\n<p style=\"text-align: justify;\">&#8220;19 Nisan Pazartesi sabah\u0131 ilk i\u015f Yarg\u0131tay Ba\u015fkan\u0131 Eraslan \u00d6ZKAYA&#8217;ya gitti. Eraslan bey hez zamanki gibi bizi s\u0131cak kar\u015f\u0131lad\u0131.. H\u00fck\u00fcmeti konu\u015ftuk, uygulamalardan yak\u0131nd\u0131, yarg\u0131y\u0131 ele ge\u00e7irme giri\u015fimlerini anlatt\u0131. Anayasa Mahkemesinin yasas\u0131n\u0131 de\u011fi\u015ftiriyorlar. Yarg\u0131tay&#8217;a se\u00e7enek olmas\u0131n\u0131 sa\u011flayacaklar, bireysel ba\u015fvuru hakk\u0131 olacak&#8230; B\u00f6ylece kendi elleriyle olu\u015fturduklar\u0131 bir yap\u0131 kurulacak. Bir de \u00fcyelerinin 4&#8217;\u00fcn\u00fc meclisin se\u00e7mesini istiyorlar&#8230; Askerlerin de ne yapaca\u011f\u0131n\u0131 bilmekte zorlan\u0131r halde olduklar\u0131n\u0131, i\u00e7lerinde derin de\u011ferlendirmeler i\u00e7inde bulunduklar\u0131n\u0131 s\u00f6yledi. Burada \u0130lhan abi araya girip, Balbay gen\u00e7 subaylar\u0131 yazd\u0131 ba\u015f\u0131m\u0131za i\u015f a\u00e7t\u0131&#8217; gibilerden bir \u015feyler s\u00f6yledi. Sonra onu do\u011frular, beni \u00f6ne \u00e7\u0131kar\u0131r \u015feyler s\u00f6yledi..&#8221;<\/p>\n<p style=\"text-align: justify;\"><strong>DE\u011eERLEND\u0130RME<\/strong><\/p>\n<p style=\"text-align: justify;\">S\u00f6z konusu yaz\u0131da y\u0131l belirtilmedi\u011finden dolay\u0131 takvim \u00fczerinde yap\u0131lan incelemede 19 Nisan&#8217;\u0131n 2004 tarihinde Pazartesi g\u00fcn\u00fcne rast geldi\u011fi ve bu nedenle s\u00f6z konusu g\u00f6r\u00fc\u015fmenin &#8220;19 Nisan 2004&#8221; tarihli oldu\u011fu de\u011ferlendirilmi\u015ftir.<\/p>\n<p style=\"text-align: justify;\"><strong>ERUYGUR: B\u0130R \u015eEY DENED\u0130K OLMADI, TOPLUM D\u00dc\u015e\u00dcND\u00dc\u011e\u00dcM\u00dcZ NOKTADA DE\u011e\u0130L<\/strong><\/p>\n<p style=\"text-align: justify;\">&#8220;Ayn\u0131 g\u00fcn ak\u015fam\u00fcst\u00fc \u015eenere gitti..<br \/>\n\u015eene\n<\/p>\n<p style=\"text-align: justify;\">&#8211; Biz art\u0131k yaral\u0131 bir ku\u015fuz<\/p>\n<p style=\"text-align: justify;\">&#8211; Bir \u015fey denedik, olmad\u0131. Belki hayal g\u00f6rd\u00fck<\/p>\n<p style=\"text-align: justify;\">&#8211; Toplum bizim d\u00fc\u015f\u00fcnd\u00fc\u011f\u00fcm\u00fcz noktada de\u011fil<\/p>\n<p style=\"text-align: justify;\">&#8211; Yine de yap\u0131labilir, ona bakmak gerekir<\/p>\n<p style=\"text-align: justify;\">&#8211; \u0130nsan \u00e7ok \u00fcz\u00fcl\u00fcyor, bunca \u00e7aba harcad\u0131k bir \u015fey yapamad\u0131k<\/p>\n<p style=\"text-align: justify;\">&#8211; Yine de ate\u015fi s\u00f6nd\u00fcrmemek gerek<\/p>\n<p style=\"text-align: justify;\">&#8211; Acaba cumhurba\u015fkan\u0131 biraz daha aktif olamaz m\u0131<\/p>\n<p style=\"text-align: justify;\">&#8211; Bunlar\u0131n kafalar\u0131n\u0131n ard\u0131ndaki niyet hi\u00e7 de\u011fi\u015fmedi. Bunu g\u00f6r\u00fcyoruz<\/p>\n<p style=\"text-align: justify;\">&#8211; ADD \u00e7ok pasif, eylem kurulu\u015fu de\u011fil. Her \u015fey iteklemeyle gidiyor<\/p>\n<p style=\"text-align: justify;\">&#8211; G\u00f6rev s\u00fcremiz i\u00e7inde bir \u015feyler yapal\u0131m dedik, olmad\u0131&#8221;<\/p>\n<p style=\"text-align: justify;\"><strong>DE\u011eERLEND\u0130RME<\/strong><\/p>\n<p style=\"text-align: justify;\">Di\u011fer notlara bak\u0131ld\u0131\u011f\u0131nda yukar\u0131da yer alan g\u00f6r\u00fc\u015fmelerin Mustafa BALBAY ve \u0130lhan SEL\u00c7UK taraf\u0131ndan yap\u0131ld\u0131\u011f\u0131,<br \/>\nA\u00e7\u0131k kaynaklardan yap\u0131lan ara\u015ft\u0131rma ve incelemenin genelinden &#8216;\u015eene&#8217; olarak belirtilen \u015fahs\u0131n d\u00f6nemin Jandarma Genel Komutan\u0131 Mehmet \u015eener ERUYGUR (&#8230;) oldu\u011fu g\u00f6r\u00fclm\u00fc\u015ft\u00fcr.<\/p>\n","protected":false},"excerpt":{"rendered":"<\/p>\n<p> Balbay&#8217;\u0131n G\u00fcnl\u00fckleri : 1 &#8211; 2 &#8211; 3 &#8211; 4 &#8211; 5 &#8211; 6 &#8211; 7 &#8211; 8 <\/p>\n<p style=\"text-align: justify;\">MUSTAFA \u00d6ZBEK: YA \u0130KT\u0130DAR, YA DARBE<\/p>\n<p style=\"text-align: justify;\">&#8220;Saat 13.00 T\u00fcrk Metal&#8217;de Mustafa \u00d6ZBEK&#8217;le g\u00f6r\u00fc\u015fm S\u0131cak bir g\u00f6r\u00fc\u015fme&#8230; Kar\u015f\u0131l\u0131kl\u0131 i\u015fbirli\u011fi. Yemekte so\u011fumu\u015f bal\u0131k ve bol ye\u015fillik&#8230; Bulgur pilav <\/p>\n<p style=\"text-align: justify;\">&#8211; Bence \u00e7\u00f6z\u00fcm <\/p>\n","protected":false},"author":1,"featured_media":0,"comment_status":"open","ping_status":"closed","sticky":false,"template":"","format":"standard","meta":{"footnotes":""},"categories":[105],"tags":[],"class_list":["post-6331","post","type-post","status-publish","format-standard","hentry","category-gundem","odd"],"_links":{"self":[{"href":"http:\/\/www.korhanyilmaz.com\/index.php?rest_route=\/wp\/v2\/posts\/6331","targetHints":{"allow":["GET"]}}],"collection":[{"href":"http:\/\/www.korhanyilmaz.com\/index.php?rest_route=\/wp\/v2\/posts"}],"about":[{"href":"http:\/\/www.korhanyilmaz.com\/index.php?rest_route=\/wp\/v2\/types\/post"}],"author":[{"embeddable":true,"href":"http:\/\/www.korhanyilmaz.com\/index.php?rest_route=\/wp\/v2\/users\/1"}],"replies":[{"embeddable":true,"href":"http:\/\/www.korhanyilmaz.com\/index.php?rest_route=%2Fwp%2Fv2%2Fcomments&post=6331"}],"version-history":[{"count":0,"href":"http:\/\/www.korhanyilmaz.com\/index.php?rest_route=\/wp\/v2\/posts\/6331\/revisions"}],"wp:attachment":[{"href":"http:\/\/www.korhanyilmaz.com\/index.php?rest_route=%2Fwp%2Fv2%2Fmedia&parent=6331"}],"wp:term":[{"taxonomy":"category","embeddable":true,"href":"http:\/\/www.korhanyilmaz.com\/index.php?rest_route=%2Fwp%2Fv2%2Fcategories&post=6331"},{"taxonomy":"post_tag","embeddable":true,"href":"http:\/\/www.korhanyilmaz.com\/index.php?rest_route=%2Fwp%2Fv2%2Ftags&post=6331"}],"curies":[{"name":"wp","href":"https:\/\/api.w.org\/{rel}","templated":true}]}}