{"id":6328,"date":"2009-03-16T18:24:31","date_gmt":"2009-03-16T16:24:31","guid":{"rendered":"http:\/\/www.korhanyilmaz.com\/?p=6328"},"modified":"2009-03-16T18:24:31","modified_gmt":"2009-03-16T16:24:31","slug":"eruygurun-onune-ayisigini-ornekin-onune-servetini-koymuslar","status":"publish","type":"post","link":"http:\/\/www.korhanyilmaz.com\/?p=6328","title":{"rendered":"&#039;ERUYGUR&#039;UN \u00d6N\u00dcNE AYI\u015eI\u011eI&#039;NI, \u00d6RNEK&#039;\u0130N \u00d6N\u00dcNE SERVET\u0130N\u0130 KOYMU\u015eLAR&#039;"},"content":{"rendered":"<p><img loading=\"lazy\" decoding=\"async\" class=\"aligncenter size-full wp-image-6425\" src=\"http:\/\/www.korhanyilmaz.com\/wp-content\/uploads\/2009\/03\/240320091034516992749_36.jpg\" alt=\"\" width=\"300\" height=\"142\" \/><\/p>\n<h5 style=\"text-align: justify;\"><span style=\"color: #993300;\">Balbay&#8217;\u0131n G\u00fcnl\u00fckleri : <span style=\"color: #0000ff;\"><a href=\"http:\/\/www.korhanyilmaz.com\/?p=6306\" target=\"_self\">1<\/a> &#8211; <a href=\"http:\/\/www.korhanyilmaz.com\/?p=6317 \" target=\"_self\">2<\/a> &#8211;<a href=\"http:\/\/www.korhanyilmaz.com\/?p=6312\" target=\"_self\"> 3<\/a> &#8211; <a href=\"http:\/\/www.korhanyilmaz.com\/?p=6321\" target=\"_self\">4<\/a> &#8211; <a href=\"http:\/\/www.korhanyilmaz.com\/?p=6325\" target=\"_self\">5<\/a> &#8211; <a href=\"http:\/\/www.korhanyilmaz.com\/?p=6328\" target=\"_self\">6<\/a> &#8211; <a href=\"http:\/\/www.korhanyilmaz.com\/?p=6331\" target=\"_self\">7 <\/a>&#8211; <a href=\"http:\/\/www.korhanyilmaz.com\/?p=6334\" target=\"_self\">8<\/a><\/span><\/span><\/h5>\n<p style=\"text-align: justify;\"><strong>&#8216;ERUYGUR&#8217;UN \u00d6N\u00dcNE AYI\u015eI\u011eI&#8217;NI, \u00d6RNEK&#8217;\u0130N \u00d6N\u00dcNE SERVET\u0130N\u0130 KOYMU\u015eLAR&#8217;<\/strong><\/p>\n<p style=\"text-align: justify;\">&#8220;8 Eyl\u00fcl 2004 \u00c7ar\u015famba..<br \/>\nMemet Abi geldi&#8230; Benim Leventle g\u00f6r\u00fc\u015f\u00fcrken, kar\u015f\u0131dan resimlerimi \u00e7ekmi\u015fler. \u00d6nlerine koymu\u015flar&#8230; \u00d6zensiz davranmalar. \u0130stifa etmeyecekmi\u015f b\u00fct\u00fcn g\u00f6zler Ya\u015farda&#8230; Konu\u015fma \u00e7ok iyiydi ama, ekime kadar bakmak gerek. Bakal\u0131m ne yapacak\n<\/p>\n<p style=\"text-align: justify;\">\u015eeney Abinin durumu ilgin\u00e7. \u00d6n\u00fcne bilgisayar disketlerini d\u00f6k\u00fcp koymu\u015flar. AY I\u015eI\u011eI G\u0130R\u0130\u015e\u0130M\u0130&#8230; (Nokta dergisinde darbe plan\u0131 olarak yay\u0131mland\u0131-Tempo24)\u0130ndirmek ve yeni yap\u0131 olu\u015fturmak&#8230; Sonra Ya\u015far\u0131n gelmeyece\u011fi olas\u0131l\u0131\u011f\u0131na kar\u015f\u0131 onu \u00f6ne \u00e7\u0131karmaya ba\u015flam\u0131\u015flar. O da hemen yeni duruma g\u00f6re haz\u0131rl\u0131k yapm\u0131\u015f. Beklemi\u015f. Hemen kurumdaki her t\u00fcrl\u00fc \u00e7al\u0131\u015fmay\u0131 kalt\u0131rtm\u0131\u015f. K\u0131rpt\u0131rm\u0131\u015f<\/p>\n<p style=\"text-align: justify;\">\u00d6rnek Abinin durumu da biraz kar\u0131\u015f\u0131k. Kendisinden \u00fc\u00e7 defa mal bildirimi istenmi\u015f. Birincisini be\u011fenmemi\u015f tepedeki, ikincisini g\u00f6ndermi\u015f sonra bir defa daha g\u00f6ndermi\u015f. Durum trilyon. O da bu nedenle bir \u00f6l\u00e7\u00fcde geri \u00e7ekilmek durumunda olabilir..<\/p>\n<p style=\"text-align: justify;\">Beythoven\u0131n da g\u00f6rev s\u0131ras\u0131nda baz\u0131 kad\u0131nsal ili\u015fkiler nedeniyle durumu ho\u015f olmam\u0131\u015f. bu da biliniyormu\u015f..&#8221;<!--more--><\/p>\n<p style=\"text-align: justify;\"><strong>DE\u011eERLEND\u0130RME<\/strong><\/p>\n<p style=\"text-align: justify;\">A\u00e7\u0131k kaynaklarda yap\u0131lan ara\u015ft\u0131rma ve incelemenin genelinde &#8216;Levent&#8217;in belirtilen tarihte Jandarma Genel Komutanl\u0131\u011f\u0131 \u0130stihbarat Ba\u015fkan\u0131 olan Tu\u011fgeneral Levent ERS\u00d6Z,&#8217;Memet&#8217;in\u00fcst d\u00fczey bir askeri personel, &#8216;Ya\u015far&#8217;\u0131n d\u00f6nemin Kara Kuvvetleri Komutan\u0131 Ya\u015far B\u00dcY\u00dcKANIT, &#8216;\u00d6rnek&#8217;in ise d\u00f6nemin Deniz Kuvvetleri Komutan\u0131 \u00d6zden \u00d6RNEK oldu\u011fu de\u011ferlendirilmi\u015ftir.<\/p>\n<p style=\"text-align: justify;\"><strong>HUR\u015e\u0130T TOLON: B\u00dcY\u00dcKANIT&#8217;IN G\u00d6REVE GEL\u0130\u015e\u0130 ENGELLENEB\u0130L\u0130R<\/strong><\/p>\n<p style=\"text-align: justify;\">&#8220;7 Haziran 2005 \u0130st da Hur\u015fit TOLON&#8217;la 3.5 saat g\u00f6r\u00fc\u015fme.<\/p>\n<p style=\"text-align: justify;\">&#8211; \u00d6zk\u00f6k: kendisini Danimarka genelkurmay ba\u015fkan\u0131 san\u0131yor<\/p>\n<p style=\"text-align: justify;\">&#8211; B\u00fcy\u00fckan\u0131t: g\u00f6reve geli\u015fi engellenebilir. De\u011fi\u015fik<br \/>\ny\u00f6ntemler var. CB yi devre d\u0131\u015f\u0131 b\u0131rakabilirler.<br \/>\ntemel g\u00fc\u00e7 sivil toylu\n<\/p>\n<p style=\"text-align: justify;\">&#8211; AKP&#8217;nin hedefler<\/p>\n<p style=\"text-align: justify;\">&#8211; birinci sorun medy<\/p>\n<p style=\"text-align: justify;\">&#8211; beni asacaklar\u0131n\u0131 bilsem do\u011frular\u0131 s\u00f6yleyece\u011fi&#8221;<\/p>\n<p style=\"text-align: justify;\"><strong>DE\u011eERLEND\u0130RME<\/strong><\/p>\n<p style=\"text-align: justify;\">A\u00e7\u0131k kaynaklarda yap\u0131lan ara\u015ft\u0131rma Hur\u015fit TOLON&#8217;un belirtilen tarihte 1.Ordu Komutan\u0131 oldu\u011fu ve 30 A\u011fustos 2005 tarihi itibariyle emekli oldu\u011fu, &#8216;\u00d6zk\u00f6k&#8217;\u00fcn d\u00f6nemin Genelkurmay Ba\u015fkan\u0131 Hilmi \u00d6ZK\u00d6K, &#8216;B\u00fcy\u00fckan\u0131t&#8217;\u0131n ise d\u00f6nemin Kara Kuvvetleri Komutan\u0131 Ya\u015far B\u00dcY\u00dcKANIT oldu\u011fu g\u00f6r\u00fclm\u00fc\u015ft\u00fcr.<\/p>\n<p style=\"text-align: justify;\"><strong>BA\u015eBU\u011e: BALBAY ANLA\u015eMAYI BOZDU, \u00dcZ\u00dcLD\u00dcK<\/strong>&#8220;13.7.0<\/p>\n<p style=\"text-align: justify;\">\u00c7ar\u015famb<br \/>\nSabah Taner D\u00d6VENC\u0130 Albay arad\u0131, komutan (Ba\u015fbu\u011f) \u0130lhan beyle ba\u015f ba\u015fa g\u00f6r\u00fc\u015fmek istiyor, dedi. \u015ea\u015f\u0131rd\u0131m. Malum konu olabilirdi. \u0130S&#8217;e bilgi verdim. 16.00&#8217;da gitti 2 saate yak\u0131n g\u00f6r\u00fc\u015fm\u00fc\u015fler.\n<\/p>\n<p style=\"text-align: justify;\">Milli G\u00fcvenlik Siy Belgesini o a\u00e7mam\u0131\u015f \u0130lhan abi a\u00e7\u0131nca siz a\u00e7masayld\u0131n\u0131z ben de a\u00e7kmayacakt\u0131m demi\u015f devam etmi\u015f<\/p>\n<p style=\"text-align: justify;\">&#8211; Balbay anla\u015fmay\u0131 bozdu. K\u0131r\u0131ld\u0131k. \u00c7ok \u00fcz\u00fcld\u00fck. Kimi arkada\u015flar biz \u00e7ekilelim dediler. Tabii kayna\u011f\u0131 sormuyoruz. S\u00f6ylemeyecektir. Bu t\u00fcr \u015feyler yapmayacakt\u0131. Yapt\u0131.<br \/>\n\u0130S, bilmiyorum, siz verdiniz sand\u0131m demi\u015f. Onlar da bizim b\u00f6yle bir y\u00f6ntemimiz yok demi\u015f<br \/>\n\u00d6teki konular\n<\/p>\n<p style=\"text-align: justify;\">&#8211; \u00c7ankaya&#8217;ya ba\u015f\u0131 t\u00fcrbanl\u0131 olmayan ama, beyni t\u00fcrbanl\u0131 biri gelirse ne olacak demi\u015f<\/p>\n<p style=\"text-align: justify;\">&#8211; Ter\u00f6r\u00fc ABD&#8217;nin destekledi\u011fine kar\u015f\u0131 \u00e7\u0131km\u0131\u015f. Uzun uzun bu saptaman\u0131n yanl\u0131\u015f oldu\u011funu s\u00f6ylemi\u015f. \u0130S de yaz\u0131s\u0131n b\u0131rakm\u0131\u015f. Yaz\u0131s\u0131 o y\u00f6ndeydi<br \/>\nErtesi g\u00fcn \u0130S&#8217;le durumu de\u011ferlendirdik. Bana \u015funlar\u0131 s\u00f6yledi\n<\/p>\n<p style=\"text-align: justify;\">&#8211; \u00dcrkt\u00fcm&#8230; De\u011fi\u015fik bir \u015fey var. Senin haberleri inceleyece\u011fim. Bunlar kendi i\u00e7lerinde farkl\u0131 d\u00fc\u015f\u00fcncelere sahipler. B\u00f6yle olur. Ge\u00e7mi\u015fte Faruk G\u00dcRLER, Muhsin BATUR&#8230; G\u00fcrler birden \u00f6b\u00fcr tarafa ge\u00e7ti&#8230;. Bunlar b\u00f6yle olur. Aman dikkat.<\/p>\n<p style=\"text-align: justify;\">-Kaynaklar\u0131n\u0131 bana da s\u00f6yleye.. (g\u00fcleerek) bakans\u0131n bir \u015fey olur, bana sorarlar bilmeyeyim.<\/p>\n<p style=\"text-align: justify;\">&#8211; Ben kimsenin ad\u0131n\u0131 vermemi\u015ftim. Y\u0131llar sonra bana bir yemek verdiler. Konu\u015ftuk uzun uzun.<\/p>\n<p style=\"text-align: justify;\">&#8211; Yine benzer durum olabilir. Aman dikkatli ol. \u015eimdi senin yapt\u0131kmlar\u0131ndan benim haberim yok. Onlar da sevinmi\u015ftir. Bunlar\u0131n da aras\u0131nda ikilik var diye<\/p>\n<p style=\"text-align: justify;\">&#8211; Acaba Hilmi Pa\u015fac\u0131 CB yap\u0131p \u00f6yle mi d\u00f6n\u00fc\u015ft\u00fcrmek istiyorlar. Bunu yaz\u0131p sormal\u0131&#8221;<\/p>\n<p style=\"text-align: justify;\"><strong>DE\u011eERLEND\u0130RME<\/strong><\/p>\n<p style=\"text-align: justify;\">S\u00f6z konusu yaz\u0131da y\u0131l belirtilmedi\u011finden dolay\u0131 takvim \u00fczerinde yap\u0131lan incelemede 13 Temmuz 2005 tarihinin \u00c7ar\u015famba g\u00fcn\u00fcne rast geldi\u011fi ve bu nedenle s\u00f6z konusu g\u00f6r\u00fc\u015fmenin &#8220;13 Temmuz 2005&#8221; tarihinde yap\u0131ld\u0131\u011f\u0131,<br \/>\nA\u00e7\u0131k kaynaklarda yap\u0131lan ara\u015ft\u0131rma ve incelemenin genelinden &#8216;\u0130S&#8217; ve &#8216;\u0130lhan&#8217;\u0131n Cumhuriyet Gazetesi imtiyaz sahibi \u0130lhan SEL\u00c7UK, &#8216;Ba\u015fbu\u011f&#8217;un ise d\u00f6nemin Genelkurmay \u0130kinci Ba\u015fkan\u0131 \u0130lker BA\u015eBU\u011e oldu\u011fu de\u011ferlendirilmi\u015ftir.<br \/>\nustafa\n<\/p>\n<p style=\"text-align: justify;\"><strong>BALBAY: GERE\u011e\u0130N\u0130 YAPIYOR MUSUNUZ?<\/strong><\/p>\n<p style=\"text-align: justify;\">&#8220;24 May\u0131s Cumartes<br \/>\nAtila ATE\u015e arad\u0131, bu ne dedi? g\u00f6revini yapt\u0131n dedi.<br \/>\nBir numara i\u00e7in: ya g\u00f6revini yapar ya gider. Bunun ortas\u0131 olmaz. \u0130\u015fin \u00f6zeti budur\n<\/p>\n<p style=\"text-align: justify;\">Ben sizler emekli olup elbiseyi \u00e7\u0131kar\u0131rs\u0131n\u0131z ama beynen emekli olmazs\u0131n\u0131z deyince evet \u00f6yledir dedi. Gere\u011fini yap\u0131yor musuzun deyince, evet dedi. Yap\u0131l\u0131yordur dedi. Herkes b\u00f6yle gitmeyece\u011fini g\u00f6r\u00fcyor, dedi&#8221;<\/p>\n<p style=\"text-align: justify;\"><strong>DE\u011eERLEND\u0130RME<\/strong><\/p>\n<p style=\"text-align: justify;\">S\u00f6z konusu yaz\u0131da y\u0131l belirtilmedi\u011finden dolay\u0131 takvim \u00fczerinde yap\u0131lan incelemede 24 May\u0131s\u0131n 2003 tarihinde Cumartesi g\u00fcn\u00fcne rast geldi\u011fi ve bu nedenle s\u00f6z konusu g\u00f6r\u00fc\u015fmenin &#8220;24 May\u0131s 2003&#8221; tarihinde yap\u0131ld\u0131\u011f\u0131 de\u011ferlendirilmi\u015ftir.<\/p>\n<p style=\"text-align: justify;\">A\u00e7\u0131k kaynaklarda yap\u0131lan ara\u015ft\u0131rmada Mustafa BALBAY&#8217;\u0131n 23 May\u0131s 2003 tarihli Cumhuriyet Gazetesinde &#8216;Gen\u00e7 subaylar tedirgin&#8217; ba\u015fl\u0131kl\u0131 bir yaz\u0131 yazd\u0131\u011f\u0131, ayr\u0131ca Atilla ATE\u015e&#8217;in Kara Kuvvetleri Komutanl\u0131\u011f\u0131 yaparken A\u011fustos 2000 tarihi itibariyle emekli oldu\u011fu g\u00f6r\u00fclm\u00fc\u015ft\u00fcr.<\/p>\n<p style=\"text-align: justify;\"><strong>KES\u0130N \u00c7\u00d6Z\u00dcM \u0130\u00c7\u0130N KA\u00c7 YIL KALMAK GEREK\u0130R? 2-3 YIL YETM\u0130YOR<\/strong><\/p>\n<p style=\"text-align: justify;\">&#8220;16 May\u0131sta ve 19 May\u0131sta Tanju ERDEM geldi. 45 er dakika konu\u015ftuk. Ona ula\u015fanlar<\/p>\n<p style=\"text-align: justify;\">&#8211; B\u00f6yle gidemez diyorlar. Bu kez daha farkl\u0131 diyorlar. Mesela, kesin \u00e7\u00f6z\u00fcm i\u00e7in ka\u00e7 y\u0131l kalmak gerekir sorusuna yan\u0131t ar\u0131yorlar. bug\u00fcne kadar 2-3 y\u0131l kal\u0131nd\u0131 yetmedi, acaba daha uzun mu kalmak gerekiyor diye d\u00fc\u015f\u00fcn\u00fcyorlar&#8221; demek ki bu durum tart\u0131\u015f\u0131l\u0131yor. \u00d6ncekiler olmad\u0131 ne olur? Ge\u00e7mi\u015fte denenip ba\u015far\u0131n\u0131 olunmayan\u0131 ba\u015farmak diyorlar. Ayd\u0131nlanma&#8230; G\u00fcvnelik kavram\u0131n\u0131n i\u00e7ine her \u015feyi koymak? Enflasyon da g\u00fcvenlik kavram\u0131n\u0131n i\u00e7indedir, ekonomi \u00fclke g\u00fcvenli\u011fini ilgilendirir&#8230; Ayd\u0131nlanma hareketini ba\u015far\u0131ya ula\u015ft\u0131racak, bug\u00fcnk\u00fc olumsuzluklar\u0131 k\u00f6k\u00fcnden silip s\u00fcp\u00fcrecek bir durum. gidi\u015f, bundan sonraki ad\u0131mlar\u0131n CHP&#8217;siz at\u0131laca\u011f\u0131n\u0131 g\u00f6steriyor gibi.&#8221;<\/p>\n<p style=\"text-align: justify;\"><strong>DE\u011eERLEND\u0130RME<\/strong><\/p>\n<p style=\"text-align: justify;\">S\u00f6z konusu yaz\u0131da y\u0131l belirtilmedi\u011finden dolay\u0131 di\u011fer notlar\u0131n tarih ak\u0131\u015f\u0131 dikkate al\u0131nd\u0131\u011f\u0131nda g\u00f6r\u00fc\u015fmelerin &#8217;16 ve 19 May\u0131s 2003&#8242; tarihlerinde yap\u0131ld\u0131\u011f\u0131 de\u011ferlendirilmi\u015ftir.<\/p>\n<p style=\"text-align: justify;\">Ayr\u0131ca a\u00e7\u0131k kaynaklarda yap\u0131lan ara\u015ft\u0131rmada Tanju ERDEM isimli emekli bir Amiral oldu\u011fu g\u00f6r\u00fclm\u00fc\u015ft\u00fcr.<\/p>\n<p style=\"text-align: justify;\"><strong>&#8216;AMA PA\u015eAM HERKES S\u0130ZDEN B\u0130R \u015eEY BEKL\u0130YOR&#8217;<\/strong><\/p>\n<p style=\"text-align: justify;\">&#8220;18 Aral\u0131k 200<br \/>\nKKK ile makamda 11.05-12.45 aras\u0131 100 dakikal\u0131k g\u00f6r\u00fc\u015fme&#8230; Hemen arkam\u0131zda Kosova meydan muharebesini g\u00f6steren dev bir tablo&#8230; Kremit rengi koltuklar&#8230;Biz ikilide o teklide.\n<\/p>\n<p style=\"text-align: justify;\">&#8211; Her \u015feyden \u00f6nce \u015funu s\u00f6yleyeyim, tats\u0131z\u0131m, gerginim, huzursuzum. Gidi\u015f iyi de\u011fil<\/p>\n<p style=\"text-align: justify;\">&#8211; 80 y\u0131lda ad\u0131m ad\u0131m bir yerlere getirdi\u011fimiz T\u00fcrkiye Cumhuriyeti&#8217;nin \u00f6n\u00fcm\u00fczde mum gibi eridi\u011fini g\u00f6r\u00fcyorum. Buna tahamm\u00fcl etmek \u00e7ok zor.<\/p>\n<p style=\"text-align: justify;\">&#8211; \u015eu anda T\u00fcrkiye&#8217;nin durumu 1920&#8217;dir. Hatta \u015fartlar daha zordur. Bu s\u00f6yledi\u011fime dikkat edin, 1920. Atat\u00fcrk o d\u00f6nemde ne yapt\u0131ysa bizim de onu yapmam\u0131z gerekiyor<\/p>\n<p style=\"text-align: justify;\"><strong>&#8211; AMA PA\u015eAM BAKIN B\u0130R ADINIZ OLDU, HERKES S\u0130Z\u0130 TANIYOR, S\u0130ZDEN B\u0130R \u015eEYBEKL\u0130YOR.<\/strong><\/p>\n<p style=\"text-align: justify;\">&#8211; Tamam, bir ad\u0131m\u0131z oldu. \u0130nsanlar bizi tan\u0131yor ama ke\u015fke \u00fclke normal ko\u015fullarda olsayd\u0131 da ben bir Meteoroloji Genel M\u00fcd\u00fcr\u00fc gibi g\u00f6revimi yap\u0131p, sessiz sedas\u0131z emekli olsayd\u0131m<\/p>\n<p style=\"text-align: justify;\"><strong>&#8211; OLUP B\u0130TENLER\u0130 S\u0130Z\u0130NLE PAYLA\u015eMAYA GELD\u0130K&#8230; MEDYAYI.<\/strong><\/p>\n<p style=\"text-align: justify;\">&#8211; Sormay\u0131n medya bir felaket, felaket, felaket&#8230; Bir tek siz kald\u0131n\u0131z. Kar\u0131m soruyor emekli olunca hangi gazeteleri alaca\u011f\u0131z diye. Ben tabii ki cumhuriyet diyorum. O da yeter mi diyor, ben de bizim o kadar param\u0131z yok, diyorum. \u015eimdi 6 gazete okuyor. Ben burada t\u00fcm\u00fcn\u00fc okuyorum. \u0130\u015fim gere\u011fi. \u00d6tekilerin gazetelerini okuyorum. Onlardan birka\u00e7 yazar\u0131 mutlaka okumak gerekiyor. Onlar\u0131n ne d\u00fc\u015f\u00fcnd\u00fc\u011f\u00fcn\u00fc bilmek i\u00e7in. Fehmi KORU, Taha AKYOL, Ali BAYRAMO\u011eLU, AKDO\u011eAN&#8230;<\/p>\n<p style=\"text-align: justify;\"><strong>YALMAN: MEDYADA AYIKLAMA VAR<\/strong><\/p>\n<p style=\"text-align: justify;\">Medyada yo\u011fun bir ay\u0131klama d\u00f6nemi var. Tuncay \u00d6zkan&#8217;\u0131 tasfiye ettiler. Balbay&#8217;\u0131n program\u0131n\u0131 bitirdiler. \u00dcstelik yerine de ne geldi. Ben pazar sabahlar\u0131 s\u0131rf Balbay&#8217;\u0131n TRT&#8217;deki program\u0131n\u0131 izlemek i\u00e7in plan yap\u0131yordum. Tek tek hedef se\u00e7iyorlar ve bitiriyorlar. Ben her \u015feyi biliyorum. Karamehmet teslim oldu. H\u00fck\u00fcmetle masaya oturdu. Onlara paray\u0131 bile h\u00fck\u00fcmet buldu. Londra&#8217;dan para buldular. Kara para da aklayan bir yerden para buldular. 5 milyar dolar kredi buldular. Teslim oldular. Ciner de \u00f6yle. o da teslim oldu<\/p>\n<p style=\"text-align: justify;\"><strong>-PA\u015eAM C\u0130NER B\u0130ZDEN YANA&#8230; B\u0130Z KU\u015eATMAYI YARDIK. KAR\u015eIDA DO\u011eAN GRUBU VARDI. YANIMIZA C\u0130NER VE KARAMEHMET&#8217;\u0130 \u00c7EKT\u0130K VE BA\u015eARI KAZANDIK. BUG\u00dcN \u00d6YLE DAVRANIYORLAR AMA, YARIN DEVRAN \u015e\u00d6YLE B\u0130R D\u00d6NS\u00dcN BAKIN FARKLI HAREKET EDECEKLERD\u0130R.<\/strong><\/p>\n<p style=\"text-align: justify;\">&#8211; S\u00f6yledi\u011finiz do\u011fru ama, o zamana kadar ne olacak. Verecekleri zarar ne olacak. Bunlar \u00f6yle bir kadrola\u015f\u0131yor ki. 1400 \u00fcst d\u00fczey y\u00f6netici atad\u0131lar. Bu rakam Ecevit h\u00fck\u00fcmetinin 3 y\u0131lda yapt\u0131\u011f\u0131 atamalar\u0131n y\u00fczde 70&#8217;i. y\u00fczlerine s\u00f6yl\u00fcyoruz. En a\u011f\u0131r bi\u00e7imde s\u00f6yl\u00fcyoruz. \u00d6nceki h\u00fck\u00fcmetler yap\u0131yordu biz de yap\u0131yoruz diyorlar. Pervas\u0131zca gidiyorlar. Bunlar\u0131 demokratik bir sistem i\u00e7inde engellemenin bir yolu var m\u0131 ona bak\u0131yoruz. Buyrun siz s\u00f6yleyin var m\u0131 b\u00f6yle bir yol&#8230; Balbay sen s\u00f6yle.<\/p>\n<p style=\"text-align: justify;\"><strong>-ARIYORUZ EFEND\u0130M. BULSAK, OLAB\u0130L\u0130R, D\u0130YE D\u00dc\u015e\u00dcN\u00dcYORUZ.<\/strong><\/p>\n<p style=\"text-align: justify;\">-Ben Jandarma Genel Komutan\u0131 oldum oradan buraya geldik. Art\u0131k kendim i\u00e7in yapabilece\u011fim bir \u015fey yok. \u00dclkem i\u00e7in, t\u00fcm\u00fcyle \u00fclkem i\u00e7in \u00e7al\u0131\u015f\u0131yorum. Bundan sonra b\u00f6yle. Kimileri bizim emekli olunca konu\u015ftu\u011fumuzu s\u00f6yl\u00fcyor. Ama ben \u015fimdiden s\u00f6yl\u00fcyorum. Bunlar\u0131 biz bu durumda s\u00f6ylemeyece\u011fiz de ne zaman s\u00f6yleyece\u011fiz. Ben iyimser olam\u0131yorum.<\/p>\n<p style=\"text-align: justify;\"><strong>-PA\u015eAM, ERDO\u011eAN&#8217;IN \u0130K\u0130 FOTO\u011eRAFI VAR. B\u0130R\u0130 BUSH&#8217;LA B\u0130R\u0130 H\u0130KMETYAR&#8217;LA. \u0130K\u0130S\u0130NDEN B\u0130R\u0130N\u0130 TERC\u0130H EDECEK. HANG\u0130S\u0130N\u0130 TERC\u0130H EDERSE KAYBEDECEK&#8230; SONRA AMER\u0130KA, SONU\u00c7 OLARAK \u0130SLAMI KAR\u015eISINA ALDI. ADAM \u0130SLAMI KAR\u015eISINA ALMI\u015eKEN, T\u00dcRK\u0130YE&#8217;DE NEDEN ILIMLI \u0130SLAMI DESTEKLES\u0130N&#8230; G\u00d6KECEKS\u0130N\u0130Z VAZGECEEK.<\/strong><\/p>\n<p style=\"text-align: justify;\"><strong>&#8216;ABD K\u00d6PEKLE\u015eM\u0130\u015e \u0130KT\u0130DARA \u0130STED\u0130\u011e\u0130N\u0130 YAPTIRIYOR&#8217;<\/strong><\/p>\n<p style=\"text-align: justify;\">-Ayn\u0131 \u015fey AB i\u00e7in de ge\u00e7erli. Do\u011fru ama, bir de \u015fu var. Adam k\u00f6pekle\u015fmi\u015f bir iktidara istedi\u011fini yapt\u0131r\u0131yor. Bunlar ABD&#8217;ye k\u00f6pekle\u015fiyor. Laik adam k\u00f6pekle\u015fmez, dik durur. ABD dik duran bir iktidar istemez ki.<\/p>\n<p style=\"text-align: justify;\">Medya \u00e7ok \u00f6nemli. Bak\u0131n \u00e7ok \u00f6nemli hpareketler ge\u00e7mi\u015fte de hep bir dergi, bir yay\u0131n etraf\u0131nda oldu. Bug\u00fcn b\u00f6yle bir \u015fey yok. Sadece cumhuriyet yetmez. Bunun yan\u0131na mutlaka bir televizyon olmal\u0131. Daha \u00f6nceki geli\u015finizde TV. kanal\u0131ndan s\u00f6z etmi\u015ftiniz. Ne oldu? Eskiden hi\u00e7 de\u011filse Perin\u00e7ek&#8217;in bir kanal\u0131 vard\u0131. Hi\u00e7 de\u011filse insan de\u015farj oluyordu. \u015fimdi o da yok.<\/p>\n<p style=\"text-align: justify;\"><strong>-\u015e\u0130MD\u0130 ASKER\u0130N DE B\u0130R \u00d6L\u00c7\u00dcDE H\u00dcK\u00dcMETE TESL\u0130M OLDU\u011eU \u0130DD\u0130ALARI VAR AMA, BEN \u0130NANMIYORUM<\/strong>.<\/p>\n<p style=\"text-align: justify;\">En \u00f6nemli \u015fey bizim i\u00e7in birliktir. Askerin birli\u011fidir. Bunu bozmuyoruz. Bizim her konuda g\u00f6r\u00fc\u015f\u00fcm\u00fcz belli. Laiklikle ilgili belli. Bu de\u011fi\u015fmez. Ben bunu KKK olarak s\u00f6yl\u00fcyorum. Deniz de hava da benim gibi d\u00fc\u015f\u00fcn\u00fcyor. Asl\u0131nda TSK, KKK&#8217;d\u0131r. Buras\u0131d\u0131r.<\/p>\n<p style=\"text-align: justify;\">Haa tabi sizin s\u00f6yledi\u011finiz havan\u0131n (yani en tepenin pasifli\u011finin) yay\u0131lmas\u0131na neden olan varsa ona da ayr\u0131 bir konu&#8230; Yani. Toplumda da bir bencillik var. Bizim okullardan mezun olanlar \u00e7ok iyi yeti\u015fiyonlyar. T\u00fcm\u00fc m\u00fchendis olarak mezun oluyor, sistem m\u00fchendisi olarak. Ama kendilerine d\u00f6n\u00fck gibi duruyorlar. Toplumsal konulara kafa yorma daha az.<\/p>\n<p style=\"text-align: justify;\">YA\u015e&#8217;ta her \u015feyi y\u00fczlerine s\u00f6yl\u00fcyoruz. Herkes yap\u0131yor biz de yap\u0131yoruz, kadrola\u015f\u0131yoruz diyorlar. Sonra bu dokunulmazl\u0131klar. Avrupa Ceza Hukuku S\u00f6zle\u015fmesini onaylamad\u0131lar. \u0130\u015flerine gelmiyor diye.<\/p>\n<p style=\"text-align: justify;\">S\u0131ra Do\u011fan Grubuna da gelecek. Bu onlara \u00e7ok uygun bir dille s\u00f6ylendi. Bir kez daha \u00e7ok daha g\u00fc\u00e7l\u00fc bir \u015fekilde s\u00f6ylenecek. Onlara s\u00f6yl\u00fcyorum. Buraya geldi s\u00f6yledim. Ben onlara, ekonomik durumlyar\u0131ndan s\u00f6z ediyorum. Tabii sizinle konu\u015ft\u011fum gibi Atat\u00fcrk ilkelerinden s\u00f6z etmiyorum. Nerede ne s\u00f6ylenece\u011fini biliyoruz&#8230; S\u0131ra Do\u011fan Grubuna da gelcek, o g\u00fcn teslim olmas\u0131 yetmeyecek. H\u00fck\u00fcmet onlar\u0131n yerine Albayraklar\u0131 haz\u0131rl\u0131yor. Ana medya grubu Albayraklar olabilir. Buna haz\u0131rlan\u0131yorlar.<\/p>\n<p style=\"text-align: justify;\">&#8211; AKP toplumu de\u011fi\u015fik bir bi\u00e7imde b\u00f6lmeye \u00e7al\u0131\u015f\u0131yor. Etnik gruplara ay\u0131rmak istiyorlar. B\u00f6ylece \u00fcst kimlik olarak T\u00fcrk olmak gidecek, yerine m\u00fcsl\u00fcman olmak gelecek. Heedfleri bu. Toplumu bir buzlu cam gibi da\u011f\u0131tmak istiyorlar. Bunu da \u00f6zg\u00fcrl\u00fckler ad\u0131 alt\u0131nda yapmak istiyorlar<\/p>\n<p style=\"text-align: justify;\">&#8211; Toplum nas\u0131l? Ben \u015f\u00f6yle g\u00f6r\u00fcyorum&#8230; AKP iktidar\u0131n\u0131n ilk zamanlar\u0131nda bir rahats\u0131zl\u0131k, tedirginlik vard\u0131. O yerini, y\u0131lg\u0131nl\u0131\u011fa, bezginli\u011fe b\u0131kart\u0131. Bu da yerini \u015fimdi teslimiyete b\u0131rak\u0131yor. Gidi\u015f bu y\u00f6nde. Ben bu ortamda toplumdan fazla bir \u015fey beklemiyorum.<\/p>\n<p style=\"text-align: justify;\"><strong>CUMHURBA\u015eKANI NASIL<\/strong><\/p>\n<p style=\"text-align: justify;\">M\u00fckemmel, m\u00fckemmel, m\u00fckemmel&#8230; Ka\u00e7 rak\u0131ml\u0131 tepe diyorsunuz ona, oras\u0131 sa\u011flam.&#8221;<\/p>\n<p style=\"text-align: justify;\"><strong>DE\u011eERLEND\u0130RME<\/strong><\/p>\n<p style=\"text-align: justify;\">S\u00f6z konusu yaz\u0131da y\u0131l belirtilmemi\u015f olup di\u011fer notlardan y\u0131l\u0131n 2003 oldu\u011fu, netice olarak g\u00f6r\u00fc\u015fmenin &#8220;18 Aral\u0131k 2003&#8221; y\u0131l\u0131nda ger\u00e7ekle\u015fti\u011fi,<br \/>\nA\u00e7\u0131k kaynaklarda yap\u0131lan ara\u015ft\u0131rma ve incelemenin genelinden&#8217;Karamehmet&#8217;in \u00c7ukurova Holding Ba\u015fkan\u0131 Mehmet Emin KARAMEHMET, &#8216;Ciner&#8217;inPark Holding Y\u00f6netim Kurulu Ba\u015fkan\u0131 Turgay C\u0130NER oldu\u011fu, &#8216;Perin\u00e7ek&#8217;in \u0130\u015f\u00e7i Partisi Genel Ba\u015fkan\u0131 Do\u011fu PER\u0130N\u00c7EK oldu\u011fu de\u011ferlendirilmi\u015ftir.<br \/>\nAyr\u0131ca a\u00e7\u0131k kaynaklarda yap\u0131lan ara\u015ft\u0131rmada A\u011fustos 2002YA\u015e karar\u0131 ile Jandarma Genel Komutanl\u0131\u011f\u0131 g\u00f6revinden Kara Kuvvetleri Komutanl\u0131\u011f\u0131na atanan Ayta\u00e7 YALMAN&#8217;\u0131n 30 A\u011fustos 2004 tarihinde emekli oldu\u011fu, ayr\u0131ca d\u00f6nemin Milliyet gazetesi yazar\u0131 Tuncay \u00d6ZKAN&#8217;\u0131n 1 Temmuz 2002 tarihinde \u00c7ukurova Medya Grubuna Ba\u015fkanl\u0131\u011f\u0131na getirildi\u011fi g\u00f6r\u00fclm\u00fc\u015ft\u00fcr.\n<\/p>\n<p style=\"text-align: justify;\"><strong>&#8216;\u00d6NCE B\u0130R\u0130 \u0130ND\u0130REL\u0130M, SONRA H\u00dcK\u00dcMET\u0130&#8217;<\/strong><\/p>\n<p style=\"text-align: justify;\">&#8220;21 Aral\u0131k&#8230; PAZAR&#8230; Saat 16.00.<br \/>\nMehmet d\u00fc\u015f\u00fcn\u00fcyor&#8230;hayal bu ya. Bir numara s\u00f6z veriyor bu h\u00fck\u00fcmeti d\u00fc\u015f\u00fcrece\u011fim. s\u00f6z veriyorum. Bitirecek. Yerel se\u00e7imlere kadar yapaca\u011f\u0131m bunu. Bunu Kuvvet Kom ve Tolona s\u00f6l\u00fcyor&#8230; Biraz s\u00fcre diyor. Bunnu d\u0131\u015f\u0131ndaki aray\u0131\u015fta da&#8230; \u00d6nce deniyor biri indirelim, sonra h\u00fck\u00fcmeti&#8230;Bir inmeden bir \u015fey olmaz. Asl\u0131nda bir yukar\u0131daki g\u00f6r\u00fc\u015flerini s\u00f6ylerken samimi de\u011fil. Oyal\u0131yor. \u00d6yle d\u00fc\u015f\u00fcn\u00fcyorlar. Yerel es\u00e7imlerler sonra h\u00fck\u00fcmet daha da g\u00fc\u00e7lerecek b\u00f6ylece ben de g\u00fc\u00e7lenirim diyor bir. \u0130\u00e7imizdeki kar\u0131\u015f taraf da bana bir \u015fey diyemez. 4 y\u0131l\u0131m\u0131 gayet sakin yapar\u0131m&#8230; B\u00f6yle d\u00fc\u015f\u00fcnd\u00fc\u011f\u00fcn\u00fcn d\u00fc\u015f\u00fcn\u00fcyorlar\n<\/p>\n<p style=\"text-align: justify;\">Yeniden \u00e7al\u0131\u015fmalar ba\u015flad\u0131. B\u00c7G&#8217;nin yerine yine san\u0131r\u0131m&#8230; Yine karargah b\u00fcnyesinde Recep Pa\u015fa sorumlul\u011funda&#8230; \u00c7al\u0131\u015fma Grubu kuruldu. O ayn\u0131 \u00e7al\u0131\u015fmalar\u0131 yapmaya ba\u015flad\u0131. Planlar haz\u0131rlan\u0131yor. Ya\u015far&#8217;\u0131 harcayabilirler. Biraz k\u0131zg\u0131nlar. Kolon, bire inanm\u0131yor. Bize yalan s\u00f6yl\u00fcyor. Yerel se\u00e7miden sonra bak i\u015fte bunlar \u00e7ok g\u00fc\u00e7lendi \u015fu a\u015famadan sonra bunlara ne yap\u0131labilir diyecek.&#8221;<\/p>\n<p style=\"text-align: justify;\"><strong>DE\u011eERLEND\u0130RME<\/strong><\/p>\n<p style=\"text-align: justify;\">S\u00f6z konusu yaz\u0131da y\u0131l belirtilmedi\u011finden dolay\u0131 takvim \u00fczerinde yap\u0131lan incelemede 21 Aral\u0131k&#8217;\u0131n 2003 y\u0131l\u0131nda Pazar g\u00fcn\u00fcne rast geldi\u011fi ve bu nedenle s\u00f6z konusu g\u00f6r\u00fc\u015fmenin &#8220;21 Aral\u0131k 2003&#8221; tarihinde yap\u0131ld\u0131\u011f\u0131,<br \/>\nA\u00e7\u0131k kaynaklarda yap\u0131lan ara\u015ft\u0131rma ve incelmenin genelinden &#8216;Memet&#8217;in \u00fcst d\u00fczey bir askeri personel, &#8216;Tolon&#8217;un d\u00f6nemin Ege Ordu Komutan\u0131 Hur\u015fit TOLON, &#8216;Ya\u015far&#8217;\u0131n d\u00f6nemin 1.ordu Komutan\u0131 Ya\u015far B\u00dcY\u00dcKANIT oldu\u011fu de\u011ferlendirilmi\u015ftir.\n<\/p>\n<p style=\"text-align: justify;\">Ayr\u0131ca a\u00e7\u0131k kaynaklarda yap\u0131lan ara\u015ft\u0131rmada 28 Mart 2004 tarihinde Mahalli \u0130dareler Genel Se\u00e7imleri yap\u0131ld\u0131\u011f\u0131 g\u00f6r\u00fclm\u00fc\u015ft\u00fcr.<\/p>\n<p style=\"text-align: justify;\"><strong>ERUYGUR: \u00c7ANKAYA \u00c7OK KR\u0130T\u0130K B\u0130R DURUMDA NE YAPAR?<\/strong><\/p>\n<p style=\"text-align: justify;\">&#8220;29 aral\u0131<br \/>\n\u015eener&#8217;le g\u00f6r\u00fc\u015fme&#8230; M\u00fcthi\u015f gergin.<br \/>\n&#8211; Yahu ben demokrat biriyim. Ya\u015fam\u0131m boyunca en demokratik \u015feyleri istedim ama bunlara hazmedemiyorum. Bu kadar olmaz&#8230; Bak\u0131n bir kuran kursunda visayetname ele ge\u00e7irdi. Adam telvizoyon izlemeyin, \u015feirat gibi ya\u015fay\u0131n diyor. Biz 80. y\u0131la bunlarla m\u0131 girecektir.\n<\/p>\n<p style=\"text-align: justify;\">&#8211; As\u0131l \u00c7ankaya&#8217;ya bak\u0131yoruz. Ne \u00f6l\u00e7\u00fcde g\u00fcvenenibiliiz. \u00c7ok kritik bir durumda ne yapar. Bunu bilmemiz laz\u0131m&#8230; asl\u0131nda laikli\u011finden hi\u00e7bir ku\u015fkumuz yok.<\/p>\n<p style=\"text-align: justify;\">&#8211; Yap\u0131lmas\u0131 gereken diye d\u00fc\u015f\u00fcn\u00fcyorum, \u00e7\u0131k\u0131\u015f yolu ar\u0131yorum&#8230; Sanki, yeni bir par&#8230; mevcudu b\u0131rak\u0131p&#8230; bir \u015fekilde bunu ger\u00e7ekle\u015ftirip.<\/p>\n<p style=\"text-align: justify;\">&#8211; En \u00f6nemli unsur i\u00e7imizdeki durum, birin durumu. Art\u0131k onu da i\u00e7imizde g\u00f6sterece\u011fiz. Aram\u0131zdaki bir ki\u015fi \u00f6l\u00fc bile olsa, aram\u0131za al\u0131p, ayakta g\u00f6sterip, bunu kan\u0131tlamam\u0131z laz\u0131m.&#8221;<\/p>\n<p style=\"text-align: justify;\"><strong>DE\u011eERLEND\u0130RME<\/strong><\/p>\n<p style=\"text-align: justify;\">S\u00f6z konusu yaz\u0131da y\u0131l belirtilmemi\u015f olup di\u011fer notlardan y\u0131l\u0131n 2003 oldu\u011fu, netice olarak g\u00f6r\u00fc\u015fmenin &#8220;29 Aral\u0131k 2003&#8221; tarihinde ger\u00e7ekle\u015fti\u011fi,<br \/>\nA\u00e7\u0131k kaynaklarda yap\u0131lan ara\u015ft\u0131rma ve incelmenin genelinden &#8216;\u015eener&#8217;in d\u00f6nemin Jandarma Genel Komutan\u0131 Mehmet \u015eener ERUYGUR, &#8216;\u00c7ankaya&#8217;n\u0131n ise eski Cumhurba\u015fkan\u0131 Ahmet Necdet SEZER, oldu\u011fu de\u011ferlendirilmi\u015ftir.\n<\/p>\n<p style=\"text-align: justify;\"><strong>ERUYGUR: B\u0130Z\u0130M ABD&#8217;YE BUNLARIN O KADAR G\u011e\u00dc\u00c7L\u00dc OLMADI\u011eINI ANLATMAMIZ LAZIM<\/strong><\/p>\n<p style=\"text-align: justify;\">&#8220;16 Ocak Cuma&#8230; \u0130S&#8217;le \u015eE&#8217;yle g\u00f6r\u00fc\u015fme&#8230; sabah 9.30-10.4<br \/>\n\u0130S: kritik bir d\u00f6nem&#8230; Bunlar devletle tan\u0131\u015f\u0131yor. Bakars\u0131n\u0131z, iktidarda kalmak i\u00e7in ne yapmam\u0131z gerekir diye d\u00fc\u015f\u00fcnebilirler.\n<\/p>\n<p style=\"text-align: justify;\">\u015eE: yok efendim, siz kendi ak\u0131l ve mant\u0131k \u00e7izginiz i\u00e7inde bunu s\u00f6yl\u00fcyorsunuz ama, benim bunlardan umudum yok&#8230; Bunlar\u0131n beyni uyu\u015fmu\u015f&#8230; Benim umudum yok&#8230;bunlar\u0131n yeti\u015fmesi b\u00f6yle.<\/p>\n<p style=\"text-align: justify;\">\u0130S: tabii biz sizinleyiz. Siz bir b\u00fct\u00fcn olarak hassass\u0131n\u0131z&#8230; Ama sizi b\u00f6l\u00fcnm\u00fc\u015f g\u00f6stermek isteyenler var. Bu \u00e7ok \u00f6nemli.<\/p>\n<p style=\"text-align: justify;\">\u015eE: ne dedi\u011finizi \u00e7ok iyi anl\u0131yorum. ona dikkat ediyoruz.<\/p>\n<p style=\"text-align: justify;\">\u0130S: ben \u00e7ok \u015fey ya\u015fad\u0131m. 9-11 ya\u015fad\u0131k. Yani \u00f6yle bir \u015fey olmas\u0131n isterim. Bir kez daha biz yenilen tarafta olursak, hi\u00e7 istemiyorum. Bundan korkuyorum<\/p>\n<p style=\"text-align: justify;\">\u015eE: korkunuzu anl\u0131yorum, endi\u015feniz olmas\u0131n. Ona dikkat ediyoruz.<\/p>\n<p style=\"text-align: justify;\">\u0130S: burada uluslararas\u0131 dengeler \u00e7ok \u00f6nemli. \u00c7ok \u00f6nemli&#8230; ABD ne yapar? Bunlara destek veriyor.<\/p>\n<p style=\"text-align: justify;\">\u015eE: anl\u0131yorum. Biz de ona dikkat ediyoruz. Bak\u0131yoruz, \u015fu a\u015famada \u00f6yle g\u00f6r\u00fcn\u00fcyorlar ama, onlar d\u00fczeni kim sa\u011flayacak ona bakar. Bizim onlara, bunlar\u0131n o kadar g\u00fc\u00e7l\u00fc olmad\u0131\u011f\u0131n\u0131 anlatmam\u0131z laz\u0131m.<\/p>\n<p style=\"text-align: justify;\">\u0130S: MB \u00f6nde \u015fimdi. Onun kendisine \u00e7ok dikkat etmesi laz\u0131m. \u00d6zel hayat\u0131na \u00f6zen g\u00f6stermesi laz\u0131m. Her t\u00fcrl\u00fc \u00e7amuru atabilirler<\/p>\n<p style=\"text-align: justify;\">\u015eE: evet, yaka\u015f\u0131kl\u0131 ama, her yakla\u015fan\u0131n salt bu \u00f6zelli\u011fi nedeniyle yakla\u015fmad\u0131\u011f\u0131n\u0131 bilmesi laz\u0131m&#8230; \u0130\u015fte CHP biraz hareketlendi. Ge\u00e7 oldu ama, iyi oldu. \u015eimdi KO\u00c7U da aray\u0131p tebrek edece\u011fim.<\/p>\n<p style=\"text-align: justify;\"><strong>DE\u011eERLEND\u0130RME<\/strong><\/p>\n<p style=\"text-align: justify;\">S\u00f6z konusu yaz\u0131da y\u0131l belirtilmedi\u011finden dolay\u0131 takvim \u00fczerinde yap\u0131lan incelemede 16 Ocak&#8217;\u0131n 2004 y\u0131l\u0131nda Cuma g\u00fcn\u00fcne rast geldi\u011fi ve bu nedenle s\u00f6z konusu g\u00f6r\u00fc\u015fmenin &#8220;16 Ocak 2004&#8221; tarihinde yap\u0131ld\u0131\u011f\u0131,<br \/>\nA\u00e7\u0131k kaynaklarda yap\u0131lan ara\u015ft\u0131rma ve incelemenin genelinden &#8216;\u0130S&#8217;nin Cumhuriyet Gazetesi imtiyaz sahibi \u0130lhan SEL\u00c7UK, &#8216;\u015eE&#8217;nin ise d\u00f6nemin Jandarma Genel Komutan\u0131 Mehmet \u015eener ERUYGUR oldu\u011fu de\u011ferlendirilmi\u015ftir.<\/p>\n","protected":false},"excerpt":{"rendered":"<\/p>\n<p> Balbay&#8217;\u0131n G\u00fcnl\u00fckleri : 1 &#8211; 2 &#8211; 3 &#8211; 4 &#8211; 5 &#8211; 6 &#8211; 7 &#8211; 8 <\/p>\n<p style=\"text-align: justify;\">&#8216;ERUYGUR&#8217;UN \u00d6N\u00dcNE AYI\u015eI\u011eI&#8217;NI, \u00d6RNEK&#8217;\u0130N \u00d6N\u00dcNE SERVET\u0130N\u0130 KOYMU\u015eLAR&#8217;<\/p>\n<p style=\"text-align: justify;\">&#8220;8 Eyl\u00fcl 2004 \u00c7ar\u015famba.. Memet Abi geldi&#8230; Benim Leventle g\u00f6r\u00fc\u015f\u00fcrken, kar\u015f\u0131dan resimlerimi \u00e7ekmi\u015fler. \u00d6nlerine koymu\u015flar&#8230; \u00d6zensiz davranmalar. \u0130stifa etmeyecekmi\u015f b\u00fct\u00fcn g\u00f6zler Ya\u015farda&#8230; Konu\u015fma \u00e7ok iyiydi <\/p>\n","protected":false},"author":1,"featured_media":0,"comment_status":"open","ping_status":"closed","sticky":false,"template":"","format":"standard","meta":{"footnotes":""},"categories":[105],"tags":[],"class_list":["post-6328","post","type-post","status-publish","format-standard","hentry","category-gundem","odd"],"_links":{"self":[{"href":"http:\/\/www.korhanyilmaz.com\/index.php?rest_route=\/wp\/v2\/posts\/6328","targetHints":{"allow":["GET"]}}],"collection":[{"href":"http:\/\/www.korhanyilmaz.com\/index.php?rest_route=\/wp\/v2\/posts"}],"about":[{"href":"http:\/\/www.korhanyilmaz.com\/index.php?rest_route=\/wp\/v2\/types\/post"}],"author":[{"embeddable":true,"href":"http:\/\/www.korhanyilmaz.com\/index.php?rest_route=\/wp\/v2\/users\/1"}],"replies":[{"embeddable":true,"href":"http:\/\/www.korhanyilmaz.com\/index.php?rest_route=%2Fwp%2Fv2%2Fcomments&post=6328"}],"version-history":[{"count":0,"href":"http:\/\/www.korhanyilmaz.com\/index.php?rest_route=\/wp\/v2\/posts\/6328\/revisions"}],"wp:attachment":[{"href":"http:\/\/www.korhanyilmaz.com\/index.php?rest_route=%2Fwp%2Fv2%2Fmedia&parent=6328"}],"wp:term":[{"taxonomy":"category","embeddable":true,"href":"http:\/\/www.korhanyilmaz.com\/index.php?rest_route=%2Fwp%2Fv2%2Fcategories&post=6328"},{"taxonomy":"post_tag","embeddable":true,"href":"http:\/\/www.korhanyilmaz.com\/index.php?rest_route=%2Fwp%2Fv2%2Ftags&post=6328"}],"curies":[{"name":"wp","href":"https:\/\/api.w.org\/{rel}","templated":true}]}}