{"id":6325,"date":"2009-03-16T18:22:16","date_gmt":"2009-03-16T16:22:16","guid":{"rendered":"http:\/\/www.korhanyilmaz.com\/?p=6325"},"modified":"2009-03-16T18:22:16","modified_gmt":"2009-03-16T16:22:16","slug":"eruygur-yapilmasi-gereken-korkutup-yerlerinde-tutmak","status":"publish","type":"post","link":"http:\/\/www.korhanyilmaz.com\/?p=6325","title":{"rendered":"ERUYGUR: YAPILMASI GEREKEN KORKUTUP YERLER\u0130NDE TUTMAK"},"content":{"rendered":"<p><img loading=\"lazy\" decoding=\"async\" class=\"aligncenter size-full wp-image-6422\" src=\"http:\/\/www.korhanyilmaz.com\/wp-content\/uploads\/2009\/03\/240320091034516992749_35.jpg\" alt=\"\" width=\"300\" height=\"142\" \/><\/p>\n<h5 style=\"text-align: justify;\"><span style=\"color: #993300;\">Balbay&#8217;\u0131n G\u00fcnl\u00fckleri : <span style=\"color: #0000ff;\"><a href=\"http:\/\/www.korhanyilmaz.com\/?p=6306\" target=\"_self\">1<\/a> &#8211; <a href=\"http:\/\/www.korhanyilmaz.com\/?p=6317 \" target=\"_self\">2<\/a> &#8211;<a href=\"http:\/\/www.korhanyilmaz.com\/?p=6312\" target=\"_self\"> 3<\/a> &#8211; <a href=\"http:\/\/www.korhanyilmaz.com\/?p=6321\" target=\"_self\">4<\/a> &#8211; <a href=\"http:\/\/www.korhanyilmaz.com\/?p=6325\" target=\"_self\">5<\/a> &#8211; <a href=\"http:\/\/www.korhanyilmaz.com\/?p=6328\" target=\"_self\">6<\/a> &#8211; <a href=\"http:\/\/www.korhanyilmaz.com\/?p=6331\" target=\"_self\">7 <\/a>&#8211; <a href=\"http:\/\/www.korhanyilmaz.com\/?p=6334\" target=\"_self\">8<\/a><\/span><\/span><\/h5>\n<p style=\"text-align: justify;\"><strong>ERUYGUR: YAPILMASI GEREKEN KORKUTUP YERLER\u0130NDE TUTMAK<\/strong><\/p>\n<p style=\"text-align: justify;\">&#8220;30 Kas\u0131m cumartesi g\u00fcn\u00fc Jandarma Genel Komutan\u0131 Org. \u015eener ERUYGUR&#8217;LA 75dakikal\u0131k sohbet..<\/p>\n<p style=\"text-align: justify;\">Saat 14.25&#8217;te kap\u0131dayd\u0131m. O da hemen \u00f6nce \u00e7\u0131kt\u0131&#8230; Yaveri ile \u00e7\u0131kt\u0131k. Giri\u015fte, jandarma heykelleri, jandarmalar Atat\u00fcrk&#8217;e bakarken temsili kabartma heykel birinci katta. \u00dcst kattaki makama \u00e7\u0131karken yine kabartmal\u0131 heykeller 14.29&#8217;da g\u00f6r\u00fc\u015fme..<\/p>\n<p style=\"text-align: justify;\">&#8211; Ben bu sabah neleri konu\u015fabiliriz diye notlar ald\u0131m. (elindeki 8-15&#8217;lik kart\u0131n \u00f6n\u00fc arkas\u0131 dolu) \u00f6nce \u015funu s\u00f6yleyeyim, seninle iki yurtsever olarak konu\u015faca\u011f\u0131z. Bunlar\u0131n hi\u00e7bir \u015fekilde g\u00fcncel olarak kullan\u0131lmayaca\u011f\u0131n\u0131 d\u00fc\u015f\u00fcn\u00fcyorum&#8230; (ben elbette dedim) T\u00fcrkiye&#8217;de birinci g\u00f6rev ayd\u0131nlara d\u00fc\u015f\u00fcyor. Durumun fark\u0131nda olmal\u0131lar. \u015eunu bilmek gerekiyor ki, bunlar de\u011fi\u015fmez. (AKP&#8217;lilerin kastediyor). Kimileri belki de\u011fi\u015fmi\u015ftir, \u015fudur budur diyor ama, kesinlikle de\u011fil.<!--more--><\/p>\n<p style=\"text-align: justify;\">&#8211; Bunlar cumhuriyetten, cumhuriyetin kazan\u0131mlar\u0131ndan intikam almak i\u00e7in gelmi\u015fler. Bunu MGK&#8217;da da g\u00f6rd\u00fcm.<\/p>\n<p style=\"text-align: justify;\">&#8211; Yap\u0131lmas\u0131 gereken nedir? \u015eimdi darbe olmaz. 28 \u015eubat benzeri durum da zor. Art\u0131k tecr\u00fcbe de kazand\u0131lar. Ama, yap\u0131lacak \u015fu, korkutup yerlerinde tutmak, kendi hedefleri bak\u0131m\u0131ndan bir \u015fey yapamacaklar\u0131 bir yerde tutmak. Biz bunu yapmaya \u00e7al\u0131\u015faca\u011f\u0131z<\/p>\n<p style=\"text-align: justify;\">&#8211; Bunlar\u0131n 28 \u015eubat, Refahyol gibi bir deneyimi var. Oradaki hatalara yapmayabilirler<\/p>\n<p style=\"text-align: justify;\">&#8211; Burada medyan\u0131n g\u00f6revini yapmas\u0131 \u00f6nemli. \u00c7ok azs\u0131n\u0131z, bir Emin \u00c7\u00d6LA\u015eAN&#8217;I biliyorum. Bekir CO\u015eKUN&#8230; Cumhuriyet yazarlar\u0131 genel olarak iyi. Belli bir \u00e7izgide devam ediyorlar. Bu arada soray\u0131m; Cumhuriyet&#8217;te ne oluyor, sat\u0131l\u0131yor, Ciner, Karamehmet hisse ald\u0131 diyorlar&#8230; (ben durumu ayr\u0131nt\u0131lar\u0131yla anlatt\u0131m. \u0130lhan SEL\u00c7UK&#8217;UN alt\u0131n \u00fc\u00e7geninden s\u00f6z ettim&#8230; Dikkatle dinledi. Ba\u011f\u0131ms\u0131zl\u0131\u011f\u0131n\u0131 koruyacaksa sorun yok, dedi. Sonra medyadaki bozulmadan s\u00f6z ettim. Medya g\u00fcc\u00fc yok, g\u00fc\u00e7lerin medyas\u0131 var dedim&#8230; O da t\u00fcm medya k\u00f6t\u00fc olmaz ya dedi, arada \u00e7\u0131kar sizin gibiler.<\/p>\n<p style=\"text-align: justify;\">&#8211; Ben yarbayl\u0131\u011f\u0131mda birinci ordu komutan\u0131m\u0131zla \u00c7etin DO\u011eAN&#8217;LA birlikteydim. 12 Eyl\u00fcl d\u00f6neminde Yarbayd\u0131m. \u00c7etin arada \u015feyleri olur ama, iyidir. Yurtseverli\u011finden ku\u015fku yoktur. O zaman bizim \u0130stihbarat Daire Ba\u015fk. Suat \u0130LHAN&#8217;d\u0131. 1979 ya da 80&#8217;in ba\u015flar\u0131&#8230; Neden bu hale geldik yaz\u0131n bakal\u0131m dedi. Ben de bir \u015feyler karalad\u0131m. Ba\u015f\u0131m\u0131za ne geldiyse Atat\u00fcrk\u00e7\u00fcl\u00fckten sapt\u0131\u0131\u011f\u0131m\u0131z i\u00e7in geldi dedim. Buna inan\u0131yorum, bu y\u00fczden geldi. \u0130lhan ald\u0131 benim yaz\u0131y\u0131, her taraf\u0131n\u0131 \u00e7iziyor. Susup dinlemem laz\u0131m ama, haddimi a\u015ft\u0131m, komutan\u0131m ne yap\u0131yorsunuz dedim. O da, senin sol elin kuvvetli&#8217; dedi. Ben de efendim ku\u015fkunuz varsa at\u0131n dedim. O da, hay\u0131r dedi, biz ileride bizim yerimize gelecek olanlar \u00fczerinde ayr\u0131ca e\u011filiriz dedi. Bana bir kitab\u0131n\u0131 g\u00f6ndermi\u015f. Te\u015fekk\u00fcr i\u00e7in arad\u0131\u011f\u0131mda hat\u0131rlatt\u0131m. G\u00fcld\u00fc. o biraz T\u00fcrk \u0130slam sentezine yak\u0131nd\u0131<\/p>\n<p style=\"text-align: justify;\">&#8211; CHP adam olsa&#8230; Mecburen oy verdik. K\u0131z\u0131m arad\u0131, baba ne yapaca\u011f\u0131z dedi, ben de mecburen CHP dedim. Baykal&#8230; Niye yard\u0131mc\u0131 oluyorsun be adam. Erdo\u011fan, kamu d\u00fczenini bozucu su\u00e7 i\u015flemi\u015f. Bu hi\u00e7 yok mu say\u0131lacak. Acaba Baykal, Erdo\u011fan d\u0131\u015far\u0131da kal\u0131rsa daha k\u00f6t\u00fc olur, mazlumluk devam eder diye mi d\u00fc\u015f\u00fcn\u00fcyor. CHP&#8217;ye \u00f6nemli g\u00f6rev d\u00fc\u015f\u00fcyor<\/p>\n<p style=\"text-align: justify;\"><strong>&#8216;MGK&#8217;DA Y\u00dcZLER\u0130NDE KORKU VE \u0130HANET VARDI&#8217;<\/strong><\/p>\n<p style=\"text-align: justify;\">-(benim sorum \u00fczerine) se\u00e7imlerde bizim subay astsubaylar\u0131n oy kulland\u0131\u011f\u0131 yerlere bakt\u0131rd\u0131m. Subaylarda sorun yok. Genel olarak iyi. Astsubaylar aras\u0131nda biraz var. O zaten \u00f6teden beri \u00f6yle..<\/p>\n<p style=\"text-align: justify;\">&#8211; Kurtulu\u015f bunlar\u0131 ya b\u00f6lmekte ya da \u00e7ekilmeye zorlamakta. \u0130\u00e7lerinde bir da\u011f\u0131n\u0131kl\u0131k var gibi g\u00f6r\u00fcn\u00fcyor. Ar\u0131n\u00e7 ayr\u0131 havada, G\u00fcl yerle\u015fmek istiyor. Erdo\u011fan bir an \u00f6nce oturmak istiyor&#8230; B\u00f6yle bir de\u011ferlendirmeyi birka\u00e7 ki\u015fiden dinledim.<\/p>\n<p style=\"text-align: justify;\">&#8211; MGK&#8217;da y\u00fczlerinde korku ve ihanet vard\u0131. \u00c7ok net&#8230; Hem korkuyorlar hem de ihanet i\u00e7inde olduklar\u0131n\u0131 biliyorlar. Orada bize, efendim biz cumhuriyetin temel ilkelerine, de\u011ferlerine sayg\u0131l\u0131y\u0131z dediler ama, bunun takiye oldu\u011fu belli oluyordu. \u0130nanmak m\u00fcmk\u00fcn de\u011fil. Bunlar\u0131n de\u011fi\u015fmesi m\u00fcmk\u00fcn de\u011fil. Kafa \u00f6yle yeti\u015fmi\u015f.<\/p>\n<p style=\"text-align: justify;\">&#8211; Abdulkadir AKSU&#8217;yla amir-memur ba\u011flant\u0131m\u0131z var. Benim yan\u0131ma s\u00fcrt\u00fcnerek y\u0131l\u0131\u015farak geldi. Cumhurba\u015fkan\u0131, bu t\u00fcr namaz gibi, t\u00fcrban gibi g\u00f6sterisel \u015feyler yapmay\u0131n dedi\u011finde neden bir daha olmayacak demedin dedim. G\u00fclerek, konu\u015fturmad\u0131 ki dedi.<\/p>\n<p style=\"text-align: justify;\">&#8211; Burada g\u00f6reve gelince bakt\u0131m yaz\u0131l\u0131mlar, harfler de\u011fi\u015fik. Biri \u00f6tekine uymuyor. Yan\u0131mdakiler, bak o\u011flum dedim, beni manyak falan sanma ama, bu hafrlerin yaz\u0131l\u0131m\u0131 Atat\u00fcrk devrimlerinde tarif edildi\u011fi gibi olacak. Buna uyan az olur ama, yine de birka\u00e7 ki\u015fi uysa iyidir&#8217; dedim. Harf devriminde hangi harfin nas\u0131l yaz\u0131laca\u011f\u0131 da tarif edilmi\u015ftir.<\/p>\n<p style=\"text-align: justify;\">&#8211; AB&#8217;ye giri\u015f&#8230; \u015eimdi bunlar bizi AB&#8217;ye almayacaklar. Bunu Erdo\u011fan da biliyor. Ama baz\u0131 \u015feyleri AB \u00fczerinden yapt\u0131rabileceklerini bildikleri i\u00e7in b\u00f6yle davran\u0131yorlar. Temel ama\u00e7lar\u0131, ordunun i\u015flevini zay\u0131flatmak. ama buna biz izin vermeyiz<\/p>\n<p style=\"text-align: justify;\">&#8211; T\u00fcrkiye&#8217;de \u0130slami bir y\u00f6netim konusu zaman zaman g\u00fcndeme gelir. Ancak bunu biraz ABD&#8217;nin de kafas\u0131na soktular. ABD&#8217;nin de kafas\u0131 kar\u0131\u015f\u0131k.<\/p>\n<p style=\"text-align: justify;\">&#8211; Abd El\u00e7isi Pearson ziyarete geldi. \u00d6teki makam odamda, oras\u0131 da g\u00fczeldir. \u00d6n\u00fc Atat\u00fcrk Orman \u00c7iftli\u011fine bak\u0131yor. Bak\u0131n dedim, Atat\u00fcrk olmasayd\u0131 biz de bug\u00fcnk\u00fc Afganistan gibi olurduk. Bunun \u015fakas\u0131 yok. Kafan\u0131zda bu \u00fclkeyi y\u0131kmak olabilir. Belki ba\u015far\u0131rs\u0131n\u0131z da, ama alt\u0131nda siz de kal\u0131rs\u0131n\u0131z. Hi\u00e7bir \u015fey demedi. Dondu durdu. ne do\u011fru s\u00f6yl\u00fcyorsunuz dedi, ne bunlar yalan dedi..<\/p>\n<p style=\"text-align: justify;\">&#8211; PKK, K.Irak&#8217;ta 5 bin adam\u0131 bar\u0131nd\u0131r\u0131yor. Bunlar hala G\u00fcneydo\u011fu&#8217;da tek ki\u015fi g\u00f6r\u00fcnce sald\u0131r\u0131yor. Genel duruma hakimiz ama, hala varlar&#8230;<\/p>\n<p style=\"text-align: justify;\">&#8211; Ayd\u0131nlar belki bizi hala fa\u015fist ordu diye bak\u0131yor. Bizim tek ba\u015f\u0131na yapabilece\u011fimiz bir \u015fey yok. Bunu toplumun yapmas\u0131 laz\u0131m. Onlar\u0131n harekete ge\u00e7mesi gerekiyor<\/p>\n<p style=\"text-align: justify;\">&#8211; AKP&#8217;ye oy verenlerin da\u011f\u0131l\u0131m\u0131 sizin de dedi\u011finiz gibi, Zonguldak&#8217;ta sol, Rize&#8217;de ANAP, Isparta&#8217;da DYP, Konya&#8217;da Milli G\u00f6r\u00fc\u015f, Yozgat&#8217;ta MHP taban\u0131 bunlara kayd\u0131. Zaten y\u00fczde 34&#8217;\u00fcn hepsi m\u00fcrteciyse koyver gitsin. Yapacak bir \u015fey kalmad\u0131 demektir. Bunlara giden oylar\u0131n \u00e7o\u011fu \u00f6d\u00fcn\u00e7..<\/p>\n<p style=\"text-align: justify;\"><strong>BALBAY: \u0130RT\u0130CA BASINININ \u00d6ZK\u00d6K \u00d6VG\u00dcS\u00dcNE DOKUNDURDUM<\/strong><\/p>\n<p style=\"text-align: justify;\">&#8211; (ben hafiften irtica bas\u0131n\u0131n\u0131n \u00d6zk\u00f6k&#8217;\u00fc \u00f6vmesine dokundurdum&#8230; Aman bu konu \u00e7ok hassas, bunu i\u00e7imizde b\u00fct\u00fcnle\u015ferek halletmek gerekiyor. Onlar ikilik \u00e7\u0131karmaya \u00e7al\u0131\u015f\u0131yor. Zamanla komutan\u0131m\u0131z da g\u00f6recekolan\u0131 biteni<\/p>\n<p style=\"text-align: justify;\">&#8211; (ben ziyaretleri g\u00fcndeme getirdim. Ar\u0131n\u00e7&#8217;a gidip 3 dakika kalma&#8230; Ben zaten gitmekten yana de\u011fildim, hi\u00e7 gitmeyelim dedim. Ama bu da etkili oldu. Elini dahi s\u0131kmad\u0131m. Uzatt\u0131 hafif s\u0131kt\u0131ktan hemen sonra, haydii gibilerden elimi hafif yukar\u0131 kald\u0131rarak \u00e7ektim, dedi&#8230;<\/p>\n<p style=\"text-align: justify;\">&#8211; Bu irtica propagandas\u0131n\u0131n kar\u015f\u0131s\u0131na televole k\u00fclt\u00fcr\u00fcyle \u00e7\u0131kt\u0131k. Onlar, propaganda yaparken, Atat\u00fcrk\u00e7\u00fcl\u00fck e\u015fittir televole dediler. Medyan\u0131n bu hali nas\u0131l d\u00fczelir bilmiyorum&#8221;<\/p>\n<p style=\"text-align: justify;\"><strong>DE\u011eERLEND\u0130RME<\/strong><\/p>\n<p style=\"text-align: justify;\">S\u00f6z konusu yaz\u0131da y\u0131l belirtilmedi\u011finden dolay\u0131 takvim \u00fczerinde yap\u0131lan incelemede 30 Kas\u0131m&#8217;\u0131n 2002 y\u0131l\u0131nda Cumartesi g\u00fcn\u00fcne rast geldi\u011fi ve bu nedenle s\u00f6z konusu g\u00f6r\u00fc\u015fmenin &#8220;30 Kas\u0131m 2002&#8221; tarihinde yap\u0131ld\u0131\u011f\u0131,<br \/>\nA\u00e7\u0131k kaynaklarda yap\u0131lan ara\u015ft\u0131rma ve incelemenin genelinden &#8216;Ar\u0131n\u00e7&#8217;\u0131n d\u00f6nemin Meclis ba\u015fkan\u0131 B\u00fclent ARIN\u00c7, &#8216;G\u00fcl&#8217;\u00fcn d\u00f6nemin Ba\u015fbakan\u0131 Abdullah G\u00dcL, &#8216;Erdo\u011fan&#8217;\u0131n d\u00f6nemin AKP Genel Ba\u015fkan\u0131 Recep Tayip ERDO\u011eAN, &#8216;\u00d6zk\u00f6k&#8217;\u00fcn d\u00f6nemin Genelkurmay Ba\u015fkan\u0131 Hilmi \u00d6ZK\u00d6K, &#8216;Ciner&#8217;in Park Holding Y\u00f6netim Kurulu Ba\u015fkan\u0131 Turgay C\u0130NER, &#8216;Karamehmet&#8217;in ise \u00c7ukurova Holding Ba\u015fkan\u0131 Mehmet Emin KARAMEHMET oldu\u011fu de\u011ferlendirilmi\u015ftir.\n<\/p>\n<p style=\"text-align: justify;\"><strong>KILIN\u00c7&#8217;TAN G\u00dcL&#8217;E: SEN\u0130N YER\u0130NDE OLSAM KARININ \u00d6RT\u00dcS\u00dcN\u00dc \u00c7IKARIRIM<\/strong><\/p>\n<p style=\"text-align: justify;\">&#8220;22 Aral\u0131k Paza<\/p>\n<p style=\"text-align: justify;\">Tuncer KILIN\u00c7&#8217;LA TRT program\u0131ndan sonra saat 12.00&#8217;de g\u00f6r\u00fc\u015fme&#8230; Bu kez kultuklar\u0131n oldu\u011fu yerde de\u011fil, daha dar oturma grubunda. Pazar g\u00fcn\u00fc, kimi g\u00f6r\u00fc\u015fmeleri daha rahat yap\u0131yormu\u015f. O y\u00fczden makamda<\/p>\n<p style=\"text-align: justify;\">K\u0131br\u0131s: Orada bir s\u00fcr\u00fc itler, sat\u0131\u015fm\u0131\u015flar var. Adamlar\u0131n ulusal \u015fuuru yok olmu\u015f. Hayretle bunu g\u00f6r\u00fcyoruz. Tabii i\u015fin \u00f6teki ucu da Denkta\u015f bir plan yapmam\u0131\u015f. Bunca y\u0131l i\u015fba\u015f\u0131ndalar bir haz\u0131rl\u0131klar\u0131 olmas\u0131 gerekirdi. Plan\u0131n\u0131z var m\u0131 diye sordum, Genelkurmayla haz\u0131rlayaca\u011f\u0131z, diyorlar. Olmad\u0131 ki.<\/p>\n<p style=\"text-align: justify;\">Irak: Bizim ABD&#8217;yi \u00fczmeden, Saddam&#8217;\u0131 kar\u015f\u0131m\u0131za almadan bu i\u015fin i\u00e7inden nas\u0131l \u00e7\u0131kar\u0131z ona bakmam\u0131z gerekiyor. \u015eimdi ABD&#8217;den baz\u0131 \u015feyler isteyelim diyen var. (ben Baykal&#8217;\u0131n canl\u0131 yay\u0131ndan sonra, Irak&#8217;taki i\u015fbirli\u011finin kar\u015f\u0131l\u0131\u011f\u0131 olarak ABD&#8217;nin KKTC&#8217;yi tan\u0131mas\u0131n\u0131 isteyelim, dedi\u011fini an\u0131msatt\u0131m.) Siz ABD&#8217;den ne isterseniz, ABD de mutlaka kar\u015f\u0131l\u0131\u011f\u0131nda bir\u015fey ister&#8230; Bunu unutmamak laz\u0131m. Bir asker dahi yurtd\u0131\u015f\u0131na g\u00f6ndersek, bir asker dahi \u00e7a\u011f\u0131rsak mutlaka meclis karar\u0131 gerekir.<\/p>\n<p style=\"text-align: justify;\">\u00d6zk\u00f6k: Hilmi \u00d6ZK\u00d6K pa\u015fayla ben en samimi konu\u015fabilecek ki\u015filerden biriyim. 1965-66 y\u0131l\u0131yd\u0131. \u00c7orlu&#8217;da g\u00f6revliyim. Bunlar, Hilmi \u00d6ZK\u00d6K, H\u00fcseyin KIVRIKO\u011eLU, \u00c7etin DO\u011eAN geldiler. Havac\u0131 ayr\u0131lm\u0131\u015flar ama, havac\u0131 olarak \u00e7ok y\u00fckselemeyeceklerini d\u00fc\u015f\u00fcnm\u00fc\u015fler, bu y\u00fczden de vazge\u00e7mi\u015fler, karaya d\u00f6nm\u00fc\u015fler. \u00d6zk\u00f6k, \u00fcste\u011fmen&#8230; ev bulamam\u0131\u015f. Komutan beni \u00e7a\u011f\u0131rd\u0131, Tuncer, Hilmi a\u00e7\u0131kta. Sen kiralad\u0131\u011f\u0131n evde tek ba\u015f\u0131na oturuyorsun. Seninle otursun&#8217; dedi. Benim de iki odal\u0131 bir ba\u011f evim var. Komutan\u0131m, biriki g\u00fcn d\u00fc\u015f\u00fcneyim dedim. Sonra olur dedim. \u0130ki y\u0131l beraber kald\u0131k. Bu y\u00fczden ben ona istedi\u011fimi rahat s\u00f6ylerim. Bu TBMM ba\u015fkan\u0131yla g\u00f6r\u00fc\u015fece\u011finin bas\u0131nda \u00e7\u0131kmaya ba\u015flamas\u0131ndan sonra, tam MGK \u00f6ncesinde yar\u0131m saat kadar bir araya geldi\u011fimiz s\u0131rada, komutan\u0131m herhalde bu ziyarete gitmeyeceksiniz, dedim. So\u011fuk bakt\u0131. Sen olsan ne yapard\u0131n dedi, ben gitmezdim dedim. Bunlar daha gelir gelmez t\u00fcrbanla g\u00f6steri yapmaya giri\u015ftiler, olmaz dedim&#8230; oteki komutanlar da gitmemekten yanayd\u0131. Sonu\u00e7ta ziyaretin \u00e7ok k\u0131sa yap\u0131lmas\u0131 ama, medyan\u0131n \u00e7a\u011fr\u0131larak makam\u0131n ziyarete yap\u0131ld\u0131\u011f\u0131n\u0131n a\u00e7\u0131klanmas\u0131 g\u00f6r\u00fc\u015f\u00fcnde birle\u015fildi. Ama o s\u00f6zleri de s\u00f6ylemedi. Kayg\u0131lar\u0131n\u0131 anl\u0131yorum ama, Genelkurmay&#8217;da kimse tek ba\u015f\u0131na bir \u015fey yapamaz. O bak\u0131mdan, rahat olun<\/p>\n<p style=\"text-align: justify;\">\u0130mam Tahipler: Radikal&#8217;in muhabiri geldi. Konu\u015ftuk. Bunlar sohbet dedim. Bir tek imam hatiplere k\u0131zlar al\u0131nmas\u0131n g\u00f6r\u00fc\u015f\u00fcm\u00fc yazay\u0131m dedi. Ben de yaz dedim. O benim eski g\u00f6r\u00fc\u015f\u00fcm. Bizde imam k\u0131z var m\u0131? Bunun ard\u0131ndan dincilerin yay\u0131nlar\u0131na cevap vermek olmaz. Tabii bunu ba\u015fkalar\u0131n\u0131n vermesi gerekiyor. Genelkurmay da buray\u0131 biraz sivil g\u00f6r\u00fcr. O y\u00fczden pek kar\u0131\u015fmak istemezler.<\/p>\n<p style=\"text-align: justify;\">MEDYA: Bu medya ile ilgili mutlaka bir \u015feyler yap\u0131lmal\u0131. B\u00f6yle gidemez. Bilmiyorum, toplay\u0131p konu\u015fmal\u0131 m\u0131&#8230; \u00d6n\u00fcm\u00fczdeki g\u00fcnlerde belki \u00f6yle bir \u015fey yapar\u0131z.<br \/>\nG\u00fcl&#8217;e: Ben senin yerine olsam, kar\u0131n\u0131n \u00f6rt\u00fcs\u00fcn\u00fc \u00e7\u0131kar\u0131r\u0131m. dedim. Kendi karar\u0131 dedi. Ben de insan kar\u0131s\u0131na hakim olamaz m\u0131 dedim. Bunlar bize iyi yakla\u015fmaya \u00e7al\u0131\u015f\u0131yor ama, de\u011fi\u015fmediler<\/p>\n<p style=\"text-align: justify;\">Erdo\u011fan: Ona da AB&#8217;ye gidiyorsun, onlar\u0131n ikiy\u00fczl\u00fcl\u00fc\u011f\u00fcn\u00fc y\u00fczlerine vur dedim. yapamad\u0131. Bunlar AB&#8217;yi kullan\u0131yor. AKP iktidarda b\u00f6l\u00fcn\u00fcr diyorlar. \u00d6yle emareler de var ama bakal\u0131m<br \/>\nA\u011far: DYP&#8217;nin ba\u015f\u0131na ge\u00e7ti ama toparlayabilir mi bilmiyorum. Bana kal\u0131rsa zor toparlar. \u00f6rne\u011fin, sizin taban onu teper..&#8221;\n<\/p>\n<p style=\"text-align: justify;\"><strong>DE\u011eERLEND\u0130RME<\/strong><\/p>\n<p style=\"text-align: justify;\">S\u00f6z konusu yaz\u0131da y\u0131l belirtilmedi\u011finden dolay\u0131 takvim \u00fczerinde yap\u0131lan incelemede 22 Aral\u0131k&#8217;\u0131n 2002 y\u0131l\u0131nda Pazar g\u00fcn\u00fcne rast geldi\u011fi ve bu nedenle s\u00f6z konusu g\u00f6r\u00fc\u015fmenin &#8220;22 Aral\u0131k 2002&#8221; tarihinde yap\u0131ld\u0131\u011f\u0131,<br \/>\nA\u00e7\u0131k kaynaklarda yap\u0131lan ara\u015ft\u0131rma ve incelemenin genelinden &#8216;G\u00fcl&#8217;\u00fcn d\u00f6nemin Ba\u015fbakan\u0131 Abdullah G\u00dcL, &#8216;Erdo\u011fan&#8217;\u0131n d\u00f6nemin AKP Genel Ba\u015fbakan\u0131 Recep Tayyip ERDO\u011eAN, &#8216;A\u011far&#8217;\u0131n d\u00f6nemin DYP Genel Ba\u015fkan\u0131 Mehmet A\u011eAR,&#8217;Baykal&#8217;\u0131n ise CHP Genel Ba\u015fkan\u0131 Deniz BAYKAL oldu\u011fu de\u011ferlendirilmi\u015ftir.\n<\/p>\n<p style=\"text-align: justify;\"><strong>BALBAY: AKP 2 ADIM ATTI, 1,5 ADIM GER\u0130 \u00c7EK\u0130LD\u0130, YARIM ADIM \u00d6NDELER<\/strong><\/p>\n<p style=\"text-align: justify;\">&#8220;30 Aral\u0131k 200<\/p>\n<p style=\"text-align: justify;\">KKK ile saat 12.004de g\u00f6r\u00fc\u015fme. 12.45&#8217;te ba\u015flayabildi. \u0130lhan SEL\u00c7UK&#8217;la. Bizden \u00f6nce G\u00f6n\u00fcl vard\u0131. Yar\u0131m saat i\u00e7in diye gelmi\u015f. 12.00&#8217;de g\u00f6r\u00fc\u015fmesi bitecekmi\u015f ama, uzam\u0131\u015f. G\u00f6n\u00fcl&#8217;le bu irtica i\u015flerini konu\u015fmu\u015flar. G\u00f6n\u00fcl, Yalman&#8217;a, :sizin i\u00e7in Ahmet Emin YALMAN&#8217;IN akrabas\u0131 diyorlar, demi\u015f. Yalman, d\u00f6nmeymi\u015f de onunla ilintilendirmeye \u00e7al\u0131\u015f\u0131yorlarm\u0131\u015f. Bir de, do\u011fuda, g\u00fcneydo\u011fuda orduya dinsiz diyorlar, demi\u015f&#8230; Bu t\u00fcr propagandalara haz\u0131rlan\u0131yorlar anla\u015f\u0131lan<br \/>\nMB&#8217;ye: \u00e7ok g\u00fcvenilir bir gazeteci. Bak\u0131yoruz, y\u00fczde y\u00fcz g\u00fcvendi\u011fimiz bir tek o var. \u00d6tekilere de g\u00fcveniyoruz ama y\u00fczde 60,70. Bu kadar\u0131 \u00e7ok az. \u00c7ok gen\u00e7 ve d\u00fcr\u00fcs\u00fcn ve dirayetli bir arkada\u015f..<\/p>\n<p style=\"text-align: justify;\">Irak: Orada biz belli miktar var\u0131z ama, \u00e7ok da var\u0131z denmi\u015f. T\u00fcrmkenlerin durumu \u00f6nemli. Bizim ba\u011flant\u0131 noktalar\u0131m\u0131zdan biri. Amerikal\u0131lar \u00e7ok \u015fey istiyor tabi ama bizim hepsini yapmam\u0131z \u00e7ok zor. olmaz yani..<br \/>\nBak\u0131n \u015funu \u00e7ok a\u00e7\u0131k s\u00f6yl\u00fcyorum, Kuzey Irak&#8217;ta K\u00fcrt Devleti kurulursa G\u00fcneydo\u011fu elden gider, T\u00fcrkiye b\u00f6l\u00fcn\u00fcr. Bunu a\u00e7\u0131k a\u00e7\u0131k s\u00f6yl\u00fcyorum. Ben oralarda y\u0131llarca kald\u0131m. Irak&#8217;ta federasyon da olmaz. Belki kantonlar \u015feklinde d\u00fczenleme olabilir..\n<\/p>\n<p style=\"text-align: justify;\">Sava\u015f olsun olmas\u0131n diyorlar ama, sava\u015f s\u00fcrecindeyiz. Yani sava\u015f ba\u015flad\u0131, i\u00e7indeyiz&#8230; Ben \u00f6yle g\u00f6r\u00fcyorum. Bu petrol, enerji kaynaklar\u0131na ula\u015fma sava\u015f\u0131. Bak\u0131n, Afganistan&#8217;dan yeni raporlar geldi, orada m\u00fcthi\u015f maden ve do\u011fal gaz yataklar\u0131 varm\u0131\u015f. ABD bu enerji yataklar\u0131na hakim olmak istiyor<\/p>\n<p style=\"text-align: justify;\">AKP: bunlar de\u011fi\u015fmedi. Bilmiyorum siz ne tavsiye edersiniz. Biz dikkatle izliyoruz. kadrola\u015famlaran\u0131, devlet kurumalr\u0131na zararlar\u0131 \u00e7ok \u00f6nemli bizim i\u00e7in. Balbay, bunlar iki ad\u0131m att\u0131lar, 1.5 ad\u0131m geri geldiler, yar\u0131m ad\u0131m \u00f6ndeler diyor ama, \u00f6n\u00fcm\u00fczdeki g\u00fcnlerde duyaca\u011f\u0131 haber onu da geri att\u0131rd\u0131\u011f\u0131\u0131m\u0131z\u0131, hatta bizim bir ad\u0131m \u00f6nde oldu\u011fumuzu g\u00f6sterecek. Bunu ben s\u00f6yleyemem. YA\u015e&#8217;ta yapt\u0131klar\u0131 Avrupa \u0130ns. Hakl. Mahkemesine de ayk\u0131r\u0131..<\/p>\n<p style=\"text-align: justify;\">Yolsuzluklar: Ben i\u015fi g\u00fcc\u00fc b\u0131rakt\u0131m bununla ilgineniyorum. Sava\u015f yapmak kolay. As\u0131l olan bunlarla u\u011fra\u015fmak. Ben jandarmadan beri ilgiliyim. Engin AK\u00c7AKOCA&#8217;y\u0131 \u00e7a\u011f\u0131rd\u0131m, ne oluyor bankalarda anlat dedim. Anlatt\u0131&#8230; Bunlar\u0131 bir rapor haline getir dedim, bir ay oldu getirecek&#8230; Takip edece\u011fim.<\/p>\n<p style=\"text-align: justify;\">Karamehmet: Onun da bir beck to beck olmu\u015f. Kendi firmas\u0131na krdei a\u00e7m\u0131\u015f. Bunun olmamas\u0131 laz\u0131m. Fazla tan\u0131m\u0131yorum adam\u0131 ama, fazla itimat telkin etmiyor. (bir rapor&#8230;..<\/p>\n<p style=\"text-align: justify;\">Medya: bunu ben her toplant\u0131da dile getiriyorum. Gerekirse, biz medya kural\u0131m diyorum. Sadece Cumhuriyet&#8217;le olmaz bu. Ayd\u0131n DO\u011eAN geldi buraya oturdu. Gazetene para verip almam bunu bil. H\u00fcrriyeti bu hale getirdiniz dedim. O da onlar \u00f6zg\u00fcr falan diyor. Ayd\u0131n DO\u011eAN bana Tuncay&#8217;\u0131n transferinin nas\u0131l oldu\u011funu anlatt\u0131. Her \u015fey d\u00f6nm\u00fc\u015f. Ciner ba\u015fka bir insan. Ben onun Suriye&#8217;de fabrika kurmas\u0131na yard\u0131mc\u0131 oldum..&#8221;<\/p>\n<p style=\"text-align: justify;\"><strong>DE\u011eERLEND\u0130RME<\/strong><\/p>\n<p style=\"text-align: justify;\">S\u00f6z konusu yaz\u0131da y\u0131l belirtilmemi\u015f olup di\u011fer notlardan y\u0131l\u0131n 2002 oldu\u011fu, netice olarak g\u00f6r\u00fc\u015fmenin &#8220;30 Aral\u0131k 2002&#8221; y\u0131l\u0131nda ger\u00e7ekle\u015fti\u011fi,<br \/>\nA\u00e7\u0131k kaynaklarda yap\u0131lan ara\u015ft\u0131rma ve incelemenin genelinden &#8216;KKK&#8217; ve &#8216;Yalman&#8217;\u0131n belirtilen tarihte Kara Kuvvetleri Komutan\u0131 olan Ayta\u00e7 YALMAN, &#8216;MB&#8217;nin Mustafa BALBAY, &#8216;Engin AK\u00c7AKOCA&#8217; isimli \u015fahs\u0131n d\u00f6nemin Bankac\u0131l\u0131k D\u00fczenleme ve Denetleme Kurulu Ba\u015fkan\u0131, &#8216;Karamehmet&#8217; isimli \u015fahs\u0131n \u00c7ukurova Holding Y\u00f6netim Kurulu Ba\u015fkan\u0131 Mehmet Emin KARAMEHMET, &#8216;Tuncay&#8217; ismi ile \u015fahs\u0131n operasyonu kapsam\u0131nda g\u00f6zalt\u0131na al\u0131nan gazeteci-yazar &#8216;Tuncay \u00d6ZKAN&#8217;, &#8216;Ciner&#8217;in ise Park Holding Y\u00f6netim Kurulu Ba\u015fkan\u0131 &#8216;Turgay C\u0130NER&#8217; oldu\u011fu de\u011ferlendirilmi\u015ftir.\n<\/p>\n<p style=\"text-align: justify;\">Ayr\u0131ca a\u00e7\u0131k kaynaklarda yap\u0131lan ara\u015ft\u0131rmada d\u00f6nemin Milliyet gazetesi yazar\u0131 Tuncay \u00d6ZKAN&#8217;\u0131n 1 Temmuz 2002 tarihinde \u00c7ukurova Medya Grubuna Ba\u015fkanl\u0131\u011f\u0131na getirildi\u011fi g\u00f6r\u00fclm\u00fc\u015ft\u00fcr.<\/p>\n<p style=\"text-align: justify;\"><strong>ERUYGUR: BU K\u00d6PEKLER VAZGE\u00c7MEYECEKLER<\/strong><\/p>\n<p style=\"text-align: justify;\">&#8220;Saat 16.00 Jandarma Genel Komutan\u0131 \u015eener ERUYGUR&#8217;la makam\u0131nda g\u00f6r\u00fc\u015fme&#8230; 75  Dakika<br \/>\nNecip HABLEM\u0130TO\u011eU&#8217;nun K\u00d6STEBEK ald\u0131 bas\u0131lmam\u0131\u015f kitab\u0131n\u0131n fotokopisini ve Ergun POYRAZ&#8217;\u0131n PATLAK AMPUL kitab\u0131\u0131n verdi. Bir de La Traviata oyunuyla ilgili yaz\u0131s\u0131n\u0131 verdi. \u00c7ok ilgin\u00e7, militanca bir yaz\u0131&#8230;<\/p>\n<p style=\"text-align: justify;\">Medya: \u00e7ok yak\u0131n\u0131yor. Nas\u0131l b\u00f6yle oldu diyor. Anadolu Bas\u0131hn\u0131yla ayr\u0131ca ilgilenne karar\u0131 ald\u0131&#8230; \u00d6teki gazetkelerden olumlu olanlarla g\u00f6r\u00fc\u015fmek istiyor<br \/>\nIrak: Hani bir \u015fark\u0131 var ya, kap\u0131ld\u0131m gidiyorum baht\u0131m\u0131n r\u00fczgar\u0131na, durum o. Kap\u0131ld\u0131k bir r\u00fczgara gidiyoruz. Uzun ince bir yol bu. ABD kararl\u0131. Ben ABD el\u00e7isine se\u00e7imden \u00f6nce \u00f6teki binada, AO\u00c7&#8217;yi g\u00f6ren binada her \u015feyi a\u00e7\u0131k a\u00e7\u0131k s\u00f6yledim. Bak\u0131n dedim, siz b\u00f6lgede haritay\u0131 yeniden d\u00fczenlemek istiyorsunuz. Bu giri\u015fim TC&#8217;yi b\u00f6lebilir. Ama bizim tarihimiz \u00e7ok derinlik, b\u00f6lerseniz bu derinli\u011fin i\u00e7inde kal\u0131rs\u0131n\u0131z. Siz de \u00e7ok zarar g\u00f6r\u00fcrs\u00fcn\u00fcz&#8230; Bunlar b\u00f6yle. Ama istedikleri hemen olmaz.\n<\/p>\n<p style=\"text-align: justify;\">AKP: Bu k\u00f6pekler yapmak istediklerinden vazge\u00e7meyecekler. M\u00fcmk\u00fcn de\u011fil. \u0130ki u\u00e7 var, hemen erken hareket etmemek gerekiyor. Edersek bir karma\u015fa olursa hemen bundan yararlanmak isteyebilirler. Ama ge\u00e7 de kalmamak gerekiyor. \u00c7ok hassas bir denge&#8230; Dikkatle izliyoruz. En b\u00fcy\u00fck kadromuz kadrola\u015fma giri\u015fimleri. \u00c7ok h\u0131zl\u0131 \u00e7al\u0131\u015f\u0131yorlar. Mesela Ha\u015fim KILI\u00c7 gizlice \u0130\u00e7i\u015fleri Bakanl\u0131\u011f\u0131na geliyor, Anayasa de\u011fi\u015fikliklerine katk\u0131da bulunuyor. Neden yap\u0131yor? Onlardan..<\/p>\n<p style=\"text-align: justify;\">YA\u015e: Bunlar YA\u015e&#8217;ta bir \u015fey yapt\u0131. Bu hi\u00e7 \u00f6nemli de\u011fil. Biz onu hallederiz. tart\u0131\u015fma \u00e7\u0131kt\u0131\u011f\u0131nda.. Hemen \u00e7a\u011f\u0131rd\u0131m evlad\u0131m dedim, bu 7 dosayya ek yok mu biraz daha ekleyin, \u015f\u00f6yle 20&#8217;ye yakla\u015ft\u0131r\u0131n dedim&#8230; ama masum ki\u015filerse atmak da olmayacakt\u0131, o y\u00fczden orada b\u0131rakt\u0131k. Biz bir dahaki sefere bu rakam\u0131 3 kat\u0131na \u00e7\u0131kar\u0131r\u0131z g\u00f6r\u00fcrler&#8230;<br \/>\nBunu hallederiz as\u0131l olan kadrola\u015fmalar\u0131na engel olmak<br \/>\nBen olabildi\u011fince insanlar\u0131 cesaretlendirmek istiyorum. Mesela Ya\u015far YAKI\u015e&#8217;IN kar\u0131s\u0131 AKP nedeniyle ayr\u0131lm\u0131\u015f. Arkada\u015flara faks \u00e7ekin dedim. Cesaretlendirin. bunu yapaca\u011f\u0131z. Topumu dirile\u015ftirmeye \u00e7al\u0131\u015faca\u011f\u0131z.. Ba\u015far\u0131r\u0131z buna nina\u0131yorum. Halk\u0131m\u0131z bu kadar da bo\u015f de\u011fildir. \u00d6yle d\u00fc\u015f\u00fcn\u00fcyorum. Zaten bunlara oy verenlerin t\u00fcm\u00fc irticac\u0131 ise b\u0131rakal\u0131m gitsin. Ama de\u011fil. Her \u015feye ra\u011fmen 1919&#8217;dan k\u00f6t\u00fc de\u011filiz..\n<\/p>\n<p style=\"text-align: justify;\">Ben \u00e7a\u011fda\u015f giyim esast\u0131r diye bro\u015f\u00fcrler haz\u0131rlatt\u0131m, g\u00f6nderiyorum. Atat\u00fcrk\u00fcn zaman\u0131nda kad\u0131n\u0131n \u00f6zg\u00fcrl\u00fc\u011f\u00fcn\u00fc, giyimini g\u00f6steren foto\u011flaflardan bro\u015f\u00fcr yapt\u0131rrd\u0131m. MGK&#8217;da hi\u00e7 yeri olmadan, laf\u0131m kesilmesin diye \u00e7\u0131kt\u0131m irticay\u0131 konu\u015ftum&#8230;<\/p>\n<p style=\"text-align: justify;\">Bunlar\u0131 orta vadede par\u00e7alayabiliriz&#8230; As\u0131l i\u015f CHP&#8217;de. Onlar\u0131n bir \u015feyler yapmas\u0131 laz\u0131m. Onlardan uygun olanlar\u0131 cesaretlendirmek laz\u0131m&#8221;<\/p>\n<p style=\"text-align: justify;\"><strong>DE\u011eERLEND\u0130RME<\/strong><\/p>\n<p style=\"text-align: justify;\">S\u00f6z konusu yaz\u0131da y\u0131l belirtilmemi\u015f olup di\u011fer notlardan y\u0131l\u0131n 2002 oldu\u011fu, netice olarak g\u00f6r\u00fc\u015fmenin &#8220;30 Aral\u0131k 2002&#8221; y\u0131l\u0131nda ger\u00e7ekle\u015fti\u011fi de\u011ferlendirilmi\u015ftir.<br \/>\nAyr\u0131ca a\u00e7\u0131k kaynaklarda yap\u0131lan ara\u015ft\u0131rmada 25 Aral\u0131k 2002 tarihli bir ulusal gazetede d\u00f6nemin bir bakan\u0131n\u0131n e\u015finin k\u0131z\u0131yla birlikte evi terk etti\u011fi g\u00f6r\u00fclm\u00fc\u015ft\u00fcr.<\/p>\n<p style=\"text-align: justify;\"><strong>KILIN\u00c7:  AKP&#8217;Y\u0130 SADECE YASAL \u00d6NLEMLERLE DURDURMAK M\u00dcMK\u00dcN DE\u011e\u0130L&#8217;<br \/>\nN\u00c7: BU AKP&#8217;Y\u0130 SADECE YASAL \u00d6NLEMLERLE DURDURMAK M\u00dcMK\u00dcN DE\u011e\u0130L<\/strong>\n<\/p>\n<p style=\"text-align: justify;\">&#8220;16 Temmuz 2002&#8217;de<\/p>\n<p style=\"text-align: justify;\">MGK Genel Sekreteri Org. Tuncay KILIN\u00c7&#8217;LA g\u00f6r\u00fc\u015fme..14.00-15.05 aras\u0131- makam\u0131nd<br \/>\nMakam koltu\u011funun yan kar\u015f\u0131s\u0131nda yine T\u00fcrkiye&#8217;nin Kafkas ve Balkanlar\u0131 da i\u00e7ine alan b\u00fcy\u00fck bir haritas\u0131 3&#8217;e 2 gibi bir ebatt\n<\/p>\n<p style=\"text-align: justify;\">-Yeni olu\u015fum \u00e7ok \u00f6nemli. Ben temas halinde oldu\u011fum sanayi odalar\u0131yla konu\u015fuyorum, destekleyin diyorum. Neden? T\u00fcrkiye&#8217;ye bir heyecan laz\u0131m. Bu AKP&#8217;yi sadece yasal \u00f6nlemlerle durdurmak m\u00fcmk\u00fcn de\u011fil. Milli G\u00f6r\u00fc\u015f\u00fcn oyu 17-18. bunun b\u00fcy\u00fck b\u00f6l\u00fcm\u00fcn\u00fc Erdo\u011fan alsa 11-12 eder, \u00f6tekine de y\u00fczde 5-6 kal\u0131r. Ama bunlar anketlerde 20&#8217;nin \u00fczerinde \u00e7\u0131k\u0131yor. Bunlara giden tepki oylar\u0131n\u0131 bir ba\u015fkas\u0131n\u0131n almas\u0131 laz\u0131m<\/p>\n<p style=\"text-align: justify;\">&#8211; \u015eimdi bu Cem&#8217;i ben pek tan\u0131mam ama, bir \u015fey yapmak istiyor. Anketlerde as\u0131l lider olarak Dervi\u015f g\u00f6r\u00fcn\u00fcyor. Onu da almalar\u0131 laz\u0131m. Sadece Cem&#8217;le olmaz<\/p>\n<p style=\"text-align: justify;\">&#8211; \u015e\u00fckr\u00fc Sina&#8217;ya falan s\u00f6yledim ben, CHP&#8217;ye git, burada art\u0131k ikbal kalmad\u0131 dedim. \u00d6yle. Ecevit nereye kadar g\u00f6t\u00fcrebilir<\/p>\n<p style=\"text-align: justify;\">&#8211; Siyasete bak\u0131yorum, anar\u015fi var. Evet bu anar\u015fi. B\u00f6yle \u015fey olmaz. 30-40 parti se\u00e7ime girecek. B\u00f6l\u00fcnecek. Bunun ad\u0131 anar\u015fi. D\u00fczeltilmesi laz\u0131m<\/p>\n<p style=\"text-align: justify;\">&#8211; Vatanda\u015ftan \u00e7ok tepki mektubu geliyor. (birini okudu) siz orada ne i\u015f yap\u0131yorsunuz. Mustafa Kemal sizi g\u00f6rse de der. Dil o kadar \u00f6nemli ki, bunlara K\u00fcrtlere biz mi dil verec\u011fiz. Vatan\u0131n par\u00e7alanmas\u0131 demek. Siz Osmanl\u0131 Pa\u015fas\u0131 gibi memleketin bat\u0131\u015f\u0131n\u0131 m\u0131 izleyeceksiniz..<\/p>\n<p style=\"text-align: justify;\">&#8211; Irak konusu tats\u0131z. Amerika kararl\u0131. Bizim de fazla bir \u00e7\u0131k\u0131\u015f\u0131m\u0131z yok. B\u00fct\u00fcn i\u015fimiz bunlarla. Sonra, bunlar bize AB&#8217;den daha yak\u0131n. Irak&#8217;ta devlet zaten olu\u015fmu\u015f. Biz g\u00f6rmezden geliyoruz, o kadar. Bunu da nereye kadar yapabiliriz.<\/p>\n<p style=\"text-align: justify;\">AB konusu pentatlon salonuna benziyor. \u00d6nce basit engeller gelir. Onlar\u0131 ge\u00e7ersiniz, giderek a\u011f\u0131rla\u015f\u0131r. Bunlar\u0131n en a\u011f\u0131r\u0131 \u0130talyan \u00e7ukurudur. NATO \u00fclkeleri aras\u0131nda tatbikatta \u0130talyanlar \u00e7ukurda kalm\u0131\u015f o y\u00fczden. Biz orada kalabiliriz. bir de \u0130rlanda masas\u0131 var..&#8221;<\/p>\n<p style=\"text-align: justify;\"><strong>DE\u011eERLEND\u0130RME<\/strong><\/p>\n<p style=\"text-align: justify;\">A\u00e7\u0131k kaynaklarda yap\u0131lan ara\u015ft\u0131rmada &#8216;Cem&#8217;in eski D\u0131\u015fi\u015fleri bakan\u0131 \u0130smail CEM, &#8216;Dervi\u015f&#8217;in ise Devlet eski Bakan\u0131 Kemal DERV\u0130\u015e oldu\u011fu de\u011ferlendirilmi\u015ftir.<\/p>\n","protected":false},"excerpt":{"rendered":"<\/p>\n<p> Balbay&#8217;\u0131n G\u00fcnl\u00fckleri : 1 &#8211; 2 &#8211; 3 &#8211; 4 &#8211; 5 &#8211; 6 &#8211; 7 &#8211; 8 <\/p>\n<p style=\"text-align: justify;\">ERUYGUR: YAPILMASI GEREKEN KORKUTUP YERLER\u0130NDE TUTMAK<\/p>\n<p style=\"text-align: justify;\">&#8220;30 Kas\u0131m cumartesi g\u00fcn\u00fc Jandarma Genel Komutan\u0131 Org. \u015eener ERUYGUR&#8217;LA 75dakikal\u0131k sohbet..<\/p>\n<p style=\"text-align: justify;\">Saat 14.25&#8217;te kap\u0131dayd\u0131m. O da hemen \u00f6nce \u00e7\u0131kt\u0131&#8230; Yaveri ile \u00e7\u0131kt\u0131k. Giri\u015fte, <\/p>\n","protected":false},"author":1,"featured_media":0,"comment_status":"open","ping_status":"closed","sticky":false,"template":"","format":"standard","meta":{"footnotes":""},"categories":[105],"tags":[],"class_list":["post-6325","post","type-post","status-publish","format-standard","hentry","category-gundem","odd"],"_links":{"self":[{"href":"http:\/\/www.korhanyilmaz.com\/index.php?rest_route=\/wp\/v2\/posts\/6325","targetHints":{"allow":["GET"]}}],"collection":[{"href":"http:\/\/www.korhanyilmaz.com\/index.php?rest_route=\/wp\/v2\/posts"}],"about":[{"href":"http:\/\/www.korhanyilmaz.com\/index.php?rest_route=\/wp\/v2\/types\/post"}],"author":[{"embeddable":true,"href":"http:\/\/www.korhanyilmaz.com\/index.php?rest_route=\/wp\/v2\/users\/1"}],"replies":[{"embeddable":true,"href":"http:\/\/www.korhanyilmaz.com\/index.php?rest_route=%2Fwp%2Fv2%2Fcomments&post=6325"}],"version-history":[{"count":0,"href":"http:\/\/www.korhanyilmaz.com\/index.php?rest_route=\/wp\/v2\/posts\/6325\/revisions"}],"wp:attachment":[{"href":"http:\/\/www.korhanyilmaz.com\/index.php?rest_route=%2Fwp%2Fv2%2Fmedia&parent=6325"}],"wp:term":[{"taxonomy":"category","embeddable":true,"href":"http:\/\/www.korhanyilmaz.com\/index.php?rest_route=%2Fwp%2Fv2%2Fcategories&post=6325"},{"taxonomy":"post_tag","embeddable":true,"href":"http:\/\/www.korhanyilmaz.com\/index.php?rest_route=%2Fwp%2Fv2%2Ftags&post=6325"}],"curies":[{"name":"wp","href":"https:\/\/api.w.org\/{rel}","templated":true}]}}