{"id":6321,"date":"2009-03-16T18:22:31","date_gmt":"2009-03-16T16:22:31","guid":{"rendered":"http:\/\/www.korhanyilmaz.com\/?p=6321"},"modified":"2009-03-16T18:22:31","modified_gmt":"2009-03-16T16:22:31","slug":"ab-ma-be-dinlemeyiz-ne-absi-yaaa","status":"publish","type":"post","link":"http:\/\/www.korhanyilmaz.com\/?p=6321","title":{"rendered":"&#039;AB, MA BE D\u0130NLEMEY\u0130Z, NE AB&#039;S\u0130 YAAA!"},"content":{"rendered":"<p><img loading=\"lazy\" decoding=\"async\" class=\"aligncenter size-full wp-image-6419\" src=\"http:\/\/www.korhanyilmaz.com\/wp-content\/uploads\/2009\/03\/240320091034516992749_34.jpg\" alt=\"\" width=\"300\" height=\"142\" \/><\/p>\n<h5 style=\"text-align: justify;\"><span style=\"color: #993300;\">Balbay&#8217;\u0131n G\u00fcnl\u00fckleri : <span style=\"color: #0000ff;\"><a href=\"http:\/\/www.korhanyilmaz.com\/?p=6306\" target=\"_self\">1<\/a> &#8211; <a href=\"http:\/\/www.korhanyilmaz.com\/?p=6317 \" target=\"_self\">2<\/a> &#8211;<a href=\"http:\/\/www.korhanyilmaz.com\/?p=6312\" target=\"_self\"> 3<\/a> &#8211; <a href=\"http:\/\/www.korhanyilmaz.com\/?p=6321\" target=\"_self\">4<\/a> &#8211; <a href=\"http:\/\/www.korhanyilmaz.com\/?p=6325\" target=\"_self\">5<\/a> &#8211; <a href=\"http:\/\/www.korhanyilmaz.com\/?p=6328\" target=\"_self\">6<\/a> &#8211; <a href=\"http:\/\/www.korhanyilmaz.com\/?p=6331\" target=\"_self\">7 <\/a>&#8211; <a href=\"http:\/\/www.korhanyilmaz.com\/?p=6334\" target=\"_self\">8<\/a><\/span><\/span><\/h5>\n<p style=\"text-align: justify;\"><strong>&#8216;AB, MA BE D\u0130NLEMEY\u0130Z, NE AB&#8217;S\u0130 YAAA!<\/strong><\/p>\n<p style=\"text-align: justify;\">&#8220;12 Eyl\u00fcl per\u015femb ak\u015fam \u00e7algan&#8217;da yemek.<\/p>\n<p style=\"text-align: justify;\">Y\u00fccel Yener, \u0130hsan Erba\u015f (m\u00fcste\u015far), Erdal \u015eenel(T\u00fcmg. Gen Kurm. Aldi M\u00fc\u015f), Engin AYDIN, Birkan ERDAL..<br \/>\nE\u015e- AKP y\u00fckseliyor. Tek ba\u015f\u0131na iktidara gelebilir. Bunlar Erbakan&#8217;dan daha beter. Erbakan&#8217;\u0131 arar\u0131z. Laikli\u011fi sulahd\u0131rmak isteyeceklerdir. Merkez sa\u011fdan bir ki\u015fi onlara ge\u00e7ecekti, sordular. cemsede size de yer ay\u0131ral\u0131m&#8217; dedim&#8230; \u00d6yle bir \u015fey olursa AB, ma be dinlemeyiz. ne AB&#8217;si yaaa..<br \/>\n30 A\u011fustosta Y\u0131lmaz&#8217;\u0131 \u00e7ektim, ya bu se\u00e7im karar\u0131n\u0131 niye ald\u0131n\u0131z&#8217; dedim. Bir \u015fey diyemedi&#8230; b\u00f6yle \u015fey olmaz&#8230;<br \/>\nTurgay C\u0130NER yurtsever adamd\u0131r&#8230; Da\u011f\u0131t\u0131m tekelinin k\u0131r\u0131lmas\u0131 iyi oldu&#8230;&#8221; <!--more-->\n<\/p>\n<p style=\"text-align: justify;\"><strong>DE\u011eERLEND\u0130RME<\/strong><\/p>\n<p style=\"text-align: justify;\">S\u00f6z konusu yaz\u0131da y\u0131l belirtilmedi\u011finden dolay\u0131 takvim \u00fczerinde yap\u0131lan incelemede 12 Eyl\u00fcl&#8217;\u00fcn 2002 y\u0131l\u0131nda Per\u015fembe g\u00fcn\u00fcne rast geldi\u011fi ve bu nedenle s\u00f6z konusu g\u00f6r\u00fc\u015fmenin &#8220;12 Eyl\u00fcl 2002&#8221; tarihinde yap\u0131ld\u0131\u011f\u0131,<br \/>\nDi\u011fer notlarda Y\u00fccel YENER TRT Genel M\u00fcd\u00fcr\u00fc, \u0130hsan ERBA\u015e Adalet Bakanl\u0131\u011f\u0131 M\u00fcste\u015far\u0131, Erdal \u015eenel Genelkurmay Adli M\u00fc\u015faviri, Engin AYDIN Adalet Bakanl\u0131\u011f\u0131 Dan\u0131\u015fman\u0131 ve Birkan ERDAL&#8217;\u0131 da K\u0130T Komisyonu Ba\u015fkan\u0131 olarak belirtildi\u011fi g\u00f6r\u00fclm\u00fc\u015ft\u00fcr.<br \/>\nS\n<\/p>\n<p style=\"text-align: justify;\"><strong>SE\u00c7\u0130M SONUCU YORUMU: FETHULLAH \u0130KT\u0130DARI<\/strong><\/p>\n<p style=\"text-align: justify;\">5 Kas\u0131m Sal\u0131 g\u00fcn\u00fc ak\u015fam\u00fczeri Genkurm. Adli M\u00fc\u015faviri T\u00fcmgeneral Erdal \u015eENEL&#8217;le g\u00f6r\u00fc\u015fme..<\/p>\n<p style=\"text-align: justify;\">\u00c7ok bozuk&#8230; Se\u00e7im sonu\u00e7lar\u0131n\u0131 Fethullah&#8217;\u0131n iktidar\u0131 olarak yorumlad\u0131. Bunlar\u0131n ba\u015flang\u0131\u00e7ta tak\u0131ye yapaca\u011f\u0131n\u0131, Fethullah gibi kendini gizle, \u00e7ok g\u00fc\u00e7l\u00fc oldu\u011fun an ortaya \u00e7\u0131k modelini benimseyeceklerini s\u00f6yledi<\/p>\n<p style=\"text-align: justify;\">\u0130\u00e7im ac\u0131yor.. Bu kadar olamaz dedi&#8230; \u00c7ocuklar\u0131m\u0131 d\u00fc\u015f\u00fcn\u00fcyorum, Mustafa Kemal T\u00fcrkiyesi bu olmamal\u0131 dedi&#8230; TSK&#8217;nin dimdik ayakta oldu\u011funu gerekeni yapaca\u011f\u0131n\u0131 s\u00f6yledi.<br \/>\nAyn\u0131 g\u00fcn saat 19.00 s\u0131ralar\u0131nda Kara Kuvvetleri Komutan\u0131 Org. Ayta\u00e7 YALMAN aramama yan\u0131t verdi.<br \/>\nBunu \u00f6ng\u00f6rmediklerini, hatta tam tersini d\u00fc\u015f\u00fcnd\u00fcklerini yani AKP ile CHP&#8217;nin yer de\u011fi\u015ftirmesi gerekti\u011fini, bunu beklediklerini s\u00f6yledi. Dikkatle izlediklerini, ba\u015flang\u0131\u00e7ta hemen tepki vermenin uygun olmayaca\u011f\u0131n\u0131 s\u00f6yledib, en az\u0131ndan bir mesaj deyince, o olabilir dedi. 10 Kas\u0131m var \u00f6n\u00fcm\u00fczde o olabilir dedi.&#8221;\n<\/p>\n<p style=\"text-align: justify;\"><strong>DE\u011eERLEND\u0130RME<\/strong><\/p>\n<p style=\"text-align: justify;\">S\u00f6z konusu yaz\u0131da y\u0131l belirtilmedi\u011finden dolay\u0131 takvim \u00fczerinde yap\u0131lan incelemede 5 Kas\u0131m&#8217;\u0131n 2002 y\u0131l\u0131nda Sal\u0131 g\u00fcn\u00fcne rast geldi\u011fi ve bu nedenle s\u00f6z konusu g\u00f6r\u00fc\u015fmenin &#8220;5 Kas\u0131m 2002&#8221; tarihinde yap\u0131ld\u0131\u011f\u0131 de\u011ferlendirilmi\u015ftir.<\/p>\n<p style=\"text-align: justify;\"><strong>BALBAY: YALMAN, YAYINLAYACA\u011eI B\u0130LD\u0130R\u0130YE BANA BAZI EKLER YAPTIRDI<\/strong><\/p>\n<p style=\"text-align: justify;\">&#8220;8 Kas\u0131m saat 10.15 KKK Ayta\u00e7 YALMAN&#8217;IN makam\u0131nda g\u00f6r\u00fc\u015fme..<br \/>\nBug\u00fcn yay\u0131nlanacak bildiriyi okudu. 10 Kas\u0131m nedeniyle ilk kez, Atat\u00fcrk&#8217;e raha uyu ve bize g\u00fcven&#8230; diye bitiyor bildiri bana da baz\u0131 ekler yapt\u0131rd\u0131.<br \/>\nSonra yaz\u0131lmamak \u00fczere s\u00f6yledikleri\n<\/p>\n<p style=\"text-align: justify;\"><strong>YALMAN: M\u0130LLET DE\u011e\u0130L \u00dcMMET \u0130RADES\u0130<\/strong><\/p>\n<p style=\"text-align: justify;\">&#8211; Bu se\u00e7im sonu\u00e7lar\u0131na millet iradesi diyemiyorum. Bu \u00fcmmet iradesi. Demek ki biz daha ulus olamad\u0131k. Bu onun yans\u0131mas\u0131. \u00dcniter devleti kurup halk\u0131 ulusla\u015ft\u0131rmak o kadar kolay de\u011fil. Ayd\u0131nlanma hareketini tam olarak tamamlayamad\u0131k<\/p>\n<p style=\"text-align: justify;\">&#8211; Oyum \u015fahsen CHP&#8217;ye idi. istedim ki, AKP&#8217;nin yerinde CHP olsun, olmad\u0131. Ama \u015fimdi CHP&#8217;nin de AKP&#8217;ye bu kadar yana\u015fmamas\u0131 gerekli. Ne \u00f6yle, yak\u0131nla\u015fmalar, \u00f6neriler, ortak hareket edelimler. CHP yerini unutmamal\u0131<\/p>\n<p style=\"text-align: justify;\">&#8211; Bu se\u00e7im sonu\u00e7lar\u0131ndan sonra hemen ABD&#8217;nin sevinmesi, \u0130stanbul sermayesinin sevinci deste\u011fi olay\u0131n \u00e7ok geni\u015f boyutlar\u0131n\u0131n oldu\u011fnu g\u00f6steriyor. Bu orduyu da zay\u0131flatma, etkisini azaltma giri\u015fimleri. G\u00fc\u00e7l\u00fc ama i\u00e7te<br \/>\netkisiz bir ordu isteniyor. Biz bunun fark\u0131nday\u0131z<\/p>\n<p style=\"text-align: justify;\">&#8211; AKP&#8217;nin ileride ne yapaca\u011f\u0131n\u0131 hesaplamak<br \/>\nistemiyoruz. Ne olursa ne olur diye bakm\u0131yorum. Dileriz germezler ama herkes gibi bizim de kafam\u0131zda ku\u015fkular var. Bizim bu a\u00e7\u0131klamalar\u0131m\u0131z zinde g\u00fc\u00e7lere bir kuvvet verir diye bak\u0131yoruz\n<\/p>\n<p style=\"text-align: justify;\">&#8211; Bu se\u00e7imin tek yararl\u0131 yan\u0131, Mesut YILMAZ&#8217;IN Tansu \u00c7\u0130LLER&#8217;\u0130N gitmesi oldu. Yoksa onlar\u0131n ba\u015fka t\u00fcrl\u00fc gidece\u011fi yoktu. Onlar y\u00f6netimiyordu. Ben MGK&#8217;da biliyorum. Her \u015feyi g\u00f6r\u00fcyorduk. y\u00f6netemiyorlard\u0131<\/p>\n<p style=\"text-align: justify;\">&#8211; Cumhuriyet nas\u0131l gidiyor? Tek gazete kald\u0131n\u0131z s\u00f6yleyeyim&#8230; Ama bu \u00c7apanlardan kurtulun. Onlar\u0131n alt\u0131nda \u00e7apano\u011flu var bilesin&#8230; Bu gazeteye Atat\u00fcrk ad vermi\u015f, size para koyan\u0131n da temiz olmas\u0131 laz\u0131m&#8221;<\/p>\n<p style=\"text-align: justify;\"><strong>DE\u011eERLEND\u0130RME<\/strong><\/p>\n<p style=\"text-align: justify;\">S\u00f6z konusu yaz\u0131da y\u0131l belirtilmedi\u011finden dolay\u0131 yaz\u0131 i\u00e7indeki ak\u0131\u015ftan ve g\u00f6r\u00fc\u015f\u00fclen konular\u0131n i\u00e7eri\u011finden g\u00f6r\u00fc\u015fmenin 2002 y\u0131l\u0131nda yap\u0131ld\u0131\u011f\u0131 dolay\u0131s\u0131 ile s\u00f6z konusu g\u00f6r\u00fc\u015fmenin &#8220;8 Kas\u0131m 2002&#8221; tarihinde yap\u0131ld\u0131\u011f\u0131 de\u011ferlendirilmi\u015ftir.<\/p>\n<p style=\"text-align: justify;\"><strong>YALMAN: ALTIMIZ \u0130\u00c7\u0130N MESAJ VERMEM\u0130Z GEREK\u0130YOR<\/strong><\/p>\n<p style=\"text-align: justify;\">29.11.0<br \/>\nD\u00fcn KKK Telf. anad\u0131\n<\/p>\n<p style=\"text-align: justify;\">&#8211; Hi\u00e7 mutlu de\u011filim.. \u0130nan ki. Benim d\u00fc\u015f\u00fcnd\u00fc\u011f\u00fcm davran\u0131\u015f tarz\u0131 bu de\u011fildi. Bu ziyaret hi\u00e7 olmamal\u0131yd\u0131. Bu Ar\u0131n\u00e7&#8217;\u0131n t\u00fcrban olay\u0131ndan \u00f6nce planlanm\u0131\u015f, randevu al\u0131nm\u0131\u015f. Ben hi\u00e7 de\u011filse kap\u0131da \u015f\u00f6yle bir a\u00e7\u0131klama yap\u0131lmas\u0131n\u0131 istedim son d\u00f6nemde ya\u015fanan olaylara kar\u015f\u0131n, milletimizin iradesine duyulan sayg\u0131n\u0131n gere\u011fi&#8217;&#8230;<\/p>\n<p style=\"text-align: justify;\">Bunu birinci kabul etmedi. bir tek millete duyulan sayg\u0131 gibi olabilir.. Senin iki g\u00fcn \u00f6nceki yaz\u0131n\u0131 \u00e7ok dikkatle okudum. Tamamen kat\u0131l\u0131yorum. Sen benim ne d\u00fc\u015f\u00fcnd\u00fc\u011f\u00fcm\u00fc biliyorsun. Ama bir d\u00f6nem b\u00f6yle olacak&#8230; Tabii ekonomik durum var bir de AB var. Bu AB ad\u0131 alt\u0131nda her \u015feyi yapacak bunlar. \u00c7ok kritik bir e\u015fikten ge\u00e7iyoruz. Biz de ekonomiyi bozan taraf olmak istemiyoruz<\/p>\n<p style=\"text-align: justify;\">MGK i\u00e7in notlar haz\u0131rl\u0131yorum. Kodrola\u015fma sorununu g\u00fcndeme getirce\u011fim Ar\u0131n\u00e7&#8217;\u0131 ziyaret gir-\u00e7\u0131k olacak. Hi\u00e7 olmamas\u0131 daha iyiydi ama, b\u00f6yle olacak bizim bu t\u00fcr mesajlar\u0131 i\u00e7imiz yani alt\u0131m\u0131z i\u00e7in de vermemiz gerekiyor. Anl\u0131yorsunz de\u011fil mi&#8221;<\/p>\n<p style=\"text-align: justify;\"><strong>DE\u011eERLEND\u0130RME<\/strong><\/p>\n<p style=\"text-align: justify;\">Di\u011fer notlardaki g\u00f6r\u00fc\u015fme ak\u0131\u015f\u0131ndan tarihin 29 Kas\u0131m 2002 tarihinde Genelkurmay Ba\u015fkan\u0131 Hilmi \u00d6ZK\u00d6K ile Kuvvet Komutanlar\u0131n\u0131n Meclis Ba\u015fkan\u0131 B\u00fclent ARIN\u00c7&#8217;a ger\u00e7ekle\u015ftirdikleri ziyaret g\u00fcn\u00fcnde yap\u0131ld\u0131\u011f\u0131 de\u011ferlendirilmi\u015ftir.<\/p>\n","protected":false},"excerpt":{"rendered":"<\/p>\n<p> Balbay&#8217;\u0131n G\u00fcnl\u00fckleri : 1 &#8211; 2 &#8211; 3 &#8211; 4 &#8211; 5 &#8211; 6 &#8211; 7 &#8211; 8 <\/p>\n<p style=\"text-align: justify;\">&#8216;AB, MA BE D\u0130NLEMEY\u0130Z, NE AB&#8217;S\u0130 YAAA!<\/p>\n<p style=\"text-align: justify;\">&#8220;12 Eyl\u00fcl per\u015femb ak\u015fam \u00e7algan&#8217;da yemek.<\/p>\n<p style=\"text-align: justify;\">Y\u00fccel Yener, \u0130hsan Erba\u015f (m\u00fcste\u015far), Erdal \u015eenel(T\u00fcmg. Gen Kurm. Aldi M\u00fc\u015f), Engin AYDIN, Birkan ERDAL.. E\u015e- AKP <\/p>\n","protected":false},"author":1,"featured_media":0,"comment_status":"open","ping_status":"closed","sticky":false,"template":"","format":"standard","meta":{"footnotes":""},"categories":[105],"tags":[],"class_list":["post-6321","post","type-post","status-publish","format-standard","hentry","category-gundem","odd"],"_links":{"self":[{"href":"http:\/\/www.korhanyilmaz.com\/index.php?rest_route=\/wp\/v2\/posts\/6321","targetHints":{"allow":["GET"]}}],"collection":[{"href":"http:\/\/www.korhanyilmaz.com\/index.php?rest_route=\/wp\/v2\/posts"}],"about":[{"href":"http:\/\/www.korhanyilmaz.com\/index.php?rest_route=\/wp\/v2\/types\/post"}],"author":[{"embeddable":true,"href":"http:\/\/www.korhanyilmaz.com\/index.php?rest_route=\/wp\/v2\/users\/1"}],"replies":[{"embeddable":true,"href":"http:\/\/www.korhanyilmaz.com\/index.php?rest_route=%2Fwp%2Fv2%2Fcomments&post=6321"}],"version-history":[{"count":0,"href":"http:\/\/www.korhanyilmaz.com\/index.php?rest_route=\/wp\/v2\/posts\/6321\/revisions"}],"wp:attachment":[{"href":"http:\/\/www.korhanyilmaz.com\/index.php?rest_route=%2Fwp%2Fv2%2Fmedia&parent=6321"}],"wp:term":[{"taxonomy":"category","embeddable":true,"href":"http:\/\/www.korhanyilmaz.com\/index.php?rest_route=%2Fwp%2Fv2%2Fcategories&post=6321"},{"taxonomy":"post_tag","embeddable":true,"href":"http:\/\/www.korhanyilmaz.com\/index.php?rest_route=%2Fwp%2Fv2%2Ftags&post=6321"}],"curies":[{"name":"wp","href":"https:\/\/api.w.org\/{rel}","templated":true}]}}