{"id":6317,"date":"2009-03-16T18:20:45","date_gmt":"2009-03-16T16:20:45","guid":{"rendered":"http:\/\/www.korhanyilmaz.com\/?p=6317"},"modified":"2009-03-16T18:20:45","modified_gmt":"2009-03-16T16:20:45","slug":"eruygura-demek-ki-bir-seylere-soyundunuz-sakasi","status":"publish","type":"post","link":"http:\/\/www.korhanyilmaz.com\/?p=6317","title":{"rendered":"ERUYGUR&#039;A &#039;DEMEK K\u0130 B\u0130R \u015eEYLERE SOYUNDUNUZ&#039; \u015eAKASI"},"content":{"rendered":"<p><img loading=\"lazy\" decoding=\"async\" class=\"aligncenter size-full wp-image-6410\" src=\"http:\/\/www.korhanyilmaz.com\/wp-content\/uploads\/2009\/03\/240320091034516992749_32.jpg\" alt=\"\" width=\"300\" height=\"142\" \/><\/p>\n<h5 style=\"text-align: justify;\"><span style=\"color: #993300;\">Balbay&#8217;\u0131n G\u00fcnl\u00fckleri : <span style=\"color: #0000ff;\"><a href=\"http:\/\/www.korhanyilmaz.com\/?p=6306\" target=\"_self\">1<\/a> &#8211; <a href=\"http:\/\/www.korhanyilmaz.com\/?p=6317 \" target=\"_self\">2<\/a> &#8211;<a href=\"http:\/\/www.korhanyilmaz.com\/?p=6312\" target=\"_self\"> 3<\/a> &#8211; <a href=\"http:\/\/www.korhanyilmaz.com\/?p=6321\" target=\"_self\">4<\/a> &#8211; <a href=\"http:\/\/www.korhanyilmaz.com\/?p=6325\" target=\"_self\">5<\/a> &#8211; <a href=\"http:\/\/www.korhanyilmaz.com\/?p=6328\" target=\"_self\">6<\/a> &#8211; <a href=\"http:\/\/www.korhanyilmaz.com\/?p=6331\" target=\"_self\">7 <\/a>&#8211; <a href=\"http:\/\/www.korhanyilmaz.com\/?p=6334\" target=\"_self\">8<\/a><\/span><\/span><\/h5>\n<p style=\"text-align: justify;\"><strong>ERUYGUR&#8217;A &#8216;DEMEK K\u0130 B\u0130R \u015eEYLERE SOYUNDUNUZ&#8217; \u015eAKASI<\/strong><\/p>\n<p style=\"text-align: justify;\">&#8220;1. 3. 04 pazartes saat 11.00<\/p>\n<p style=\"text-align: justify;\">Ayn\u0131 \u015fekilde g\u00f6r\u00fc\u015fme&#8230; Bizim \u00f6nerimiz kabul edilmedi. Sonra en ba\u015fa \u015eener&#8217;e gittik. Ceketi \u00e7\u0131karm\u0131\u015f. Kusura bakmay\u0131n dedi. Ben de, demek ki bir \u015feylere soyundunuz&#8230; G\u00fcl\u00fc\u015ft\u00fck.<\/p>\n<p style=\"text-align: justify;\">Levent de oturdu. Dedi\u011finiz gibi yaz\u0131l\u0131rsa, engelleyebilirler. Zaten emirleri dinlemiyoruz, bunu ilan etmenin gere\u011fi yok.<\/p>\n<p style=\"text-align: justify;\">Birliktelik kurmak ger\u00e7ekten zor. Biz de zorland\u0131k ama bunu ba\u015faraca\u011f\u0131z..&#8221;<!--more--><\/p>\n<p style=\"text-align: justify;\"><strong>DE\u011eERLEND\u0130RME<\/strong><\/p>\n<p style=\"text-align: justify;\">Di\u011fer notlardan ve a\u00e7\u0131k kaynaklardan yap\u0131lan ara\u015ft\u0131rmada &#8216;\u015eener&#8217; isimli \u015fahs\u0131n (E) Org. Mehmet \u015eener ERUYGUR, &#8216;Levent&#8217; isimli \u015fahs\u0131n ise belirtilen tarihte Jandarma Genel komutanl\u0131\u011f\u0131 \u0130stihbarat Ba\u015fkan\u0131 olan &#8220;Tu\u011fgeneral Levent ERS\u00d6Z&#8221; oldu\u011fu de\u011ferlendirilmi\u015ftir.<\/p>\n<p style=\"text-align: justify;\"><strong>ERUYGUR&#8217;DAN BALBAY VE \u00c7\u00d6LA\u015eAN&#8217;A: BLOK OLARAK \u0130LERLEYECE\u011e\u0130Z<\/strong><\/p>\n<p style=\"text-align: justify;\">&#8220;21 Nisan 2003 pazartesi g\u00fcn\u00fc<\/p>\n<p style=\"text-align: justify;\">Emin \u00c7\u00d6LA\u015eAN ile birlikte \u015eener ERUYGUR&#8217;la yemek. Be\u015fevler, An\u0131ttepedeki Jandarma Tesislerinde.. Ba\u015flang\u0131\u00e7ta imam hatip okullar\u0131na ve irtica yuvalar\u0131na operasyonlar. Baz\u0131 videolar g\u00f6sterdi. Bunlarla kararl\u0131 m\u00fccadele. \u00c7\u00f6la\u015fan biri sordu. O da bunlar \u00f6nemli de\u011fil, bir blok olmak \u00f6nemli dedi. \u0130leri gidene biraz dur, geride kala y\u00fcr\u00fc diyece\u011fiz ve bir blok olarak ilerleyece\u011fiz dedi..<\/p>\n<p style=\"text-align: justify;\">Bunlar\u0131n azg\u0131nl\u0131\u011f\u0131ndan s\u00f6z etti. 23 Nisanda ne yapmak gerekti\u011fini konu\u015ftuk. Mutlaka bir duru\u015f g\u00f6stermek gerekti\u011fini s\u00f6yledi. Olamaz dedi. Bunlar b\u00f6yle dedi..&#8221;<\/p>\n<p style=\"text-align: justify;\"><strong>&#8216;\u0130ZLEME, DE\u011eERLEND\u0130RME SAFHASI B\u0130TT\u0130, UYARI A\u015eAMASI BA\u015eLADI&#8217;<\/strong><\/p>\n<p style=\"text-align: justify;\">&#8220;22 Nisan Sal\u0131 g\u00fcn\u00fc<\/p>\n<p style=\"text-align: justify;\">Aslan G\u00dcNER Pa\u015fayla Tle. g\u00f6r\u00fc\u015fmesi..<\/p>\n<p style=\"text-align: justify;\">23 Nisan resepsiyonuna kat\u0131lmama e\u011filimi&#8230; \u0130zleme, takip, de\u011ferlendirme safhas\u0131 bitti. Bundan sonra uyar\u0131 ve duru\u015f a\u015famas\u0131 ba\u015flad\u0131 dedi. Bunun \u0131srarla alt\u0131n\u0131 \u00e7izdi.<br \/>\n23 nisanda Meclisteki resmi t\u00f6rene kat\u0131l\u0131r\u0131z ama, ak\u015famki resepsiyon \u00f6zel say\u0131l\u0131r bunu \u00f6yle de\u011ferlendirece\u011fiz..&#8221;\n<\/p>\n<p style=\"text-align: justify;\"><strong>DE\u011eERLEND\u0130RME<\/strong><\/p>\n<p style=\"text-align: justify;\">A\u00e7\u0131k kaynaklarda yap\u0131lan ara\u015ft\u0131rmada Aslan G\u00dcNER&#8217;in belirtilen tarihte Genel Kurmay Ba\u015fkanl\u0131\u011f\u0131 Genel Sekreteri oldu\u011fu ve yaz\u0131 i\u00e7erisinde ge\u00e7en &#8216;resepsiyon&#8217;un 23 Nisan 2003 tarihinde d\u00f6nemin TBMM Ba\u015fkan\u0131 B\u00fclent ARIN\u00c7 taraf\u0131ndan verilen resepsiyon oldu\u011fu de\u011ferlendirimi\u015ftir.<\/p>\n<p style=\"text-align: justify;\"><strong>&#8216;BU \u0130\u015e\u0130 28 \u015eUBAT&#8217;TA B\u0130T\u0130RECEKT\u0130K, PLANLADIK, KARADAYI B\u0130Z\u0130 UYUTTU&#8217;<\/strong><\/p>\n<p style=\"text-align: justify;\">&#8220;23 Nisan \u00e7ar\u015famba<\/p>\n<p style=\"text-align: justify;\">Fatih ve \u015eENEL&#8217;le \u015eeratonda sohbe<\/p>\n<p style=\"text-align: justify;\">&#8211; Yav biz bu i\u015fi 28 \u015eubatta bitirecektik. Bunu o g\u00fcn \u00fc\u00e7 ki\u015fi planlad\u0131k, Bir,Fevzi Ben. Her \u015feyi haz\u0131rlad\u0131k. Bakanlar kurulunu dahi. M\u00fcste\u015farlar\u0131 bulmak zordu onlar\u0131 da tamamlad\u0131k. Karaday\u0131 bizi uyuttu. Az sonra dedi, hemen dedi. H\u00fck\u00fcmet devrilsin ondan sonra dedi..<\/p>\n<p style=\"text-align: justify;\">Art\u0131k gelip 10-15 y\u0131l gitmeden i\u015fleri hallettmek gerekiyor. \u00dcstelik o ara AB de yoktu. Kopenhag olmam\u0131\u015ft\u0131. \u015eimdi her \u015fey \u00e7ok daha zor<br \/>\nBug\u00fcn durum \u00e7ok k\u00f6t\u00fc. \u00c7ok. Bir numara teslim olmu\u015f durumda. Bunu lami cimi yok.<\/p>\n<p style=\"text-align: justify;\">Onunla Recep aras\u0131nda hat var. Hat var. Bunlar AB yasalar\u0131n\u0131 t\u00fcm\u00fcyle kendi \u00e7\u0131karlar\u0131 i\u00e7in uygulayacak. \u0130\u015fte imar yasas\u0131. Apartmanlar\u0131n alt\u0131na mescit yapman\u0131n yolunu a\u00e7acak de\u011fi\u015fiklik planl\u0131yorlar<br \/>\nBirin alt\u0131 sa\u011flam. Blok. Ama oras\u0131 \u00e7ok \u00f6nemli.&#8221;\n<\/p>\n<p style=\"text-align: justify;\"><strong>DE\u011eERLEND\u0130RME<\/strong><\/p>\n<p style=\"text-align: justify;\">Di\u011fer notlardaki g\u00f6r\u00fc\u015fme ak\u0131\u015f\u0131ndan tarihin 2003 y\u0131l\u0131 oldu\u011fu ve netice olarak g\u00f6r\u00fc\u015fmenin &#8220;23 Nisan 2003&#8221; tarihinde yap\u0131ld\u0131\u011f\u0131,<\/p>\n<p style=\"text-align: justify;\">A\u00e7\u0131k kaynaklarda yap\u0131lan ara\u015ft\u0131rmada ve incelemenin genelinden&#8217;\u015eenel&#8217;in belirtilen tarihte Genel Kurmay Adli M\u00fc\u015faviri T\u00fcmgeneral &#8220;Erdal \u015eENEL&#8221;, &#8216;Recep&#8217;in Ba\u015fbakan Recep Tayip ERDO\u011eAN ve &#8216;Karaday\u0131&#8217;n\u0131n Genel Kurmay eski Ba\u015fkan\u0131 \u0130smail Hakk\u0131 KARADAYI oldu\u011fu de\u011ferlendirilmi\u015ftir.<\/p>\n<p style=\"text-align: justify;\"><strong>&#8216;GER\u0130 ADIM OLAMAZ, ARTIK BELL\u0130 B\u0130R DURU\u015e G\u00d6STER\u0130LD\u0130&#8217;<\/strong><\/p>\n<p style=\"text-align: justify;\">&#8220;25 N\u0131san<br \/>\nAslan G\u00dcNER&#8217;le g\u00f6r\u00fc\u015fm<br \/>\nArt\u0131k izleme, takip d\u00f6nemi bitti. E\u011fer anlad\u0131larsa iyi, anlamad\u0131larsa yeniden s\u00f6ylenir. Biz bunlar\u0131 kapal\u0131 ortamlarda hep s\u00f6yl\u00fcyoruz. Ama art\u0131k kamuoyuyla payla\u015fman\u0131n gerekti\u011fi bir durum do\u011fdu. Tek neden t\u00fcrban de\u011fil. Kadrola\u015fma, Milli G\u00f6r\u00fc\u015f, siz de biliyorsunuz&#8230; Bundan sonra da gereken uygun platformlarla s\u00f6ylenecek<br \/>\ngeri ad\u0131m<br \/>\nhay\u0131r.. Olamaz. Art\u0131k belli bir duru\u015f g\u00f6sterildi. Son d\u00f6nemde kimileri TSK&#8217;yi ba\u015fka t\u00fcrl\u00fc g\u00f6stermeye \u00e7al\u0131\u015ft\u0131. Hassasiyetlerinin de\u011fi\u015fti\u011fi izlenimi verilmeye \u00e7al\u0131\u015ft\u0131. Ama \u00f6yle de\u011fil. TSK bir b\u00fct\u00fcnd\u00fcr ve hassasiyetlerini korumaktad\u0131r.<br \/>\nAtat\u00fcrk&#8217;\u00fcn kurdu\u011fu bu rejimi korumak bizim g\u00f6revimizdir.&#8221;\n<\/p>\n<p style=\"text-align: justify;\"><strong>DE\u011eERLEND\u0130RME<\/strong><\/p>\n<p style=\"text-align: justify;\">S\u00f6z konusu yaz\u0131da y\u0131l belirtilmedi\u011finden dolay\u0131 di\u011fer notlardan tarihin 2003 oldu\u011fu ve s\u00f6z konusu g\u00f6r\u00fc\u015fmenin &#8220;25 Nisan 2003&#8221; tarihinde yap\u0131ld\u0131\u011f\u0131,<br \/>\nA\u00e7\u0131k kaynaklarda yap\u0131lan ara\u015ft\u0131rma ve incelemenin genelinden Aslan G\u00dcNER&#8217;in belirtilen tarihte Genel Kurmay Ba\u015fkanl\u0131\u011f\u0131 Genel Sekreteri oldu\u011fu de\u011ferlendirilmi\u015ftir.\n<\/p>\n<p style=\"text-align: justify;\"><strong>&#8216;\u00d6ZK\u00d6K VE H\u00dcK\u00dcMET G\u0130TMEL\u0130. \u0130LK HAREKET 30-60 G\u00dcN \u0130\u00c7\u0130NDE&#8217;<\/strong><\/p>\n<p style=\"text-align: justify;\">&#8220;Memet \u0130LHAN&#8217;la sohbe<\/p>\n<p style=\"text-align: justify;\">Her \u015fey planland\u011f\u0131 gibi. 30-60 g\u00fcn i\u00e7inde ilk hareket. Sizin tahmininizden de \u00f6te. \u00c7ok \u00f6te. B\u0130R\u0130N yan\u0131s\u0131ra 59un da gitmesi gerek..<\/p>\n<p style=\"text-align: justify;\">\u0130\u00e7e kapand\u0131lar.2 ayd\u0131r \u00f6yle. Ayta\u00e7 pa\u015fa \u00e7ok a\u011f\u0131r konu\u015facak. MGKda konu\u015facak. Son t\u00fcmce \u015fu olsun demi\u015f bunlar yap\u0131lmazsa k\u0131r\u0131lma ya\u015fan\u0131r.&#8217; \u00e7ok haz\u0131rl\u0131kl\u0131 gelecekler. Bunu biliyoruz. Ona g\u00f6re konu\u015fmak laz\u0131m. Asl\u0131nda onlara konu\u015fma diye de de\u011fil, do\u011fru neyse o. s\u00f6ylenip tamam denmesi laz\u0131m. bunlar cevap veriyor. \u00d6yle g\u00f6r\u00fcn\u00fcyor<\/p>\n<p style=\"text-align: justify;\"><strong>&#8216;T\u00dcM\u00dcYLE B\u0130R TEM\u0130ZL\u0130K, SBF MEZUNU SUBAYLAR VAR&#8217;<\/strong><\/p>\n<p style=\"text-align: justify;\">T\u00fcm\u00fcyle bir temizlik. SBF mezunu, yerel y\u00f6netimleri bilen, e\u011fitim alm\u0131\u015f subaylar var bu son \u015fans olabilir. Yoksa daha k\u00f6t\u00fc. T\u00fcm\u00fcyle bir yenilik. her konuda.. AB s\u00fcrecini de engellemeyecek bir s\u00fcre\u00e7. b\u00f6yle olmal\u0131..<\/p>\n<p style=\"text-align: justify;\">Merdyan\u0131n durumu bizi \u00e7ok d\u00fc\u015f\u00fcnd\u00fcr\u00fclyor. \u00e7o\u011fu sat\u0131ml\u0131<br \/>\nABD ne yapar bizim harekete o belli de\u011fil. Acaba&#8230; B\u0130R Numara en \u00e7ok ona m\u0131 g\u00fcveniyor. Olabilir.\n<\/p>\n<p style=\"text-align: justify;\">\u00d6z \u00d6R, \u00c7etin, Tamer emekli edilirse bu i\u015f bitmi\u015f demektir. Ya da 27 benzeri bir \u015fey olabilir demektir. O da kanl\u0131 olur. Komlar da \u00f6yle d\u00fc\u015f\u00fcn\u00fcyor.<\/p>\n<p style=\"text-align: justify;\">Irakta ba\u015far\u0131s\u0131zl\u0131k, K\u0131b.r\u0131sta son durum biraz rahatlatt\u0131 ama, o da ba\u015far\u0131s\u0131zl\u0131k. Olay sadece irtica de\u011fiml, T\u00fcrkiye kay\u0131yor bizi \u00f6rnek m\u00fcsl\u00fcman \u00fclke olyarakm tan\u0131t\u0131yorlar \u0130slam d\u00fcnyas\u0131na olmaz..<\/p>\n<p style=\"text-align: justify;\">CHPden bir \u015fey beklenmez. Bu hareket onu hesaba katmadan yap\u0131lacak.<\/p>\n<p style=\"text-align: justify;\">STKler orduyu \u00e7ekiyce g\u00fc\u00e7s\u00fcz kal\u0131r. Bu sistemi koruyamazb. Onlar da bunun fark\u0131nda. Kemalizmi bir ideoloji olarak g\u00f6steremedi\u011fimizi biliyorlar. Bunu s\u00f6yl\u00fcyorlar bize.<br \/>\n\u0130rtica zaferinden emin. \u00c7ok emin. Geliyoruz diyornlar<br \/>\nAnkarada resepsiyona kat\u0131l\u0131nmad\u0131 aman Anadoluda kat\u0131l\u0131rd\u0131. D\u00fc\u015ft\u00fc Anadolu. Belki 19 May\u0131sta bir genelge \u00e7\u0131kar\u0131p t\u00fcrban varsa toplant\u0131ya kat\u0131lammamas\u0131\u0131l\u0131<\/p>\n<p style=\"text-align: justify;\">1-bunlar de\u011fi\u015fmeyecekb<br \/>\n2- bir numara de\u011fi\u015fmeyecek<br \/>\n3- CHPden bir \u015fey umulamazb<br \/>\n4- vakit kaybetmemeli<br \/>\n5-bu kez t\u00fcm\u00fcyle halletmeli<br \/>\nMGK bir isti\u015fare yeri haline geliyor. O hale getiriyorlar. Bu kabul edilemez. Yapt\u0131r\u0131m\u0131 yok. Bakt\u0131m Ayta\u00e7 pa\u015fa MGK da hep konu\u015fmu\u015f, ama o kadar. yapt\u0131r\u0131m\u0131 yok&#8221;\n<\/p>\n<p style=\"text-align: justify;\"><strong>DE\u011eERLEND\u0130RME<\/strong><\/p>\n<p style=\"text-align: justify;\">Not i\u00e7erisinde ki 23 Nisan&#8217;a kat\u0131l\u0131m sa\u011flanmad\u0131\u011f\u0131 ve 19 May\u0131s i\u00e7in bir genelge \u00e7\u0131kar\u0131lmas\u0131 \u015feklindeki bilgilerden g\u00f6r\u00fc\u015fme tarihinin 23 Nisan 2003 ile 19 May\u0131s 2003 aras\u0131nda ger\u00e7ekle\u015fti\u011fi de\u011ferlendirilmi\u015ftir.<\/p>\n<p style=\"text-align: justify;\">A\u00e7\u0131k kaynaklarda yap\u0131lan ara\u015ft\u0131rmada &#8217;59&#8217;un 14 Mart 2003 tarihinde AKP genel Ba\u015fkan\u0131 Recep Tayip ERDO\u011eAN taraf\u0131ndan kurulan 59. H\u00fck\u00fcmet,&#8217;Ayta\u00e7 pa\u015fa&#8217;n\u0131n d\u00f6nemin Kara Kuvvetleri Komutan\u0131 Ayta\u00e7 YALMAN, Mehmet \u0130LHAN&#8217;\u0131n \u00fcst d\u00fczey bir askeri personel, &#8220;\u00d6z \u00d6R&#8221;\u00fcn d\u00f6nemin Donanma Komutan\u0131 \u00d6zden \u00d6RNEK, &#8216;\u00c7etin&#8217;in d\u00f6nemin 1.Ordu Komutan\u0131 \u00c7etin DO\u011eAN, &#8216;Tamer&#8217;in d\u00f6nemin 3.Ordu Komutan\u0131 Tamer AKBA\u015e,&#8217;27 May\u0131s&#8217;\u0131n 27 May\u0131s 1960&#8217;da T\u00fcrk Silahl\u0131 Kuvvetleri emir komuta zinciri d\u0131\u015f\u0131nda yap\u0131lan ve T\u00fcrkiye Cumhuriyeti tarihinde ger\u00e7ekle\u015fen ilk askeri m\u00fcdahale oldu\u011fu g\u00f6r\u00fclm\u00fc\u015ft\u00fcr.<\/p>\n<p style=\"text-align: justify;\">Ayr\u0131ca \u00c7etin DO\u011eAN ve Tamer AKBA\u015e&#8217;\u0131n 30 A\u011fustos 2003 itibariyle emekli olduklar\u0131 g\u00f6r\u00fclm\u00fc\u015ft\u00fcr.<\/p>\n","protected":false},"excerpt":{"rendered":"<\/p>\n<p> Balbay&#8217;\u0131n G\u00fcnl\u00fckleri : 1 &#8211; 2 &#8211; 3 &#8211; 4 &#8211; 5 &#8211; 6 &#8211; 7 &#8211; 8 <\/p>\n<p style=\"text-align: justify;\">ERUYGUR&#8217;A &#8216;DEMEK K\u0130 B\u0130R \u015eEYLERE SOYUNDUNUZ&#8217; \u015eAKASI<\/p>\n<p style=\"text-align: justify;\">&#8220;1. 3. 04 pazartes saat 11.00<\/p>\n<p style=\"text-align: justify;\">Ayn\u0131 \u015fekilde g\u00f6r\u00fc\u015fme&#8230; Bizim \u00f6nerimiz kabul edilmedi. Sonra en ba\u015fa \u015eener&#8217;e gittik. Ceketi \u00e7\u0131karm\u0131\u015f. Kusura bakmay\u0131n dedi. <\/p>\n","protected":false},"author":1,"featured_media":0,"comment_status":"open","ping_status":"closed","sticky":false,"template":"","format":"standard","meta":{"footnotes":""},"categories":[105],"tags":[],"class_list":["post-6317","post","type-post","status-publish","format-standard","hentry","category-gundem","odd"],"_links":{"self":[{"href":"http:\/\/www.korhanyilmaz.com\/index.php?rest_route=\/wp\/v2\/posts\/6317","targetHints":{"allow":["GET"]}}],"collection":[{"href":"http:\/\/www.korhanyilmaz.com\/index.php?rest_route=\/wp\/v2\/posts"}],"about":[{"href":"http:\/\/www.korhanyilmaz.com\/index.php?rest_route=\/wp\/v2\/types\/post"}],"author":[{"embeddable":true,"href":"http:\/\/www.korhanyilmaz.com\/index.php?rest_route=\/wp\/v2\/users\/1"}],"replies":[{"embeddable":true,"href":"http:\/\/www.korhanyilmaz.com\/index.php?rest_route=%2Fwp%2Fv2%2Fcomments&post=6317"}],"version-history":[{"count":0,"href":"http:\/\/www.korhanyilmaz.com\/index.php?rest_route=\/wp\/v2\/posts\/6317\/revisions"}],"wp:attachment":[{"href":"http:\/\/www.korhanyilmaz.com\/index.php?rest_route=%2Fwp%2Fv2%2Fmedia&parent=6317"}],"wp:term":[{"taxonomy":"category","embeddable":true,"href":"http:\/\/www.korhanyilmaz.com\/index.php?rest_route=%2Fwp%2Fv2%2Fcategories&post=6317"},{"taxonomy":"post_tag","embeddable":true,"href":"http:\/\/www.korhanyilmaz.com\/index.php?rest_route=%2Fwp%2Fv2%2Ftags&post=6317"}],"curies":[{"name":"wp","href":"https:\/\/api.w.org\/{rel}","templated":true}]}}