{"id":6312,"date":"2009-03-16T18:21:54","date_gmt":"2009-03-16T16:21:54","guid":{"rendered":"http:\/\/www.korhanyilmaz.com\/?p=6312"},"modified":"2009-03-16T18:21:54","modified_gmt":"2009-03-16T16:21:54","slug":"balbayin-gunlukleri-3","status":"publish","type":"post","link":"http:\/\/www.korhanyilmaz.com\/?p=6312","title":{"rendered":"ERUYGUR: AKP&#039;Y\u0130 VAK\u0130T KAYBETMEDEN PAR\u00c7ALAMAK LAZIM"},"content":{"rendered":"<p style=\"text-align: justify;\"><img loading=\"lazy\" decoding=\"async\" class=\"aligncenter size-full wp-image-6414\" src=\"http:\/\/www.korhanyilmaz.com\/wp-content\/uploads\/2009\/03\/240320091034516992749_33.jpg\" alt=\"\" width=\"300\" height=\"142\" \/><\/p>\n<h5 style=\"text-align: justify;\"><span style=\"color: #993300;\">Balbay&#8217;\u0131n G\u00fcnl\u00fckleri : <span style=\"color: #0000ff;\"><a href=\"http:\/\/www.korhanyilmaz.com\/?p=6306\" target=\"_self\">1<\/a> &#8211; <a href=\"http:\/\/www.korhanyilmaz.com\/?p=6317 \" target=\"_self\">2<\/a> &#8211;<a href=\"http:\/\/www.korhanyilmaz.com\/?p=6312\" target=\"_self\"> 3<\/a> &#8211; <a href=\"http:\/\/www.korhanyilmaz.com\/?p=6321\" target=\"_self\">4<\/a> &#8211; <a href=\"http:\/\/www.korhanyilmaz.com\/?p=6325\" target=\"_self\">5<\/a> &#8211; <a href=\"http:\/\/www.korhanyilmaz.com\/?p=6328\" target=\"_self\">6<\/a> &#8211; <a href=\"http:\/\/www.korhanyilmaz.com\/?p=6331\" target=\"_self\">7 <\/a>&#8211; <a href=\"http:\/\/www.korhanyilmaz.com\/?p=6334\" target=\"_self\">8<\/a><\/span><\/span><\/h5>\n<p style=\"text-align: justify;\"><strong>ERUYGUR: AKP&#8217;Y\u0130 VAK\u0130T KAYBETMEDEN PAR\u00c7ALAMAK LAZIM<\/strong><\/p>\n<p style=\"text-align: justify;\">&#8220;27.1.0 pazartes<\/p>\n<p style=\"text-align: justify;\">Saat 18.00&#8217;de \u015eener ERUYGURLA g\u00f6r\u00fc\u015fme&#8230; 19.10&#8217;a dek. Komutanl\u0131k kap\u0131s\u0131ndan, meclisin kar\u015f\u0131s\u0131ndan giri\u015f. Jandarma heykelleri&#8230; D\u00f6ner merdivenden \u00e7\u0131k\u0131\u015f. G\u00f6r\u00fc\u015fme..<br \/>\nABD: G\u00f6r\u00fc\u015fmelerde \u00e7ok a\u00e7\u0131k konu\u015fuyorum. Bize bir t\u00fcrl\u00fc operasyon sonras\u0131 planlar\u0131n\u0131 s\u00f6ylemiyorlar. Yaz\u0131l\u0131 verip diyoruz yapm\u0131yorlar. Ben onlara T\u00fcrkiye&#8217;nin nas\u0131l kuruldu\u011funu anlat\u0131yorum. Dikkatle dinliyorlar. Bu \u00fclkeyi b\u00f6ld\u00fcrmeyiz diyorum.. B\u00fcy\u00fckel\u00e7i geldi ona dedim ki Biz e\u011fer \u00e7ok zorda kal\u0131rsak delilik de yapar\u0131z. Ne yapaca\u011f\u0131m\u0131z belli olmaz. E\u011fer b\u00fcl\u00fcn\u00fcrsek, siz de alt\u0131nda kal\u0131rs\u0131n\u0131z&#8230; Ger\u00e7ekten s\u00f6yl\u00fcyorum. T\u00fcrkiye par\u00e7alan\u0131rsa, ABD alt\u0131nda kal\u0131r. Bunlar\u0131n niyeti petrol. Bu belli oldu.<br \/>\nAKP: Bunlar\u0131n kafalar\u0131n\u0131n bir b\u00f6l\u00fcm\u00fc \u00e7\u00fcr\u00fcm\u00fc\u015f. Bu y\u00fczden bunlardan sa\u011flam fikir \u00e7\u0131kmaz. Arada bir iyi fikir gibi g\u00f6r\u00fcnse bile mutlaka sap\u0131t\u0131rlar. M\u00fcmk\u00fcn de\u011fil. Bunlar\u0131 orta vadedede, hatta \u00e7ok vakit kaybetmeden par\u00e7alamak laz\u0131m. \u015eimdi baz\u0131 emareler var ama, do\u011frusu onlara kesin g\u00f6z\u00fcyle bakam\u0131yorum. Biraz zaman tan\u0131mak laz\u0131m g\u00f6r\u00fc\u015f\u00fc var. \u0130yi g\u00fczel de bu zaman i\u00e7inde ne t\u00fcr kadrola\u015fma yapacaklar,devleti nas\u0131l y\u0131pratacaklar, bunu bilmiyoruz. Bu kadrola\u015fman\u0131n \u00f6n\u00fcne mutlaka ge\u00e7mek gerekiyor.<!--more-->\n<\/p>\n<p style=\"text-align: justify;\"><strong>&#8216;KE\u015eKE ESK\u0130S\u0130 G\u0130B\u0130 M\u00dcDAHALE ETSEK. GEREK\u0130RSE&#8230; YAN\u0130..&#8217;<\/strong><\/p>\n<p style=\"text-align: justify;\">Davos&#8217;a gittiler, kepazelik. Bunlar\u0131n derdi t\u00fcrban\u0131 kabul ettirmek.. Bunlara kar\u015f\u0131 biraz sab\u0131rl\u0131 da hareket etmek gerekiyor. \u015eimdi eskisi gibi m\u00fcdahale et.. Olmaz&#8230; (g\u00fclerek) ke\u015fke olsa, \u00f6yle bir ortam&#8230; gerekirse&#8230;yani..<br \/>\nCHP: \u00e7ok \u015fey bekliyoruz. Baykal&#8217;\u0131 dikkatli, kararl\u0131, ne yapmak istedi\u011fini bilen bir havada buldum. Kararl\u0131 g\u00f6r\u00fcn\u00fcyor. Dedim ki, siz y\u00fczde 65&#8217;i temsil ediyorsunuz. \u00d6yle davranman\u0131z laz\u0131m&#8230; onun da kendine g\u00f6re de\u011ferlendirmelerivar\n<\/p>\n<p style=\"text-align: justify;\">MEDYA: \u00e7ok \u00f6nemli nas\u0131l bizim tarafa \u00e7ekilir bakmak gerekiyor. Bu sizce nas\u0131l olabilir&#8230; Tuncay \u00d6ZKAN geldi buraya. Nas\u0131l biri tam olarak bir not veremedim. cumhuriyette yeti\u015ftim dedi.<\/p>\n<p style=\"text-align: justify;\">\u0130trica Operasyonu: Bu \u0130stanbul Sultanbeyli deki operasyon. \u00d6nce alt ediyorlard\u0131, neden dedim, \u00fczerine gidin. Gittiler.<br \/>\nBiz bunlara kar\u015f\u0131 sa\u011flam duraca\u011f\u0131z. Ama toplumun da sa\u011flam durmas\u0131n\u0131n yolunu bulmak onlar\u0131 birbiriyle irtibatland\u0131rmak laz\u0131m..\n<\/p>\n<p style=\"text-align: justify;\">Bir dosya ve CD verdi..<\/p>\n<p style=\"text-align: justify;\">\u0130lhan abi Cumhuriyette olanlar\u0131, ittifaklar\u0131, Ak\u015fam-Sabah Grubu ile kurulan ili\u015fkileri anlatt\u0131..<\/p>\n<p style=\"text-align: justify;\">Suriye ile ili\u015fkiler iyile\u015fmi\u015f. T\u00fcrkiye aleyhine bir film varm\u0131\u015f, onun kald\u0131r\u0131lmas\u0131 i\u00e7in rica etmi\u015fler kald\u0131r\u0131lm\u0131\u015f&#8221;<\/p>\n<p style=\"text-align: justify;\"><strong>MEDYANIN KONTROL ALTINA ALINMASI TEK MERKEZDEN Y\u00d6NET\u0130LMES\u0130 \u0130LE \u0130LG\u0130L\u0130 ALT BA\u015eLIK B\u00d6L\u00dcM\u00dcNE KONULAB\u0130L\u0130R<\/strong><\/p>\n<p style=\"text-align: justify;\"><strong>DE\u011eERLEND\u0130RME<\/strong><\/p>\n<p style=\"text-align: justify;\">S\u00f6z konusu yaz\u0131da y\u0131l belirtilmedi\u011finden dolay\u0131 takvim \u00fczerinde yap\u0131lan incelemede 27 Ocak&#8217;\u0131n 2003 y\u0131l\u0131nda Pazartesi g\u00fcn\u00fcne rast geldi\u011fi ve bu nedenle s\u00f6z konusu g\u00f6r\u00fc\u015fmenin 27 Ocak 2003&#8243; tarihinde yap\u0131ld\u0131\u011f\u0131 de\u011ferlendirilmi\u015f olup s\u00f6z konusu sohbette Mustafa BALBAY ile birlikte \u0130lhan SEL\u00c7UK&#8217;un da bulundu\u011fu anla\u015f\u0131lm\u0131\u015ft\u0131r.<\/p>\n<p style=\"text-align: justify;\"><strong>AYTA\u00c7 YALMAN: MEDYANIN ADAM ED\u0130LMES\u0130, AKP&#8217;N\u0130N B\u00d6L\u00dcNMES\u0130 LAZIM<\/strong><\/p>\n<p style=\"text-align: justify;\">&#8220;30.1.0 Per\u015femb<\/p>\n<p style=\"text-align: justify;\">KKK Ayta\u00e7 YALMAN&#8217;LA g\u00f6r\u00fc\u015fme&#8230; \u00d6nce 10 dakika sohbet sonra karavanaya. \u00c7at\u0131daki Marmara Salonuna ge\u00e7tik. Uzun bir generaller yemekhanesinin \u00f6tesinde. Kayu sar\u0131 kahve a\u011f\u0131rl\u0131kl\u0131 renkler \u00e7ok \u015f\u0131k<br \/>\nSalonun \u00f6n\u00fcnde yemye\u015fil k\u00fc\u00e7\u00fck balkonumsu yer. Duvarlarla deniz k\u0131y\u0131s\u0131 ve insan resimleri&#8230; Ressamlar\u0131n\u0131 okuyamad\u0131m havu\u00e7 maddonoz \u00e7orbas\u0131, levrek, \u00f6zel patl\u0131can&#8230; tatl\u0131lar..<br \/>\nAlmanya gezisi: Bu gezimi sizinle payla\u015fmak isterim. Almanya KKK&#8217;nin davetlisiydim. Hava k\u00f6t\u00fc olunca savunma bakan\u0131 helikopterini vermi\u015f. Bana, bunu sizin i\u00e7in yapt\u0131, \u00e7ok \u00f6nemlisiniz&#8217; dedi. Ben normal bulmu\u015ftum. Sonra bir sorun daha oldu, bunu da buradaki Amerikan komutan \u00e7\u00f6zd\u00fc. Herkes i\u00e7in yapmazlar dedi. Buna da normal gelmi\u015fti. Almanya T\u00fcrkiye&#8217;nin AB&#8217;yi ki\u015fili\u011fini yitirmi\u015f olarak girmesini istiyor. Fransa ise ulusal de\u011ferler bozulmadan girilsin, eklemeler olsun istiyor. Almanya ile Fransa AB&#8217;nin nas\u0131l b\u00fcy\u00fcyece\u011fi konusunda anla\u015famad\u0131. Almanyanan b\u00fcy\u00fck bir askeri g\u00fcc\u00fc yok. K\u00fc\u00e7\u00fck g\u00fc\u00e7lerle sorunlara mudahale edebileckelerini d\u00fc\u015f\u00fcn\u00fcyorlar. Askeri g\u00fc\u00e7le desteklenmeyen bir politikan\u0131n ge\u00e7erlili\u011fi de yok. T\u00fcrkiye&#8217;nin ne ABD&#8217;ye teslim olmas\u0131n\u0131 ne de tam AB i\u00e7inde yer almas\u0131n\u0131 istiyorlar\n<\/p>\n<p style=\"text-align: justify;\">Medya: modeliniz g\u00fczel, oturmu\u015f olmas\u0131na sevindim. Ama dikkat edin. Hatta onlar\u0131 kendi yan\u0131n\u0131za \u00e7ekmeye \u00e7al\u0131\u015f\u0131n. Medyan\u0131n kesin adam edilmesi laz\u0131m. Burada i\u015fbirli\u011fi yapmam\u0131z laz\u0131m<\/p>\n<p style=\"text-align: justify;\">AKP: Bunlar\u0131n kesin b\u00f6l\u00fcnmesi laz\u0131m. Bu kadar b\u00fct\u00fcn bir par\u00e7a olmaz. \u0130\u00e7lerinde de\u011fi\u015fik sesler var. Bu bize de geliyor. Erdo\u011fan gelince daha da gerginlik olacak. \u00d6yle tahmin ediyorum. Erdo\u011fan devleti tan\u0131madan konu\u015fuyor. G\u00dcL da YA\u015e&#8217;ta askerlerle tan\u0131\u015ft\u0131. Orada ciddi bir hata yapt\u0131lar. Anayasaya kar\u015f\u0131 \u00e7\u0131km\u0131\u015f oldular..<br \/>\nBizimle u\u011fra\u015f\u0131yorlar. Benim aleyhime, ordu aleyhine, dinsizdir demeye \u00e7al\u0131\u015f\u0131yorlar. Ama halk bunlar\u0131 yemez diye d\u00fc\u015f\u00fcn\u00fcyorukm\n<\/p>\n<p style=\"text-align: justify;\">CHP: Deniz beyin kendine g\u00f6re hesaplar\u0131 var. Ben \u015funu g\u00f6rd\u00fcm, CHP&#8217;liler devlete \u00e7ok yak\u0131n durursak oy kaybederiz havas\u0131nda g\u00f6r\u00fcn\u00fcyor. Sezdim bunu. Mesela son g\u00f6r\u00fc\u015fmemizde bir \u015fey dediler sonra verdi\u011fi deme\u00e7le bunun tersine d\u00fc\u015ft\u00fc. Ben ona a\u00e7\u0131k a\u00e7\u0131k her \u015feyi s\u00f6yledim. sizden \u00e7ok \u015fey bekleniyor dedim..<\/p>\n<p style=\"text-align: justify;\">CB: ona \u00e7ok sayg\u0131 duyuyorum. Kendisine de s\u00f6yledim. TSK olarak sizinle gurur duyuyoruz, sizin gibi bir CB ile oldu\u011fumuz i\u00e7in \u00e7ok mutluyuz dedim. G\u00f6r\u00fc\u015flerimizi kendisine a\u00e7\u0131k\u00e7a s\u00f6yledim. Yaln\u0131z olaylara sadece hukuk\u00e7u g\u00f6z\u00fcyle bak\u0131yor. Olmaz. ama kadrola\u015fmada falan \u00e7ok hassasb..<\/p>\n<p style=\"text-align: justify;\">Irak: ABD&#8217;nin hesab\u0131 kesin i\u015fi bitirmek. Bir g\u00fcnde bitirmek&#8230; 1 \u015eubat 03 tarihli yaz\u0131m, onun s\u00f6ylediklerinden esinlenerek&#8230; Meclis i\u015fin en kritik aya\u011f\u0131. Bakal\u0131m orada ne olacak. Biz \u015fu de\u011ferlendirmeyi kesin yap\u0131yoruz, e\u011fer K. Irakta bir K\u00fcrt Devleti olursa bu domino etkisi yapar ve bizi de etkiler. Buna izin vermeyece\u011fiz<\/p>\n<p style=\"text-align: justify;\">K\u0131br\u0131s: Gittik Denkta\u015fa destek verdik ama, \u015fu da var ki, Denkta\u015fla toplum aras\u0131nda bir uzakl\u0131k olu\u015fmu\u015fb. Bu \u00e7ok ac\u0131. Ortada gezinip duran bir ba\u015fbakan bir h\u00fck\u00fcmet var. Etkinli\u011fini yitirmi\u015f. Muhalefet gemli\u015fmeleri belirliyor. B\u00f6yle olmaz. Tabii muhalfetin k\u00fcstahla\u015fmas\u0131nda AKP&#8217;nin rol\u00fc var. Onlar Erdo\u011fan\u0131 dinledik\u00e7e cesaret al\u0131yor&#8230; Abdullah G\u00dcL bir paketle adaya gidecek. Bir harekat yap\u0131lacak. 28 \u015eubaan sonra ne olaca\u011f\u0131na karar vermek gerekiorb&#8221;<\/p>\n<p style=\"text-align: justify;\"><strong>DE\u011eERLEND\u0130RME<\/strong><\/p>\n<p style=\"text-align: justify;\">S\u00f6z konusu yaz\u0131da y\u0131l belirtilmedi\u011finden dolay\u0131 takvim \u00fczerinde yap\u0131lan incelemede 30 Ocak&#8217;\u0131n 2003 y\u0131l\u0131nda Per\u015fembe g\u00fcn\u00fcne rast geldi\u011fi ve bu nedenle s\u00f6z konusu g\u00f6r\u00fc\u015fmenin &#8220;30 Ocak 2003&#8221; tarihinde yap\u0131ld\u0131\u011f\u0131,<br \/>\nA\u00e7\u0131k kaynaklarda yap\u0131lan ara\u015ft\u0131rmada ve incelemenin genelinde &#8216;Erdo\u011fan&#8217;\u0131n Ba\u015fbakan Recep Tayip ERDO\u011eAN, &#8216;Baykal&#8217;\u0131n ise CHP Genel Ba\u015fkan\u0131 Deniz BAYKAL oldu\u011fu de\u011ferlendirilmi\u015ftir.<\/p>\n","protected":false},"excerpt":{"rendered":"<p style=\"text-align: justify;\">\n<p> Balbay&#8217;\u0131n G\u00fcnl\u00fckleri : 1 &#8211; 2 &#8211; 3 &#8211; 4 &#8211; 5 &#8211; 6 &#8211; 7 &#8211; 8 <\/p>\n<p style=\"text-align: justify;\">ERUYGUR: AKP&#8217;Y\u0130 VAK\u0130T KAYBETMEDEN PAR\u00c7ALAMAK LAZIM<\/p>\n<p style=\"text-align: justify;\">&#8220;27.1.0 pazartes<\/p>\n<p style=\"text-align: justify;\">Saat 18.00&#8217;de \u015eener ERUYGURLA g\u00f6r\u00fc\u015fme&#8230; 19.10&#8217;a dek. Komutanl\u0131k kap\u0131s\u0131ndan, meclisin kar\u015f\u0131s\u0131ndan giri\u015f. Jandarma heykelleri&#8230; D\u00f6ner merdivenden \u00e7\u0131k\u0131\u015f. G\u00f6r\u00fc\u015fme.. ABD: G\u00f6r\u00fc\u015fmelerde <\/p>\n","protected":false},"author":1,"featured_media":0,"comment_status":"open","ping_status":"closed","sticky":false,"template":"","format":"standard","meta":{"footnotes":""},"categories":[105],"tags":[],"class_list":["post-6312","post","type-post","status-publish","format-standard","hentry","category-gundem","odd"],"_links":{"self":[{"href":"http:\/\/www.korhanyilmaz.com\/index.php?rest_route=\/wp\/v2\/posts\/6312","targetHints":{"allow":["GET"]}}],"collection":[{"href":"http:\/\/www.korhanyilmaz.com\/index.php?rest_route=\/wp\/v2\/posts"}],"about":[{"href":"http:\/\/www.korhanyilmaz.com\/index.php?rest_route=\/wp\/v2\/types\/post"}],"author":[{"embeddable":true,"href":"http:\/\/www.korhanyilmaz.com\/index.php?rest_route=\/wp\/v2\/users\/1"}],"replies":[{"embeddable":true,"href":"http:\/\/www.korhanyilmaz.com\/index.php?rest_route=%2Fwp%2Fv2%2Fcomments&post=6312"}],"version-history":[{"count":0,"href":"http:\/\/www.korhanyilmaz.com\/index.php?rest_route=\/wp\/v2\/posts\/6312\/revisions"}],"wp:attachment":[{"href":"http:\/\/www.korhanyilmaz.com\/index.php?rest_route=%2Fwp%2Fv2%2Fmedia&parent=6312"}],"wp:term":[{"taxonomy":"category","embeddable":true,"href":"http:\/\/www.korhanyilmaz.com\/index.php?rest_route=%2Fwp%2Fv2%2Fcategories&post=6312"},{"taxonomy":"post_tag","embeddable":true,"href":"http:\/\/www.korhanyilmaz.com\/index.php?rest_route=%2Fwp%2Fv2%2Ftags&post=6312"}],"curies":[{"name":"wp","href":"https:\/\/api.w.org\/{rel}","templated":true}]}}