{"id":6306,"date":"2009-03-16T18:18:34","date_gmt":"2009-03-16T16:18:34","guid":{"rendered":"http:\/\/www.korhanyilmaz.com\/?p=6306"},"modified":"2009-03-16T18:18:34","modified_gmt":"2009-03-16T16:18:34","slug":"balbayin-gunlukleri-1","status":"publish","type":"post","link":"http:\/\/www.korhanyilmaz.com\/?p=6306","title":{"rendered":"Bat\u0131\u015f\u0131 m\u0131 Seyredece\u011fiz?"},"content":{"rendered":"<p><img loading=\"lazy\" decoding=\"async\" class=\"aligncenter size-full wp-image-6385\" title=\"240320091034516992749_31\" src=\"http:\/\/www.korhanyilmaz.com\/wp-content\/uploads\/2009\/03\/240320091034516992749_31.jpg\" alt=\"240320091034516992749_31\" width=\"300\" height=\"142\" \/><\/p>\n<h5 style=\"text-align: justify;\"><span style=\"color: #993300;\">Balbay&#8217;\u0131n G\u00fcnl\u00fckleri : <span style=\"color: #0000ff;\"><a href=\"http:\/\/www.korhanyilmaz.com\/?p=6306\" target=\"_self\">1<\/a> &#8211; <a href=\"http:\/\/www.korhanyilmaz.com\/?p=6317 \" target=\"_self\">2<\/a> &#8211;<a href=\"http:\/\/www.korhanyilmaz.com\/?p=6312\" target=\"_self\"> 3<\/a> &#8211; <a href=\"http:\/\/www.korhanyilmaz.com\/?p=6321\" target=\"_self\">4<\/a> &#8211; <a href=\"http:\/\/www.korhanyilmaz.com\/?p=6325\" target=\"_self\">5<\/a> &#8211; <a href=\"http:\/\/www.korhanyilmaz.com\/?p=6328\" target=\"_self\">6<\/a> &#8211; <a href=\"http:\/\/www.korhanyilmaz.com\/?p=6331\" target=\"_self\">7 <\/a>&#8211; <a href=\"http:\/\/www.korhanyilmaz.com\/?p=6334\" target=\"_self\">8<\/a><\/span><\/span><\/h5>\n<p style=\"text-align: justify;\"><strong>Bat\u0131\u015f\u0131 m\u0131 seyredece\u011fiz?<\/strong><\/p>\n<p style=\"text-align: justify;\">(Metne g\u00f6re i\u00e7inde Balbay&#8217;\u0131n da bulundu\u011fu bir grup gazeteci Etimesgut Jandarma E\u011fitim ve Spor Tesislerinde d\u00f6nemin Jandarma Genel Komutan\u0131 \u015eener Eruygur&#8217;la sohbet ediyor&#8230;)<\/p>\n<p style=\"text-align: justify;\">10 \u015eubat 2004<\/p>\n<p style=\"text-align: justify;\">\u015eE- arkada\u015flar \u015f\u00f6yle bir araya gelelim, ne oluyor, ne yapabiliriz, enerjimizi nas\u0131l birle\u015ftirebiliriz, bir konu\u015fal\u0131m dedim&#8230; Hepimiz farkl\u0131 yerlerde ayn\u0131 \u015feyleri d\u00fc\u015f\u00fcnen insanlar\u0131z ama, g\u00fcc\u00fcm\u00fcz\u00fc birle\u015ftirmedi\u011fimiz i\u00e7in bir sonu\u00e7 alam\u0131yoruz&#8230; \u00d6te yandan da bu iktidar yapaca\u011f\u0131 her \u015feyi yap\u0131yor..<!--more--><\/p>\n<p style=\"text-align: justify;\">&#8211; Nas\u0131l bir \u015fey d\u00fc\u015f\u00fcn\u00fcyorsunuz?<\/p>\n<p style=\"text-align: justify;\">\u015eE- Benim d\u00fc\u015f\u00fcncem \u015fu&#8230; Bir\u00e7ok dernek var, gazeteciler var, memlekette olup bitene duyarl\u0131 insan var&#8230; Bunlar\u0131 bir araya getirmek gerekiyor&#8230; Mesela siz \u00f6nc\u00fcl\u00fck etseniz, burada \u00fc\u00e7 ki\u015fi bir araya geldi, bu on olur, sonra 20 olur&#8230; Derneklere y\u00f6n verilir&#8230; Toplumu biraz duyarl\u0131l\u0131\u011fa s\u00fcr\u00fcklemek laz\u0131m..<\/p>\n<p style=\"text-align: justify;\">&#8211; Valla pa\u015fam bu dedi\u011finiz zor. Bu kurulu\u015flar\u0131, ki\u015fileri bizlerin bir araya getirmesiyle al\u0131nacak bir sonu\u00e7 g\u00f6remiyoruz biz&#8230; Bir de bu i\u015f gazete anlam\u0131nda yazarlardan \u00e7ok gazete y\u00f6netimlerinin i\u015fi&#8230; \u015eimdi biz yazd\u0131k, \u015fu gazetede \u015fu kadar yazar, \u00f6tekinde bu kadar yazar&#8230; K\u00f6\u015felerinde yazarlar, ama sonu\u00e7 al\u0131nabilmesi i\u00e7in gazetenin bir yay\u0131n anlay\u0131\u015f\u0131 olarak buna sahip \u00e7\u0131kmas\u0131 laz\u0131m. O zaman \u00e7o\u011fal\u0131r bu i\u015f&#8230; Ge\u00e7mi\u015fte de b\u00f6yle olmu\u015ftu&#8230; 28 \u015fubat d\u00f6neminde mesela..<\/p>\n<p style=\"text-align: justify;\">\u015eE- Arkada\u015flar hakl\u0131s\u0131n\u0131z da, ne yapaca\u011f\u0131z, \u00fclke bat\u0131yor, size s\u00f6yleyeyim&#8230; Her \u015fey kay\u0131p gidiyor&#8230; Ne yapaca\u011f\u0131z, bu bat\u0131\u015f\u0131 hep birlikte izleyecek miyiz? Olamaz b\u00f6yle bir \u015fey.<\/p>\n<p style=\"text-align: justify;\">&#8211; O konuda hakl\u0131s\u0131n\u0131z. Bizler de yaz\u0131yoruz&#8230; Melesa K\u0131br\u0131s, gitti gider&#8230;<\/p>\n<p style=\"text-align: justify;\">\u015eE- \u0130\u015f onunla da kalmayacak, arkas\u0131ndan Ege gelecek, sonra G\u00fcneydo\u011fu&#8217;yu tart\u0131\u015f\u0131l\u0131r hale getirecek&#8230; Gidi\u015f bu&#8230; Ama \u00f6te yandan da Anadolu&#8217;da bir potansiyel var. Bana gelen tepkilerden, gidince kar\u015f\u0131la\u015ft\u0131\u011f\u0131m manzaradan bunu g\u00f6r\u00fcyorum&#8230; Bunu harekete ge\u00e7irmenin yollar\u0131n\u0131 bulmak laz\u0131m&#8230;<\/p>\n<p style=\"text-align: justify;\"><strong>Cemsede size de bir yer ay\u0131ral\u0131m dedim. AB, ma be dinlemeyiz, ne AB&#8217;si yaa!.. <\/strong><\/p>\n<p style=\"text-align: justify;\">12 Eyl\u00fcl 2002<\/p>\n<p style=\"text-align: justify;\">\u00c7algan&#8217;da yemek. Y\u00fccel Yener, \u0130hsan Erba\u015f, Erdal \u015eenel, Engin Ayd\u0131n, Birkan ERDAL..<\/p>\n<p style=\"text-align: justify;\">-E.\u015e.- AKP y\u00fckseliyor. Tek ba\u015f\u0131na iktidara gelebilir. Bunlar Erbakan&#8217;dan daha beter. Erbakan&#8217;\u0131 arar\u0131z. Laikli\u011fi suland\u0131rmak isteyeceklerdir. Merkez sa\u011fdan bir ki\u015fi onlara ge\u00e7ecekti, sordular. Cemsede size de yer ay\u0131ral\u0131m&#8217; dedim&#8230; \u00d6yle bir \u015fey olursa AB, ma be dinlemeyiz. Ne AB&#8217;si yaaa..<\/p>\n<p style=\"text-align: justify;\">-30 A\u011fustos&#8217;ta Y\u0131lmaz&#8217;\u0131 \u00e7ektim, ya bu se\u00e7im karar\u0131n\u0131 niye ald\u0131n\u0131z&#8217; dedim. Bir \u015fey diyemedi&#8230; B\u00f6yle \u015fey olmaz&#8230;<\/p>\n<p style=\"text-align: justify;\">(Y\u00fccel Yener TRT Genel M\u00fcd\u00fcr\u00fc, \u0130hsan Erba\u015f Adalet Bakanl\u0131\u011f\u0131 M\u00fcste\u015far\u0131, Erdal \u015eenel Genelkurmay Adli M\u00fc\u015faviri, Engin Ayd\u0131n Adalet Bakanl\u0131\u011f\u0131 Dan\u0131\u015fman\u0131, Birkan Erdal K\u0130T Komisyonu Ba\u015fkan\u0131)<\/p>\n<p style=\"text-align: justify;\"><strong>10 Kas\u0131m bildirisine ekler yapt\u0131m<\/strong><\/p>\n<p style=\"text-align: justify;\">&#8220;8 Kas\u0131m saat 10.15 KKK Ayta\u00e7 Yalman&#8217;\u0131n makam\u0131nda g\u00f6r\u00fc\u015fme..<\/p>\n<p style=\"text-align: justify;\">Bug\u00fcn yay\u0131nlanacak bildiriyi okudu. 10 Kas\u0131m nedeniyle ilk kez, Atat\u00fcrk&#8217;e raha uyu ve bize g\u00fcven&#8230; diye bitiyor bildiri bana da baz\u0131 ekler yapt\u0131rd\u0131.<\/p>\n<p style=\"text-align: justify;\"><strong>\u00d6rnek&#8217;in \u00f6n\u00fcne servetini koymu\u015flar<\/strong><\/p>\n<p style=\"text-align: justify;\">8 Eyl\u00fcl 2004 \u00c7ar\u015famba..<\/p>\n<p style=\"text-align: justify;\">&#8211; Memet Abi geldi&#8230; Benim Levent&#8217;le g\u00f6r\u00fc\u015f\u00fcrken, kar\u015f\u0131dan resimlerimi \u00e7ekmi\u015fler. \u00d6nlerine koymu\u015flar&#8230; \u00d6zensiz davranmalar. \u0130stifa etmeyecekmi\u015f b\u00fct\u00fcn g\u00f6zler Ya\u015far&#8217;da&#8230; Konu\u015fma \u00e7ok iyiydi ama, Ekim&#8217;e kadar bakmak gerek. Bakal\u0131m ne yapacak.<\/p>\n<p style=\"text-align: justify;\">&#8211; \u015eener Abinin durumu ilgin\u00e7. \u00d6n\u00fcne bilgisayar disketlerini d\u00f6k\u00fcp koymu\u015flar. AY I\u015eI\u011eI G\u0130R\u0130\u015e\u0130M\u0130&#8230; \u0130ndirmek ve yeni yap\u0131 olu\u015fturmak&#8230; Sonra Ya\u015far&#8217;\u0131n gelmeyece\u011fi olas\u0131l\u0131\u011f\u0131na kar\u015f\u0131 onu \u00f6ne \u00e7\u0131karmaya ba\u015flam\u0131\u015flar. O da hemen yeni duruma g\u00f6re haz\u0131rl\u0131k yapm\u0131\u015f. Beklemi\u015f. Hemen kurumdaki her t\u00fcrl\u00fc \u00e7al\u0131\u015fmay\u0131 kald\u0131rtm\u0131\u015f. K\u0131rpt\u0131rm\u0131\u015f<\/p>\n<p style=\"text-align: justify;\">&#8211; \u00d6rnek Abi&#8217;nin durumu da biraz kar\u0131\u015f\u0131k. Kendisinden \u00fc\u00e7 defa mal bildirimi istenmi\u015f. Birincisini be\u011fenmemi\u015f tepedeki, ikincisini g\u00f6ndermi\u015f sonra bir defa daha g\u00f6ndermi\u015f. Durum trilyon. O da bu nedenle bir \u00f6l\u00e7\u00fcde geri \u00e7ekilmek durumunda olabilir..<\/p>\n<p style=\"text-align: justify;\">&#8211; Beethoven&#8217;\u0131n da g\u00f6rev s\u0131ras\u0131nda baz\u0131 kad\u0131nsal ili\u015fkiler nedeniyle durumu ho\u015f olmam\u0131\u015f. bu da biliniyormu\u015f..&#8221;<\/p>\n<p style=\"text-align: justify;\"><strong>&#8216;\u00d6zk\u00f6k gitsin, siz de Kara Kuvvetleri Komutan\u0131 olursunuz&#8217; <\/strong><\/p>\n<p style=\"text-align: justify;\">Balbay&#8217;\u0131n g\u00fcnl\u00fckleri oldu\u011fu ileri s\u00fcr\u00fclen metinlerde \u015eener Eruygur ile gazetecilerin d\u00f6nemin Genelkurmay Ba\u015fkan\u0131 Hilmi \u00d6zk\u00f6k&#8217;ten yak\u0131nmalar\u0131 da bulunuyor. \u00d6zk\u00f6k konu\u015fmalarda &#8216;bir numara&#8217; olarak kodlanm\u0131\u015f.<\/p>\n<p style=\"text-align: justify;\">&#8211; Pa\u015fam sizi \u00e7ok iyi anl\u0131yoruz. Belki bizimle her \u015feyi b\u00fct\u00fcn a\u00e7\u0131kl\u0131\u011f\u0131yla payla\u015famayacaks\u0131n\u0131z ama, \u015f\u00f6yle bir ger\u00e7ek var ortada; sizin bir numara ile sizin kafan\u0131zdakileri yapmak \u00e7ok zor&#8230; \u00d6nce orada bir \u015fey yapmak&#8230;<\/p>\n<p style=\"text-align: justify;\">\u015eE- \u00d6yle mi g\u00f6r\u00fcyorsunuz?..<\/p>\n<p style=\"text-align: justify;\">&#8211; Evet&#8230; Bu bir tek bizim g\u00f6r\u00fc\u015f\u00fcm\u00fcz de\u011fil. \u0130nan\u0131n buna. Sokakta her yerde insanlar b\u00f6yle konu\u015fuyor.<\/p>\n<p style=\"text-align: justify;\">\u015eE- Nas\u0131l konu\u015fuyor?<\/p>\n<p style=\"text-align: justify;\">&#8211; Yani sizin de kula\u011f\u0131n\u0131za gelen \u015feyler&#8230; \u0130\u015fte cumhurba\u015fkanl\u0131\u011f\u0131 adayl\u0131\u011f\u0131yla tavlad\u0131lar deniyor&#8230; H\u00fck\u00fcmetle anla\u015ft\u0131 deniyor. (&#8230;)<\/p>\n<p style=\"text-align: justify;\">\u015eE- \u0130\u015fte dedi\u011finiz gibi, kuvvet komutan\u0131 arkada\u015flar bak\u0131m\u0131ndan bir sorun yok. Ayn\u0131 d\u00fc\u015f\u00fcn\u00fcyoruz&#8230; (&#8230;) Benim sizi \u00e7a\u011f\u0131rd\u0131\u011f\u0131mdan, \u015fu andaki sohbetimizden \u00f6teki arkada\u015flar\u0131n haberi var&#8230; T\u00fcrk Silahl\u0131 Kuvvetleri sizin kafan\u0131zdaki \u015feyleri d\u00fc\u015f\u00fcn\u00fcyor. \u0130nan\u0131n buna&#8230; \u00d6te yandan \u015fu da var; y\u00fczde 1, y\u00fczde 99&#8217;a uymak zorunda. Uyar&#8230; \u00d6yledir. O y\u00fczde bir. kalan y\u00fczde 99&#8230; Uymak zorunda..<\/p>\n<p style=\"text-align: justify;\">&#8211; Zorunda da, \u00f6yle olmuyor i\u015fte&#8230; En tepe b\u00f6yle olunca, alt\u0131ndakiler ne yaparsa yaps\u0131n, i\u015fte \u00f6yle bir \u00e7\u0131k\u0131\u015f deniyor&#8230; Olmuyor, istenen sonucu vermiyor. Biz y\u0131llard\u0131r \u00fclkede olup bitenleri izliyoruz. Bir Genelkurmay Ba\u015fkan\u0131&#8217;n\u0131n de\u011fil y\u00fcksek sesle g\u00f6r\u00fc\u015f\u00fcn\u00fc anlatmas\u0131, \u015f\u00f6yle ka\u015f\u0131n\u0131 \u00e7atmas\u0131 yeter. Biz darbe falan yap\u0131n demiyoruz ama, \u015f\u00f6yle bir duru\u015f pa\u015fam&#8230; O yok, o kalmad\u0131&#8230; O zaman da her \u015fey havada kal\u0131yor&#8230; Siz bir araya geldi\u011finizde kendisine bunlar\u0131 s\u00f6ylemiyor musunuz?<\/p>\n<p style=\"text-align: justify;\">\u015eE-  S\u00f6yl\u00fcyoruz&#8230; \u0130nan\u0131n en a\u00e7\u0131k \u015fekliyle s\u00f6yl\u00fcyoruz&#8230;<\/p>\n<p style=\"text-align: justify;\">&#8211; S\u00f6ylersiniz de, acaba \u015f\u00f6yle a\u00e7\u0131k a\u00e7\u0131k konu\u015fuyor musun? (&#8230;)<\/p>\n<p style=\"text-align: justify;\">&#8211; Olur, olmaz ayr\u0131 konu, \u015f\u00f6yle bir senaryo d\u00fc\u015f\u00fcn\u00fcyorum&#8230; \u015eimdi siz de s\u00f6ylediniz kuvvet komutanlar\u0131 blok, 4 ki\u015fi&#8230; Alt\u0131nda ordu komutanlar\u0131, orgeneraller, korgeneraller blok, onun alt\u0131nda t\u00fcmler, tu\u011flar blok, hepsi bir araya gelse ve dese ki; sizinle olmuyor&#8230; \u0130\u015fte Kara Genelkurmay olur, siz Kara&#8217;ya ge\u00e7ersiniz,\u0130zmir&#8217;deki Jandarma olur, \u0130stanbul&#8217;dakini de art\u0131k ne yaparsan\u0131z..<\/p>\n<p style=\"text-align: justify;\">\u015eE-  Ya o, siz gidin derse..<\/p>\n<p style=\"text-align: justify;\"><strong>Naz\u0131m&#8217;dan al\u0131nt\u0131<\/strong><\/p>\n<p style=\"text-align: justify;\">\u015eE- Hepimiz elimizi ta\u015f\u0131n alt\u0131na sokmam\u0131z gerekir&#8230; Ne demi\u015f Naz\u0131m H\u0130KMET, sen yanmasan ben yanmasam nas\u0131l \u00e7\u0131kar karanl\u0131klar ayd\u0131nl\u0131\u011fa..<\/p>\n<p style=\"text-align: justify;\"><strong>&#8216;Art\u0131k gelip 15 y\u0131l gitmeden i\u015fleri halletmek gerekiyor&#8217; <\/strong><\/p>\n<p style=\"text-align: justify;\">B\u0130Z\u0130M \u00f6nerimiz kabul edilmedi. Sonra en ba\u015fa \u015eener&#8217;e gittik. Ceketi \u00e7\u0131karm\u0131\u015f. Kusura bakmay\u0131n dedi. Ben de, demek ki bir \u015feylere soyundunuz&#8230; G\u00fcl\u00fc\u015ft\u00fck. Levent de oturdu. Dedi\u011finiz gibi yaz\u0131l\u0131rsa, engelleyebilirler. Zaten emirleri dinlemiyoruz, bunu ilan etmenin gere\u011fi yok. Birliktelik kurmak ger\u00e7ekten zor. Biz de zorland\u0131k ama bunu ba\u015faraca\u011f\u0131z.. (Levent isimli ki\u015finin d\u00f6nemin Jandarma Genel komutanl\u0131\u011f\u0131 \u0130stihbarat Ba\u015fkan\u0131 olan Tu\u011fgeneral Levent ERS\u00d6Z oldu\u011fu ileri s\u00fcr\u00fcl\u00fcyor.)<\/p>\n<p style=\"text-align: justify;\"><strong>Blok olarak ilerleyece\u011fiz<\/strong><\/p>\n<p style=\"text-align: justify;\">21 Nisan 2003 pazartesi g\u00fcn\u00fc<\/p>\n<p style=\"text-align: justify;\">Emin \u00c7\u00f6la\u015fan ile birlikte \u015eener Eruygur&#8217;la yemek. Be\u015fevler, An\u0131ttepedeki Jandarma Tesislerinde.. Ba\u015flang\u0131\u00e7ta imam hatip okullar\u0131na ve irtica yuvalar\u0131na operasyonlar. Baz\u0131 videolar g\u00f6sterdi. Bunlarla kararl\u0131 m\u00fccadele. \u00c7\u00f6la\u015fan &#8216;bir&#8217;i sordu. O da bunlar \u00f6nemli de\u011fil, bir blok olmak \u00f6nemli dedi. \u0130leri gidene biraz dur, geride kala y\u00fcr\u00fc diyece\u011fiz ve bir blok olarak ilerleyece\u011fiz dedi.. Bunlar\u0131n azg\u0131nl\u0131\u011f\u0131ndan s\u00f6z etti. 23 Nisan&#8217;da ne yapmak gerekti\u011fini konu\u015ftuk. Mutlaka bir duru\u015f g\u00f6stermek gerekti\u011fini s\u00f6yledi.&#8221;<\/p>\n<p style=\"text-align: justify;\"><strong>Uyar\u0131 a\u015famas\u0131 ba\u015flad\u0131<\/strong><\/p>\n<p style=\"text-align: justify;\">22 Nisan Sal\u0131 g\u00fcn\u00fc<\/p>\n<p style=\"text-align: justify;\">Aslan G\u00dcNER Pa\u015fayla Tle. g\u00f6r\u00fc\u015fmesi..<\/p>\n<p style=\"text-align: justify;\">23 Nisan resepsiyonuna kat\u0131lmama e\u011filimi&#8230; \u0130zleme, takip, de\u011ferlendirme safhas\u0131 bitti. Bundan sonra uyar\u0131 ve duru\u015f a\u015famas\u0131 ba\u015flad\u0131 dedi. Bunun \u0131srarla alt\u0131n\u0131 \u00e7izdi.<\/p>\n<p style=\"text-align: justify;\">23 Nisan&#8217;da Meclis&#8217;teki resmi t\u00f6rene kat\u0131l\u0131r\u0131z ama, ak\u015famki resepsiyon \u00f6zel say\u0131l\u0131r bunu \u00f6yle de\u011ferlendirece\u011fiz..<\/p>\n<p style=\"text-align: justify;\"><strong>Art\u0131k AB var darbe daha zor<\/strong><\/p>\n<p style=\"text-align: justify;\">23 Nisan \u00e7ar\u015famba<\/p>\n<p style=\"text-align: justify;\">Fatih ve \u015eenel&#8217;le Shereton&#8217;da sohbet<\/p>\n<p style=\"text-align: justify;\">&#8211; Yav biz bu i\u015fi 28 \u015eubat&#8217;ta bitirecektik. Bunu o g\u00fcn \u00fc\u00e7 ki\u015fi planlad\u0131k. Bir, Fevzi, ben. Her \u015feyi haz\u0131rlad\u0131k. Bakanlar Kurulu&#8217;nu dahi. M\u00fcste\u015farlar\u0131 bulmak zordu onlar\u0131 da tamamlad\u0131k. Karaday\u0131 bizi uyuttu. Az sonra dedi, hemen dedi. H\u00fck\u00fcmet devrilsin ondan sonra dedi..<\/p>\n<p style=\"text-align: justify;\">&#8211; Art\u0131k gelip 10-15 y\u0131l gitmeden i\u015fleri hallettmek gerekiyor. \u00dcstelik o ara AB de yoktu. Kopenhag olmam\u0131\u015ft\u0131. \u015eimdi her \u015fey \u00e7ok daha zor.<\/p>\n<p style=\"text-align: justify;\">&#8211; Bug\u00fcn durum \u00e7ok k\u00f6t\u00fc. \u00c7ok. Bir numara teslim olmu\u015f durumda. Bunu lam\u0131 cimi yok.<\/p>\n<p style=\"text-align: justify;\">&#8211; Onunla Recep aras\u0131nda hat var. Hat var. Bunlar AB yasalar\u0131n\u0131 t\u00fcm\u00fcyle kendi \u00e7\u0131karlar\u0131 i\u00e7in uygulayacak. \u0130\u015fte imar yasas\u0131. Apartmanlar\u0131n alt\u0131na mescit yapman\u0131n yolunu a\u00e7acak de\u011fi\u015fiklik planl\u0131yorlar.&#8221;<\/p>\n<p style=\"text-align: justify;\"><strong>AB s\u00fcrecini de englemeyelim<\/strong><\/p>\n<p style=\"text-align: justify;\">&#8220;Memet \u0130LHAN&#8217;la sohbet<\/p>\n<p style=\"text-align: justify;\">&#8211; Her \u015fey planland\u0131\u011f\u0131 gibi. 30-60 g\u00fcn i\u00e7inde ilk hareket. Sizin tahmininizden de \u00f6te. \u00c7ok \u00f6te. B\u0130R\u0130N yan\u0131s\u0131ra 59&#8217;un da gitmesi gerek..<\/p>\n<p style=\"text-align: justify;\">&#8211; \u0130\u00e7e kapand\u0131lar. 2 ayd\u0131r \u00f6yle. Ayta\u00e7 Pa\u015fa \u00e7ok a\u011f\u0131r konu\u015facak. MGK&#8217;da konu\u015facak. Son t\u00fcmce \u015fu olsun demi\u015f &#8216;Bunlar yap\u0131lmazsa k\u0131r\u0131lma ya\u015fan\u0131r.&#8217;<\/p>\n<p style=\"text-align: justify;\">&#8211; T\u00fcm\u00fcyle bir temizlik. SBF mezunu, yerel y\u00f6netimleri bilen, e\u011fitim alm\u0131\u015f subaylar var bu son \u015fans olabilir. Yoksa daha k\u00f6t\u00fc. T\u00fcm\u00fcyle bir yenilik. Her konuda.. AB s\u00fcrecini de engellemeyecek bir s\u00fcre\u00e7. B\u00f6yle olmal\u0131&#8230;<\/p>\n<p style=\"text-align: justify;\">&#8211; Medyan\u0131n durumu bizi \u00e7ok d\u00fc\u015f\u00fcnd\u00fcr\u00fclyor. \u00c7o\u011fu sat\u0131lm\u0131\u015f.<\/p>\n<p style=\"text-align: justify;\">&#8211; ABD ne yapar bizim harekete o belli de\u011fil. Acaba&#8230; B\u0130R Numara en \u00e7ok ona m\u0131 g\u00fcveniyor. Olabilir.<\/p>\n<p style=\"text-align: justify;\">&#8211; CHP&#8217;den bir \u015fey beklenmez. Bu hareket onu hesaba katmadan yap\u0131lacak.<\/p>\n<p style=\"text-align: justify;\">(&#8217;59&#8217; Erdo\u011fan&#8217;\u0131n 59. AKP H\u00fck\u00fcmeti. &#8216;Ayta\u00e7 Pa\u015fa&#8217;, d\u00f6nemin Kara Kuvvetleri Komutan\u0131 Ayta\u00e7 YALMAN, Mehmet \u0130LHAN&#8217;\u0131n \u00fcst d\u00fczey bir askeri personel, &#8216;\u00d6z \u00d6R&#8217; ise d\u00f6nemin Donanma Komutan\u0131 \u00d6zden \u00d6rnek.)<\/p>\n<p style=\"text-align: justify;\"><strong>&#8216;AKP&#8217;yi par\u00e7alamak laz\u0131m&#8217; <\/strong><\/p>\n<p style=\"text-align: justify;\">27.1.2003 Pazartesi<\/p>\n<p style=\"text-align: justify;\">Saat 18.00&#8217;de \u015eener Eruygur&#8217;la g\u00f6r\u00fc\u015fme&#8230; 19.10&#8217;a dek. Komutanl\u0131k kap\u0131s\u0131ndan, Meclis&#8217;in kar\u015f\u0131s\u0131ndan giri\u015f. Jandarma heykelleri&#8230; D\u00f6ner merdivenden \u00e7\u0131k\u0131\u015f. G\u00f6r\u00fc\u015fme..<\/p>\n<p style=\"text-align: justify;\">&#8211; ABD: G\u00f6r\u00fc\u015fmelerde \u00e7ok a\u00e7\u0131k konu\u015fuyorum. Bize bir t\u00fcrl\u00fc operasyon sonras\u0131 planlar\u0131n\u0131 s\u00f6ylemiyorlar. Yaz\u0131l\u0131 verip diyoruz yapm\u0131yorlar. Ben onlara T\u00fcrkiye&#8217;nin nas\u0131l kuruldu\u011funu anlat\u0131yorum. Dikkatle dinliyorlar. Bu \u00fclkeyi b\u00f6ld\u00fcrmeyiz diyorum.. B\u00fcy\u00fckel\u00e7i geldi ona dedim ki Biz e\u011fer \u00e7ok zorda kal\u0131rsak delilik de yapar\u0131z. Ne yapaca\u011f\u0131m\u0131z belli olmaz. E\u011fer b\u00f6l\u00fcn\u00fcrsek, siz de alt\u0131nda kal\u0131rs\u0131n\u0131z&#8230; Ger\u00e7ekten s\u00f6yl\u00fcyorum. T\u00fcrkiye par\u00e7alan\u0131rsa, ABD alt\u0131nda kal\u0131r. Bunlar\u0131n niyeti petrol. Bu belli oldu.<\/p>\n<p style=\"text-align: justify;\">&#8211; AKP: Bunlar\u0131n kafalar\u0131n\u0131n bir b\u00f6l\u00fcm\u00fc \u00e7\u00fcr\u00fcm\u00fc\u015f. Bu y\u00fczden bunlardan sa\u011flam fikir \u00e7\u0131kmaz. Arada bir iyi fikir gibi g\u00f6r\u00fcnse bile mutlaka sap\u0131t\u0131rlar. M\u00fcmk\u00fcn de\u011fil. Bunlar\u0131 orta vadede, hatta \u00e7ok vakit kaybetmeden par\u00e7alamak laz\u0131m. \u015eimdi baz\u0131 emareler var ama, do\u011frusu onlara kesin g\u00f6z\u00fcyle bakam\u0131yorum. Biraz zaman tan\u0131mak laz\u0131m g\u00f6r\u00fc\u015f\u00fc var. \u0130yi g\u00fczel de bu zaman i\u00e7inde ne t\u00fcr kadrola\u015fma yapacaklar,devleti nas\u0131l y\u0131pratacaklar, bunu bilmiyoruz. Bu kadrola\u015fman\u0131n \u00f6n\u00fcne mutlaka ge\u00e7mek gerekiyor.<\/p>\n<p style=\"text-align: justify;\"><strong>Ke\u015fke eskisi gibi olsa&#8230; <\/strong><\/p>\n<p style=\"text-align: justify;\">Davos&#8217;a gittiler, kepazelik. Bunlar\u0131n derdi t\u00fcrban\u0131 kabul ettirmek.. Bunlara kar\u015f\u0131 biraz sab\u0131rl\u0131 da hareket etmek gerekiyor. \u015eimdi eskisi gibi m\u00fcdahale et.. Olmaz&#8230; (g\u00fclerek) ke\u015fke olsa, \u00f6yle bir ortam&#8230; gerekirse&#8230; Yani..<\/p>\n<p style=\"text-align: justify;\"><strong>&#8216;Gen\u00e7 subaylar tedirgin&#8217; man\u015fetinden bir g\u00fcn sonra<\/strong><\/p>\n<p style=\"text-align: justify;\">24 May\u0131s 2003<\/p>\n<p style=\"text-align: justify;\">&#8211; Atilla ATE\u015e arad\u0131, &#8216;Bu ne&#8217; dedi? &#8216;G\u00f6revini yapt\u0131n&#8217; dedi.<\/p>\n<p style=\"text-align: justify;\">&#8211; Bir numara i\u00e7in: Ya g\u00f6revini yapar ya gider. Bunun ortas\u0131 olmaz. \u0130\u015fin \u00f6zeti budur.<\/p>\n<p style=\"text-align: justify;\">&#8211; Ben &#8216;Sizler emekli olup elbiseyi \u00e7\u0131kar\u0131rs\u0131n\u0131z ama beynen emekli olmazs\u0131n\u0131z&#8217; deyince &#8216;Evet \u00f6yledir&#8217; dedi. &#8216;Gere\u011fini yap\u0131yor musuzun&#8217; deyince, &#8216;Evet. Yap\u0131l\u0131yordur. Herkes b\u00f6yle gitmeyece\u011fini g\u00f6r\u00fcyor&#8217; dedi&#8221;<\/p>\n<p style=\"text-align: justify;\">(G\u00fcnl\u00fckleri yay\u0131nlayan Tempo24&#8217;\u00fcn notlar\u0131nda bu g\u00f6r\u00fc\u015fmede 23 May\u0131s 2003 tarihli Cumhuriyet Gazetesinde \u00e7\u0131kan &#8216;Gen\u00e7 subaylar tedirgin&#8217; man\u015fetinden s\u00f6z edildi\u011fi iddia ediliyor. Atilla Ate\u015f ise Kara Kuvvetleri Komutanl\u0131\u011f\u0131&#8217;ndan A\u011fustos 2000&#8217;de emekli oldu.)<\/p>\n","protected":false},"excerpt":{"rendered":"<\/p>\n<p> Balbay&#8217;\u0131n G\u00fcnl\u00fckleri : 1 &#8211; 2 &#8211; 3 &#8211; 4 &#8211; 5 &#8211; 6 &#8211; 7 &#8211; 8 <\/p>\n<p style=\"text-align: justify;\">Bat\u0131\u015f\u0131 m\u0131 seyredece\u011fiz?<\/p>\n<p style=\"text-align: justify;\">(Metne g\u00f6re i\u00e7inde Balbay&#8217;\u0131n da bulundu\u011fu bir grup gazeteci Etimesgut Jandarma E\u011fitim ve Spor Tesislerinde d\u00f6nemin Jandarma Genel Komutan\u0131 \u015eener Eruygur&#8217;la sohbet ediyor&#8230;)<\/p>\n<p style=\"text-align: justify;\">10 \u015eubat 2004<\/p>\n<p  \n\n","protected":false},"author":1,"featured_media":0,"comment_status":"open","ping_status":"closed","sticky":false,"template":"","format":"standard","meta":{"footnotes":""},"categories":[105],"tags":[],"class_list":["post-6306","post","type-post","status-publish","format-standard","hentry","category-gundem","odd"],"_links":{"self":[{"href":"http:\/\/www.korhanyilmaz.com\/index.php?rest_route=\/wp\/v2\/posts\/6306","targetHints":{"allow":["GET"]}}],"collection":[{"href":"http:\/\/www.korhanyilmaz.com\/index.php?rest_route=\/wp\/v2\/posts"}],"about":[{"href":"http:\/\/www.korhanyilmaz.com\/index.php?rest_route=\/wp\/v2\/types\/post"}],"author":[{"embeddable":true,"href":"http:\/\/www.korhanyilmaz.com\/index.php?rest_route=\/wp\/v2\/users\/1"}],"replies":[{"embeddable":true,"href":"http:\/\/www.korhanyilmaz.com\/index.php?rest_route=%2Fwp%2Fv2%2Fcomments&post=6306"}],"version-history":[{"count":0,"href":"http:\/\/www.korhanyilmaz.com\/index.php?rest_route=\/wp\/v2\/posts\/6306\/revisions"}],"wp:attachment":[{"href":"http:\/\/www.korhanyilmaz.com\/index.php?rest_route=%2Fwp%2Fv2%2Fmedia&parent=6306"}],"wp:term":[{"taxonomy":"category","embeddable":true,"href":"http:\/\/www.korhanyilmaz.com\/index.php?rest_route=%2Fwp%2Fv2%2Fcategories&post=6306"},{"taxonomy":"post_tag","embeddable":true,"href":"http:\/\/www.korhanyilmaz.com\/index.php?rest_route=%2Fwp%2Fv2%2Ftags&post=6306"}],"curies":[{"name":"wp","href":"https:\/\/api.w.org\/{rel}","templated":true}]}}