{"id":6297,"date":"2009-03-24T10:06:22","date_gmt":"2009-03-24T08:06:22","guid":{"rendered":"http:\/\/www.korhanyilmaz.com\/?p=6297"},"modified":"2009-03-24T10:06:22","modified_gmt":"2009-03-24T08:06:22","slug":"balbaydan-ilk-savunma","status":"publish","type":"post","link":"http:\/\/www.korhanyilmaz.com\/?p=6297","title":{"rendered":"Balbay&#039;dan ilk savunma !"},"content":{"rendered":"<p style=\"text-align: center;\"><a href=\"http:\/\/www.korhanyilmaz.com\/wp-content\/uploads\/2009\/03\/538620080709094439707.jpg\"  class=\"lightview\"><img loading=\"lazy\" decoding=\"async\" class=\"aligncenter size-full wp-image-7736\" src=\"http:\/\/www.korhanyilmaz.com\/wp-content\/uploads\/2009\/03\/538620080709094439707.jpg\" alt=\"\" width=\"272\" height=\"204\" \/><\/a><a class=\"lightview\" title=\"Balbay'dan \u0130lk Savunma ::  :: width: 500, height: 395\" rel=\"iframe\" href=\"http:\/\/www.korhanyilmaz.com\/swf\/flvplayer.swf?file=http:\/\/data.gazetevatan.com\/video\/file\/240320091151390909574.flv\"><img loading=\"lazy\" decoding=\"async\" class=\"aligncenter\" title=\"Habere \u0130li\u015fkin Videoyu \u0130zlemek \u0130\u00e7in T\u0131klay\u0131n..\" src=\"wp-data\/images\/video_izle_tikla.png\" alt=\"\" width=\"30\" height=\"30\" \/ class=\"lightview\"><\/a><\/p>\n<p style=\"text-align: justify;\"><strong>Ergenekon soru\u015fturmas\u0131 kapsam\u0131nda tutuklanan Mustafa Balbay&#8217;\u0131n g\u00fcnl\u00fckleri ile ilgili ilk yorumu Cumhuriyet&#8217;te yay\u0131mland\u0131<\/strong><\/p>\n<p style=\"text-align: justify;\">Balbay g\u00fcnl\u00fcklerin &#8220;montajland\u0131\u011f\u0131n\u0131&#8221; ve notlar\u0131n baz\u0131 b\u00f6l\u00fcmlerini kendisinin de &#8220;tan\u0131yamad\u0131\u011f\u0131n\u0131&#8221; iddia etti. Balbay ayr\u0131ca ge\u00e7en hafta Cumhuriyet gazetesinde anons edilen &#8216;Gerilimli Y\u0131llar&#8217; yaz\u0131 dizisi i\u00e7in yaz\u0131 yazmas\u0131na cezaevi y\u00f6netiminin izin vermedi\u011fini belirtti.<\/p>\n<p style=\"text-align: justify;\"><strong>\u0130\u015fte bug\u00fcn Cumhuriyet Gazetesi&#8217;nin s\u00fcrman\u015fetinde yer alan o haber ve Balbay&#8217;\u0131n iddialar\u0131:<\/strong><\/p>\n<p style=\"text-align: justify;\"><strong>Tek ki\u015filik ko\u011fu\u015fta kal\u0131yor, yaz\u0131 yazmas\u0131na izin verilmiyor &#8211; Balbay&#8217;a k\u0131s\u0131tlama<\/strong><\/p>\n<p style=\"text-align: justify;\">Mustafa Balbay cezaevi y\u00f6netimi taraf\u0131ndan tecrit alt\u0131nda tutuluyor, havaland\u0131rmaya bile tek ba\u015f\u0131na \u00e7\u0131kart\u0131l\u0131yor. Di\u011fer tutuklulardan ayr\u0131 muameleye tabi tutuluyor&#8230; <!--more--><\/p>\n<p style=\"text-align: justify;\">* Medya&#8217;da tart\u0131\u015f\u0131lan \u015fekilde bir g\u00fcnl\u00fc\u011f\u00fcm yoktur.<\/p>\n<p style=\"text-align: justify;\">* Birbirinden farkl\u0131 notlar montaj yap\u0131larak birileri taraf\u0131ndan i\u015flenmi\u015f, yorumlar eklenmi\u015f, tahrif edilmi\u015ftir.<\/p>\n<p style=\"text-align: justify;\">* Ben gazeteciyim, gazetecilik mesle\u011fi d\u0131\u015f\u0131nda hi\u00e7bir i\u015fe ve olaya bula\u015fmad\u0131m.<\/p>\n<p style=\"text-align: justify;\">* \u0130fade \u00f6zg\u00fcrl\u00fc\u011f\u00fcm elimden al\u0131nm\u0131\u015ft\u0131r.<\/p>\n<p style=\"text-align: justify;\">* Yay\u0131mlanmak \u00fczere haz\u0131rlad\u0131\u011f\u0131m yaz\u0131 dizisi sans\u00fcr\u00fc a\u015farsa ger\u00e7e\u011fi herkes \u00f6\u011frenecektir.<\/p>\n<p style=\"text-align: justify;\">* Bana zor g\u00fcnde destek verenlere te\u015fekk\u00fcr ediyorum.<\/p>\n<p style=\"text-align: justify;\">* Destek verenlerin y\u00fcz\u00fcn\u00fc k\u0131zartacak hi\u00e7bir faaliyetin i\u00e7inde olmad\u0131\u011f\u0131m\u0131 bilmelerini isterim.<\/p>\n<p style=\"text-align: justify;\"><strong>Cezaevinde tek ki\u015filik h\u00fccrede tutulan Balbay: Notlar\u0131m istenilen k\u0131vama getirilip servis edilmi\u015f<\/strong><\/p>\n<p style=\"text-align: justify;\"><strong>&#8216;Notlar montajl\u0131 ve i\u015flenmi\u015f&#8217;<\/strong><\/p>\n<p style=\"text-align: justify;\">Tutuklanmas\u0131n\u0131n \u00fczerinden 19 g\u00fcn ge\u00e7en gazetemiz yazar\u0131 ve Ankara Temsilcisi Mustafa Balbay, 8 ki\u015filik ko\u011fu\u015fta kalmak istemesine ra\u011fmen Silivri Cezaevi&#8217;nde fiili &#8220;tecrit&#8221; uygulanarak tek ki\u015filik ko\u011fu\u015fta tutuluyor. Di\u011fer tutuklulardan ayr\u0131, adeta &#8220;h\u00fccre cezas\u0131na \u00e7arpt\u0131r\u0131lm\u0131\u015f&#8221; bir mahk\u00fbm muamelesine tabi tutulan Mustafa Balbay, havaland\u0131rmaya da tek ba\u015f\u0131na \u00e7\u0131kar\u0131l\u0131yor. Avukat\u0131, Adalet Bakanl\u0131\u011f\u0131&#8217;na ba\u015fvurarak &#8220;bu haks\u0131z ve hukuka ayk\u0131r\u0131 uygulamaya bir an \u00f6nce son verilmesini&#8221; istedi.<\/p>\n<p style=\"text-align: justify;\">Balbay, ge\u00e7en hafta Silivri Cezaevi idaresine verdi\u011fi dilek\u00e7ede, &#8220;yaln\u0131z ba\u015f\u0131na fiili bir tecrit alt\u0131nda bulunmak istemedi\u011fini, ayn\u0131 soru\u015fturma kapsam\u0131nda tutuklu olanlar\u0131n bulundu\u011fu 8 ki\u015filik ko\u011fu\u015flarda bo\u015f yerler oldu\u011funu&#8221; kaydederek bu ko\u011fu\u015flara ge\u00e7mek istedi\u011fini belirtti.<\/p>\n<p style=\"text-align: justify;\"><strong>Dilek\u00e7e i\u015fleme konmad\u0131<\/strong><\/p>\n<p style=\"text-align: justify;\">Ancak s\u0131n\u0131rl\u0131 olarak haftada bir g\u00fcn ve 45 dakika yaln\u0131zca ailesiyle kapal\u0131 g\u00f6r\u00fc\u015f olana\u011f\u0131na sahip Balbay&#8217;\u0131n bu dilek\u00e7esi bir haftad\u0131r i\u015fleme konulmad\u0131. Avukatlar\u0131 Ak\u0131n Atalay ve B\u00fclent Utku, Balbay&#8217;a di\u011fer tutuklulardan ayr\u0131 bir muamele yap\u0131lmas\u0131n\u0131n nedenini anlamakta zorland\u0131klar\u0131n\u0131 belirttiler.<\/p>\n<p style=\"text-align: justify;\">Balbay&#8217;\u0131n ifade h\u00fcrriyeti de cezaevinde k\u0131s\u0131tland\u0131. Yaz\u0131lar\u0131n\u0131 d\u00fczenli olarak yazabilmek i\u00e7in yapt\u0131\u011f\u0131 ba\u015fvuru da reddedildi. Yaz\u0131lar\u0131n\u0131 gazeteye g\u00f6nderemeyece\u011fi, cezaevi idaresince kendisine bildirildi. H\u00fck\u00fcml\u00fclerin dahi ifade \u00f6zg\u00fcrl\u00fc\u011f\u00fc \u00e7er\u00e7evesinde yay\u0131n etkinli\u011finde bulunabilecekleri, ilgili t\u00fcz\u00fckte a\u00e7\u0131k\u00e7a g\u00fcvence alt\u0131na al\u0131nm\u0131\u015f iken tutuklu stat\u00fcs\u00fcndeki Balbay&#8217;a hukuk d\u0131\u015f\u0131 olarak bu iznin verilmemesi ve tek ki\u015filik ko\u011fu\u015fta tutulmas\u0131 soru i\u015faretleri yaratt\u0131.<\/p>\n<p style=\"text-align: justify;\"><strong>&#8216;Farkl\u0131 bir metin&#8217;<\/strong><\/p>\n<p style=\"text-align: justify;\">Balbay d\u00fcn avukat\u0131yla yapt\u0131\u011f\u0131 g\u00f6r\u00fc\u015fmede konuyla ilgili olarak \u015funlar\u0131 aktard\u0131: &#8220;G\u00fcnl\u00fck k\u00f6\u015fe yaz\u0131lar\u0131m\u0131 yazma ve gazeteye g\u00f6nderme talebim kabul edilmedi. Ayn\u0131 \u015fekilde, gazetede duyurusu yap\u0131lan &#8216;Gerilimli Y\u0131llar&#8217; yaz\u0131 dizisini de, gazeteye g\u00f6nderip yay\u0131mlanmas\u0131na da izin verilmedi. Bu durumda, hakk\u0131mda \u00e7\u0131kan yaz\u0131lara gazetedeki k\u00f6\u015femden cevap verece\u011fimi d\u00fc\u015f\u00fcnerek yazd\u0131\u011f\u0131m yaz\u0131lar\u0131 ne yaz\u0131k ki, okurlara ve kamuoyuna iletemiyorum. Avukat\u0131m\u0131n ge\u00e7en hafta bana iletilmek \u00fczere cezaevi idaresine verdi\u011fi ve bas\u0131nda bana ait g\u00fcnl\u00fckler oldu\u011fu iddias\u0131yla yay\u0131mlanan notlar, cezaevi idaresi taraf\u0131ndan ancak bug\u00fcn (d\u00fcn) taraf\u0131ma verildi. \u0130lk bak\u0131\u015fta bu notlarla ilgili s\u00f6yleyebilece\u011fim \u015fudur. Medyada tart\u0131\u015f\u0131lan \u015fekilde benim bir g\u00fcnl\u00fc\u011f\u00fcm yoktur. Yay\u0131mlanan notlara ili\u015fkin ilk de\u011ferlendirmem \u015fudur:<\/p>\n<p style=\"text-align: justify;\">Benim farkl\u0131 zamanlarda, farkl\u0131 yerlerde yapt\u0131\u011f\u0131m g\u00f6r\u00fc\u015fmelere dayal\u0131 olarak tuttu\u011fum birbirinden farkl\u0131 notlar\u0131n, montaj yap\u0131larak bir araya getirilip birileri taraf\u0131ndan i\u015flendi\u011fini, yorumlar eklendi\u011fini ve kamuoyuna sunulmak \u00fczere farkl\u0131 ve \u00f6zel bir metin olu\u015fturuldu\u011funu g\u00f6rd\u00fcm. \u00d6yle yorumlar ve i\u015flemeler yap\u0131lm\u0131\u015f ki, baz\u0131 notlar\u0131m\u0131 ben de tan\u0131yamad\u0131m. S\u0131zd\u0131r\u0131lan ve yay\u0131mlanan notlarda, benim zaman\u0131nda tutmu\u015f oldu\u011fum notlarda yer almayan, o notlarla \u00f6rt\u00fc\u015fmeyen k\u0131s\u0131mlar\u0131n yan\u0131 s\u0131ra, olmas\u0131 gereken bir\u00e7ok yerin ise, olay\u0131n ve s\u00f6zlerin anlam\u0131n\u0131 de\u011fi\u015ftirecek \u015fekilde, aradan \u00e7\u0131kar\u0131ld\u0131\u011f\u0131n\u0131, b\u00f6ylece \u00f6zel olarak istenilen k\u0131vama getirilip servis edildi\u011fini anlad\u0131m.<\/p>\n<p style=\"text-align: justify;\">E\u011fer gazeteye yay\u0131mlanmak \u00fczere haz\u0131rlad\u0131\u011f\u0131m dizi yaz\u0131y\u0131, bana y\u00f6nelik sans\u00fcr\u00fc a\u015fabilip yay\u0131nlatma olana\u011f\u0131 bulursam, ger\u00e7ekleri herkes \u00f6\u011frenecek. \u015eunun bilinmesini isterim ki, notlara temel olan b\u00fct\u00fcn g\u00f6r\u00fc\u015fmeler, sadece gazetecilik g\u00fcd\u00fcs\u00fc, kayg\u0131s\u0131 ve amac\u0131yla yap\u0131lm\u0131\u015ft\u0131r. Bu g\u00f6r\u00fc\u015fmelerden, bana ait olmayan ve benim notlar\u0131m\u0131n tahrif edilerek olu\u015fturulmu\u015f \u00f6zel bir metni esas alarak, farkl\u0131 anlamlar ve yorumlar \u00fcretenleri kendi mesleki ve ahlaki duru\u015flar\u0131 ile ba\u015f ba\u015fa b\u0131rak\u0131yorum.<\/p>\n<p style=\"text-align: justify;\"><strong>&#8216;Haks\u0131z ve a\u011f\u0131r karalama kapanyas\u0131 devam ediyor&#8217;<\/strong><\/p>\n<p style=\"text-align: justify;\">Tekrar ediyorum. Ben gazeteciyim ve gazetecilik mesle\u011fi d\u0131\u015f\u0131nda hi\u00e7bir i\u015fe ve olaya bula\u015fmad\u0131m, bundan sonra da yaln\u0131zca gazetecilik yapmaya \u00e7al\u0131\u015faca\u011f\u0131m. Umar\u0131m, h\u00fck\u00fcml\u00fc olmay\u0131p tutuklu oldu\u011fum dikkate al\u0131nacak ve hi\u00e7 olmazsa, \u00f6zg\u00fcrl\u00fc\u011f\u00fcmden yoksunlu\u011fumun yan\u0131na bir de ifade \u00f6zg\u00fcrl\u00fc\u011f\u00fcm\u00fcn elimden al\u0131nmas\u0131na, birileri -bu kadar da olmaz- diyerek tepki g\u00f6stereceklerdir. Bana, bu zor g\u00fcnlerde destek verenlere te\u015fekk\u00fcr ediyorum. Onlar\u0131n y\u00fcz\u00fcn\u00fc k\u0131zartacak hi\u00e7bir faaliyetin i\u00e7inde olmad\u0131\u011f\u0131m\u0131 bilmelerini isterim. Benim g\u00f6r\u00fc\u015flerim ve bu konudaki s\u00f6yleyeceklerim dinlenmeden, cezaevinde bana bu olana\u011f\u0131n da tan\u0131nmad\u0131\u011f\u0131 dikkate almadan, hakk\u0131mda devam eden haks\u0131z ve a\u011f\u0131r karalama kampanyas\u0131n\u0131 i\u00e7inde bulundu\u011fum ko\u015fullar nedeniyle \u00fcz\u00fcnt\u00fcyle izliyorum. Tek tesellim, bug\u00fcnlerin de ge\u00e7ece\u011fi ve yak\u0131nda t\u00fcm ithamlara cevap verme olana\u011f\u0131na kavu\u015faca\u011f\u0131md\u0131r.&#8221;<\/p>\n<p style=\"text-align: center;\"><img loading=\"lazy\" decoding=\"async\" class=\"aligncenter size-full wp-image-6383\" src=\"http:\/\/www.korhanyilmaz.com\/wp-content\/uploads\/2009\/03\/240320091034516992749_3.jpg\" alt=\"\" width=\"300\" height=\"142\" \/><\/p>\n<p style=\"text-align: center;\">\n<h3 style=\"text-align: justify;\"><span style=\"color: #993300;\">Balbay&#8217;\u0131n g\u00fcnl\u00fckleri darbe notlar\u0131 m\u0131?<\/span><\/h3>\n<p style=\"text-align: justify;\"><strong>\u0130\u015fte Cumhuriyet Gazetesi Ankara Temsilcisi Mustafa Balbay&#8217;\u0131n tutuklamanmas\u0131na delil olan g\u00fcnl\u00fckleri..<\/strong><\/p>\n<p style=\"text-align: justify;\"><strong>Gazetecilik faaliyeti mi?..<\/strong><\/p>\n<p style=\"text-align: justify;\">Balbay&#8217;\u0131n bilgisayar\u0131ndan \u00e7\u0131kt\u0131\u011f\u0131 ileri s\u00fcr\u00fclen g\u00fcnl\u00fckler tempo24.com.tr adl\u0131 internet dergisinde yay\u0131mland\u0131. Site, giri\u015f yaz\u0131s\u0131nda bunlar\u0131n bir gazetecinin notlar\u0131 m\u0131, yoksa darbe giri\u015fimi i\u00e7inde bulunmak m\u0131 oldu\u011funu okurlar\u0131n yorumuna b\u0131rakt\u0131.<\/p>\n<p style=\"text-align: justify;\">Ergenekon operasyonunda tutuklanan gazeteci Mustafa Balbay&#8217;\u0131n bilgisayar\u0131ndan \u00e7\u0131kt\u0131\u011f\u0131 ileri s\u00fcr\u00fclen metinlerde, d\u00f6nemin Jandarma Genel Komutan\u0131 Eruygur ile baz\u0131 komutanlar\u0131n darbe giri\u015fimlerine ili\u015fkin notlar bulunuyor.<\/p>\n<p style=\"text-align: justify;\">Cumhuriyet Gazetesi Ankara Temsilcisi Mustafa Balbay&#8217;\u0131n ikinci kez g\u00f6zalt\u0131na al\u0131nd\u0131ktan sonra tutuklanmas\u0131 tart\u0131\u015fma yaratm\u0131\u015ft\u0131. Balbay&#8217;\u0131n ilk g\u00f6zalt\u0131 ger\u00e7ekle\u015fmeden \u00f6nce bilgisayar\u0131ndan sildi\u011fi g\u00fcnl\u00fcklerin \u00e7\u00f6z\u00fcld\u00fc\u011f\u00fc ve \u00fcnl\u00fc gazetecinin bu g\u00fcnl\u00fcklerdeki bilgiler nedeniyle tutukland\u0131\u011f\u0131 iddia ediliyordu.<\/p>\n<p style=\"text-align: justify;\">\u0130nternet dergisi Tempo 24, Balbay&#8217;a ait oldu\u011fu ileri s\u00fcr\u00fclen g\u00fcnl\u00fckleri yay\u0131nlad\u0131. Yay\u0131nlanan g\u00fcnl\u00fckler, 10 \u015eubat 2004 tarihinde aralar\u0131nda Balbay&#8217;\u0131n da bulundu\u011fu bir grupla d\u00f6nemin Jandarma Genel Komutan\u0131 \u015eener Eruygur&#8217;un yapt\u0131\u011f\u0131 g\u00f6r\u00fc\u015fmeyle ba\u015fl\u0131yor. \u0130ddiaya g\u00f6re Balbay, her g\u00f6r\u00fc\u015fmenin ard\u0131ndan d\u00fczenli olarak not tutmu\u015f. Balbay&#8217;\u0131n bilgisayar\u0131nda ele ge\u00e7irildi\u011fi iddia edilen ve sayfalarca tutan g\u00fcnl\u00fcklerde askerlerin isimleri ba\u015f harfleriyle yer al\u0131yor.<\/p>\n<p style=\"text-align: justify;\"><strong><span style=\"color: #0000ff;\">G\u00fcnl\u00fcklerden \u00f6ne \u00e7\u0131kan b\u00f6l\u00fcmler \u015f\u00f6yle\u00a0 :<\/span><\/strong> <strong> <\/strong><\/p>\n<p style=\"text-align: justify;\"><a href=\"http:\/\/www.korhanyilmaz.com\/?p=6306\" target=\"_self\"><strong><span style=\"color: #993300;\">Yaz\u0131n\u0131n Devam\u0131 \u0130\u00e7in T\u0131klay\u0131n &gt;&gt;&gt;<\/span><\/strong><\/a><\/p>\n<p style=\"text-align: justify;\">\n<p style=\"text-align: justify;\">\n<p style=\"text-align: justify;\">\n<p style=\"text-align: justify;\">\n<p style=\"text-align: justify;\">\n<p style=\"text-align: justify;\">\n<p style=\"text-align: justify;\">\n<p style=\"text-align: justify;\">\n<p style=\"text-align: justify;\">\n<p style=\"text-align: justify;\">\n<p style=\"text-align: justify;\">\n<p style=\"text-align: justify;\">\n<p style=\"text-align: justify;\">\n<p style=\"text-align: justify;\">\n<p style=\"text-align: justify;\">\n<p style=\"text-align: justify;\">\n<p style=\"text-align: justify;\">\n<p style=\"text-align: justify;\">\n<p style=\"text-align: justify;\">\n<p style=\"text-align: justify;\">\n","protected":false},"excerpt":{"rendered":"<p style=\"text-align: center;\">\n<p style=\"text-align: justify;\">Ergenekon soru\u015fturmas\u0131 kapsam\u0131nda tutuklanan Mustafa Balbay&#8217;\u0131n g\u00fcnl\u00fckleri ile ilgili ilk yorumu Cumhuriyet&#8217;te yay\u0131mland\u0131<\/p>\n<p style=\"text-align: justify;\">Balbay g\u00fcnl\u00fcklerin &#8220;montajland\u0131\u011f\u0131n\u0131&#8221; ve notlar\u0131n baz\u0131 b\u00f6l\u00fcmlerini kendisinin de &#8220;tan\u0131yamad\u0131\u011f\u0131n\u0131&#8221; iddia etti. Balbay ayr\u0131ca ge\u00e7en hafta Cumhuriyet gazetesinde anons edilen &#8216;Gerilimli Y\u0131llar&#8217; yaz\u0131 dizisi i\u00e7in yaz\u0131 yazmas\u0131na cezaevi y\u00f6netiminin izin vermedi\u011fini belirtti.<\/p>\n<p style=\"text-align: justify;\">\u0130\u015fte <\/p>\n","protected":false},"author":1,"featured_media":0,"comment_status":"open","ping_status":"closed","sticky":false,"template":"","format":"standard","meta":{"footnotes":""},"categories":[105],"tags":[],"class_list":["post-6297","post","type-post","status-publish","format-standard","hentry","category-gundem","odd"],"_links":{"self":[{"href":"http:\/\/www.korhanyilmaz.com\/index.php?rest_route=\/wp\/v2\/posts\/6297","targetHints":{"allow":["GET"]}}],"collection":[{"href":"http:\/\/www.korhanyilmaz.com\/index.php?rest_route=\/wp\/v2\/posts"}],"about":[{"href":"http:\/\/www.korhanyilmaz.com\/index.php?rest_route=\/wp\/v2\/types\/post"}],"author":[{"embeddable":true,"href":"http:\/\/www.korhanyilmaz.com\/index.php?rest_route=\/wp\/v2\/users\/1"}],"replies":[{"embeddable":true,"href":"http:\/\/www.korhanyilmaz.com\/index.php?rest_route=%2Fwp%2Fv2%2Fcomments&post=6297"}],"version-history":[{"count":0,"href":"http:\/\/www.korhanyilmaz.com\/index.php?rest_route=\/wp\/v2\/posts\/6297\/revisions"}],"wp:attachment":[{"href":"http:\/\/www.korhanyilmaz.com\/index.php?rest_route=%2Fwp%2Fv2%2Fmedia&parent=6297"}],"wp:term":[{"taxonomy":"category","embeddable":true,"href":"http:\/\/www.korhanyilmaz.com\/index.php?rest_route=%2Fwp%2Fv2%2Fcategories&post=6297"},{"taxonomy":"post_tag","embeddable":true,"href":"http:\/\/www.korhanyilmaz.com\/index.php?rest_route=%2Fwp%2Fv2%2Ftags&post=6297"}],"curies":[{"name":"wp","href":"https:\/\/api.w.org\/{rel}","templated":true}]}}