{"id":6287,"date":"2009-03-23T08:37:05","date_gmt":"2009-03-23T06:37:05","guid":{"rendered":"http:\/\/www.korhanyilmaz.com\/?p=6287"},"modified":"2009-03-23T08:37:05","modified_gmt":"2009-03-23T06:37:05","slug":"baykal-yeni-bir-yenilgiyle-karsi-karsiya","status":"publish","type":"post","link":"http:\/\/www.korhanyilmaz.com\/?p=6287","title":{"rendered":"&#039;Baykal yeni bir yenilgiyle kar\u015f\u0131 kar\u015f\u0131ya&#039;"},"content":{"rendered":"<p style=\"text-align: center;\"><img loading=\"lazy\" decoding=\"async\" class=\"aligncenter size-full wp-image-6288\" title=\"'Baykal yeni bir yenilgiyle kar\u015f\u0131 kar\u015f\u0131ya' \" src=\"http:\/\/www.korhanyilmaz.com\/wp-content\/uploads\/2009\/03\/230320090431579075343.jpg\" alt=\"'Baykal yeni bir yenilgiyle kar\u015f\u0131 kar\u015f\u0131ya' \" width=\"329\" height=\"210\" \/><\/p>\n<p style=\"text-align: justify;\"><strong>D\u00fcnyaca \u00fcnl\u00fc haber ajans\u0131 Reuters&#8217;ten ilgin\u00e7 Baykal analizi <\/strong><\/p>\n<p style=\"text-align: justify;\">D\u00fcnyaca \u00fcnl\u00fc haber ajans\u0131 Reuters, yay\u0131nlad\u0131\u011f\u0131 analizde CHP lideri Deniz Baykal&#8217;\u0131n yeni bir yenilgiyle kar\u015f\u0131 kar\u015f\u0131ya oldu\u011funu yazd\u0131. Ajans muhabiri Alexandra Hudson, CHP&#8217;nin Yalova mitingini izledikten sonra yazd\u0131\u011f\u0131 yorumda \u015fu ifadeleri kulland\u0131: &#8220;Partililer co\u015fkuyla bayrak sallay\u0131p ba\u011f\u0131r\u0131yor ama d\u00f6rt genel se\u00e7im kaybeden veteran (gazi) lider Baykal konu\u015fmaya ba\u015flad\u0131\u011f\u0131nda ortama bir umutsuzluk havas\u0131 hakim oluyor. <!--more--><\/p>\n<p style=\"text-align: justify;\">Baykal ve partisinin hatalar\u0131 nedeniyle, ortada g\u00fcvenilir bir muhalefet olmad\u0131\u011f\u0131 duygusu yay\u0131l\u0131rken, AKP de \u00fcst\u00fcnl\u00fc\u011f\u00fcn\u00fc korumak istiyor. AG ara\u015ft\u0131rma \u015firketinin y\u00f6neticisi Adil G\u00fcr &#8220;Ekonomik kriz nedeniyle iktidar\u0131n oylar\u0131n\u0131n d\u00fc\u015fece\u011fine zannedebilirsiniz. Ama se\u00e7menler ba\u015fka alternatif bulam\u0131yor&#8221; diyor. Kriz T\u00fcrkiye&#8217;yi sert vurdu.<\/p>\n<p style=\"text-align: justify;\">Ancak Baykal h\u00fck\u00fcmetin krize ge\u00e7 m\u00fcdahale etmesini ele\u015ftirmek yerine, 17 y\u0131ll\u0131k s\u00f6ylemini tekrarlayarak Erdo\u011fan&#8217;\u0131 laikli\u011fin alt\u0131n\u0131 oymakla su\u00e7lad\u0131. Baykal her yenilgi sonras\u0131 destek\u00e7ilerini misyonlar\u0131n\u0131n daha \u00f6nemli hale geldi\u011fini s\u00f6yleyerek ikna ediyor. Muhaliflerine g\u00f6re, Baykal kendini &#8220;Erdo\u011fan \u00fclkeyi bat\u0131r\u0131nca ortaya \u00e7\u0131kacak bir mehdi&#8221; gibi g\u00f6r\u00fcyor. Ancak bir yandan \u00fcniversitelerde t\u00fcrbana kar\u015f\u0131 \u00e7\u0131karken, bir yandan \u00e7ar\u015fafl\u0131 kad\u0131nlar\u0131 partiye \u00fcye yapt\u0131. Bu davran\u0131\u015flar partinin bir y\u00f6n\u00fc olmad\u0131\u011f\u0131n\u0131 g\u00f6sterdi.&#8221;<\/p>\n<p style=\"text-align: justify;\"><span style=\"color: #888888;\">Kaynak : Vatan Gazetesi<\/span><\/p>\n<p style=\"text-align: justify;\">\n","protected":false},"excerpt":{"rendered":"<p style=\"text-align: center;\">\n<p style=\"text-align: justify;\">D\u00fcnyaca \u00fcnl\u00fc haber ajans\u0131 Reuters&#8217;ten ilgin\u00e7 Baykal analizi <\/p>\n<p style=\"text-align: justify;\">D\u00fcnyaca \u00fcnl\u00fc haber ajans\u0131 Reuters, yay\u0131nlad\u0131\u011f\u0131 analizde CHP lideri Deniz Baykal&#8217;\u0131n yeni bir yenilgiyle kar\u015f\u0131 kar\u015f\u0131ya oldu\u011funu yazd\u0131. Ajans muhabiri Alexandra Hudson, CHP&#8217;nin Yalova mitingini izledikten sonra yazd\u0131\u011f\u0131 yorumda \u015fu ifadeleri kulland\u0131: &#8220;Partililer co\u015fkuyla bayrak sallay\u0131p ba\u011f\u0131r\u0131yor ama d\u00f6rt <\/p>\n","protected":false},"author":1,"featured_media":0,"comment_status":"open","ping_status":"closed","sticky":false,"template":"","format":"standard","meta":{"footnotes":""},"categories":[105],"tags":[],"class_list":["post-6287","post","type-post","status-publish","format-standard","hentry","category-gundem","odd"],"_links":{"self":[{"href":"http:\/\/www.korhanyilmaz.com\/index.php?rest_route=\/wp\/v2\/posts\/6287","targetHints":{"allow":["GET"]}}],"collection":[{"href":"http:\/\/www.korhanyilmaz.com\/index.php?rest_route=\/wp\/v2\/posts"}],"about":[{"href":"http:\/\/www.korhanyilmaz.com\/index.php?rest_route=\/wp\/v2\/types\/post"}],"author":[{"embeddable":true,"href":"http:\/\/www.korhanyilmaz.com\/index.php?rest_route=\/wp\/v2\/users\/1"}],"replies":[{"embeddable":true,"href":"http:\/\/www.korhanyilmaz.com\/index.php?rest_route=%2Fwp%2Fv2%2Fcomments&post=6287"}],"version-history":[{"count":0,"href":"http:\/\/www.korhanyilmaz.com\/index.php?rest_route=\/wp\/v2\/posts\/6287\/revisions"}],"wp:attachment":[{"href":"http:\/\/www.korhanyilmaz.com\/index.php?rest_route=%2Fwp%2Fv2%2Fmedia&parent=6287"}],"wp:term":[{"taxonomy":"category","embeddable":true,"href":"http:\/\/www.korhanyilmaz.com\/index.php?rest_route=%2Fwp%2Fv2%2Fcategories&post=6287"},{"taxonomy":"post_tag","embeddable":true,"href":"http:\/\/www.korhanyilmaz.com\/index.php?rest_route=%2Fwp%2Fv2%2Ftags&post=6287"}],"curies":[{"name":"wp","href":"https:\/\/api.w.org\/{rel}","templated":true}]}}