{"id":6266,"date":"2009-03-21T19:14:24","date_gmt":"2009-03-21T17:14:24","guid":{"rendered":"http:\/\/www.korhanyilmaz.com\/?p=6266"},"modified":"2009-03-21T19:14:24","modified_gmt":"2009-03-21T17:14:24","slug":"esi-danismaniyla-basmis","status":"publish","type":"post","link":"http:\/\/www.korhanyilmaz.com\/?p=6266","title":{"rendered":"E\u015fi, dan\u0131\u015fman\u0131yla basm\u0131\u015f!"},"content":{"rendered":"<p style=\"text-align: justify;\"><img loading=\"lazy\" decoding=\"async\" class=\"aligncenter size-full wp-image-6285\" title=\"E\u015fi, dan\u0131\u015fman\u0131yla basm\u0131\u015f! \" src=\"http:\/\/www.korhanyilmaz.com\/wp-content\/uploads\/2009\/03\/230320090427063242426_33.jpg\" alt=\"E\u015fi, dan\u0131\u015fman\u0131yla basm\u0131\u015f! \" width=\"320\" height=\"204\" \/><\/p>\n<p style=\"text-align: justify;\"><strong>Ya\u015far Nuri \u00d6zt\u00fcrk&#8217;\u00fcn e\u015fi ile sevgilisi oldu\u011fu \u00f6ne s\u00fcr\u00fclen eski dan\u0131\u015fman\u0131 mahkemelik oldu<\/strong>.<\/p>\n<p style=\"text-align: justify;\">HYP Genel Ba\u015fkan\u0131 Ya\u015far Nuri \u00d6zt\u00fcrk&#8217;\u00fcn e\u015fi Canan \u00d6zt\u00fcrk ile sevgilisi oldu\u011fu \u00f6ne s\u00fcr\u00fclen eski dan\u0131\u015fman\u0131 \u015eahane M\u00fcft\u00fco\u011flu mahkemelik oldu. Canan \u00d6zt\u00fcrk, dava dilek\u00e7esinde \u015eahane M\u00fcft\u00fco\u011flu&#8217;nu kendi evinin banyosunda i\u00e7 \u00e7ama\u015f\u0131rs\u0131z yakalad\u0131\u011f\u0131n\u0131 iddia etti.<\/p>\n<p style=\"text-align: justify;\">HYP Genel Ba\u015fkan\u0131 Ya\u015far Nuri \u00d6zt\u00fcrk&#8217;\u00fcn sevgilisi oldu\u011fu ileri s\u00fcr\u00fclen eski dan\u0131\u015fman\u0131 \u015eahane Sultan M\u00fcft\u00fco\u011flu ile annesi ve babas\u0131n\u0131n, kendilerini toplum \u00f6n\u00fcnde k\u00fc\u00e7\u00fck d\u00fc\u015f\u00fcrd\u00fc\u011f\u00fc iddias\u0131yla \u00d6zt\u00fcrk&#8217;\u00fcn e\u015fi Canan \u00d6zt\u00fcrk aleyhine manevi tazminat davas\u0131 a\u00e7t\u0131\u011f\u0131 ortaya \u00e7\u0131kt\u0131. Ayr\u0131 ayr\u0131 mahkemelere a\u00e7\u0131lan toplam 6 davada 10&#8217;ar bin TL manevi tazminat istendi. Dava dilek\u00e7elerinde, Canan \u00d6zt\u00fcrk&#8217;\u00fcn ge\u00e7ti\u011fimiz a\u011fustos ay\u0131nda bir gazeteye yapt\u0131\u011f\u0131 a\u00e7\u0131klamalarla ve mesaj yoluyla g\u00f6nderdi\u011fi k\u0131r\u0131c\u0131, incitici, ki\u015filik haklar\u0131na sald\u0131r\u0131 niteli\u011findeki s\u00f6zleri dava gerek\u00e7esi olarak g\u00f6sterildi.<!--more--><\/p>\n<p style=\"text-align: justify;\"><strong>BA\u015eARILI B\u0130R KADIN<\/strong><\/p>\n<p style=\"text-align: justify;\">Ankara 6. Asliye Hukuk Mahkemesi&#8217;ne a\u00e7\u0131lan dava dilek\u00e7esinde, M\u00fcft\u00fco\u011flu&#8217;nun halen bir b\u00fcy\u00fckel\u00e7ili\u011fin ticaret ekonomi m\u00fcste\u015farl\u0131\u011f\u0131nda m\u00fcd\u00fcr olarak \u00e7al\u0131\u015ft\u0131\u011f\u0131, yurt d\u0131\u015f\u0131nda e\u011fitim alm\u0131\u015f sayg\u0131n bir kad\u0131n oldu\u011fu kaydedildi. M\u00fcft\u00fco\u011flu&#8217;nun 2007&#8217;de Ya\u015far Nuri \u00d6zt\u00fcrk&#8217;\u00fcn parlamento dan\u0131\u015fmanl\u0131\u011f\u0131na ba\u015fka bir \u00fcst d\u00fczey g\u00f6revi b\u0131rakarak geldi\u011fi anlat\u0131lan dilek\u00e7ede, bu s\u00fcre\u00e7ten sonra Canan \u00d6zt\u00fcrk&#8217;\u00fcn incitici ithamlara ba\u015flad\u0131\u011f\u0131 ileri s\u00fcr\u00fcld\u00fc. Ayr\u0131ca Canan \u00d6zt\u00fcrk&#8217;\u00fcn 20 A\u011fustos 2008&#8217;de bir gazetede yay\u0131mlanan r\u00f6portaj\u0131ndaki s\u00f6zleriyle M\u00fcft\u00fco\u011flu&#8217;nun \u015feref ve haysiyetine y\u00f6nelik sald\u0131r\u0131da bulundu\u011fu kaydedildi.<\/p>\n<p style=\"text-align: justify;\"><strong>CANAN \u00d6ZT\u00dcRK&#8217;\u00dcN YANITI<\/strong><\/p>\n<p style=\"text-align: justify;\">\u0130stanbul&#8217;da ya\u015fayan Canan \u00d6zt\u00fcrk&#8217;\u00fcn avukat\u0131 ise mahkemeye g\u00f6nderdi\u011fi yan\u0131t dilek\u00e7esinde M\u00fcft\u00fco\u011flu ile \u00d6zt\u00fcrk aras\u0131nda 2006&#8217;dan beri &#8216;yasak bir g\u00f6n\u00fcl ve seks ili\u015fkisi&#8217; oldu\u011funu iddia etti. Dilek\u00e7ede \u015fu s\u00f6zler yer ald\u0131: &#8220;24 Kas\u0131m 2006&#8217;da m\u00fcvekkilem \u0130stanbul&#8217;dan Ankara&#8217;daki evlerine gitti\u011finde kap\u0131 e\u015fi taraf\u0131ndan uzun s\u00fcre sonra a\u00e7\u0131labilmi\u015f ve k\u00f6t\u00fc bir manzara ile kar\u015f\u0131la\u015fm\u0131\u015ft\u0131r. \u015eahane M\u00fcft\u00fco\u011flu ka\u00e7arak kendisini banyoya kilitlemi\u015f, zorla \u00e7\u0131kar\u0131ld\u0131\u011f\u0131nda \u0131slak sa\u00e7larla, i\u00e7 \u00e7ama\u015f\u0131rs\u0131z ve \u00e7\u0131plak ayaklarla m\u00fcvekkilemin kar\u015f\u0131s\u0131na \u00e7\u0131km\u0131\u015ft\u0131r. Ayr\u0131ca m\u00fcvekkilem yatak odas\u0131na gitti\u011finde, kar\u0131\u015fm\u0131\u015f bir yatak ve yata\u011f\u0131n ba\u015fucunda M\u00fcft\u00fco\u011flu&#8217;nun dekolte bir pozla \u00e7ektirdi\u011fi \u00e7er\u00e7evelenmi\u015f bir resimle kar\u015f\u0131la\u015fm\u0131\u015ft\u0131r. M\u00fcvekkilem M\u00fcft\u00fco\u011flu&#8217;nu kovmu\u015f, e\u015finin pi\u015fmanl\u0131k bildiren ifadeleri, \u00e7ocuklar\u0131n\u0131n do\u011fum g\u00fcn\u00fc olmas\u0131 ve 25 Kas\u0131m&#8217;da yap\u0131lacak MYK toplant\u0131s\u0131 nedeolay\u0131n \u00fczerine gitmemek durumunda kalm\u0131\u015ft\u0131r.&#8221;<\/p>\n<p style=\"text-align: justify;\"><strong>\u00d6ZT\u00dcRK REDDETM\u0130\u015eT\u0130<\/strong><\/p>\n<p style=\"text-align: justify;\">\u015eahane M\u00fcft\u00fco\u011flu ile aras\u0131nda a\u015fk ili\u015fkisi iddialar\u0131n\u0131 kabul etmeyen Ya\u015far Nuri \u00d6zt\u00fcrk, &#8220;A\u015fk niye yasak olsun, e\u011fer a\u015fk varsa onu yasaklamak kimsenin elinde ve imkan\u0131 dahilinde de\u011fildir. Ben a\u015fk\u0131n\u0131 saklayacak bir adam de\u011filim. B\u00f6yle bir \u015fey oldu mu ben onu s\u00f6ylerim&#8221; demi\u015fti. \u00d6zt\u00fcrk, &#8220;Ben bunun komplo diye nitelendirilecek ciddiyete bile sahip oldu\u011fu kanaatinde de\u011filim&#8221; diye konu\u015fmu\u015ftu.<\/p>\n<p style=\"text-align: justify;\"><strong>D\u0130LEK\u00c7EDEK\u0130 \u00c7OK TUHAF MESAJLAR<\/strong><\/p>\n<p style=\"text-align: justify;\">Canan \u00d6zt\u00fcrk&#8217;\u00fcn dava dilek\u00e7esinde, \u015eahane Sultan M\u00fcft\u00fco\u011flu&#8217;nun Ya\u015far Nuri \u00d6zt\u00fcrk&#8217;e g\u00f6nderdi\u011fini iddia etti\u011fi SMS mesajlar\u0131 da yer ald\u0131:<\/p>\n<p style=\"text-align: justify;\">&#8211; Can\u0131n\u0131za kurban olay\u0131m kendimi sizin a\u011fz\u0131n\u0131zdan \u00e7\u0131kan s\u00f6zc\u00fcklerle dinlemek ne b\u00fcy\u00fck onur.<\/p>\n<p style=\"text-align: justify;\">&#8211; I can no more say have my heart the recent facts shows that you are my heart. (Art\u0131k kalbim sana ait diyemem, yeni ger\u00e7ek g\u00f6steriyor ki sen benim kalbimsin.)<\/p>\n<p style=\"text-align: justify;\">&#8211; \u00c7ok \u00f6zledim sizi. G\u00f6remedi\u011fim i\u00e7in sinirlendim o y\u00fczden sessiz kald\u0131m sonra da \u00f6yle bir mesaj yazd\u0131m. Hasretinize dayanam\u0131yorum g\u00f6r\u00fc\u015fmememize sebep olmalar\u0131na tahamm\u00fcl edemiyorum.<\/p>\n<p style=\"text-align: justify;\">&#8211; Beraber yemek yapmay\u0131, tra\u015f olurken \u00f6p\u00fcp dudaklar\u0131m\u0131 k\u00f6p\u00fck yapmay\u0131, koltukta kaytar\u0131p uyuklad\u0131\u011f\u0131n\u0131 g\u00f6r\u00fcnce \u00fcst\u00fcne oturup \u00f6perek &#8216;ne olur uyuma&#8217; demeyi, beraber film izlemeyi, tart\u0131\u015f\u0131nca trip at\u0131p yan\u0131ma gelmeni beklemeyi, s\u00fcrekli terlik giy demeni, beni komik k\u0131skanmalar\u0131n\u0131, seninle yapt\u0131\u011f\u0131m\u0131z her \u015feyi \u00e7ok \u00f6zledim.<\/p>\n<p style=\"text-align: justify;\">&#8211; Seni k\u0131skan\u0131nca masa alt\u0131ndan tekme, yumruk sallamay\u0131, &#8216;koy onu oriye&#8217; demeni, iki bardak y\u0131kay\u0131nca, \u00e7ok bula\u015f\u0131k y\u0131kam\u0131\u015f gibi havaya girmeni, gece uyurken bana s\u0131ms\u0131k\u0131 sar\u0131lman\u0131, ayr\u0131 kald\u0131ktan sonraki her ilk g\u00f6r\u00fc\u015fmemizde g\u00f6zlerime beni sanki hayat\u0131nda ilk kez g\u00f6r\u00fcyormu\u015fsun gibi bakman\u0131, I love you karadut demeni&#8230;<\/p>\n<p style=\"text-align: justify;\">Canan \u00d6zt\u00fcrk, \u015eahane Sultan M\u00fcft\u00fco\u011flu&#8217;nun kendisine ise \u015fu mesajlar\u0131 \u00e7ekti\u011fini iddia etti:<\/p>\n<p style=\"text-align: justify;\">&#8211; S.ktir oradan manyak kar\u0131. Ba\u015fkan da hepimizde b\u0131kt\u0131k senin paranoyak halinden. Sen k\u0131skan\u00e7l\u0131ktan kafay\u0131 yemi\u015fsin. Ben zaten art\u0131k yurtd\u0131\u015f\u0131nda \u00e7al\u0131\u015faca\u011f\u0131m. Ama ba\u015fkanla g\u00f6r\u00fc\u015fmemi kendini par\u00e7alasan da engelleyemezsin. Sen benimle u\u011fra\u015fmay\u0131 b\u0131rakta gece okulunda liseyi bitirmeye u\u011fra\u015f.<\/p>\n<p style=\"text-align: justify;\">&#8211; Kimin a\u015f\u015fa\u011f\u0131l\u0131k mahluk oldu\u011fu ortada, ba\u015fkan da dahil partideki \u00e7o\u011fu ki\u015fi senin kafay\u0131 yemi\u015f bir ruh hastas\u0131 oldu\u011funu s\u00f6yl\u00fcyor, bizde ac\u0131y\u0131p alttan al\u0131yoruz seni.<\/p>\n<p style=\"text-align: justify;\">\u015eahane Sultan M\u00fcft\u00fco\u011flu ise Canan \u00d6zt\u00fcrk&#8217;\u00fcn, annesi Bet\u00fcl M\u00fcft\u00fco\u011flu&#8217;na \u015fu mesaj\u0131 att\u0131\u011f\u0131n\u0131 iddia etti:<\/p>\n<p style=\"text-align: justify;\">&#8211; Cuma g\u00fcn\u00fc fahi\u015fe k\u0131z\u0131n msj atm\u0131\u015f. Diyor ki ke\u015fke sen de burada olsayd\u0131n bizimki ve n. (bir parti y\u00f6neticisi) yetmemi\u015f belli ki: Pis beyniyle grup sex planlad\u0131ysa babas\u0131n\u0131 ve seni \u00e7a\u011f\u0131rs\u0131n. Murdar kar\u0131lar murdar erkekler bela \u00fczerinize \u00e7\u00f6ks\u00fcn.<\/p>\n<p style=\"text-align: justify;\"><span style=\"color: #888888;\"><strong>\u00d6m\u00fcr \u00dcNVER \/ VATAN ANKARA<\/strong><\/span><\/p>\n","protected":false},"excerpt":{"rendered":"<p style=\"text-align: justify;\">\n<p style=\"text-align: justify;\">Ya\u015far Nuri \u00d6zt\u00fcrk&#8217;\u00fcn e\u015fi ile sevgilisi oldu\u011fu \u00f6ne s\u00fcr\u00fclen eski dan\u0131\u015fman\u0131 mahkemelik oldu.<\/p>\n<p style=\"text-align: justify;\">HYP Genel Ba\u015fkan\u0131 Ya\u015far Nuri \u00d6zt\u00fcrk&#8217;\u00fcn e\u015fi Canan \u00d6zt\u00fcrk ile sevgilisi oldu\u011fu \u00f6ne s\u00fcr\u00fclen eski dan\u0131\u015fman\u0131 \u015eahane M\u00fcft\u00fco\u011flu mahkemelik oldu. Canan \u00d6zt\u00fcrk, dava dilek\u00e7esinde \u015eahane M\u00fcft\u00fco\u011flu&#8217;nu kendi evinin banyosunda i\u00e7 \u00e7ama\u015f\u0131rs\u0131z yakalad\u0131\u011f\u0131n\u0131 iddia etti.<\/p>\n<p  \n\n","protected":false},"author":1,"featured_media":0,"comment_status":"open","ping_status":"closed","sticky":false,"template":"","format":"standard","meta":{"footnotes":""},"categories":[105],"tags":[],"class_list":["post-6266","post","type-post","status-publish","format-standard","hentry","category-gundem","odd"],"_links":{"self":[{"href":"http:\/\/www.korhanyilmaz.com\/index.php?rest_route=\/wp\/v2\/posts\/6266","targetHints":{"allow":["GET"]}}],"collection":[{"href":"http:\/\/www.korhanyilmaz.com\/index.php?rest_route=\/wp\/v2\/posts"}],"about":[{"href":"http:\/\/www.korhanyilmaz.com\/index.php?rest_route=\/wp\/v2\/types\/post"}],"author":[{"embeddable":true,"href":"http:\/\/www.korhanyilmaz.com\/index.php?rest_route=\/wp\/v2\/users\/1"}],"replies":[{"embeddable":true,"href":"http:\/\/www.korhanyilmaz.com\/index.php?rest_route=%2Fwp%2Fv2%2Fcomments&post=6266"}],"version-history":[{"count":0,"href":"http:\/\/www.korhanyilmaz.com\/index.php?rest_route=\/wp\/v2\/posts\/6266\/revisions"}],"wp:attachment":[{"href":"http:\/\/www.korhanyilmaz.com\/index.php?rest_route=%2Fwp%2Fv2%2Fmedia&parent=6266"}],"wp:term":[{"taxonomy":"category","embeddable":true,"href":"http:\/\/www.korhanyilmaz.com\/index.php?rest_route=%2Fwp%2Fv2%2Fcategories&post=6266"},{"taxonomy":"post_tag","embeddable":true,"href":"http:\/\/www.korhanyilmaz.com\/index.php?rest_route=%2Fwp%2Fv2%2Ftags&post=6266"}],"curies":[{"name":"wp","href":"https:\/\/api.w.org\/{rel}","templated":true}]}}