{"id":626,"date":"2008-04-21T11:04:57","date_gmt":"2008-04-21T08:04:57","guid":{"rendered":"http:\/\/www.korhanyilmaz.com\/?p=626"},"modified":"2008-04-21T11:04:57","modified_gmt":"2008-04-21T08:04:57","slug":"bm-gida-fiyatlari-sessiz-katliama-yol-aciyor","status":"publish","type":"post","link":"http:\/\/www.korhanyilmaz.com\/?p=626","title":{"rendered":"BM: G\u0131da fiyatlar\u0131 sessiz katliama yol a\u00e7\u0131yor"},"content":{"rendered":"<p style=\"text-align: center;\"><img loading=\"lazy\" decoding=\"async\" class=\"alignnone\" src=\"http:\/\/www.korhanyilmaz.com\/wp-content\/uploads\/2008\/04\/bm1234.jpg\" alt=\"\" width=\"382\" height=\"234\" \/><\/p>\n<p style=\"text-align: justify;\">BM G\u0131da Hakk\u0131 Raport\u00f6r\u00fc Jean Ziegler, k\u00fcresel g\u0131da fiyatlar\u0131 art\u0131\u015f\u0131n\u0131n &#8216;sessiz bir katliama&#8217; yol a\u00e7makta oldu\u011funu s\u00f6yledi.<\/p>\n<p style=\"text-align: justify;\">Ziegler, Avusturya&#8217;n\u0131n Kurier am Sonntag gazetesine yapt\u0131\u011f\u0131 a\u00e7\u0131klamada, biyoyak\u0131t i\u00e7in \u00fcretim yap\u0131lmas\u0131, pazardaki spek\u00fclasyon ve Avrupa Birli\u011fi&#8217;nin ihracat s\u00fcbvansiyonlar\u0131n\u0131n, yoksul \u00fclkelerdeki kitlesel a\u00e7l\u0131\u011f\u0131n sorumlusunun Bat\u0131 oldu\u011funu g\u00f6sterdi\u011fini bildirdi.<\/p>\n<p style=\"text-align: justify;\">\u2018D\u00fcnyan\u0131n zenginli\u011finin tek elde toplanmas\u0131ndan&#8217; k\u00fcreselle\u015fmeyi sorumlu tutan ve \u00e7ok uluslu \u015firketleri bir t\u00fcr \u2018yap\u0131sal \u015fiddetle&#8217; su\u00e7layan Ziegler, \u2018E\u015fitsiz ve deh\u015fet verici bir d\u00fcnya yaratan ve giderek vah\u015file\u015fen bir borsa simsarlar\u0131, spek\u00fclat\u00f6rler ve mali haydutlar \u00e7etesiyle kar\u015f\u0131 kar\u015f\u0131yay\u0131z. Buna bir son vermeliyiz&#8217; dedi.<\/p>\n<p style=\"text-align: justify;\">Ziegler, Frans\u0131z Devrimiyle mukayese ederek, g\u00fcn\u00fcn birinde a\u00e7 insanlar\u0131n zalimlere kar\u015f\u0131 ayaklanaca\u011f\u0131n\u0131 d\u00fc\u015f\u00fcnd\u00fc\u011f\u00fcn\u00fc s\u00f6yledi.<\/p>\n<p style=\"text-align: justify;\">Kaynak : Star Gazetesi<\/p>\n","protected":false},"excerpt":{"rendered":"<p style=\"text-align: center;\">\n<p style=\"text-align: justify;\">BM G\u0131da Hakk\u0131 Raport\u00f6r\u00fc Jean Ziegler, k\u00fcresel g\u0131da fiyatlar\u0131 art\u0131\u015f\u0131n\u0131n &#8216;sessiz bir katliama&#8217; yol a\u00e7makta oldu\u011funu s\u00f6yledi.<\/p>\n<p style=\"text-align: justify;\">Ziegler, Avusturya&#8217;n\u0131n Kurier am Sonntag gazetesine yapt\u0131\u011f\u0131 a\u00e7\u0131klamada, biyoyak\u0131t i\u00e7in \u00fcretim yap\u0131lmas\u0131, pazardaki spek\u00fclasyon ve Avrupa Birli\u011fi&#8217;nin ihracat s\u00fcbvansiyonlar\u0131n\u0131n, yoksul \u00fclkelerdeki kitlesel a\u00e7l\u0131\u011f\u0131n sorumlusunun Bat\u0131 oldu\u011funu g\u00f6sterdi\u011fini bildirdi.<\/p>\n<p style=\"text-align: justify;\">\u2018D\u00fcnyan\u0131n <\/p>\n","protected":false},"author":1,"featured_media":0,"comment_status":"open","ping_status":"open","sticky":false,"template":"","format":"standard","meta":{"footnotes":""},"categories":[3],"tags":[],"class_list":["post-626","post","type-post","status-publish","format-standard","hentry","category-dunya","odd"],"_links":{"self":[{"href":"http:\/\/www.korhanyilmaz.com\/index.php?rest_route=\/wp\/v2\/posts\/626","targetHints":{"allow":["GET"]}}],"collection":[{"href":"http:\/\/www.korhanyilmaz.com\/index.php?rest_route=\/wp\/v2\/posts"}],"about":[{"href":"http:\/\/www.korhanyilmaz.com\/index.php?rest_route=\/wp\/v2\/types\/post"}],"author":[{"embeddable":true,"href":"http:\/\/www.korhanyilmaz.com\/index.php?rest_route=\/wp\/v2\/users\/1"}],"replies":[{"embeddable":true,"href":"http:\/\/www.korhanyilmaz.com\/index.php?rest_route=%2Fwp%2Fv2%2Fcomments&post=626"}],"version-history":[{"count":0,"href":"http:\/\/www.korhanyilmaz.com\/index.php?rest_route=\/wp\/v2\/posts\/626\/revisions"}],"wp:attachment":[{"href":"http:\/\/www.korhanyilmaz.com\/index.php?rest_route=%2Fwp%2Fv2%2Fmedia&parent=626"}],"wp:term":[{"taxonomy":"category","embeddable":true,"href":"http:\/\/www.korhanyilmaz.com\/index.php?rest_route=%2Fwp%2Fv2%2Fcategories&post=626"},{"taxonomy":"post_tag","embeddable":true,"href":"http:\/\/www.korhanyilmaz.com\/index.php?rest_route=%2Fwp%2Fv2%2Ftags&post=626"}],"curies":[{"name":"wp","href":"https:\/\/api.w.org\/{rel}","templated":true}]}}