{"id":6239,"date":"2009-03-22T18:05:10","date_gmt":"2009-03-22T16:05:10","guid":{"rendered":"http:\/\/www.korhanyilmaz.com\/?p=6239"},"modified":"2009-03-22T18:05:10","modified_gmt":"2009-03-22T16:05:10","slug":"tek-bayrak-tek-vatani-gecelim","status":"publish","type":"post","link":"http:\/\/www.korhanyilmaz.com\/?p=6239","title":{"rendered":"Tek bayrak, tek vatan\u0131 ge\u00e7elim"},"content":{"rendered":"<p style=\"text-align: center;\"><img loading=\"lazy\" decoding=\"async\" class=\"aligncenter size-full wp-image-6240\" title=\"Tek bayrak, tek vatan\u0131 ge\u00e7elim\" src=\"http:\/\/www.korhanyilmaz.com\/wp-content\/uploads\/2009\/03\/7602737.jpg\" alt=\"Tek bayrak, tek vatan\u0131 ge\u00e7elim\" width=\"340\" height=\"227\" \/><\/p>\n<p style=\"text-align: justify;\"><strong>Tan\u0131nm\u0131\u015f tiyatro sanat\u00e7\u0131s\u0131 Ali S\u00fcrmeli&#8217;nin, T\u00fcrkiye&#8217;nin do\u011fu ve bat\u0131s\u0131nda ya\u015fayan gen\u00e7leri kayna\u015ft\u0131rmak amac\u0131yla d\u00fczenlenen proje i\u00e7in d\u00fczenlenen toplant\u0131daki s\u00f6zleri, ortal\u0131\u011f\u0131 kar\u0131\u015ft\u0131rd\u0131.<\/strong><\/p>\n<p style=\"text-align: justify;\">Anadolu Birli\u011fi Derne\u011fi ile Dokuz Eyl\u00fcl \u00dcniversitesi G\u00fczel Sanatlar Fak\u00fcltesi &#8216;Y\u00fcrek Harman\u0131&#8217; ad\u0131yla haz\u0131rlad\u0131\u011f\u0131 proje i\u00e7in \u0130zmir Ticaret Odas\u0131 (\u0130TO) Sergi Salonu&#8217;nda kokteyl d\u00fczenlendi. Projenin y\u00f6netmenli\u011fini \u00fcstlenen Ali S\u00fcrmeli&#8217;nin sahnedeki, &#8220;Art\u0131k tek vatan tek y\u00fcrek tek bayrak gibi kavramlar\u0131 ge\u00e7elim. \u00c7\u00fcnk\u00fc ben \u00e7o\u011fulculuktan yanay\u0131m. <!--more-->Benim arabam\u0131n plakas\u0131 bile 34 ABD 13. \u0130stanbul da polis beni \u00e7evirip &#8216;Bu ne plaka diye sordu\u011funda&#8217; verdi\u011fim cevap Anadolu Birle\u015fik Devletleri&#8217;nin plakas\u0131 oldu. ABD kurucular\u0131n\u0131n ise 13&#8217;\u00fcnc\u00fc temsilcisiyim. Anadolu Birle\u015fik Devleti kural\u0131m. Biz Osmanl\u0131 torunlar\u0131y\u0131z. Padi\u015fah torunlar\u0131y\u0131z. B\u00fcy\u00fck d\u00fc\u015f\u00fcnmeliyiz. \u015eu Osmanl\u0131n\u0131n torunlar\u0131 biraz daha ufuklara do\u011fru baksa ve biraz daha kucaklay\u0131c\u0131 olsa daha mutlu olurum&#8221; s\u00f6zleri salonda buz gibi hava estirdi. \u0130zmir Ticaret Odas\u0131 Meclis Ba\u015fkan\u0131 Necip Kalkan, Ege B\u00f6lgesi Sanayi Odas\u0131 Y\u00f6netim Kurulu Ba\u015fkan\u0131 Ender Yorganc\u0131lar ile bir\u00e7ok davetli tepki g\u00f6sterip salonu terk ettiler. Olay\u0131n yat\u0131\u015fmas\u0131n\u0131n ard\u0131ndan Ali S\u00fcrmeli yanl\u0131\u015f anla\u015f\u0131ld\u0131\u011f\u0131n\u0131 \u00f6ne s\u00fcrd\u00fc.<\/p>\n<p style=\"text-align: justify;\"><span style=\"color: #888888;\">Kaynak : H\u00fcrriyet Gazetesi<\/span><\/p>\n","protected":false},"excerpt":{"rendered":"<p style=\"text-align: center;\">\n<p style=\"text-align: justify;\">Tan\u0131nm\u0131\u015f tiyatro sanat\u00e7\u0131s\u0131 Ali S\u00fcrmeli&#8217;nin, T\u00fcrkiye&#8217;nin do\u011fu ve bat\u0131s\u0131nda ya\u015fayan gen\u00e7leri kayna\u015ft\u0131rmak amac\u0131yla d\u00fczenlenen proje i\u00e7in d\u00fczenlenen toplant\u0131daki s\u00f6zleri, ortal\u0131\u011f\u0131 kar\u0131\u015ft\u0131rd\u0131.<\/p>\n<p style=\"text-align: justify;\">Anadolu Birli\u011fi Derne\u011fi ile Dokuz Eyl\u00fcl \u00dcniversitesi G\u00fczel Sanatlar Fak\u00fcltesi &#8216;Y\u00fcrek Harman\u0131&#8217; ad\u0131yla haz\u0131rlad\u0131\u011f\u0131 proje i\u00e7in \u0130zmir Ticaret Odas\u0131 (\u0130TO) Sergi Salonu&#8217;nda kokteyl d\u00fczenlendi. Projenin y\u00f6netmenli\u011fini \u00fcstlenen <\/p>\n","protected":false},"author":1,"featured_media":0,"comment_status":"open","ping_status":"closed","sticky":false,"template":"","format":"standard","meta":{"footnotes":""},"categories":[105],"tags":[],"class_list":["post-6239","post","type-post","status-publish","format-standard","hentry","category-gundem","odd"],"_links":{"self":[{"href":"http:\/\/www.korhanyilmaz.com\/index.php?rest_route=\/wp\/v2\/posts\/6239","targetHints":{"allow":["GET"]}}],"collection":[{"href":"http:\/\/www.korhanyilmaz.com\/index.php?rest_route=\/wp\/v2\/posts"}],"about":[{"href":"http:\/\/www.korhanyilmaz.com\/index.php?rest_route=\/wp\/v2\/types\/post"}],"author":[{"embeddable":true,"href":"http:\/\/www.korhanyilmaz.com\/index.php?rest_route=\/wp\/v2\/users\/1"}],"replies":[{"embeddable":true,"href":"http:\/\/www.korhanyilmaz.com\/index.php?rest_route=%2Fwp%2Fv2%2Fcomments&post=6239"}],"version-history":[{"count":0,"href":"http:\/\/www.korhanyilmaz.com\/index.php?rest_route=\/wp\/v2\/posts\/6239\/revisions"}],"wp:attachment":[{"href":"http:\/\/www.korhanyilmaz.com\/index.php?rest_route=%2Fwp%2Fv2%2Fmedia&parent=6239"}],"wp:term":[{"taxonomy":"category","embeddable":true,"href":"http:\/\/www.korhanyilmaz.com\/index.php?rest_route=%2Fwp%2Fv2%2Fcategories&post=6239"},{"taxonomy":"post_tag","embeddable":true,"href":"http:\/\/www.korhanyilmaz.com\/index.php?rest_route=%2Fwp%2Fv2%2Ftags&post=6239"}],"curies":[{"name":"wp","href":"https:\/\/api.w.org\/{rel}","templated":true}]}}