{"id":6234,"date":"2009-03-22T18:01:17","date_gmt":"2009-03-22T16:01:17","guid":{"rendered":"http:\/\/www.korhanyilmaz.com\/?p=6234"},"modified":"2009-03-22T18:01:17","modified_gmt":"2009-03-22T16:01:17","slug":"dtp-ocalani-adres-gosterdi","status":"publish","type":"post","link":"http:\/\/www.korhanyilmaz.com\/?p=6234","title":{"rendered":"DTP \u00d6calan&#039;\u0131 adres g\u00f6sterdi"},"content":{"rendered":"<p style=\"text-align: center;\"><img loading=\"lazy\" decoding=\"async\" class=\"aligncenter size-full wp-image-6235\" title=\"DTP \u00d6calan'\u0131 adres g\u00f6sterdi \" src=\"http:\/\/www.korhanyilmaz.com\/wp-content\/uploads\/2009\/03\/fft5_mf141812.jpeg\" alt=\"DTP \u00d6calan'\u0131 adres g\u00f6sterdi \" width=\"324\" height=\"216\" \/><\/p>\n<p style=\"text-align: center;\">\n<p style=\"text-align: justify;\"><strong>DTP&#8217;nin Mersin&#8217;deki Nevruz Mitingi&#8217;ne yakla\u015f\u0131k 10 bin ki\u015fi kat\u0131ld\u0131. DTP&#8217;li Ayna: K\u00fcrt sorununun \u00e7\u00f6z\u00fcm\u00fcnde muhatap say\u0131n \u00d6calan&#8217;d\u0131r<\/strong>.<\/p>\n<p style=\"text-align: justify;\">DTP Genel Ba\u015fkan Yard\u0131mc\u0131s\u0131 Emine Ayna, &#8220;K\u00fcrtlerin ya\u015fad\u0131\u011f\u0131 sorunun \u00e7\u00f6z\u00fcm\u00fc halk\u0131n ulusal liderleriyle ancak m\u00fcmk\u00fcnd\u00fcr. \u00c7\u00f6z\u00fcm \u00f6nerilerini ortaya koyan \u0130mral\u0131 cezaevindeki say\u0131n \u00d6calan&#8217;d\u0131r. Ulusal sorunlar\u0131n \u00e7\u00f6z\u00fcmleri o uluslar\u0131n m\u00fccadele eden liderleri ile m\u00fcmk\u00fcnd\u00fcr. Bu y\u00fczden T\u00fcrkiye, K\u00fcrt sorununun \u00e7\u00f6z\u00fcm\u00fcn\u00fc, muhatab\u0131yla, 30 y\u0131ld\u0131r bunun m\u00fccadelesini veren muhatab\u0131yla \u00e7\u00f6zmelidir&#8221; dedi. <!--more--><\/p>\n<p style=\"text-align: justify;\">DTP&#8217;nin Mersin&#8217;de d\u00fczenledi\u011fi Nevruz Mitingi, b\u00f6l\u00fcc\u00fcba\u015f\u0131n\u0131n posterlerinin ve ter\u00f6r \u00f6rg\u00fct\u00fc PKK flamalar\u0131n\u0131n a\u00e7\u0131l\u0131p, ter\u00f6r \u00f6rg\u00fct\u00fcn\u00fc ve eleba\u015f\u0131n\u0131 \u00f6ven, yasad\u0131\u015f\u0131 sloganlar\u0131n at\u0131ld\u0131\u011f\u0131 eyleme de d\u00f6n\u00fc\u015ft\u00fc. Metropol Miting Alan\u0131&#8217;ndaki nevruz kutlamalar\u0131na DTP Genel Ba\u015fkan Yard\u0131mc\u0131s\u0131 Emine Ayna, Siirt Milletvekili Osman \u00d6z\u00e7elik ile birlikte yakla\u015f\u0131k 10 bin ki\u015fi kat\u0131ld\u0131. M\u00fczik e\u015fli\u011finde halaylar\u0131n \u00e7ekildi\u011fi mitingde, 5- 10 ya\u015flar\u0131ndaki \u00e7ocuklardan olu\u015fan koro K\u00fcrt\u00e7e t\u00fcrk\u00fcler seslendirdi. Mitingde \u00e7ocuklar\u0131n \u00f6n saflarda yer almas\u0131, baz\u0131lar\u0131 ezilme tehlikesi ge\u00e7iren \u00e7ocuklardan kiminin da\u011flarda ter\u00f6ristlerin giydi\u011fi k\u0131yafetlerin benzeri giysiler olmas\u0131 dikkat \u00e7ekti.<\/p>\n<p style=\"text-align: justify;\">S\u0131k s\u0131k &#8216;Biji Serok Apo&#8217; slogan\u0131n\u0131n at\u0131ld\u0131\u011f\u0131 mitingde DTP Genel Ba\u015fkan Yard\u0131mc\u0131s\u0131 Emine Ayna ile Milletvekili \u00d6z\u00e7elik, nevruz ate\u015fi yak\u0131p, havaya g\u00fcvercinler u\u00e7urdu. Mitingde konu\u015fan Emine Ayna, nevruzun bar\u0131\u015f ve karde\u015flik g\u00fcn\u00fc oldu\u011funu bildirip, herkesin nevruz bayram\u0131n\u0131 kutlad\u0131. T\u00fcrkiye&#8217;de K\u00fcrt sorunu bulundu\u011funu, bunun da b\u00f6l\u00fcc\u00fcba\u015f\u0131 olmadan \u00e7\u00f6z\u00fcmlenemeyece\u011fini \u00f6ne s\u00fcren Ayna, \u015funlar\u0131 s\u00f6yledi:<\/p>\n<p style=\"text-align: justify;\">&#8220;Bug\u00fcn K\u00fcrt\u00e7e televizyon kanal\u0131ndan s\u00f6z edilebiliyorsa, bug\u00fcn e\u011fer K\u00fcrtlere &#8216;\u015eark\u0131n\u0131z\u0131 t\u00fcrk\u00fcn\u00fcz\u00fc s\u00f6yleyin&#8217; denilebiliyorsa, bug\u00fcn e\u011fer K\u00fcrtler y\u0131llard\u0131r s\u00fcren m\u00fccadeleleriyle meydanlar\u0131 doldurabiliyorsa, K\u00fcrt \u00f6zg\u00fcrl\u00fck hareketinin verdi\u011fi m\u00fccadele sonucundad\u0131r. Da\u011fa \u00e7\u0131kan gen\u00e7lerimizin verdi\u011fi m\u00fccadele sonucundad\u0131r. Bu y\u00fczden K\u00fcrtlerin ya\u015fad\u0131\u011f\u0131 ulusal sorunun \u00e7\u00f6z\u00fcm\u00fc halk\u0131n ulusal liderleriyle ancak m\u00fcmk\u00fcnd\u00fcr. K\u00fcrt sorunun \u00e7\u00f6z\u00fcm\u00fc i\u00e7in bir \u00e7ok \u00e7\u00f6z\u00fcm \u00f6nerisi ortadad\u0131r. T\u00fcrkiye&#8217;nin yap\u0131s\u0131 bozulmadan ancak K\u00fcrt halk\u0131n\u0131n kendi kendini y\u00f6netebilme yetkisini tan\u0131yarak demokratik \u00f6zel K\u00fcrdistan, demokratik \u00f6zel b\u00f6lgeler halinde \u00e7\u00f6z\u00fcm \u00f6nerileri mevcuttur. Bu \u00e7\u00f6z\u00fcm \u00f6nerilerini ortaya koyan \u0130mral\u0131 cezaevindeki say\u0131n \u00d6calan&#8217;d\u0131r.Ulusal sorunlar\u0131n \u00e7\u00f6z\u00fcmleri o uluslar\u0131n m\u00fccadele eden liderleri ile m\u00fcmk\u00fcnd\u00fcr. Bu y\u00fczden bug\u00fcn T\u00fcrkiye K\u00fcrt sorununun siyasal \u00e7\u00f6z\u00fcm\u00fcn\u00fc ulusal \u00e7\u00f6z\u00fcm\u00fcn\u00fc muhatab\u0131yla, 30 y\u0131ld\u0131r bunun m\u00fccadelesini veren muhatab\u0131yla \u00e7\u00f6zmelidir. Say\u0131n \u00d6calan ile birlikte K\u00fcrt halk\u0131n\u0131n \u00f6zg\u00fcrle\u015fmesini \u00f6n\u00fcne koymal\u0131d\u0131r. Bug\u00fcn siz e\u011fer \u015fu g\u00f6rd\u00fc\u011f\u00fcm\u00fcz bayra\u011fa T\u00fcrkiye bayra\u011f\u0131 de\u011fil de T\u00fcrk bayra\u011f\u0131 diyorsan\u0131z, bug\u00fcn siz burada g\u00f6rd\u00fc\u011f\u00fcn\u00fcz herkesi Anayasam\u0131zda &#8216;T\u00fcrk&#8221; diye tan\u0131ml\u0131yorsan\u0131z etnik siyaset yap\u0131yorsunuz, K\u00fcrt halk\u0131n\u0131 inkar ediyorsunuz demektir. Bizim yapt\u0131\u011f\u0131m\u0131z T\u00fcrkiye&#8217;de ya\u015fayan di\u011fer halklar\u0131n di\u011fer farkl\u0131l\u0131klar\u0131n da T\u00fcrk halk\u0131n\u0131n sahip oldu\u011fu t\u00fcm kimlikten ve ulusal haklara sahip olmas\u0131 gerekti\u011fini s\u00f6ylemektir.&#8221;<\/p>\n<p style=\"text-align: justify;\">Rojda&#8217;n\u0131n ve baz\u0131 \u015fark\u0131c\u0131lar\u0131n da konser verdi\u011fi miting, olays\u0131z sona erdi.<\/p>\n<p style=\"text-align: justify;\"><span style=\"color: #888888;\">DHA<\/span><\/p>\n<p style=\"text-align: justify;\">\n","protected":false},"excerpt":{"rendered":"<p style=\"text-align: center;\">\n<p style=\"text-align: center;\">\n<p style=\"text-align: justify;\">DTP&#8217;nin Mersin&#8217;deki Nevruz Mitingi&#8217;ne yakla\u015f\u0131k 10 bin ki\u015fi kat\u0131ld\u0131. DTP&#8217;li Ayna: K\u00fcrt sorununun \u00e7\u00f6z\u00fcm\u00fcnde muhatap say\u0131n \u00d6calan&#8217;d\u0131r.<\/p>\n<p style=\"text-align: justify;\">DTP Genel Ba\u015fkan Yard\u0131mc\u0131s\u0131 Emine Ayna, &#8220;K\u00fcrtlerin ya\u015fad\u0131\u011f\u0131 sorunun \u00e7\u00f6z\u00fcm\u00fc halk\u0131n ulusal liderleriyle ancak m\u00fcmk\u00fcnd\u00fcr. \u00c7\u00f6z\u00fcm \u00f6nerilerini ortaya koyan \u0130mral\u0131 cezaevindeki say\u0131n \u00d6calan&#8217;d\u0131r. Ulusal sorunlar\u0131n \u00e7\u00f6z\u00fcmleri o uluslar\u0131n <\/p>\n","protected":false},"author":1,"featured_media":0,"comment_status":"open","ping_status":"closed","sticky":false,"template":"","format":"standard","meta":{"footnotes":""},"categories":[105],"tags":[],"class_list":["post-6234","post","type-post","status-publish","format-standard","hentry","category-gundem","odd"],"_links":{"self":[{"href":"http:\/\/www.korhanyilmaz.com\/index.php?rest_route=\/wp\/v2\/posts\/6234","targetHints":{"allow":["GET"]}}],"collection":[{"href":"http:\/\/www.korhanyilmaz.com\/index.php?rest_route=\/wp\/v2\/posts"}],"about":[{"href":"http:\/\/www.korhanyilmaz.com\/index.php?rest_route=\/wp\/v2\/types\/post"}],"author":[{"embeddable":true,"href":"http:\/\/www.korhanyilmaz.com\/index.php?rest_route=\/wp\/v2\/users\/1"}],"replies":[{"embeddable":true,"href":"http:\/\/www.korhanyilmaz.com\/index.php?rest_route=%2Fwp%2Fv2%2Fcomments&post=6234"}],"version-history":[{"count":0,"href":"http:\/\/www.korhanyilmaz.com\/index.php?rest_route=\/wp\/v2\/posts\/6234\/revisions"}],"wp:attachment":[{"href":"http:\/\/www.korhanyilmaz.com\/index.php?rest_route=%2Fwp%2Fv2%2Fmedia&parent=6234"}],"wp:term":[{"taxonomy":"category","embeddable":true,"href":"http:\/\/www.korhanyilmaz.com\/index.php?rest_route=%2Fwp%2Fv2%2Fcategories&post=6234"},{"taxonomy":"post_tag","embeddable":true,"href":"http:\/\/www.korhanyilmaz.com\/index.php?rest_route=%2Fwp%2Fv2%2Ftags&post=6234"}],"curies":[{"name":"wp","href":"https:\/\/api.w.org\/{rel}","templated":true}]}}