{"id":6229,"date":"2009-03-06T12:08:33","date_gmt":"2009-03-06T10:08:33","guid":{"rendered":"http:\/\/www.korhanyilmaz.com\/?p=6229"},"modified":"2009-03-06T12:08:33","modified_gmt":"2009-03-06T10:08:33","slug":"bu-sinsi-hastaliga-dikkat","status":"publish","type":"post","link":"http:\/\/www.korhanyilmaz.com\/?p=6229","title":{"rendered":"Bu sinsi hastal\u0131\u011fa dikkat!"},"content":{"rendered":"<p><img loading=\"lazy\" decoding=\"async\" class=\"aligncenter size-full wp-image-6230\" title=\"Bu sinsi hastal\u0131\u011fa dikkat! \" src=\"http:\/\/www.korhanyilmaz.com\/wp-content\/uploads\/2009\/03\/060320091212009273633.jpg\" alt=\"Bu sinsi hastal\u0131\u011fa dikkat! \" width=\"193\" height=\"102\" \/><\/p>\n<p style=\"text-align: justify;\"><strong>Hastal\u0131k ilerledi\u011fi zaman da \u00e7ok ge\u00e7 kal\u0131nm\u0131\u015f olur!<\/strong><\/p>\n<p style=\"text-align: justify;\">G\u00f6z hastal\u0131klar\u0131 uzman\u0131 Do\u00e7.Dr. \u00d6zlem Evren, glokom hastal\u0131\u011f\u0131nda erken tan\u0131n\u0131n \u00f6nemine i\u015faret ederek &#8220;Hastalar ba\u015flarda g\u00f6rme duyular\u0131nda bir kay\u0131p hissetmedikleri i\u00e7in hastal\u0131\u011f\u0131 fark etmez. \u00c7\u00fcnk\u00fc \u00f6nce \u00e7evredeki g\u00f6rme alan\u0131 daral\u0131r, g\u00f6rme keskinli\u011fi zamanla azal\u0131r. Hastal\u0131k ilerledi\u011fi zaman da \u00e7ok ge\u00e7 kal\u0131nm\u0131\u015f olur&#8221; dedi.<\/p>\n<p style=\"text-align: justify;\">Ankara Numune E\u011fitim ve Ara\u015ft\u0131rma Hastanesi g\u00f6z hastal\u0131klar\u0131 uzman\u0131 Evren, D\u00fcnya Glokom G\u00fcn\u00fc nedeniyle yapt\u0131\u011f\u0131 a\u00e7\u0131klamada, glokomun, g\u00f6z i\u00e7i bas\u0131nca ba\u011fl\u0131 olarak geli\u015fen, g\u00f6rme sinirinin hasar\u0131 ve g\u00f6rme h\u00fccrelerinin kayb\u0131yla sonu\u00e7lanan bir hastal\u0131k oldu\u011funu bildirdi. Halk aras\u0131nda &#8220;g\u00f6z tansiyonu&#8221; olarak bilinen glokomun geriye d\u00f6n\u00fc\u015f\u00fcm\u00fcolmayan k\u00f6rl\u00fck nedenleri aras\u0131nda 2. s\u0131rada yer ald\u0131\u011f\u0131n\u0131 belirten Evren, hi\u00e7birbelirti vermeden ilerledi\u011fi i\u00e7in &#8220;sinsi&#8221; bir hastal\u0131k oldu\u011funa dikkati \u00e7ekti. <!--more--><\/p>\n<p style=\"text-align: justify;\">Evren, hastalar\u0131n ba\u015flarda g\u00f6rme duyular\u0131nda bir kay\u0131p hissetmedikleri i\u00e7in hastal\u0131\u011f\u0131 fark etmediklerini, \u00f6nce \u00e7evredeki g\u00f6rme alan\u0131n\u0131n darald\u0131\u011f\u0131n\u0131 ve g\u00f6rme keskinli\u011finin zamanla azald\u0131\u011f\u0131n\u0131 anlatarak, hastal\u0131k ilerledi\u011fi zaman da ge\u00e7 kal\u0131nd\u0131\u011f\u0131n\u0131 s\u00f6yledi. Glokomlu hastalarda g\u00f6rme kayb\u0131 meydana geldikten sonra bunun telafi edilemedi\u011fini, ancak tan\u0131 konulduktan sonra ilerleyi\u015fin durdurulabildi\u011fini belirten Evren, hastal\u0131\u011f\u0131n yeni do\u011fan bebeklerden ileri ya\u015flardaki ki\u015filere kadar herkeste g\u00f6r\u00fclebildi\u011fini kaydetti. Evren, risk alt\u0131ndaki ki\u015filerle ilgili \u015fu bilgileri verdi:<\/p>\n<p style=\"text-align: justify;\">&#8220;Ya\u015f, glokoma yakalanma a\u00e7\u0131s\u0131ndan \u00f6nemli bir risk fakt\u00f6r\u00fcd\u00fcr. 40ya\u015f\u0131ndan sonra g\u00f6z i\u00e7i bas\u0131nc\u0131 normal seviyenin \u00fczerine \u00e7\u0131kmaya ba\u015flar. G\u00f6z i\u00e7i bas\u0131nc\u0131 y\u00fcksek olanlarda 5-10 y\u0131l i\u00e7inde glokom geli\u015fme riski artar. Bu risk 60-65 ya\u015f aras\u0131ndakilerde 6 kat fazlad\u0131r. 70-75 ya\u015f aras\u0131ndakilerde ise her 6 ki\u015fiden birinde g\u00f6r\u00fcl\u00fcr. Ailede glokom \u00f6yk\u00fcs\u00fc varsa, glokoma yakalanma riski b\u00fcy\u00fckt\u00fcr. Ailesinde glokom hastas\u0131 olanlarda risk 4-9 kat y\u00fcksektir. \u015eeker, y\u00fcksek tansiyon, kalp, migren, guatr hastalar\u0131, ast\u0131m, alerjik rinit, romatizmal hastal\u0131klar nedeniyle kortizon kullananlarla organ nakli, y\u00fcksek miyop ve hipermetrobu olanlar ve g\u00f6z travmas\u0131 ge\u00e7irenler de risk alt\u0131ndad\u0131r. Bu t\u00fcr hastal\u0131\u011f\u0131 bulunanlar g\u00f6z hekimine gittiklerinde bu durumlar\u0131n\u0131 anlatmal\u0131d\u0131rlar.&#8221;<\/p>\n<p style=\"text-align: justify;\"><strong>G\u00d6Z TANS\u0130YONU KONTROL\u00dc ERKEN TE\u015eH\u0130SE YARDIMCI<\/strong><\/p>\n<p style=\"text-align: justify;\">Risk grubundakilerin belirli aral\u0131klarla kontrolden ge\u00e7melerinin hastal\u0131\u011f\u0131n erken evrede yakalanmas\u0131n\u0131 sa\u011flayaca\u011f\u0131n\u0131 anlatan Evren, &#8220;40 ya\u015f \u00fczerindekilerde yak\u0131n g\u00f6zl\u00fck ihtiyac\u0131 ortaya \u00e7\u0131k\u0131yor. Bu ki\u015filer bir g\u00f6zdoktoruna ba\u015fvurduklar\u0131nda g\u00f6z i\u00e7i tansiyonuna bak\u0131l\u0131rsa, hastal\u0131\u011f\u0131n erken te\u015fhisi m\u00fcmk\u00fcn olabilir&#8221; dedi. Hastalarda ila\u00e7 ve damla tedavisi uyguland\u0131\u011f\u0131n\u0131, bunlar\u0131n ya\u015fam boyu kullan\u0131lmas\u0131n\u0131n b\u00fcy\u00fck \u00f6nem ta\u015f\u0131d\u0131\u011f\u0131n\u0131 bildiren Evren, &#8220;Hastalar bir s\u00fcre sonrafaydas\u0131 olmad\u0131\u011f\u0131 kan\u0131s\u0131na kap\u0131l\u0131p ila\u00e7lar\u0131n\u0131 b\u0131rak\u0131yor. Oysa bu ila\u00e7lar hastal\u0131\u011f\u0131n geriye d\u00f6n\u00fc\u015f\u00fcm\u00fcn\u00fc sa\u011flam\u0131yor, ilerlemesini durduruyor. Bu nedenle mutlaka doktor gerekli g\u00f6rd\u00fc\u011f\u00fc s\u00fcrece ila\u00e7lar\u0131n\u0131 kullanmalar\u0131 gerekir&#8221; uyar\u0131s\u0131n\u0131 dile getirdi. Evren, yan etkisinden kurtulmak i\u00e7in hastalar\u0131n damla uygulamas\u0131ndan sonra g\u00f6z p\u0131narlar\u0131n\u0131 1-2 dakika bast\u0131rmalar\u0131n\u0131n faydas\u0131 olaca\u011f\u0131n\u0131 s\u00f6yledi. Erken te\u015fhis ve ila\u00e7lar\u0131n d\u00fczenli kullan\u0131lmas\u0131 halinde glokomdan korkmaki\u00e7in hi\u00e7 bir neden bulanmad\u0131\u011f\u0131n\u0131 vurgulayan Evren, ila\u00e7 tedavisinden yan\u0131t al\u0131nmad\u0131\u011f\u0131nda cerrahi m\u00fcdahaleye ba\u015fvuruldu\u011funu s\u00f6yledi. Evren, cerrahi m\u00fcdahaleden sonra 5-10 y\u0131l s\u00fcreyle g\u00f6z i\u00e7i bas\u0131nc\u0131n\u0131n normal seviyede tutulabildi\u011fini anlatt\u0131. G\u00f6rme kusurlar\u0131n\u0131n giderilmesine y\u00f6nelik lazer tedavisi g\u00f6renlerinkornealar\u0131n\u0131n incelmesinden dolay\u0131 g\u00f6z tansiyonlar\u0131n\u0131n d\u00fc\u015f\u00fck \u00e7\u0131kabildi\u011fini belirten Evren, bu ki\u015filerin ileri ya\u015flardaki g\u00f6z muayenelerinde bu durumu hekimlerine bildirmelerinin faydal\u0131 olaca\u011f\u0131n\u0131 s\u00f6yledi.<\/p>\n<p style=\"text-align: justify;\"><strong>\u00c7OCUKLARDA G\u00d6Z TANS\u0130YONU<\/strong><\/p>\n<p style=\"text-align: justify;\">G\u00f6z tansiyonunun bebeklerde de g\u00f6r\u00fclebildi\u011fini ifade eden Evren normalden b\u00fcy\u00fck g\u00f6ze sahip, sulanma ve \u0131\u015f\u0131\u011fa bakamama sorunlar\u0131 olan bebeklerde g\u00f6z tansiyonundan \u015f\u00fcphelenilmesi gerekti\u011fini bildirdi. Evren, bu gibi rahats\u0131zl\u0131klar\u0131n cerrahi m\u00fcdahale gerektirdi\u011fini kaydederek, g\u00f6z tansiyonu olan ileri ya\u015flardaki \u00e7ocuklarda ise te\u015fhisin daha zoroldu\u011funu s\u00f6yledi. Evren, &#8220;Ailede herhangi bir \u00e7ocukta g\u00f6z tansiyonu varsa, di\u011fer\u00e7ocuklar i\u00e7in de ayn\u0131 risk s\u00f6z konusu olabilir. Bu nedenle b\u00f6yle aileler\u00e7ocuklar\u0131n\u0131 kontrol ettirmelidir&#8221; dedi.<\/p>\n<p style=\"text-align: justify;\"><span style=\"color: #888888;\">Kaynak : Vatan Gazetesi<\/span><\/p>\n","protected":false},"excerpt":{"rendered":"<\/p>\n<p style=\"text-align: justify;\">Hastal\u0131k ilerledi\u011fi zaman da \u00e7ok ge\u00e7 kal\u0131nm\u0131\u015f olur!<\/p>\n<p style=\"text-align: justify;\">G\u00f6z hastal\u0131klar\u0131 uzman\u0131 Do\u00e7.Dr. \u00d6zlem Evren, glokom hastal\u0131\u011f\u0131nda erken tan\u0131n\u0131n \u00f6nemine i\u015faret ederek &#8220;Hastalar ba\u015flarda g\u00f6rme duyular\u0131nda bir kay\u0131p hissetmedikleri i\u00e7in hastal\u0131\u011f\u0131 fark etmez. \u00c7\u00fcnk\u00fc \u00f6nce \u00e7evredeki g\u00f6rme alan\u0131 daral\u0131r, g\u00f6rme keskinli\u011fi zamanla azal\u0131r. Hastal\u0131k ilerledi\u011fi zaman da \u00e7ok ge\u00e7 kal\u0131nm\u0131\u015f olur&#8221; <\/p>\n","protected":false},"author":1,"featured_media":0,"comment_status":"open","ping_status":"closed","sticky":false,"template":"","format":"standard","meta":{"footnotes":""},"categories":[5],"tags":[],"class_list":["post-6229","post","type-post","status-publish","format-standard","hentry","category-saglik","odd"],"_links":{"self":[{"href":"http:\/\/www.korhanyilmaz.com\/index.php?rest_route=\/wp\/v2\/posts\/6229","targetHints":{"allow":["GET"]}}],"collection":[{"href":"http:\/\/www.korhanyilmaz.com\/index.php?rest_route=\/wp\/v2\/posts"}],"about":[{"href":"http:\/\/www.korhanyilmaz.com\/index.php?rest_route=\/wp\/v2\/types\/post"}],"author":[{"embeddable":true,"href":"http:\/\/www.korhanyilmaz.com\/index.php?rest_route=\/wp\/v2\/users\/1"}],"replies":[{"embeddable":true,"href":"http:\/\/www.korhanyilmaz.com\/index.php?rest_route=%2Fwp%2Fv2%2Fcomments&post=6229"}],"version-history":[{"count":0,"href":"http:\/\/www.korhanyilmaz.com\/index.php?rest_route=\/wp\/v2\/posts\/6229\/revisions"}],"wp:attachment":[{"href":"http:\/\/www.korhanyilmaz.com\/index.php?rest_route=%2Fwp%2Fv2%2Fmedia&parent=6229"}],"wp:term":[{"taxonomy":"category","embeddable":true,"href":"http:\/\/www.korhanyilmaz.com\/index.php?rest_route=%2Fwp%2Fv2%2Fcategories&post=6229"},{"taxonomy":"post_tag","embeddable":true,"href":"http:\/\/www.korhanyilmaz.com\/index.php?rest_route=%2Fwp%2Fv2%2Ftags&post=6229"}],"curies":[{"name":"wp","href":"https:\/\/api.w.org\/{rel}","templated":true}]}}