{"id":6221,"date":"2009-03-16T13:38:36","date_gmt":"2009-03-16T11:38:36","guid":{"rendered":"http:\/\/www.korhanyilmaz.com\/?p=6221"},"modified":"2009-03-16T13:38:36","modified_gmt":"2009-03-16T11:38:36","slug":"cocugunuzun-dogum-tarihine-dikkat","status":"publish","type":"post","link":"http:\/\/www.korhanyilmaz.com\/?p=6221","title":{"rendered":"\u00c7ocu\u011funuzun do\u011fum tarihine dikkat!"},"content":{"rendered":"<p><img loading=\"lazy\" decoding=\"async\" class=\"aligncenter size-full wp-image-6222\" title=\"\u00c7ocu\u011funuzun do\u011fum tarihine dikkat! \" src=\"http:\/\/www.korhanyilmaz.com\/wp-content\/uploads\/2009\/03\/160320091352192786329_2.jpg\" alt=\"\u00c7ocu\u011funuzun do\u011fum tarihine dikkat! \" width=\"198\" height=\"102\" \/><\/p>\n<p style=\"text-align: justify;\"><strong>Do\u011fum \u015fekli de \u00e7ok \u00f6nemli tabii&#8230; Neden mi? <\/strong><\/p>\n<p style=\"text-align: justify;\">Uz. Dr. \u0130lkay Keskinel &#8221; \u00c7ocuklar\u0131n do\u011fum tarihi ve \u015feklinin alerjik hastal\u0131klarla ili\u015fkisi&#8221; hakk\u0131nda bilgi verdi.<\/p>\n<p style=\"text-align: justify;\"><strong>A\u015eIRI H\u0130JYEN\u0130K ORTAMDA B\u00dcY\u00dcYEN \u00c7OCUK DAHA \u00c7ABUK HASTA OLUYOR<\/strong><br \/>\nDo\u011fumdan itibaren maruz kal\u0131nan alerjenler, e\u011fer \u00e7ocukta alerjik bir genetik alt yap\u0131 varsa, ileri ya\u015flarda nelere kar\u015f\u0131 alerji geli\u015fece\u011fini belirler. \u00d6rne\u011fin rutubetli bir evde \u00e7ok yo\u011fun k\u00fcf mantar\u0131na maruz kalan ve alerjik aileden gelen bir bebe\u011fin, ilerleyen zamanda k\u00fcf alerjisi geli\u015ftirmesi beklenebilir. &#8220;Ne kadar koruyabiliriz ki, b\u0131rakal\u0131m \u00e7ocuklar bu maddelere al\u0131\u015fs\u0131n&#8221; yakla\u015f\u0131m\u0131, ne yaz\u0131k ki alerjenler i\u00e7in ge\u00e7erli de\u011fildir. Baz\u0131 solunum yolu vir\u00fcs enfeksiyonlar\u0131 d\u0131\u015f\u0131nda kalan enfeksiyonlara erken ya\u015flarda maruziyetin ise tam tersine alerji a\u00e7\u0131s\u0131ndan koruyucu olabilece\u011fi d\u00fc\u015f\u00fcn\u00fclmektedir. Son y\u0131llarda ge\u00e7erli olan bu g\u00f6r\u00fc\u015fe, &#8220;hijyen hipotezi&#8221; ad\u0131 verilmektedir. Buna g\u00f6re, mikroptan fazlas\u0131yla ar\u0131nd\u0131r\u0131lm\u0131\u015f, a\u015f\u0131r\u0131 hijyenik ortamlarda b\u00fcy\u00fcyen \u00e7ocuklarda alerji ve ast\u0131m riski artabilmektedir.<!--more--><\/p>\n<p style=\"text-align: justify;\"><strong>BEBEKLER\u0130N ALLERJ\u0130K HASTALIKLARA YAKALANMA R\u0130SK\u0130 DO\u011eUM AYINA G\u00d6RE DE\u011e\u0130\u015e\u0130YOR<\/strong><br \/>\nAlerjenlere s\u00fcrekli maruz kalman\u0131n ki\u015finin o maddelere kar\u015f\u0131 duyarl\u0131 olmas\u0131na neden oldu\u011fu ger\u00e7e\u011fine dayanarak yap\u0131lan \u00e7al\u0131\u015fmalarda, do\u011fum tarihinin alerjik hastal\u0131klarla ili\u015fkili olabilece\u011fi g\u00f6sterilmi\u015ftir. Buna neden, bebeklerin do\u011fduklara aylara g\u00f6re kar\u015f\u0131la\u015ft\u0131klar\u0131 alerjen cinslerinin farkl\u0131 olmas\u0131d\u0131r.<\/p>\n<p style=\"text-align: justify;\"><strong>SAMAN NEZLES\u0130 \u0130LKBAHAR \u00c7OCUKLARINDA, POLEN ALERJ\u0130S\u0130 MART-N\u0130SAN DO\u011eUMLULARDA DAHA SIK G\u00d6R\u00dcL\u00dcYOR<\/strong><br \/>\nMevsimsel polenlerin en yo\u011fun oldu\u011fu ve daha \u00e7ok a\u00e7\u0131k havada zaman ge\u00e7irdi\u011fimiz ilkbahar ve yaz aylar\u0131nda do\u011fanlar\u0131n, mevsimsel alerjik rinit (saman nezlesi) a\u00e7\u0131s\u0131ndan daha b\u00fcy\u00fck risk alt\u0131nda olduklar\u0131 bilinmektedir. \u00d6rne\u011fin, Mart ve Nisan aylar\u0131nda do\u011fanlarda hu\u015f polenine ba\u011fl\u0131 olarak hu\u015f a\u011fac\u0131 alerjisi riski daha fazlad\u0131r. Polenler, her ne kadar bitkinin cinsine g\u00f6re, \u015eubat ay\u0131ndan Kas\u0131m sonuna kadar yay\u0131labilse de, saman nezlesi olanlarda, daha \u00e7ok ilkbaharda yak\u0131nmalara neden olurlar.\n<\/p>\n<p style=\"text-align: justify;\">Sonbahar aylar\u0131nda do\u011fanlarda ise, ev tozu akar\u0131 alerjisi daha s\u0131kt\u0131r. Buna neden olarak, i\u00e7 ortamda daha uzun s\u00fcre kal\u0131nmas\u0131 g\u00f6sterilebilir. Ek olarak, nemli sonbahar g\u00fcnleri, akarlar\u0131n \u00fcremesi i\u00e7in zemin haz\u0131rlamaktad\u0131r. &#8220;Ev tozu&#8221; ile kast edilen, evlerde g\u00f6rd\u00fc\u011f\u00fcm\u00fcz &#8220;toz&#8221; de\u011fil, \u00e7\u0131plak g\u00f6zle g\u00f6r\u00fclemeyen \u00e7ok k\u00fc\u00e7\u00fck canl\u0131lard\u0131r. Bu canl\u0131lar\u0131n d\u0131\u015fk\u0131lar\u0131 alerjiye sebep olmaktad\u0131r.<\/p>\n<p style=\"text-align: justify;\">Yine, i\u00e7 ortamda \u00e7ok\u00e7a vakit ge\u00e7irilen Eyl\u00fcl ve \u015eubat aylar\u0131 aras\u0131nda do\u011fan bebeklerin yaz ve bahar aylar\u0131nda do\u011fan bebeklere g\u00f6re besinlere ve hayvan t\u00fcylerine kar\u015f\u0131 alerji geli\u015ftirme olas\u0131l\u0131\u011f\u0131 daha fazlad\u0131r. Ayr\u0131ca, yaz aylar\u0131nda ve sonbaharda do\u011fan bebeklerin ast\u0131ma yakalanma riski daha y\u00fcksek bulunmu\u015ftur.<\/p>\n<p style=\"text-align: justify;\"><strong>SEZARYENLE D\u00dcNYAYA GELEN BEBEKLERDE ASTIM R\u0130SK\u0130 DAHA FAZLA<\/strong><br \/>\nBunlar\u0131n d\u0131\u015f\u0131nda, sezaryenle do\u011fan bebeklerin de normal yolla do\u011fan bebeklere g\u00f6re ileriki ya\u015flarda ast\u0131m geli\u015ftirme riski artmaktad\u0131r. Normal do\u011fum s\u0131ras\u0131nda, annenin do\u011fum kanal\u0131ndan ge\u00e7en bebek, ba\u011f\u0131rsaklar\u0131na yerle\u015fecek faydal\u0131 mikroplarla tan\u0131\u015fmaktad\u0131r. Bu mikroplar, yeni do\u011fan bebe\u011fin ba\u011f\u0131\u015f\u0131kl\u0131k sistemini sa\u011fl\u0131kl\u0131 bir bi\u00e7imde uyarmaktad\u0131r. Oysa sezaryenle do\u011fan bebeklerde, bu faydal\u0131 mikroplar yerine ciltte ya\u015fayan mikroplara vb. maruziyet, ba\u011f\u0131\u015f\u0131kl\u0131k sisteminin bu ilk geli\u015fim noktas\u0131nda bir sapmaya neden olmaktad\u0131r.<\/p>\n<p style=\"text-align: justify;\"><strong>S\u0130GARA DUMANI \u00c7OCUK SA\u011eLI\u011eININ BA\u015e D\u00dc\u015eMANI<\/strong><br \/>\nSonu\u00e7 olarak belirtmek isteriz ki, alerjik hastal\u0131klardan korunmak i\u00e7in bebe\u011fin do\u011fum tarihinin ya da do\u011fum \u015feklinin saptanmas\u0131n\u0131n yan\u0131 s\u0131ra \u00f6nemli olan bir di\u011fer nokta da, do\u011fum \u00f6ncesi ve sonras\u0131 d\u00f6nemde sigara duman\u0131na maruz kal\u0131nmamas\u0131d\u0131r. Bebekliklerinde sigara duman\u0131na maruz kalan \u00e7ocuklar\u0131n ilerleyen ya\u015flarda, \u00e7ok daha s\u0131kl\u0131kla alerjik hastal\u0131klara ve ast\u0131ma yakalanabildikleri g\u00f6sterilmi\u015ftir. Ast\u0131m\u0131n da, di\u011fer alerjik hastal\u0131klar\u0131n da birden fazla fakt\u00f6r\u00fcn etkisiyle (genetik, \u00e7evre ko\u015fullar\u0131 vb) geli\u015fti\u011fi unutulmamal\u0131d\u0131r.\n<\/p>\n<p style=\"text-align: justify;\"><span style=\"color: #888888;\">Kaynak : Vatan Gazetesi<\/span><\/p>\n","protected":false},"excerpt":{"rendered":"<\/p>\n<p style=\"text-align: justify;\">Do\u011fum \u015fekli de \u00e7ok \u00f6nemli tabii&#8230; Neden mi? <\/p>\n<p style=\"text-align: justify;\">Uz. Dr. \u0130lkay Keskinel &#8221; \u00c7ocuklar\u0131n do\u011fum tarihi ve \u015feklinin alerjik hastal\u0131klarla ili\u015fkisi&#8221; hakk\u0131nda bilgi verdi.<\/p>\n<p style=\"text-align: justify;\">A\u015eIRI H\u0130JYEN\u0130K ORTAMDA B\u00dcY\u00dcYEN \u00c7OCUK DAHA \u00c7ABUK HASTA OLUYOR Do\u011fumdan itibaren maruz kal\u0131nan alerjenler, e\u011fer \u00e7ocukta alerjik bir genetik alt yap\u0131 varsa, ileri <\/p>\n","protected":false},"author":1,"featured_media":0,"comment_status":"open","ping_status":"closed","sticky":false,"template":"","format":"standard","meta":{"footnotes":""},"categories":[5],"tags":[],"class_list":["post-6221","post","type-post","status-publish","format-standard","hentry","category-saglik","odd"],"_links":{"self":[{"href":"http:\/\/www.korhanyilmaz.com\/index.php?rest_route=\/wp\/v2\/posts\/6221","targetHints":{"allow":["GET"]}}],"collection":[{"href":"http:\/\/www.korhanyilmaz.com\/index.php?rest_route=\/wp\/v2\/posts"}],"about":[{"href":"http:\/\/www.korhanyilmaz.com\/index.php?rest_route=\/wp\/v2\/types\/post"}],"author":[{"embeddable":true,"href":"http:\/\/www.korhanyilmaz.com\/index.php?rest_route=\/wp\/v2\/users\/1"}],"replies":[{"embeddable":true,"href":"http:\/\/www.korhanyilmaz.com\/index.php?rest_route=%2Fwp%2Fv2%2Fcomments&post=6221"}],"version-history":[{"count":0,"href":"http:\/\/www.korhanyilmaz.com\/index.php?rest_route=\/wp\/v2\/posts\/6221\/revisions"}],"wp:attachment":[{"href":"http:\/\/www.korhanyilmaz.com\/index.php?rest_route=%2Fwp%2Fv2%2Fmedia&parent=6221"}],"wp:term":[{"taxonomy":"category","embeddable":true,"href":"http:\/\/www.korhanyilmaz.com\/index.php?rest_route=%2Fwp%2Fv2%2Fcategories&post=6221"},{"taxonomy":"post_tag","embeddable":true,"href":"http:\/\/www.korhanyilmaz.com\/index.php?rest_route=%2Fwp%2Fv2%2Ftags&post=6221"}],"curies":[{"name":"wp","href":"https:\/\/api.w.org\/{rel}","templated":true}]}}