{"id":6172,"date":"2009-03-22T16:03:58","date_gmt":"2009-03-22T14:03:58","guid":{"rendered":"http:\/\/www.korhanyilmaz.com\/?p=6172"},"modified":"2009-03-22T16:03:58","modified_gmt":"2009-03-22T14:03:58","slug":"basbakan-erdogandan-chp-mitingine-tas","status":"publish","type":"post","link":"http:\/\/www.korhanyilmaz.com\/?p=6172","title":{"rendered":"Ba\u015fbakan Erdo\u011fan&#039;dan CHP mitingine ta\u015f"},"content":{"rendered":"<p style=\"text-align: center;\"><img loading=\"lazy\" decoding=\"async\" class=\"aligncenter size-full wp-image-6173\" title=\"fft5_mf141764\" src=\"http:\/\/www.korhanyilmaz.com\/wp-content\/uploads\/2009\/03\/fft5_mf141764.jpeg\" alt=\"fft5_mf141764\" width=\"315\" height=\"210\" \/><\/p>\n<p style=\"text-align: center;\">\n<p style=\"text-align: justify;\">AKP ve CHP&#8217;nin miting yapmak istedi\u011fi Kazl\u0131\u00e7e\u015fme Meydan\u0131&#8217;n\u0131 Se\u00e7im Kurulu karar\u0131yla alan Ba\u015fbakan Erdo\u011fan, Baykal&#8217;a y\u00fcklendi: Alevin \u00c7a\u011flayan ise ar\u015f\u0131n buras\u0131 Zeytinburnu<\/p>\n<p style=\"text-align: justify;\">Partilerin \u0130stanbul&#8217;da miting g\u00fcn\u00fcnde Ba\u015fbakan Recep Tayyip Erdo\u011fan \u0130stanbul Zeytinburnu&#8217;ndaki Kazl\u0131\u00e7e\u015fme Meydan\u0131&#8217;\u0131ndayd\u0131. &#8220;Senin alevin \u00c7a\u011flayan&#8217;sa ar\u015f\u0131n buras\u0131 Zeytinburnu&#8221; diyen Erdo\u011fan&#8217;\u0131n hedefinde CHP lideri Deniz Baykal vard\u0131. Erdo\u011fan, &#8220;Hi\u00e7bir zaman Baykal&#8217;\u0131n idealinde bu \u00fclkede iktidar olmak yok. Niye? \u00c7\u00fcnk\u00fc biliyor ki benim halk\u0131m ebedi muhalefet olarak ilan etti. \u015eimdi yalvar\u0131yor, anneci\u011fim ne olur bana bir iktidar. Bu millet sana vermeyecek&#8221; diye konu\u015ftu. <!--more--><\/p>\n<p style=\"text-align: justify;\">Erdo\u011fan&#8217;\u0131n konu\u015fmas\u0131 \u00f6zetle \u015f\u00f6yle: &#8220;\u0130stanbul&#8217;a y\u00fcrekten ba\u011fl\u0131 oldu\u011fumu sizler iyi biliyorsunuz. \u0130stanbul ile aram\u0131zdaki bu b\u00fcy\u00fck sevday\u0131 dile getirmeye kelimeler yetmez. Bu sevdaya \u015fahitlik eden ve bug\u00fcn burada bu heyecan\u0131 birlikte ya\u015fad\u0131\u011f\u0131m\u0131z i\u00e7in sonsuz te\u015fekk\u00fcrler ediyorum. Az \u00f6nce birileri \u00c7a\u011flayan&#8217;dayd\u0131. Aman yarabbi ne palavralar. Nasrettin Hoca&#8217;ya bir palavrac\u0131 gelmi\u015f. Ondan sonra palavrac\u0131 demi\u015f ki ben 40 ar\u015f\u0131n atlar\u0131m, 60 ar\u015f\u0131n atlar\u0131m. Nasrettin hoca atla o\u011flum demi\u015f. Bunun \u00fczerine palavrac\u0131 cevap vermi\u015f Halep&#8217;teyken atlard\u0131m. Nasrettin Hoca&#8217;da demi\u015f ki Halep ordaysa ar\u015f\u0131n burada. Senin alevin \u00c7a\u011flayan&#8217;sa ar\u015f\u0131n buras\u0131 Zeytinburnu. E\u011fer metrekare \u00f6l\u00e7\u00fcp bi\u00e7mesini bilmiyorsan bunu da \u00f6\u011freniver. Bunu da sana k\u0131lavuzlar\u0131n s\u00f6ylesinler.<\/p>\n<p style=\"text-align: justify;\">Kalkm\u0131\u015f ba\u015fkalar\u0131n\u0131n yapt\u0131klar\u0131n\u0131 kendine mal ediyor, diyorum ki say\u0131n Baykal sen ne yapt\u0131n? Senin bir dikili ta\u015f\u0131n var m\u0131 onu s\u00f6yle. Sen Enerji Bakanl\u0131\u011f\u0131 yapt\u0131n, bu \u00fclkeyi kuyru\u011fa mahkum ettin. Benim \u00e7ift\u00e7im mazot bulamad\u0131, otomobillerimize benzin bulamad\u0131k. Sen Maliye Bakanl\u0131\u011f\u0131 yapt\u0131n, bizi deliksiz kuru\u015fa mahkum ettin ve rakamlar\u0131 da maalesef do\u011fru s\u00f6ylemiyor. Ciddi manada sapt\u0131rmalar var, do\u011fru konu\u015fmuyor, resmi rakamlar ortada her \u015fey ortada, ama tabi bu ara maalesef iyice kimyas\u0131 bozulmu\u015f durumda. \u00d6yle bir durumdaki \u015fu anda devletin valilerine sata\u015f\u0131yor, yarg\u0131ya sata\u015f\u0131yor, maliyeye sata\u015f\u0131yor, b\u00fct\u00fcn b\u00fcrokratlara hepsine sata\u015f\u0131yor ve devletin b\u00fcrokratlar\u0131n\u0131n hepsi AKP&#8217;li diyor. S\u0131k\u0131lmadan \u015funu s\u00f6yl\u00fcyor yahu, &#8220;AKP&#8217;yle gelen APS&#8217;yle gider&#8221; ay\u0131pt\u0131r. Devletin resmi kademelerinde atamalar\u0131n nas\u0131l oldu\u011fu bellidir ama unuttun galiba. Hi\u00e7bir zaman Baykal&#8217;\u0131n idealinde bu \u00fclkede iktidar olmak yok. Niye? \u00c7\u00fcnk\u00fc biliyor ki benim halk\u0131m ebedi muhalefet olarak ilan etti.<\/p>\n<p style=\"text-align: justify;\">\u015eimdi yalvar\u0131yor, anneci\u011fim ne olur bana bir iktidar. Bu millet sana vermeyecek. 220 milyar dolar diyor. Bu bor\u00e7 de\u011fil. Bu i\u015fi \u00f6\u011fren, ekonomiyi \u00f6\u011fren. Bor\u00e7 yi\u011fidin kam\u00e7\u0131s\u0131d\u0131r. \u015eu anda T\u00fcrkiye&#8217;nin kamu bor\u00e7 stoku 142 milyar dolard\u0131r. \u00d6zel sekt\u00f6r\u00fcn borcunu neden devlete y\u0131k\u0131yorsun. Ay\u0131pt\u0131r. Bunlar\u0131 \u00f6\u011fren yahu, d\u00fcr\u00fcst ol.<br \/>\nDurmadan hep yanl\u0131\u015f, \u00e7\u00fcnk\u00fc k\u0131lavuzu farkl\u0131. K\u0131lavuzu karga olan\u0131n&#8230; CHP&#8217;nin tapusu Baykal&#8217;\u0131n elindedir, MHP&#8217;nin tapusu Bah\u00e7eli&#8217;nin elindedir, AKP&#8217;nin tapusu milletin elindedir. Fark\u0131m\u0131z bu.<br \/>\n\u0130sterse diyor, bir vatanda\u015f telefonda h\u00fck\u00fcmete k\u00fcf\u00fcr etmeli. Telefonda konu\u015furken birbirimize a\u011f\u0131z tad\u0131yla k\u00fcf\u00fcr edemiyoruz diyor. Kim diyor bunu Baykal diyor. Bu ifadeleri gece 12&#8217;den sonra kullan. Bak \u00e7ocuklar\u0131m\u0131z\u0131n ahlak\u0131n\u0131 bozacaks\u0131n veya \u015fifreli kanallarda konu\u015f bunlar\u0131. Ay\u0131p.&#8221;\n<\/p>\n<p style=\"text-align: justify;\"><span style=\"color: #888888;\">Kaynak : Radikal Gazetesi<\/span><\/p>\n<p style=\"text-align: justify;\">\n","protected":false},"excerpt":{"rendered":"<p style=\"text-align: center;\">\n<p style=\"text-align: center;\">\n<p style=\"text-align: justify;\">AKP ve CHP&#8217;nin miting yapmak istedi\u011fi Kazl\u0131\u00e7e\u015fme Meydan\u0131&#8217;n\u0131 Se\u00e7im Kurulu karar\u0131yla alan Ba\u015fbakan Erdo\u011fan, Baykal&#8217;a y\u00fcklendi: Alevin \u00c7a\u011flayan ise ar\u015f\u0131n buras\u0131 Zeytinburnu<\/p>\n<p style=\"text-align: justify;\">Partilerin \u0130stanbul&#8217;da miting g\u00fcn\u00fcnde Ba\u015fbakan Recep Tayyip Erdo\u011fan \u0130stanbul Zeytinburnu&#8217;ndaki Kazl\u0131\u00e7e\u015fme Meydan\u0131&#8217;\u0131ndayd\u0131. &#8220;Senin alevin \u00c7a\u011flayan&#8217;sa ar\u015f\u0131n buras\u0131 Zeytinburnu&#8221; diyen Erdo\u011fan&#8217;\u0131n hedefinde CHP lideri <\/p>\n","protected":false},"author":1,"featured_media":0,"comment_status":"open","ping_status":"closed","sticky":false,"template":"","format":"standard","meta":{"footnotes":""},"categories":[105],"tags":[],"class_list":["post-6172","post","type-post","status-publish","format-standard","hentry","category-gundem","odd"],"_links":{"self":[{"href":"http:\/\/www.korhanyilmaz.com\/index.php?rest_route=\/wp\/v2\/posts\/6172","targetHints":{"allow":["GET"]}}],"collection":[{"href":"http:\/\/www.korhanyilmaz.com\/index.php?rest_route=\/wp\/v2\/posts"}],"about":[{"href":"http:\/\/www.korhanyilmaz.com\/index.php?rest_route=\/wp\/v2\/types\/post"}],"author":[{"embeddable":true,"href":"http:\/\/www.korhanyilmaz.com\/index.php?rest_route=\/wp\/v2\/users\/1"}],"replies":[{"embeddable":true,"href":"http:\/\/www.korhanyilmaz.com\/index.php?rest_route=%2Fwp%2Fv2%2Fcomments&post=6172"}],"version-history":[{"count":0,"href":"http:\/\/www.korhanyilmaz.com\/index.php?rest_route=\/wp\/v2\/posts\/6172\/revisions"}],"wp:attachment":[{"href":"http:\/\/www.korhanyilmaz.com\/index.php?rest_route=%2Fwp%2Fv2%2Fmedia&parent=6172"}],"wp:term":[{"taxonomy":"category","embeddable":true,"href":"http:\/\/www.korhanyilmaz.com\/index.php?rest_route=%2Fwp%2Fv2%2Fcategories&post=6172"},{"taxonomy":"post_tag","embeddable":true,"href":"http:\/\/www.korhanyilmaz.com\/index.php?rest_route=%2Fwp%2Fv2%2Ftags&post=6172"}],"curies":[{"name":"wp","href":"https:\/\/api.w.org\/{rel}","templated":true}]}}