{"id":6167,"date":"2009-03-22T15:29:57","date_gmt":"2009-03-22T13:29:57","guid":{"rendered":"http:\/\/www.korhanyilmaz.com\/?p=6167"},"modified":"2009-03-22T15:29:57","modified_gmt":"2009-03-22T13:29:57","slug":"kalabalik-baykali-costurdu-muhtesem-bir-miting","status":"publish","type":"post","link":"http:\/\/www.korhanyilmaz.com\/?p=6167","title":{"rendered":"Kalabal\u0131k Baykal&#039;\u0131 co\u015fturdu: Muhte\u015fem bir miting"},"content":{"rendered":"<p style=\"text-align: center;\"><img loading=\"lazy\" decoding=\"async\" class=\"aligncenter size-full wp-image-6168\" title=\"Kalabal\u0131k Baykal'\u0131 co\u015fturdu: Muhte\u015fem bir miting \" src=\"http:\/\/www.korhanyilmaz.com\/wp-content\/uploads\/2009\/03\/fft28_mf141731.jpeg\" alt=\"Kalabal\u0131k Baykal'\u0131 co\u015fturdu: Muhte\u015fem bir miting \" width=\"321\" height=\"214\" \/><\/p>\n<p style=\"text-align: center;\">\n<p style=\"text-align: justify;\"><strong>\u0130stanbul&#8217;da meydana \u00e7\u0131kan ilk lider CHP Genel Ba\u015fkan\u0131<\/strong><\/p>\n<p style=\"text-align: justify;\"><strong><\/strong><br \/>\nCHP lideri Deniz Baykal, \u0130stanbul \u00c7a\u011flayan Meydan\u0131&#8217;nda yapt\u0131\u011f\u0131 konu\u015fmada h\u00fck\u00fcmete ve Ba\u015fbakan Tayyip Erdo\u011fan&#8217;a y\u00fcklendi. Baykal &#8220;Miting i\u00e7in do\u011fru d\u00fcr\u00fcst meydan bulam\u0131yoruz! Bak\u0131ms\u0131zl\u0131ktan insanlar\u0131m\u0131z \u00f6l\u00fcyor, insanlar\u0131m\u0131z bay\u0131l\u0131yor! Nerede? \u0130stanbul&#8217;da. \u0130stanbul&#8217;a sahip \u00e7\u0131kmak hepimizin g\u00f6revi.&#8221;\n<\/p>\n<p style=\"text-align: justify;\">CHP, son d\u00f6nemdeki en b\u00fcy\u00fck mitinglerden birisini \u00c7a\u011flayan&#8217;da yapt\u0131. Baykal, \u00c7a\u011flayan Meydan\u0131&#8217;nda konu\u015fmas\u0131n\u0131 yapmaya ba\u015flad\u0131\u011f\u0131 s\u0131ras\u0131nda mitinge kat\u0131lan bir ki\u015fi bayg\u0131nl\u0131k ge\u00e7irdi. Baykal, bayg\u0131nl\u0131k ge\u00e7iren kat\u0131l\u0131mc\u0131n\u0131n ambulansa ta\u015f\u0131nmas\u0131na yard\u0131mc\u0131 oldu. Baykal, vatanda\u015f\u0131n bayg\u0131nl\u0131k ge\u00e7irmesini \u00c7a\u011flayan&#8217;daki sahnede \u015f\u00f6yle yorumlad\u0131: &#8220;Ola\u011fan\u00fcst\u00fc bir kalabal\u0131k. Herkes \u00fcst \u00fcste. \u015e\u00f6yle bir rahat\u00e7a otursan\u0131z meydanlar yetmeyecek. Bu kadar yo\u011fun, bu kadar \u00fcst \u00fcste bir miting muhte\u015fem. Elbette bay\u0131lanlar oluyor.&#8221; <!--more--><\/p>\n<p style=\"text-align: justify;\">Baykal konu\u015fmas\u0131na \u015f\u00f6yle devam etti: &#8220;\u0130stanbul&#8217;a sahip \u00e7\u0131kmak hepimizin g\u00f6revi&#8230; Biz bu duygular i\u00e7indeyiz. Peki siz nas\u0131ls\u0131n\u0131z? Haliniz yerinde mi? Geliriniz harcaman\u0131z dengede mi? \u0130\u015fler yolunda m\u0131? Bor\u00e7lar \u00f6deniyor mu? Gen\u00e7ler i\u015f bulabiliyor mu? \u0130stanbul&#8217;da bu ya\u015fad\u0131\u011f\u0131n\u0131z hayat\u0131 i\u00e7inize sindiriyor musunuz? T\u00fcrkiye eskiden kalk\u0131nan T\u00fcrkiye&#8217;ydi. \u015eimdi k\u00fc\u00e7\u00fclen T\u00fcrkiye.. Art\u0131k fabrikalar kapan\u0131yor. Bu kadar para nereye gitti? Su g\u00f6t\u00fcrd\u00fc. Milletin s\u0131rt\u0131na borcu kald\u0131&#8230;<\/p>\n<p style=\"text-align: justify;\">Siz yoksulluktan bahsediyorsunuz, iktidar tarihimizin en b\u00fcy\u00fck kayna\u011f\u0131n\u0131 kulland\u0131. Bunlar 220 milyar dolar bor\u00e7la T\u00fcrkiye&#8217;yi devrald\u0131lar. O bor\u00e7 Atat\u00fcrk, \u0130n\u00f6n\u00fc d\u00f6neminden bu yana olan bor\u00e7. B\u00fct\u00fcn iktidarlar\u0131n d\u00f6nemlerindeki bor\u00e7 onlar. \u00dczerinde 280 milyar dolar da bor\u00e7 yapt\u0131lar yeni iktidar. Miting i\u00e7in do\u011fru d\u00fcr\u00fcst meydan bulam\u0131yoruz! Bak\u0131ms\u0131zl\u0131ktan insanlar\u0131m\u0131z \u00f6l\u00fcyor, insanlar\u0131m\u0131z bay\u0131l\u0131yor! Nerede? \u0130stanbul&#8217;da. Kazl\u0131\u00e7e\u015fme&#8217;ye ba\u015fvurduk dediler ki &#8220;2 miting yap\u0131lmaz&#8221; Peki \u00c7a\u011flayan&#8217;da 2 miting yap\u0131lmayacak m\u0131? Kazl\u0131\u00e7e\u015fme&#8217;de niye yap\u0131lm\u0131yor 2 miting? T\u00fcrkiye&#8217;deki b\u00fct\u00fcn s\u0131k\u0131nt\u0131lar\u0131 en k\u0131sa s\u00fcrede a\u015faca\u011f\u0131z. Merak etmeyin. Neden ampulun ge\u00e7 yan\u0131yor? Bunun ampulu yan\u0131ncaya kadar y\u00fczbinlerce insan i\u015fini kaybetti! Gen\u00e7lerimize ekmek kap\u0131s\u0131 olacak yeni i\u015f yerleri fabrikalar m\u0131 a\u00e7t\u0131n? Ne oldu? Bor\u00e7 ek 280 milyar dolar. Toplam 500 milyar dolar. Yapmay\u0131 b\u0131rak\u0131n bunlar satt\u0131lar de\u011fil mi? O olmayan d\u00f6nemlerde yap\u0131lan fabrikalar\u0131n\u0131 i\u015fyerlerini satt\u0131lar. Hem satt\u0131lar, yapanlara da en a\u011f\u0131r hakaretleri yapanlardan da geri durmad\u0131lar. \u00c7ok daha fazla para harcad\u0131lar b\u00fcy\u00fck para harcad\u0131lar. O bor\u00e7 milletin devletin borcu. Yar\u0131n oylar\u0131n\u0131zla in\u015fallah bunu indireceksiniz, ama o borcu yine bu \u00fclkenin d\u00fcr\u00fcst evlatlar\u0131 \u00f6deyecek. Kalk\u0131nan T\u00fcrkiye diye biliyorduk de\u011fil mi \u015fimdi k\u00fc\u00e7\u00fclen T\u00fcrkiye d\u00f6nemi geldi. Fabrika yapan T\u00fcrkiye&#8217;ydi, \u015fimdi kapatan T\u00fcrkiye oldu. 500 \u00fczerinde i\u015f\u00e7i \u00e7al\u0131\u015ft\u0131ran 350 tekstil fabrikas\u0131n\u0131n yar\u0131s\u0131 kapanm\u0131\u015ft\u0131r. Fabrika kapan\u0131yor, sanayi k\u00fc\u00e7\u00fcl\u00fcyor. Sofraya konulan somun k\u00fc\u00e7\u00fcl\u00fcyor, ama sofraya oturan ki\u015fi say\u0131s\u0131 azalm\u0131yor. Bu kadar paray\u0131 kulland\u0131n ne oldu? \u015eimdi milletin s\u0131rt\u0131nda i\u015fsizli\u011fi kald\u0131, borcu kald\u0131. T\u00fcrkiye&#8217;de ya\u015fanan s\u0131k\u0131nt\u0131lar\u0131 hep beraber a\u015faca\u011f\u0131z. Ama \u015funu bilmenizi istiyorum. Biz \u00e7\u0131kt\u0131k dedik ki iktidara, ekonomik bunal\u0131m geliyor, yat\u0131r\u0131mlar\u0131 unuttun fabrika tesis kurmay\u0131 unuttun, \u00fcretimi unuttun. T\u00fcrkiye&#8217;yi ithalat cennetine d\u00f6n\u00fc\u015ft\u00fcrd\u00fcn, tar\u0131m\u0131 esnaf\u0131 fabrikalar\u0131 bat\u0131rd\u0131n, derhal \u00f6nlem al dedik. 2008 y\u0131l\u0131n\u0131n Eyl\u00fcl&#8217;\u00fcnde dedik.&#8221;<\/p>\n<p style=\"text-align: justify;\"><span style=\"color: #888888;\">Kaynak : Radikal Gazetesi<\/span><\/p>\n<p style=\"text-align: justify;\">\n","protected":false},"excerpt":{"rendered":"<p style=\"text-align: center;\">\n<p style=\"text-align: center;\">\n<p style=\"text-align: justify;\">\u0130stanbul&#8217;da meydana \u00e7\u0131kan ilk lider CHP Genel Ba\u015fkan\u0131<\/p>\n<p style=\"text-align: justify;\"> CHP lideri Deniz Baykal, \u0130stanbul \u00c7a\u011flayan Meydan\u0131&#8217;nda yapt\u0131\u011f\u0131 konu\u015fmada h\u00fck\u00fcmete ve Ba\u015fbakan Tayyip Erdo\u011fan&#8217;a y\u00fcklendi. Baykal &#8220;Miting i\u00e7in do\u011fru d\u00fcr\u00fcst meydan bulam\u0131yoruz! Bak\u0131ms\u0131zl\u0131ktan insanlar\u0131m\u0131z \u00f6l\u00fcyor, insanlar\u0131m\u0131z bay\u0131l\u0131yor! Nerede? \u0130stanbul&#8217;da. \u0130stanbul&#8217;a sahip \u00e7\u0131kmak hepimizin g\u00f6revi.&#8221; <\/p>\n<p  \n\n","protected":false},"author":1,"featured_media":0,"comment_status":"open","ping_status":"closed","sticky":false,"template":"","format":"standard","meta":{"footnotes":""},"categories":[105],"tags":[],"class_list":["post-6167","post","type-post","status-publish","format-standard","hentry","category-gundem","odd"],"_links":{"self":[{"href":"http:\/\/www.korhanyilmaz.com\/index.php?rest_route=\/wp\/v2\/posts\/6167","targetHints":{"allow":["GET"]}}],"collection":[{"href":"http:\/\/www.korhanyilmaz.com\/index.php?rest_route=\/wp\/v2\/posts"}],"about":[{"href":"http:\/\/www.korhanyilmaz.com\/index.php?rest_route=\/wp\/v2\/types\/post"}],"author":[{"embeddable":true,"href":"http:\/\/www.korhanyilmaz.com\/index.php?rest_route=\/wp\/v2\/users\/1"}],"replies":[{"embeddable":true,"href":"http:\/\/www.korhanyilmaz.com\/index.php?rest_route=%2Fwp%2Fv2%2Fcomments&post=6167"}],"version-history":[{"count":0,"href":"http:\/\/www.korhanyilmaz.com\/index.php?rest_route=\/wp\/v2\/posts\/6167\/revisions"}],"wp:attachment":[{"href":"http:\/\/www.korhanyilmaz.com\/index.php?rest_route=%2Fwp%2Fv2%2Fmedia&parent=6167"}],"wp:term":[{"taxonomy":"category","embeddable":true,"href":"http:\/\/www.korhanyilmaz.com\/index.php?rest_route=%2Fwp%2Fv2%2Fcategories&post=6167"},{"taxonomy":"post_tag","embeddable":true,"href":"http:\/\/www.korhanyilmaz.com\/index.php?rest_route=%2Fwp%2Fv2%2Ftags&post=6167"}],"curies":[{"name":"wp","href":"https:\/\/api.w.org\/{rel}","templated":true}]}}