{"id":61651,"date":"2015-11-12T22:34:36","date_gmt":"2015-11-12T20:34:36","guid":{"rendered":"http:\/\/www.korhanyilmaz.com\/?p=61651"},"modified":"2015-11-12T22:35:50","modified_gmt":"2015-11-12T20:35:50","slug":"her-sey-bacilar-ayristiginda-basladi","status":"publish","type":"post","link":"http:\/\/www.korhanyilmaz.com\/?p=61651","title":{"rendered":"Her \u015fey \u2018bac\u0131lar ayr\u0131\u015ft\u0131\u011f\u0131nda\u2019 ba\u015flad\u0131"},"content":{"rendered":"<p style=\"text-align: justify;\"><span class=\"large\"><img loading=\"lazy\" decoding=\"async\" class=\"aligncenter wp-image-61654\" src=\"http:\/\/www.korhanyilmaz.com\/wp-content\/uploads\/2015\/11\/062.jpg\" alt=\"06\" width=\"600\" height=\"293\" \/><\/span><\/p>\n<div id=\"attachment_61655\" style=\"width: 105px\" class=\"wp-caption alignright\"><img loading=\"lazy\" decoding=\"async\" aria-describedby=\"caption-attachment-61655\" class=\"wp-image-61655\" src=\"http:\/\/www.korhanyilmaz.com\/wp-content\/uploads\/2015\/11\/yazar164.png\" alt=\"Murat Sabuncu\" width=\"95\" height=\"113\" \/><p id=\"caption-attachment-61655\" class=\"wp-caption-text\">Murat Sabuncu<\/p><\/div>\n<p style=\"text-align: justify;\"><span class=\"large\">Manisa\u2019dan bir foto\u011fraf. \u0130ki kad\u0131n elleri kelep\u00e7eli polislerin aras\u0131nda. <em>\u201cParalel devlet yap\u0131lanmas\u0131\u201d <\/em>iddias\u0131yla. Akl\u0131mdan ilk ge\u00e7en; AKP iktidar\u0131yla aras\u0131 bozulan G\u00fclen Cemaati\u2019ne <em>\u201chukuki de\u011fil siyasi<\/em> <em>bir g\u00f6zda\u011f\u0131\u201d <\/em>daha&#8230; CHP Manisa Milletvekili <strong>\u00d6zg\u00fcr \u00d6zel, <\/strong>DHA\u2019ya bu durumu <em>\u201cDaha d\u00fcn kutlama<\/em> <em>t\u00f6renlerine devletin en \u00fcst protokol\u00fc<\/em><em>taraf\u0131ndan bizzat davet edilen,<\/em> <em>devleti y\u00f6netenler taraf\u0131ndan<\/em> <em>\u00f6vg\u00fclere muhatap olan ki\u015filer<\/em> <em>bunlar. Sabah\u0131n k\u00f6r\u00fcnde e\u015fzamanl\u0131<\/em> <em>operasyonla evlerinin bas\u0131lmas\u0131,<\/em><em>\u00e7ocuklar\u0131n\u0131n korkutulmas\u0131,<\/em> <em>kom\u015fular\u0131n\u0131n kar\u015f\u0131s\u0131nda kelep\u00e7e<\/em> <em>uygulamas\u0131 ile bu ki\u015filerin itibars\u0131zla\u015ft\u0131r\u0131lmak<\/em> <em>istenmesi bir hukuk<\/em> <em>kural\u0131n\u0131 yerine getirmek de\u011fildir\u201d<\/em>\u015feklinde yorumlad\u0131.<\/span><!--more--><\/p>\n<p style=\"text-align: justify;\"><span class=\"large\">\u00d6zel\u2019in de alt\u0131n\u0131 \u00e7izdi\u011fi <em>\u201chukuk\u201d<\/em>&#8230; Uzun zamand\u0131r <em>\u201ciktidar\u0131n\u201d<\/em> kontrol\u00fcnde. Ve iktidar\u0131n hen\u00fcz iktidar\u0131n\u0131 payla\u015ft\u0131\u011f\u0131, <em>\u201cne isteseler<\/em> <em>verilen\u201d <\/em>g\u00fcnlerde <em>\u201cCemaat\u2019in<\/em> <em>de\u201d <\/em>elinde. O g\u00fcnlerde yine sabah\u0131n erken saatlerinde, sonradan \u00e7o\u011funun <em>\u201csu\u00e7suz\u201d <\/em>oldu\u011fu anla\u015f\u0131lan pek \u00e7ok eve girildi\u011fi g\u00fcnlerde derin bir sessizlik h\u00e2kimdi \u00fclkede. Konu\u015fanlar, hedef g\u00f6sterenler ise <em>\u201ciktidardakiler ile Cemaat\u2019teki ortaklar\u0131,<\/em> <em>kimi gazetelerin man\u015fetleriydi\u201d<\/em>. Aralar\u0131nda belediye ba\u015fkanlar\u0131n\u0131n da bulundu\u011fu KCK\u2019lileri kelep\u00e7eleyip foto\u011fraflar\u0131n\u0131 servis edenler, gazetecileri, <strong>Nedim<\/strong> <strong>\u015eener<\/strong>\u2019i,<strong>Ahmet \u015e\u0131k<\/strong>\u2019\u0131 haks\u0131z yere cezaevine g\u00f6nderenler, elleriyle delil yerle\u015ftirenler <em>\u201chen\u00fcz bozulmam\u0131\u015f<\/em> <em>ortakl\u0131\u011f\u0131n\u201d <\/em>temsilcileriydi. <\/span><br \/><span class=\"large\">\u00d6nceki gece <strong>Fethullah<\/strong> <strong>G\u00fclen<\/strong>\u2019in <em>\u201celleri kelep\u00e7elenen kad\u0131nlara\u201d<\/em> verdi\u011fi tepkiyi okuyunca hem <em>\u201chukuk herkese laz\u0131m\u201d <\/em>hem de <em>\u201cke\u015fke\u201d <\/em>dedim. \u00d6nce G\u00fclen\u2019in s\u00f6zleri sonra <em>\u201cke\u015fkem\u201d<\/em>: <\/span><br \/><span class=\"large\"><em>\u201cYa bug\u00fcn ba\u015f\u0131 kapal\u0131 bac\u0131lar\u0131m\u0131z\u0131n<\/em> <em>maruz kald\u0131\u011f\u0131 zul\u00fcm!.. Herkesin,<\/em> <em>hatta onu yapanlar\u0131n ve<\/em> <em>yapt\u0131ranlar\u0131n bile <\/em>\u2018Benim ba\u015f\u0131 kapal\u0131 bac\u0131lar\u0131m!..\u2019 <em>diye onlar\u0131 ifade<\/em><em>etmesine ra\u011fmen, o m\u00fcbarek bac\u0131lar\u0131m\u0131z\u0131n<\/em> <em>ellerine kelep\u00e7e vurulmas\u0131,<\/em> <em>adi birer \u015faki gibi te\u015fhir edilmeleri,<\/em> <em>tarihin hi\u00e7bir d\u00f6neminde,<\/em> <em>hi\u00e7bir Yezit, hi\u00e7bir Haccac, hi\u00e7bir<\/em> <em>zalim taraf\u0131ndan uygulanmam\u0131\u015ft\u0131r.\u201d<\/em> <\/span><br \/><span class=\"large\">G\u00fclen sadece kendi Cemaatinin mensuplar\u0131na de\u011fil son g\u00fcnlerde \u00f6zellikle polisin<em>\u201cdi\u011ferlerine\u201d <\/em>yapt\u0131\u011f\u0131 \u015fiddete de daha \u00f6nce yapmad\u0131\u011f\u0131 bir \u015fekilde isyan etmi\u015f konu\u015fmas\u0131nda: <\/span><br \/><span class=\"large\"><em>\u201cGe\u00e7en g\u00fcn bir kad\u0131n\u0131, hangi<\/em> <em>d\u00fc\u015f\u00fcncedeyse bilmiyorum, ellerinden<\/em> <em>tutmu\u015f, iki tane SS\u2019\u00e7i<\/em> <em>(Hitler\u2019in ki\u015fisel muhaf\u0131zl\u0131\u011f\u0131n\u0131 yapmak<\/em> <em>\u00fczere kurulmu\u015f birliklerden<\/em> <em>olan kimseler) s\u00fcr\u00fckl\u00fcyordu. \u00d6ylelerine<\/em> <em>ancak Hitler\u2019in SS\u2019leri<\/em> <em>nazar\u0131yla bak\u0131l\u0131r. \u0130ki tane SS\u2019\u00e7i<\/em><em>s\u00fcr\u00fckl\u00fcyorlard\u0131; bir y\u00fcz metre kadar<\/em> <em>da s\u00fcr\u00fcklediler. Kad\u0131n ba\u011f\u0131r\u0131yordu.<\/em> <em>Duygusu ne ise; <\/em>\u2018L\u00e2t\u2019 <em>diyebilir<\/em> <em>bir insan, <\/em>\u2018Menat\u2019 <em>diyebilir,<\/em> \u2018Uzz\u00e2\u2019 <em>diyebilir. \u0130nsan vicdan\u0131<\/em> <em>a\u00e7\u0131s\u0131ndan, bir kad\u0131n\u0131 iki SS\u2019\u00e7inin<\/em> <em>\u00f6yle ellerinden tutup ona hayvana<\/em> <em>bile yap\u0131lmayan \u015feyleri yapmalar\u0131;<\/em> <em>bir araban\u0131n arkas\u0131na<\/em> <em>ba\u011flay\u0131p birini s\u00fcr\u00fcklemeleri!..\u201d<\/em> <\/span><br \/><span class=\"large\">G\u00fclen b\u00f6yle diyor konu\u015fmas\u0131nda. Hem <em>\u201cba\u015f\u0131 ba\u011fl\u0131 olmayan bac\u0131y\u0131\u201d<\/em> hem ad\u0131n\u0131 vermeden bir polis arac\u0131n\u0131n arkas\u0131nda cans\u0131z bedeni s\u00fcr\u00fcklenen \u015e\u0131rnakl\u0131 <strong>Hac\u0131 Lokman<\/strong> <strong>Birlik<\/strong>\u2019i an\u0131yor. Empati yap\u0131yor. <\/span><br \/><span class=\"large\">\u015eimdi <em>\u201cke\u015fkem\u201d<\/em>&#8230; G\u00fclen ve Cemaat; bug\u00fcn ona sempati duyan i\u015fadamlar\u0131ndan, gazetecilere yap\u0131lan <em>\u201chukuksuzlu\u011fa\u201d <\/em>verdikleri <em>\u201chakl\u0131\u201d <\/em>tepkiyi zul\u00fcm kendilerine d\u00f6nd\u00fc\u011f\u00fcnde de\u011fil, hep g\u00f6sterebilselerdi. Ya da iktidar\u0131 ve iktidarlar\u0131n\u0131 b\u00fcy\u00fctmek i\u00e7in<em>\u201chukuku<\/em> <em>kullanmasalard\u0131\u201d<\/em>&#8230; \u00d6n\u00fcm\u00fczdeki g\u00fcnler <em>\u201chaks\u0131zl\u0131\u011f\u0131n, hukuksuzlu\u011fun\u201d<\/em> kime yap\u0131ld\u0131\u011f\u0131yla de\u011fil bizatihi kendisiyle u\u011fra\u015fman\u0131n zaman\u0131 olsun \u00fclkede. Ve bac\u0131lar\u0131n ayr\u0131\u015ft\u0131r\u0131lmad\u0131\u011f\u0131&#8230; <\/span><br \/><span class=\"large\">Bu yaz\u0131 bitti\u011finde Ba\u015fbakan <strong>Ahmet Davuto\u011flu<\/strong>\u2019nun, ba\u015f\u00f6rt\u00fcl\u00fc kad\u0131nlara kelep\u00e7e tak\u0131lmas\u0131yla ilgili soru\u015fturma ba\u015flatt\u0131\u011f\u0131n\u0131 \u00f6\u011frendim. Ak\u015fam saatlerinde de Manisa emniyet m\u00fcd\u00fcr\u00fcn\u00fcn a\u00e7\u0131\u011fa al\u0131nd\u0131\u011f\u0131 haberi geldi. G\u00f6z\u00fcm\u00fcn \u00f6n\u00fcnden \u0130zmir\u2019de sa\u00e7\u0131ndan s\u00fcr\u00fcklenen gen\u00e7 kad\u0131n, \u00f6\u011frenci g\u00f6sterilerinde ters kelep\u00e7e tak\u0131lan kad\u0131n \u00f6\u011frenciler ge\u00e7ti. Dedi\u011fim gibi her \u015fey <em>\u201cbac\u0131lar ayr\u0131\u015ft\u0131\u011f\u0131nda\u201d <\/em>ba\u015flad\u0131.<\/span><\/p>\n<p style=\"text-align: justify;\">Kaynak : <a href=\"http:\/\/www.cumhuriyet.com.tr\/koseyazisi\/414965\/Her_sey__bacilar_ayristiginda__basladi.html\" target=\"_blank\">Murat sabuncu &#8211; \u00a0http:\/\/www.cumhuriyet.com.tr\/<\/a><\/p>\n","protected":false},"excerpt":{"rendered":"<p style=\"text-align: justify;\">\n<p id=\"caption-attachment-61655\" class=\"wp-caption-text\">Murat Sabuncu<\/p>\n<p style=\"text-align: justify;\">Manisa\u2019dan bir foto\u011fraf. \u0130ki kad\u0131n elleri kelep\u00e7eli polislerin aras\u0131nda. \u201cParalel devlet yap\u0131lanmas\u0131\u201d iddias\u0131yla. Akl\u0131mdan ilk ge\u00e7en; AKP iktidar\u0131yla aras\u0131 bozulan G\u00fclen Cemaati\u2019ne \u201chukuki de\u011fil siyasi bir g\u00f6zda\u011f\u0131\u201d daha&#8230; CHP Manisa Milletvekili \u00d6zg\u00fcr \u00d6zel, DHA\u2019ya bu durumu \u201cDaha d\u00fcn kutlama t\u00f6renlerine devletin en \u00fcst protokol\u00fctaraf\u0131ndan bizzat davet <\/p>\n","protected":false},"author":1,"featured_media":0,"comment_status":"open","ping_status":"open","sticky":false,"template":"","format":"standard","meta":{"footnotes":""},"categories":[16],"tags":[2582],"class_list":["post-61651","post","type-post","status-publish","format-standard","hentry","category-kose-yazilari","tag-murat-sabuncu","odd"],"_links":{"self":[{"href":"http:\/\/www.korhanyilmaz.com\/index.php?rest_route=\/wp\/v2\/posts\/61651","targetHints":{"allow":["GET"]}}],"collection":[{"href":"http:\/\/www.korhanyilmaz.com\/index.php?rest_route=\/wp\/v2\/posts"}],"about":[{"href":"http:\/\/www.korhanyilmaz.com\/index.php?rest_route=\/wp\/v2\/types\/post"}],"author":[{"embeddable":true,"href":"http:\/\/www.korhanyilmaz.com\/index.php?rest_route=\/wp\/v2\/users\/1"}],"replies":[{"embeddable":true,"href":"http:\/\/www.korhanyilmaz.com\/index.php?rest_route=%2Fwp%2Fv2%2Fcomments&post=61651"}],"version-history":[{"count":0,"href":"http:\/\/www.korhanyilmaz.com\/index.php?rest_route=\/wp\/v2\/posts\/61651\/revisions"}],"wp:attachment":[{"href":"http:\/\/www.korhanyilmaz.com\/index.php?rest_route=%2Fwp%2Fv2%2Fmedia&parent=61651"}],"wp:term":[{"taxonomy":"category","embeddable":true,"href":"http:\/\/www.korhanyilmaz.com\/index.php?rest_route=%2Fwp%2Fv2%2Fcategories&post=61651"},{"taxonomy":"post_tag","embeddable":true,"href":"http:\/\/www.korhanyilmaz.com\/index.php?rest_route=%2Fwp%2Fv2%2Ftags&post=61651"}],"curies":[{"name":"wp","href":"https:\/\/api.w.org\/{rel}","templated":true}]}}