{"id":6157,"date":"2009-03-22T13:17:33","date_gmt":"2009-03-22T11:17:33","guid":{"rendered":"http:\/\/www.korhanyilmaz.com\/?p=6157"},"modified":"2009-03-22T13:17:33","modified_gmt":"2009-03-22T11:17:33","slug":"dtp-mitingine-giden-otobus-devrildi","status":"publish","type":"post","link":"http:\/\/www.korhanyilmaz.com\/?p=6157","title":{"rendered":"DTP mitingine giden otob\u00fcs devrildi!"},"content":{"rendered":"<p style=\"text-align: center;\"><img loading=\"lazy\" decoding=\"async\" class=\"aligncenter size-full wp-image-7734\" src=\"http:\/\/www.korhanyilmaz.com\/wp-content\/uploads\/2009\/03\/lrg-25-bingol-dtp-miting-_9_.jpg\" alt=\"\" width=\"349\" height=\"166\" \/><\/p>\n<p style=\"text-align: justify;\"><strong>45 ki\u015filik otob\u00fcse 63 ki\u015fi bindirilmi\u015f<\/strong>.<\/p>\n<p style=\"text-align: justify;\">DEMOKRAT\u0130K Toplum Partisi&#8217;nin (DTP) Antalya&#8217;daki mitingine gelmek i\u00e7in Alanya&#8217;dan yola \u00e7\u0131kan otob\u00fcs, a\u015f\u0131r\u0131 h\u0131z nedeniyle kaygan yolda kontrolden \u00e7\u0131karak yan devrildi. Yaralanan 15 ki\u015fi \u00e7e\u015fitli hastanelerde tedaviye al\u0131nd\u0131. 45 koltuk kapasiteli otob\u00fcste 63 ki\u015fi oldu\u011fu belirtildi.<\/p>\n<p style=\"text-align: justify;\">Kaza, saat 10.30 s\u0131ralar\u0131nda meydana geldi. DTP&#8217;nin Antalya&#8217;daki mitingine kat\u0131lmak i\u00e7in Alanya&#8217;dan yola \u00e7\u0131kan ara\u00e7 konvoyunda bulunan 41 ya\u015f\u0131ndaki Habip \u00d6zcan y\u00f6netimindeki 07 JV 126 plakal\u0131 otob\u00fcs, Aksu&#8217;ya 2 kilometre kala a\u015f\u0131r\u0131 h\u0131z ve ya\u011f\u0131\u015f nedeniyle kayganla\u015fan yolda kontrolden \u00e7\u0131karak yan devrildi. Kazada otob\u00fcsteki yolculardan 15&#8217;i \u00e7e\u015fitli yerlerinden yaraland\u0131. \u00c7ok say\u0131da yolcu ise kazay\u0131 hafif s\u0131yr\u0131klarla atlatt\u0131. Kazan\u0131n bildirilmesi \u00fczerine olay yerine gelen 4 ambulans, 15 yaral\u0131y\u0131 Antalya&#8217;daki \u00e7e\u015fitli hastanelere g\u00f6t\u00fcrd\u00fc. Hafif yaral\u0131 olanlar ise ayakta tedavi edildi. <!--more--><\/p>\n<p style=\"text-align: justify;\"><strong>YOLA \u00c7IKMASI C\u0130NAYET NEDEN\u0130<\/strong><\/p>\n<p style=\"text-align: justify;\">Otob\u00fcs\u00fcn 45 yolcu kapasiteli olmas\u0131na kar\u015f\u0131l\u0131k i\u00e7inde 63 yolcu bindirildi\u011fi belirtilirken yan devrilen otob\u00fcs\u00fcn lastiklerinin de &#8216;kabak&#8217; oldu\u011funu \u00f6ne s\u00fcr\u00fcld\u00fc. Antalya&#8217;daki DTP mitingi ve nevruz kutlamalar\u0131na gittiklerini belirten yolcular, bu otob\u00fcs\u00fcn yola \u00e7\u0131kmas\u0131n\u0131n cinayet nedeni oldu\u011funu s\u00f6yledi.<\/p>\n<p style=\"text-align: justify;\">Yolculardan Casim Ta\u011f, \u00f6ndeki konvoya yeti\u015fmek i\u00e7in s\u00fcr\u00fcc\u00fcn\u00fcn otob\u00fcs\u00fc \u00e7ok h\u0131zl\u0131 kulland\u0131\u011f\u0131n\u0131 belirterek, &#8220;Yolun kaygan olmas\u0131 nedeniyle de ara\u00e7 kontrolden \u00e7\u0131kt\u0131&#8221; dedi. Alanya- Antalya karayolu, kaza nedeniyle 1 saat trafi\u011fe kapal\u0131 kald\u0131. Yaral\u0131lar\u0131n sa\u011fl\u0131k durumunun iyi oldu\u011fu belirtildi.<\/p>\n<p style=\"text-align: justify;\"><span style=\"color: #888888;\">DHA<\/span><\/p>\n","protected":false},"excerpt":{"rendered":"<p style=\"text-align: center;\">\n<p style=\"text-align: justify;\">45 ki\u015filik otob\u00fcse 63 ki\u015fi bindirilmi\u015f.<\/p>\n<p style=\"text-align: justify;\">DEMOKRAT\u0130K Toplum Partisi&#8217;nin (DTP) Antalya&#8217;daki mitingine gelmek i\u00e7in Alanya&#8217;dan yola \u00e7\u0131kan otob\u00fcs, a\u015f\u0131r\u0131 h\u0131z nedeniyle kaygan yolda kontrolden \u00e7\u0131karak yan devrildi. Yaralanan 15 ki\u015fi \u00e7e\u015fitli hastanelerde tedaviye al\u0131nd\u0131. 45 koltuk kapasiteli otob\u00fcste 63 ki\u015fi oldu\u011fu belirtildi.<\/p>\n<p style=\"text-align: justify;\">Kaza, saat 10.30 s\u0131ralar\u0131nda <\/p>\n","protected":false},"author":1,"featured_media":0,"comment_status":"open","ping_status":"closed","sticky":false,"template":"","format":"standard","meta":{"footnotes":""},"categories":[105],"tags":[],"class_list":["post-6157","post","type-post","status-publish","format-standard","hentry","category-gundem","odd"],"_links":{"self":[{"href":"http:\/\/www.korhanyilmaz.com\/index.php?rest_route=\/wp\/v2\/posts\/6157","targetHints":{"allow":["GET"]}}],"collection":[{"href":"http:\/\/www.korhanyilmaz.com\/index.php?rest_route=\/wp\/v2\/posts"}],"about":[{"href":"http:\/\/www.korhanyilmaz.com\/index.php?rest_route=\/wp\/v2\/types\/post"}],"author":[{"embeddable":true,"href":"http:\/\/www.korhanyilmaz.com\/index.php?rest_route=\/wp\/v2\/users\/1"}],"replies":[{"embeddable":true,"href":"http:\/\/www.korhanyilmaz.com\/index.php?rest_route=%2Fwp%2Fv2%2Fcomments&post=6157"}],"version-history":[{"count":0,"href":"http:\/\/www.korhanyilmaz.com\/index.php?rest_route=\/wp\/v2\/posts\/6157\/revisions"}],"wp:attachment":[{"href":"http:\/\/www.korhanyilmaz.com\/index.php?rest_route=%2Fwp%2Fv2%2Fmedia&parent=6157"}],"wp:term":[{"taxonomy":"category","embeddable":true,"href":"http:\/\/www.korhanyilmaz.com\/index.php?rest_route=%2Fwp%2Fv2%2Fcategories&post=6157"},{"taxonomy":"post_tag","embeddable":true,"href":"http:\/\/www.korhanyilmaz.com\/index.php?rest_route=%2Fwp%2Fv2%2Ftags&post=6157"}],"curies":[{"name":"wp","href":"https:\/\/api.w.org\/{rel}","templated":true}]}}