{"id":6151,"date":"2009-03-22T11:09:58","date_gmt":"2009-03-22T09:09:58","guid":{"rendered":"http:\/\/www.korhanyilmaz.com\/?p=6151"},"modified":"2026-01-04T09:20:50","modified_gmt":"2026-01-04T06:20:50","slug":"sanatcilar-bile-susuyor-insanlar-ya-bastirildi-ya-da-urkutulduler","status":"publish","type":"post","link":"http:\/\/www.korhanyilmaz.com\/?p=6151","title":{"rendered":"Sanat\u00e7\u0131lar bile susuyor, insanlar ya bast\u0131r\u0131ld\u0131 ya da \u00fcrk\u00fct\u00fcld\u00fcler"},"content":{"rendered":"<p style=\"text-align: center;\"><a href=\"http:\/\/www.korhanyilmaz.com\/wp-content\/uploads\/2009\/03\/8434_9405_20032009_4.jpg\"  class=\"lightview\"><img loading=\"lazy\" decoding=\"async\" class=\"aligncenter wp-image-6152 size-full\" title=\"Mehmet Ali Erbil\" src=\"http:\/\/www.korhanyilmaz.com\/wp-content\/uploads\/2009\/03\/8434_9405_20032009_4.jpg\" alt=\"Mehmet Ali Erbil\" width=\"350\" height=\"233\" \/><\/a><\/p>\n<p style=\"text-align: justify;\"><strong>Baykal, Erdo\u011fan ve Bah\u00e7eli&#8217;yi \u00c7ark\u0131felek&#8217;e beklerim<\/strong>.<\/p>\n<p style=\"text-align: justify;\">Onu izlerken \u015fa\u015fk\u0131na d\u00f6nmemek m\u00fcmk\u00fcn de\u011fil. Her kesimden insan\u0131 konu\u015fturup g\u00fcld\u00fcr\u00fcyor. Mesela ba\u015f\u00f6rt\u00fcl\u00fc, be\u015f vakit namaz k\u0131ld\u0131\u011f\u0131 belli olan, muhafazak\u00e2r diye tan\u0131mlanacak bir teyzeyi bile k\u0131k\u0131rdatmay\u0131 &#8220;Bak kocama ne yak\u0131\u015f\u0131kl\u0131&#8221; dedirtmeyi ba\u015far\u0131yor. Yani bu \u00fclkede halk\u0131n ortak bir dili varsa, onu iyi biliyor.<\/p>\n<p style=\"text-align: justify;\">Bu y\u00fczden ekran kazalar\u0131ndan \u00f6t\u00fcr\u00fc sert ele\u015ftirilere, &#8220;sulu&#8221; s\u0131fatlar\u0131na muhatap olsa da Mehmet Ali Erbil&#8217;i dinlemekte fayda var&#8230; Canl\u0131 yay\u0131nda yapt\u0131\u011f\u0131 \u00e7\u0131k\u0131\u015f\u0131n bu kadar reaksiyon yaratmas\u0131 da bu \u00f6zelli\u011fi ile ilgili olabilir. Zira kendisi iki somut \u00f6rnekten hareketle pek \u00e7ok ki\u015finin akl\u0131ndan ge\u00e7en ama y\u00fcksek sesle s\u00f6ylemekten ka\u00e7\u0131nd\u0131\u011f\u0131, dahas\u0131 \u00fclkemize kondurmak istemeyece\u011fimiz bir korkuyu y\u00fcksek sesle s\u00f6yleyiverdi: &#8220;Tek partili bir d\u00f6neme mi ge\u00e7iyoruz?&#8221; \u015eimdi herkes onun bu s\u00f6zlerini ve \u00e7\u0131k\u0131\u015f\u0131n\u0131 konu\u015fuyor. Yani bu \u00e7\u0131k\u0131\u015f\u0131 tek bir olaya bakarak m\u0131 yapt\u0131 yoksa g\u00f6zlemledi\u011fi ba\u015fka sorunlar da var m\u0131? Ya da s\u00f6z konusu olan k\u00f6t\u00fc bir yolculu\u011fun yaratt\u0131\u011f\u0131 bir panik miydi? A\u00e7\u0131k\u00e7as\u0131 uzun y\u0131llard\u0131r ekranda olan son derece deneyimli biri i\u00e7in bu, pek m\u00fcmk\u00fcn g\u00f6r\u00fcnm\u00fcyor. Nitekim kendisi de &#8220;Neden kimse sesini \u00e7\u0131karm\u0131yor, as\u0131l ben bunu anlam\u0131yorum?&#8221; diyor.<!--more--><\/p>\n<p style=\"text-align: justify;\"><strong>Kimse sesini \u00e7\u0131karmad\u0131, bunu anlayam\u0131yorum<\/strong><\/p>\n<p style=\"text-align: justify;\">Canl\u0131 yay\u0131n deneyimi \u00e7ok y\u00fcksek bir televizyoncunuz. Ne oldu da, canl\u0131 yay\u0131nda isyan ettiniz?<\/p>\n<p style=\"text-align: justify;\">Bursa&#8217;ya gittik. \u0130DO&#8217;yla&#8230; Gemide sadece tek kanal\u0131n yay\u0131n yapmas\u0131, hem de maj\u00f6r olmayan bir kanal\u0131n, dikkatimi \u00e7ekti&#8230;.<\/p>\n<p style=\"text-align: justify;\">Yani &#8220;herkesin seyretti\u011fi bir kanal olsa sorun yok&#8221; diyorsunuz?<br \/>\nTabii. Mesela RT\u00dcK&#8217;\u00fcn istatistiklerine g\u00f6re \u00e7ok seyredilen bir kanal ya da devlet kanal\u0131 TRT s\u00f6z konusu olsayd\u0131 dikkatimi \u00e7ekmezdi. Ama Haber 24 maj\u00f6r de\u011fil. Bu da beni bir sanat\u00e7\u0131, vatanda\u015f olarak i\u011freti etti ve kaptana \u00e7\u0131kt\u0131m. O da bana \u015f\u00f6yle \u015feyler s\u00f6yledi; &#8220;Bu kanal ihaleyi kazanm\u0131\u015f, uydu sistemleri gibi birtak\u0131m \u015feylere sponsor olmu\u015f. \u0130DO da anla\u015fma gere\u011fi, bu kanal\u0131 yay\u0131nlayacakm\u0131\u015f.&#8221; Yani k\u00f6rler, sa\u011f\u0131rlar birbirini a\u011f\u0131rlar durumu! Bu ihaleden di\u011ferlerinin haberi var m\u0131yd\u0131, yok muydu, bunu bilemem! \u0130\u015fin hukuksal taraf\u0131na da akl\u0131m ermez ama \u00e7ok rahats\u0131z oldum.<\/p>\n<p style=\"text-align: justify;\">San\u0131r\u0131m as\u0131l sorun d\u00f6n\u00fc\u015fte ya\u015fand\u0131?<br \/>\nGeminin kalk\u0131\u015f saati be\u015f bu\u00e7uktu (17.30). Biz be\u015fte gemideydik, bizim gibi bir\u00e7ok insan da. Herkes gelmi\u015f, yerinde oturuyor. Hep beraber Haber 24&#8217;\u00fcm\u00fcz a\u00e7\u0131k, Ba\u015fbakan\u0131m\u0131z\u0131n se\u00e7im konu\u015fmas\u0131n\u0131 seyredip dinliyoruz! Aa, saat be\u015f bu\u00e7u\u011fu on ge\u00e7iyor, ama hareket etmiyoruz&#8230; Ba\u015fbakan\u0131n se\u00e7im konu\u015fmas\u0131n\u0131 dinliyoruz. On be\u015f ge\u00e7iyor, durum ayn\u0131. Yirmi dakika gecikti ancak&#8230; Herkesin hayat\u0131nda 20 dakika \u00e7ok \u00f6nemlidir. Hele 50 ya\u015f\u0131ndan sonra \u00e7ok daha fazla. Ama kimse de sesini \u00e7\u0131kartm\u0131yordu! Bu \u00e7ok daha enteresan!<\/p>\n<p style=\"text-align: justify;\">Siz ne yapt\u0131n\u0131z?<br \/>\nMerak ettim, sordum; &#8220;Niye hareket etmiyoruz&#8221; diye. &#8220;Se\u00e7im otob\u00fcs\u00fc geliyor, onu bekliyoruz&#8221; dediler. Art\u0131k kaptana \u00e7\u0131kmaya tenezz\u00fcl bile etmedim. Ertesi g\u00fcn de bunu program\u0131mda dile getirdim. Bunu siyaset, politika ya da muhalefet yapmak i\u00e7in s\u00f6ylemedim. Ya\u015fad\u0131klar\u0131m\u0131 anlatt\u0131m. Ayr\u0131ca ben partiler \u00fcst\u00fc biriyim. Mesela benim i\u00e7in bir di\u011fer ger\u00e7ek de Bursa&#8217;n\u0131n y\u0131llar sonra, \u00e7evre yollar\u0131na kavu\u015fmas\u0131, \u00f6nemli bir trafik sorununu halletmesiydi. Bunu da s\u00f6yledim hem de Bursa&#8217;da belediyede hangi parti varm\u0131\u015f bilmeden. \u00c7\u00fcnk\u00fc bu da bir ger\u00e7ek.<\/p>\n<p style=\"text-align: justify;\"><strong>Sezer&#8217;in makam arabas\u0131 k\u0131rm\u0131z\u0131da dururdu.<\/strong><\/p>\n<p style=\"text-align: justify;\">Ama ele\u015ftirilerinize itiraz var. \u0130DO, arac\u0131n AKP&#8217;ye de\u011fil Ba\u015fbakanl\u0131\u011fa ait oldu\u011funu ve arac\u0131n beklenmedi\u011fini sadece gemiye s\u0131\u011fmad\u0131\u011f\u0131 i\u00e7in binmek i\u00e7in u\u011fra\u015ft\u0131\u011f\u0131n\u0131 s\u00f6yledi.<br \/>\nBu bir gerek\u00e7e mi? Sonu\u00e7ta o gemi saatinde kalkmad\u0131. Video g\u00f6r\u00fcnt\u00fclerini izledim; otob\u00fcs giriyor, \u00e7\u0131k\u0131yor, manevra yap\u0131yor&#8230; Giremeyip yoluna devam ediyor. Ba\u015fka bir otob\u00fcs i\u00e7in bu kadar u\u011fra\u015f\u0131l\u0131r m\u0131yd\u0131? S\u0131rf yanl\u0131\u015f anla\u015f\u0131lmayay\u0131m diye televizyonda &#8220;MHP&#8217;nin otob\u00fcs\u00fcn\u00fc beklerler miydi&#8221; dedim yani ana muhalefetin militan\u0131 gibi g\u00f6r\u00fcnmemek i\u00e7in.<\/p>\n<p style=\"text-align: justify;\">Arac\u0131n AKP&#8217;ye de\u011fil Ba\u015fbakanl\u0131\u011fa ait \u00e7\u0131kmas\u0131n\u0131 baz\u0131 gazeteler &#8220;Mehmet Ali Erbil haks\u0131z \u00e7\u0131kt\u0131&#8221; diyerek yorumlad\u0131. Sizce?<br \/>\nArac\u0131n AKP&#8217;ye de\u011fil Ba\u015fbakanl\u0131\u011fa ait olmas\u0131 daha k\u00f6t\u00fc de\u011fil mi? Devletin bu t\u00fcr durumlarda herkesten daha sorumlu, sayg\u0131l\u0131 davranmas\u0131 gerekmez mi? Hele b\u00f6ylesi hassas bir d\u00f6nemde. Eski cumhurba\u015fkan\u0131 Ahmet Necdet Sezer&#8217;in makam arabas\u0131n\u0131n k\u0131rm\u0131z\u0131 \u0131\u015f\u0131kta durdu\u011funu unutmayal\u0131m. Arada biraz fark var yani! Bunlar k\u00fc\u00e7\u00fck \u015feyler ama \u00e7ok da \u00f6nemli. Bir de bunun yan\u0131 s\u0131ra yap\u0131lan haks\u0131zl\u0131klar, ayr\u0131cal\u0131klar da mide buland\u0131r\u0131c\u0131 oluyor.<\/p>\n<p style=\"text-align: justify;\"><strong>B\u0131rak\u0131n muhalefeti, hiciv bile yok<\/strong><\/p>\n<p style=\"text-align: justify;\">Yapm\u0131\u015f oldu\u011funuz \u00e7\u0131k\u0131\u015f\u0131 bir patlama olarak de\u011ferlendirmek ne kadar do\u011fru?<br \/>\nBen patlama olarak nitelemiyorum. Bir-iki y\u0131ld\u0131r baz\u0131 dokundurmalarda bulunuyordum. Ama bu hep k\u00f6t\u00fc de de\u011fildi. \u0130yi taraflar\u0131n\u0131 s\u00f6yledi\u011fim de oldu. Mesela benim bir ila\u00e7 sorunum var. T\u00fcrkiye&#8217;de bulunam\u0131yor ve ithali \u00e7ok g\u00fc\u00e7.<br \/>\nSa\u011fl\u0131k Bakan\u0131&#8217;n\u0131n kap\u0131s\u0131n\u0131 \u00e7ald\u0131\u011f\u0131mda, Recep Akda\u011f ilac\u0131m\u0131n ithal edilmesinde kolayl\u0131k sa\u011flad\u0131, sa\u011f olsun! Belki &#8220;Bu \u00e7ocuk en \u00e7ok vergi verenlerden&#8221; dedi, belki de sa\u011fl\u0131kla ilgili bir sorun diye halledildi&#8230; Ama ikiletmedi bile. Oysa daha \u00f6nce hi\u00e7bir parti bu sorunumu halledememi\u015fti.<\/p>\n<p style=\"text-align: justify;\">Bu olaydan \u00f6nce ele\u015ftirilerde bulunuyor muydunuz?<br \/>\nMesela se\u00e7im s\u00fcrecine girilmesiyle k\u00f6m\u00fcrd\u00fc, beyaz e\u015fyayd\u0131 da\u011f\u0131t\u0131lmaya ba\u015flan\u0131nca ben de dokundurmalar yapmaya, i\u015fin mizah y\u00f6n\u00fcyle sorular sormaya ba\u015flad\u0131m. \u0130nsanlara soruyordum; &#8220;Oyunuzu size buzdolab\u0131 verene mi vereceksiniz?&#8221; diye. Elektrik yok, su yok ama buzdolab\u0131 ya da \u00e7ama\u015f\u0131r makinesi var!<\/p>\n<p style=\"text-align: justify;\">Siz bunlar\u0131 s\u00f6yledi\u011finizde size ne diyorlar?<br \/>\nG\u00fcl\u00fcyorlar&#8230; Maalesef halk\u0131m\u0131z \u00f6yle sadece g\u00fcl\u00fcyor.<\/p>\n<p style=\"text-align: justify;\">O zaman, &#8220;Tek partili d\u00f6neme mi gidiyoruz?&#8221; dedi\u011finiz yani bir korkuyu ifade etti\u011finiz i\u00e7in mi bu son ele\u015ftiriniz pat\u0131rt\u0131 kopard\u0131?<br \/>\nBunu korku olarak adland\u0131rmak istemem. \u015eu da bir ger\u00e7ek ki kimsenin pek sesi \u00e7\u0131km\u0131yor. Neden bilmiyorum. \u0130nsanlar ya bast\u0131r\u0131ld\u0131lar, ya da \u00fcrk\u00fct\u00fcld\u00fcler.<br \/>\nAnlad\u0131\u011f\u0131m kadar\u0131yla b\u00f6yle bir s\u00fcre\u00e7ten ge\u00e7iyoruz. Birka\u00e7 ayd\u0131n\u0131n d\u0131\u015f\u0131nda, hi\u00e7 kimsenin hele hele sanat\u00e7\u0131 grubunun sesi \u00e7\u0131km\u0131yor. Muhalefet etmiyor. B\u0131rak\u0131n muhalefeti ele\u015ftirel hiciv, mizah da yok.<\/p>\n<p style=\"text-align: justify;\"><strong>\u00d6zal&#8217;\u0131n taklidini yapmayan\u0131 d\u00f6v\u00fcyorlard\u0131<\/strong><\/p>\n<p style=\"text-align: justify;\">\u00d6zal da tek ba\u015f\u0131na iktidar olmu\u015ftu, hem de 12 Eyl\u00fcl&#8217;\u00fcn hemen sonras\u0131nda. Yani halk\u0131n darbe korkular\u0131n\u0131n taze oldu\u011fu bir d\u00f6nemde. O zaman ele\u015ftiri daha m\u0131 fazlayd\u0131?<br \/>\nEvet ama \u00d6zal, vizyonu geni\u015f bir devlet adam\u0131yd\u0131. Ho\u015fg\u00f6r\u00fcl\u00fcyd\u00fc. Bu \u00e7ok \u00f6nemlidir. Ama gittik\u00e7e \u00fclkemizde kayboluyor. Siyaset\u00e7iler ba\u015fta olmak \u00fczere \u00fclkemiz ho\u015fg\u00f6r\u00fcs\u00fcn\u00fc yitiriyor. Ele\u015ftiriye tahamm\u00fcl\u00fcm\u00fcz azald\u0131.<\/p>\n<p style=\"text-align: justify;\">Ya espri yani kendimizle dalga ge\u00e7ebilme yetene\u011fimiz?<br \/>\nMaalesef o da. Oysa \u00d6zal&#8217;\u0131n taklidini yapmayan\u0131 d\u00f6v\u00fcyorlard\u0131! Rahmetlinin sanat\u00e7\u0131lara yakla\u015f\u0131m\u0131 da farkl\u0131yd\u0131. Bir kere hazmetmi\u015f biriydi. Unutmayal\u0131m ki, hiciv, mizah denen \u015feyler demokrasinin \u00f6nemli olgular\u0131ndand\u0131r.<\/p>\n<p style=\"text-align: justify;\">Sizce Erdo\u011fan mizah\u0131 sevmiyor olabilir mi?<br \/>\nBence \u00f6zellikle Erdo\u011fan&#8217;\u0131n insanlara bask\u0131 yapmas\u0131n\u0131 hi\u00e7 anlayam\u0131yorum \u00e7\u00fcnk\u00fc kendi \u00e7\u0131k\u0131\u015f noktas\u0131 bu de\u011fil mi? Yani \u00e7ok seslilik, \u00f6zg\u00fcrl\u00fck\u00e7\u00fcl\u00fck, \u00e7o\u011fulcu demokrasi, insanlar\u0131n istedi\u011fi gibi d\u00fc\u015f\u00fcnce ve dileklerini ifade edebilmesi&#8230; O bu ama\u00e7la ortaya \u00e7\u0131kmad\u0131 m\u0131?<\/p>\n<p style=\"text-align: justify;\"><strong>Art\u0131k &#8220;\u00c7ark\u0131felek Partisi&#8221; olduk<\/strong><\/p>\n<p style=\"text-align: justify;\">&#8220;Pek kimsenin sesi \u00e7\u0131kmazken&#8221; siz \u00e7\u0131kard\u0131n\u0131z. Bu da sizi \u015fu an en me\u015fhur muhalif yapt\u0131. Size y\u00f6nelik beklentiler var m\u0131?<br \/>\n\u015eu an program\u0131 &#8220;\u00c7ark\u0131felek Partisi&#8221; diye adland\u0131r\u0131yorlar. &#8220;Bakal\u0131m Mehmet Ali bug\u00fcn ne diyecek, ne t\u00fcr bir ele\u015ftiri getirecek&#8221; diye bir beklenti de olu\u015ftu. Ama benim \u00f6yle bir derdim yok, ben bu s\u00f6zleri muhalif olay\u0131m diye s\u00f6ylemedim.<\/p>\n<p style=\"text-align: justify;\">\u00c7\u0131k\u0131\u015f\u0131n\u0131z akla Faz\u0131l Say&#8217;\u0131 getirdi. Ne dersiniz?<br \/>\nOnun ki biraz daha farkl\u0131yd\u0131 \u00e7\u00fcnk\u00fc onun bire bir can\u0131n\u0131 ac\u0131tan bir durum s\u00f6z konusuydu. Ki\u015fili\u011fine, sanat\u0131na, genel anlam\u0131yla sanata y\u00f6nelik bir durum&#8230; Benimkinde ise bir vatanda\u015f tepkisi var. Herkesin ba\u015f\u0131na gelebilecek bir olaya reaksiyon g\u00f6sterdim ben.<\/p>\n<p style=\"text-align: justify;\">Peki b\u00f6ylesi bir \u00e7\u0131k\u0131\u015f yapm\u0131\u015f oldu\u011funuz i\u00e7in korkmuyor musunuz?<br \/>\nKorkmuyorum ama endi\u015felerim tabii ki oluyordu.<\/p>\n<p style=\"text-align: justify;\">Mesela i\u015fsiz kal\u0131r m\u0131s\u0131n\u0131z?<br \/>\nYook! Otuz y\u0131ld\u0131r hi\u00e7 b\u00f6yle bir endi\u015fem olmad\u0131. Sanat\u0131ma, yetene\u011fime g\u00fcvendi\u011fim s\u00fcrece de olmaz. Bildi\u011fimi s\u00f6ylerim, ele\u015ftirece\u011fim ki\u015fi yay\u0131n yapt\u0131\u011f\u0131m kanal\u0131n sahibi bile olsa&#8230; Hem de ertesi g\u00fcn kap\u0131n\u0131n \u00f6n\u00fcne koyaca\u011f\u0131n\u0131 bilsem bile&#8230; \u00c7\u00fcnk\u00fc s\u00f6ylemezsem duramam.<\/p>\n<p style=\"text-align: justify;\"><strong>Ana muhalefetin militan\u0131 de\u011filim<\/strong><\/p>\n<p style=\"text-align: justify;\">Ben bir siyaset\u00e7i olsam sizi muhalifim olarak istemezdim. \u00c7\u00fcnk\u00fc hem \u00e7ok seviliyor, izleniyor hem de hediye da\u011f\u0131t\u0131yorsunuz&#8230; Ne dersiniz, sizce de riskli bir muhalif misiniz?<br \/>\nOtuz y\u0131ld\u0131r halk\u0131n sevdi\u011fi, g\u00fcvendi\u011fi ve samimi buldu\u011fu biriyim.<\/p>\n<p style=\"text-align: justify;\">Tabii hediye, para da\u011f\u0131tan da&#8230;<br \/>\nEe, d\u00fcn mesela (\u00e7ar\u015famba) Ba\u015fbakan\u0131n memleketine; Rize&#8217;ye araba verdik. Ana muhalefetin militan\u0131 olsayd\u0131m verir miydim; &#8220;Size derin dondurucu yeter&#8221; derdim.<\/p>\n<p style=\"text-align: justify;\">Sizin aksinize h\u00fck\u00fcmeti be\u011fenen, destekleyen \u00e7ok entelekt\u00fcel var. Onlardan farkl\u0131 olarak siz ne g\u00f6r\u00fcyorsunuz?<br \/>\nBen halkla bire bir ya\u015fayan biriyim, fark\u0131m bu. Her program\u0131mda halktan en az 50 ki\u015fi ile diyalog kuruyorum. Buna st\u00fcdyodaki 100-150 ki\u015fiyi de ekleyin. Yani her g\u00fcn 200-250 yeni ki\u015fiyle tan\u0131\u015f\u0131p konu\u015fuyorum. Bu da \u00e7ok ciddi bir g\u00f6zlem&#8230;<\/p>\n<p style=\"text-align: justify;\"><strong>Diktat\u00f6rl\u00fc\u011fe gidiyormu\u015fuz gibi geliyor<\/strong><\/p>\n<p style=\"text-align: justify;\">\u0130\u00e7inde bulundu\u011fumuz s\u00fcreci nas\u0131l de\u011ferlendiriyorsunuz?<br \/>\nHer \u015fey gittik\u00e7e karamsarla\u015f\u0131yor. Buna televizyon programlar\u0131 da dahil.<\/p>\n<p style=\"text-align: justify;\">Ergenekon davas\u0131 sizi nas\u0131l etkiliyor?<br \/>\nB\u00fct\u00fcn diskler \u00e7\u00f6z\u00fcl\u00fcyor. (G\u00fcl\u00fcyor!) &#8220;Endi\u015fe duymuyorum&#8221; dersem yalan olur. Yar\u0131n \u00f6b\u00fcr g\u00fcn en ufak bir \u015feyden \u00f6t\u00fcr\u00fc, bizim i\u00e7in de &#8220;Ergenekon&#8217;la ba\u011flant\u0131s\u0131 var&#8221; denilebilir. Hi\u00e7 belli olmaz! San\u0131r\u0131m beni biraz da Ergenekon&#8217;dan tutun, medya gruplar\u0131na y\u00f6nelik yap\u0131lan bask\u0131lar, \u00e7\u0131karc\u0131, ayr\u0131cal\u0131kl\u0131 yakla\u015f\u0131mlar rahats\u0131z etti. Yani hepsi \u00fcst \u00fcste gelince tek partili bir d\u00f6neme gidiyormu\u015fuz gibi geliyor bana. Ya da bir diktat\u00f6rl\u00fc\u011f\u00fc gidiyormu\u015fuz gibi&#8230; Tayip Erdo\u011fan&#8217;\u0131 benzetmek gibi olmas\u0131n ama o y\u00f6ne do\u011fru kay\u0131yormu\u015fuz gibi geliyor bana.<\/p>\n<p style=\"text-align: justify;\">B\u00f6yle bir kay\u0131\u015f ger\u00e7ekle\u015firse&#8230; B Plan\u0131n\u0131z var m\u0131? \u00dclkeden ayr\u0131l\u0131r m\u0131s\u0131n\u0131z?<br \/>\nAsla \u00fclkemden gitmem. Kartal&#8217;da, Silivri&#8217;de kal\u0131r\u0131m ama \u00fclkemde kal\u0131r\u0131m.<\/p>\n<p style=\"text-align: justify;\">&#8220;Silivri&#8217;de kal\u0131rsam bana i\u00e7 \u00e7ama\u015f\u0131r\u0131 getirin&#8221; dediniz&#8230;<br \/>\nAma y\u00fcn olsun ne olur.<\/p>\n<p style=\"text-align: justify;\"><strong>50 sar\u0131\u015f\u0131n gardiyan isterim<\/strong><\/p>\n<p style=\"text-align: justify;\">Ba\u015fka?<br \/>\n50 de sar\u0131\u015f\u0131n gardiyan! Ee, art\u0131k bana b\u00f6yle bir ayr\u0131cal\u0131k yaps\u0131nlar, de\u011fil mi? Allah&#8217;\u0131m koru yarabbi! Tabii sanm\u0131yorum b\u00f6yle \u015feyler olsun. Bu kadar\u0131 olmaz!<br \/>\nAma buna ra\u011fmen iktidarda da bir panik havas\u0131 var, bu yerel se\u00e7imde. Sanki iktidar elden gidecek, b\u00fcy\u00fck\u015fehirler elden gidecekmi\u015f gibiler.<\/p>\n<p style=\"text-align: justify;\">Kad\u0131nlar, artan muhafazakarla\u015fma kar\u015f\u0131s\u0131ndaki &#8220;korkuyoruz&#8221; diyor&#8230;<br \/>\nHalk\u0131 tan\u0131r\u0131m, iyi de diyalog kurar\u0131m. Sanm\u0131yorum ki T\u00fcrk halk\u0131 laiklikten uzakla\u015fs\u0131n. \u00d6yle bir yerde &#8220;dur&#8221; der ki, herkes \u015fa\u015f\u0131r\u0131r. Bunu bir ge\u00e7i\u015f s\u00fcreci olarak g\u00f6r\u00fcyorum. Ta\u015flar bir s\u00fcre sonra yerine oturacakt\u0131r. Hepsi tecr\u00fcbelenecek, (siyasiler) T\u00fcrkiye&#8217;yi daha iyi tan\u0131yacaklar. \u00c7\u00fcnk\u00fc alt\u0131-yedi y\u0131ll\u0131k iktidarla T\u00fcrkiye tan\u0131nmaz. Bak\u0131n S\u00fcleyman Demirel&#8217;e&#8230; O bile T\u00fcrkiye&#8217;yi daha yeni tan\u0131yor. Ka\u00e7 y\u0131ll\u0131k politikac\u0131 oysa&#8230;<\/p>\n<p style=\"text-align: justify;\"><strong>RT\u00dcK ya da kanaldan uyar\u0131 gelmedi<\/strong><\/p>\n<p style=\"text-align: justify;\">Yeni \u015eafak yazar\u0131 Bekir Hazar halk\u0131 a\u015fa\u011f\u0131lad\u0131\u011f\u0131n\u0131z\u0131 s\u00f6yledi: &#8220;Kestaneyi \u00e7izdirmemek ad\u0131na koyun gibi oy veriyorsunuz&#8221; dedi\u011finiz i\u00e7in&#8230;<br \/>\nHicivle a\u015fa\u011f\u0131lamay\u0131 birbirine kar\u0131\u015ft\u0131rm\u0131\u015f. Bekir Bey, o kadar hacca gidip geldi, \u00f6\u011frenememi\u015f mi bunlar\u0131?<\/p>\n<p style=\"text-align: justify;\">&#8220;Televizyoncu siyasi yorum yapmaz&#8221; gibi bir imaj vard\u0131r. \u00c7\u0131k\u0131\u015f\u0131n\u0131z\u0131n ilgi \u00e7ekmesinin bir nedeni de bu mu?<br \/>\n\u00d6yle bak\u0131l\u0131r de\u011fil mi? Televizyoncu i\u015fte&#8230; Hafiftir, sulu z\u0131rtlakt\u0131r. Ama sanat\u00e7\u0131 muhaliftir, sanat\u0131n \u00f6z\u00fcnde ele\u015ftiri vard\u0131r. Ben do\u011fal biriyim yani bunu bilin\u00e7li yapmad\u0131m. G\u00fcndeme geleyim, reyting yapay\u0131m diye&#8230;<\/p>\n<p style=\"text-align: justify;\">RT\u00dcK&#8217;\u00fcn program\u0131n\u0131za uyar\u0131larda bulundu\u011fu, bu nedenle h\u00fck\u00fcmeti ele\u015ftirdi\u011finize dair s\u00f6ylentiler var?<br \/>\nS\u00f6z konusu bile de\u011fil. Bizim program\u0131m\u0131z T\u00fcrk gelenek ve g\u00f6reneklerine ayk\u0131r\u0131 de\u011fil. \u0130nsanlar\u0131m\u0131z\u0131 da e\u011flendiriyor ve RT\u00dcK&#8217;le aram\u0131zda bir sorun ya da bize gelen bir uyar\u0131 yok.<\/p>\n<p style=\"text-align: justify;\">Fox TV&#8217;den bir ikaz geldi mi?<br \/>\nHay\u0131r.<\/p>\n<p style=\"text-align: justify;\">Devam et, reyting s\u00fcper, dendi mi?<br \/>\nO da denmedi. Benim \u00f6yle bir plan\u0131m yok. Ama s\u00f6ylemek istedi\u011fim bir \u015fey g\u00f6r\u00fcrsem yine s\u00f6ylerim.<\/p>\n<p style=\"text-align: justify;\"><strong>Halk\u0131m\u0131z a\u00e7 ama yine de g\u00fclebiliyor<\/strong><\/p>\n<p style=\"text-align: justify;\">\u00c7ark\u0131felek&#8217;te il il gezip evlere konuk oluyorsunuz. \u00dclkenin durumu nedir?<br \/>\n\u0130nsanlar a\u00e7, paras\u0131z ve \u00e7ok \u015feye muhta\u00e7. Ama k\u00fc\u00e7\u00fcc\u00fck bir \u015feyle de mutlu oluyorlar. G\u00fcneydo\u011fu&#8217;ya 300 milyara yak\u0131n (eski parayla) hediye ve para verdik. Bu kadar\u0131n\u0131 devlet vermedi, b\u00f6yle bir d\u00f6nemde. \u015eunu g\u00f6r\u00fcyorum insanlar k\u00fc\u00e7\u00fcc\u00fck \u015feylerle mutlu oluyor. Tabii bu bizim programda o an ger\u00e7ekle\u015fen bir durum da olabilir. Ama bence bu T\u00fcrk insan\u0131na mahsus bir \u015fey! Ne kadar do\u011fallar de\u011fil mi? Ak Parti&#8217;ye y\u00f6nelik bu kadar ele\u015ftiri getirdim, bir sonraki gece Rizelilerin bana yakla\u015f\u0131mda hi\u00e7bir sorun yoktu.<\/p>\n<p style=\"text-align: justify;\">Sizce neden &#8220;Bu yoksulluk niye?&#8221; diye sormuyorlar?<br \/>\nDilim varm\u0131yor ama halk\u0131m\u0131z cahil. G\u00fczel insanlar ama ger\u00e7e\u011fi g\u00f6remiyorlar \u00e7\u00fcnk\u00fc bunun yolu e\u011fitimden ge\u00e7iyor.<\/p>\n<p style=\"text-align: justify;\">Ne t\u00fcr tepkiler al\u0131yorsunuz?<br \/>\nMuhte\u015fem. Kay\u0131npederim, &#8220;Damad\u0131mla gurur duyuyorum&#8221; dedi. Tatmad\u0131\u011f\u0131m duygular\u0131 tad\u0131yorum. De\u011fer verdi\u011fim insanlar beni takdir ediyor. Di\u011fer sanat\u00e7\u0131lara \u00f6rnek olmam gerekti\u011fi s\u00f6yleniyor. Ama ben anlayam\u0131yorum. Bir sanat\u00e7\u0131 nas\u0131l sessiz kalabilir! Etraf\u0131ma bak\u0131p duruyorum ama g\u00f6rd\u00fc\u011f\u00fcm ki\u015filer yalakal\u0131ktan ba\u015fka bir \u015fey yapm\u0131yor.<\/p>\n<p style=\"text-align: justify;\"><strong>Bo\u015f oy atmam, oylar b\u00f6l\u00fcnmesin!<\/strong><\/p>\n<p style=\"text-align: justify;\">Oyunuzu kime vereceksiniz?<br \/>\nBu durumda kime verecek olabilirim? En iyi hizmeti kim verecekse&#8230;<\/p>\n<p style=\"text-align: justify;\">Kime?<br \/>\nYorum yok.<\/p>\n<p style=\"text-align: justify;\">K\u0131l\u0131\u00e7daro\u011flu sizi ikna ediyor mu?<br \/>\nD\u00fcr\u00fcstl\u00fc\u011f\u00fc ile ediyor ama biraz enerjisiz, \u0131\u015f\u0131ks\u0131z geliyor bana. Ben enerjisi y\u00fcksek insan istiyorum. Mesela Kadir Topba\u015f da d\u00fczg\u00fcn biri ama o da enerjisiz.<\/p>\n<p style=\"text-align: justify;\">Ama Tayip Erdo\u011fan&#8217;\u0131n enerjisi \u00e7ok y\u00fcksek?<br \/>\nOne minute, one minute! \u015eaka bir yana bu \u00fclkeye enerji gerek. \u00c7ok gen\u00e7 bir toplumuz, ne yaz\u0131k ki bunu da \u0130stanbul adaylar\u0131nda g\u00f6rm\u00fcyorum.<\/p>\n<p style=\"text-align: justify;\">Bo\u015f oy mu atacaks\u0131n\u0131z?<br \/>\nBo\u015f atmam&#8230; Oylar da\u011f\u0131lmas\u0131n!<\/p>\n<p style=\"text-align: justify;\">20 y\u0131l \u00f6nce bu \u00fclkede Tutti Frutti yay\u0131nlan\u0131yordu.<\/p>\n<p style=\"text-align: justify;\">K\u0131zlar\u0131n\u0131z kapanmak istese?<br \/>\nSayg\u0131 duyar\u0131m.<\/p>\n<p style=\"text-align: justify;\">Ya bir tarikat mensubu ile evlenmek istese?<br \/>\nO zaman tepki veririm. Endi\u015felenirim.<\/p>\n<p style=\"text-align: justify;\">Sizce tarikatlar, benzer ili\u015fkiler yayg\u0131nla\u015ft\u0131 m\u0131?<br \/>\nBunlar iktidarla ayn\u0131 do\u011frultuda gidiyor. Sanat\u00e7\u0131 hatta ayd\u0131n kesimde bile bu insanlar\u0131n yanda\u015flar\u0131 gittik\u00e7e art\u0131yor.<\/p>\n<p style=\"text-align: justify;\">Televizyon d\u00fcnyas\u0131nda durum ne? Dekolteler kapan\u0131yor mu?<br \/>\nAzal\u0131yor. G\u00f6r\u00fcnmeyen bir sans\u00fcr varm\u0131\u015f gibi&#8230; 20 y\u0131l \u00f6nce bu \u00fclkede Tutti Frutti yay\u0131nlan\u0131yordu. \u015eimdi yay\u0131nlansa ertesi g\u00fcn bakkallarda ekmek kalmaz. (Sava\u015f, do\u011fal afet beklentisi ile insanlar\u0131n ekmek sto\u011fu yapmas\u0131n\u0131 kasttediyor.)<\/p>\n<p style=\"text-align: justify;\">O zaman &#8220;Mehmet Ali Erbil ve 50 sar\u0131\u015f\u0131n&#8221; program\u0131 50 t\u00fcrbanl\u0131 m\u0131 olur?<br \/>\nYok can\u0131m, o tutmaz; 50 baltayla olur, 50 balta yar\u0131\u015f\u0131r!<\/p>\n<p style=\"text-align: justify;\"><strong>Baykal, Erdo\u011fan ve Bah\u00e7eli&#8217;yi \u00c7ark\u0131felek&#8217;e beklerim<\/strong><\/p>\n<p style=\"text-align: justify;\">Baykal Ba\u015fbakan\u0131 sizin moderat\u00f6rl\u00fc\u011f\u00fcn\u00fczde d\u00fcelloya \u00e7a\u011f\u0131rd\u0131. Nas\u0131l olur bu d\u00fcello; U\u011fur D\u00fcndar tarz\u0131 m\u0131, \u00c7ark\u0131felek tarz\u0131 m\u0131?<br \/>\n\u00c7ark\u0131felek tarz\u0131 tabii.<\/p>\n<p style=\"text-align: justify;\">Sorular\u0131n\u0131z ne olurdu?<br \/>\nNeler olmazd\u0131 ki! \u00c7ok haz\u0131rlan\u0131rd\u0131m. Kendi \u00fcslubumla yani insanlar\u0131 s\u0131kmadan, e\u011flendirerek kimsenin hatta U\u011fur D\u00fcndar ve Mehmet Ali Birand&#8217;\u0131n bile soramayaca\u011f\u0131 sorular\u0131 sorard\u0131m. Ama hepsine. Sadece Erdo\u011fan&#8217;a de\u011fil. \u00c7\u00fcnk\u00fc \u00fclkenin bu hale gelmesinde CHP&#8217;nin de pay\u0131 var. Bir de \u015f\u00f6yle bir program olsun isterim: Bir tarafta Tayip Erdo\u011fan, \u00f6b\u00fcr tarafta Baykal, ortada da Devlet Bah\u00e7eli! \u00dc\u00e7\u00fcn\u00fcn yar\u0131\u015fmas\u0131 muhte\u015fem olurdu herhalde. Ama 50 sar\u0131\u015f\u0131na da Kamer Gen\u00e7&#8217;in \u00e7\u0131kmas\u0131n\u0131 \u00e7ok isterim! Muhte\u015fem olmaz m\u0131? Oradan elde edilecek gelirle de &#8220;Tunceli&#8217;ye okul yapt\u0131ral\u0131m&#8221; derim.<\/p>\n<p style=\"text-align: justify;\"><span style=\"color: #888888;\">Kaynak : Buket A\u015f\u00e7\u0131 \/ Vatan Gazetesi<\/span><\/p>\n","protected":false},"excerpt":{"rendered":"<p style=\"text-align: center;\">\n<p style=\"text-align: justify;\">Baykal, Erdo\u011fan ve Bah\u00e7eli&#8217;yi \u00c7ark\u0131felek&#8217;e beklerim.<\/p>\n<p style=\"text-align: justify;\">Onu izlerken \u015fa\u015fk\u0131na d\u00f6nmemek m\u00fcmk\u00fcn de\u011fil. Her kesimden insan\u0131 konu\u015fturup g\u00fcld\u00fcr\u00fcyor. Mesela ba\u015f\u00f6rt\u00fcl\u00fc, be\u015f vakit namaz k\u0131ld\u0131\u011f\u0131 belli olan, muhafazak\u00e2r diye tan\u0131mlanacak bir teyzeyi bile k\u0131k\u0131rdatmay\u0131 &#8220;Bak kocama ne yak\u0131\u015f\u0131kl\u0131&#8221; dedirtmeyi ba\u015far\u0131yor. Yani bu \u00fclkede halk\u0131n ortak bir dili varsa, onu iyi <\/p>\n","protected":false},"author":1,"featured_media":0,"comment_status":"open","ping_status":"closed","sticky":false,"template":"","format":"standard","meta":{"footnotes":""},"categories":[7],"tags":[],"class_list":["post-6151","post","type-post","status-publish","format-standard","hentry","category-ekonomi","odd"],"_links":{"self":[{"href":"http:\/\/www.korhanyilmaz.com\/index.php?rest_route=\/wp\/v2\/posts\/6151","targetHints":{"allow":["GET"]}}],"collection":[{"href":"http:\/\/www.korhanyilmaz.com\/index.php?rest_route=\/wp\/v2\/posts"}],"about":[{"href":"http:\/\/www.korhanyilmaz.com\/index.php?rest_route=\/wp\/v2\/types\/post"}],"author":[{"embeddable":true,"href":"http:\/\/www.korhanyilmaz.com\/index.php?rest_route=\/wp\/v2\/users\/1"}],"replies":[{"embeddable":true,"href":"http:\/\/www.korhanyilmaz.com\/index.php?rest_route=%2Fwp%2Fv2%2Fcomments&post=6151"}],"version-history":[{"count":0,"href":"http:\/\/www.korhanyilmaz.com\/index.php?rest_route=\/wp\/v2\/posts\/6151\/revisions"}],"wp:attachment":[{"href":"http:\/\/www.korhanyilmaz.com\/index.php?rest_route=%2Fwp%2Fv2%2Fmedia&parent=6151"}],"wp:term":[{"taxonomy":"category","embeddable":true,"href":"http:\/\/www.korhanyilmaz.com\/index.php?rest_route=%2Fwp%2Fv2%2Fcategories&post=6151"},{"taxonomy":"post_tag","embeddable":true,"href":"http:\/\/www.korhanyilmaz.com\/index.php?rest_route=%2Fwp%2Fv2%2Ftags&post=6151"}],"curies":[{"name":"wp","href":"https:\/\/api.w.org\/{rel}","templated":true}]}}