{"id":6146,"date":"2009-03-22T12:12:07","date_gmt":"2009-03-22T10:12:07","guid":{"rendered":"http:\/\/www.korhanyilmaz.com\/?p=6146"},"modified":"2009-03-22T12:12:07","modified_gmt":"2009-03-22T10:12:07","slug":"iste-son-rakamlar","status":"publish","type":"post","link":"http:\/\/www.korhanyilmaz.com\/?p=6146","title":{"rendered":"\u0130kinci Elde Fiyatlar \u0130ndi.."},"content":{"rendered":"<p style=\"text-align: center;\"><img loading=\"lazy\" decoding=\"async\" class=\"size-full wp-image-6147  aligncenter\" title=\"\u0130\u015fte son rakamlar \" src=\"http:\/\/www.korhanyilmaz.com\/wp-content\/uploads\/2009\/03\/220320091210567687514.jpg\" alt=\"\u0130\u015fte son rakamlar \" width=\"320\" height=\"100\" \/><\/p>\n<p style=\"text-align: justify;\"><strong>Yakla\u015f\u0131k bir haftad\u0131r s\u0131f\u0131r otomobillerde uygulanan \u00d6TV indirimi, ikinci el piyasas\u0131n\u0131n ilk pazar g\u00fcn\u00fcnde fiyatlar\u0131n gerilemesine neden oldu.<\/strong><\/p>\n<p style=\"text-align: justify;\">AA muhabirinin edindi\u011fi bilgiye g\u00f6re, ge\u00e7ti\u011fimiz hafta Pazartesi g\u00fcn\u00fc, 1600 cc ve alt\u0131 motorlara sahip ara\u00e7larda \u00d6TV oran\u0131n\u0131n, 3 ay i\u00e7in y\u00fczde 37&#8217;den y\u00fczde 18&#8217;e indirilmesi, \u00d6TV indiriminden sonra ilk pazar g\u00fcn\u00fc kurulan Konya&#8217;daki ikinci el otomobil pazar\u0131n\u0131 da etkiledi.<\/p>\n<p style=\"text-align: justify;\">Ge\u00e7ti\u011fimiz hafta pazar g\u00fcn\u00fc ayn\u0131 pazarda 2000 model ve \u00fcst\u00fc otomobiller i\u00e7in sat\u0131c\u0131lar\u0131n istedi\u011fi fiyatlar, bu pazar ortalama bin TL geriledi. 2000 modelden daha ya\u015fl\u0131 otomobillerde ise fiyatlardaki d\u00fc\u015f\u00fc\u015f ara\u00e7 ba\u015f\u0131na yakla\u015f\u0131k 500 TL olarak ger\u00e7ekle\u015fti.<!--more--><\/p>\n<p style=\"text-align: justify;\">\u0130kinci el otomobil pazar\u0131nda sat\u0131lmak i\u00e7in getirilen ara\u00e7lar\u0131n yo\u011funlu\u011fu dikkati \u00e7ekerken, sat\u0131c\u0131lar piyasan\u0131n durgunlu\u011fundan \u015fikayet ediyor.<\/p>\n<p style=\"text-align: justify;\">\u0130kinci el otomobil galerisi sahibi Mehmet \u00c7enesiz, AA muhabirine yapt\u0131\u011f\u0131 a\u00e7\u0131klamada, bir otomobilin s\u0131f\u0131r\u0131n\u0131n fiyat\u0131n\u0131n \u00d6TV indirimiyle\u00a0 d\u00fc\u015fmesinin, ayn\u0131 otomobilin ikinci elinde de fiyat\u0131n belli oranlarda gerilemesine neden oldu\u011funu vurgulad\u0131.<\/p>\n<p style=\"text-align: justify;\">Piyasadaki genel durgunlu\u011fun bug\u00fcn kurulan ikinci el otomobil pazar\u0131nda da devam etti\u011fini anlatan \u00c7enesiz, &#8220;\u00d6TV indiriminin ba\u015flad\u0131\u011f\u0131 son bir hafta i\u00e7inde de\u011fi\u015fen tek \u015fey, sat\u0131c\u0131lar\u0131n fiyatlar\u0131 500-1000 TL d\u00fc\u015f\u00fcrmeleri. B\u00f6ylece ikinci elde fiyatlar d\u00fc\u015febilece\u011fi en taban fiyata oturmu\u015f oldu&#8221; diye konu\u015ftu.<\/p>\n<p style=\"text-align: justify;\"><span style=\"color: #993300;\"><strong>Konya ikinci el otomobil pazar\u0131nda olu\u015fan baz\u0131 fiyatlar ise \u015f\u00f6yle:<\/strong><\/span><\/p>\n<p style=\"text-align: justify;\"><strong><br \/>\n<span style=\"color: #0000ff;\">Marka Model Fiyat<\/span><\/strong><\/p>\n<p style=\"text-align: justify;\">Renault Broadway 1998 RN\u0130 8 bin TL<br \/>\nRenault Broadway 1994 6 bin TL<br \/>\nPeugeot 1998 206 14 bin TL<br \/>\nAudi 1998 A6 (2.8 cc) 24 bin TL<br \/>\nFord KA 1999 7 bin TL<br \/>\nVolkswagen Passat 2001 TD\u0130 25 bin TL<br \/>\nTofa\u015f \u015eahin 1996 S 6 bin TL<br \/>\nHyundai Era 2006 Select 18 bin TL<br \/>\nVolkswagen Golf 1999 Comfort 16 bin TL<br \/>\nFord Fiesta 2006 Diesel 17 bin TL\n<\/p>\n<p style=\"text-align: justify;\"><span style=\"color: #808080;\">AA<\/span><\/p>\n<p style=\"text-align: justify;\">\u00a0<\/p>\n","protected":false},"excerpt":{"rendered":"<p style=\"text-align: center;\">\n<p style=\"text-align: justify;\">Yakla\u015f\u0131k bir haftad\u0131r s\u0131f\u0131r otomobillerde uygulanan \u00d6TV indirimi, ikinci el piyasas\u0131n\u0131n ilk pazar g\u00fcn\u00fcnde fiyatlar\u0131n gerilemesine neden oldu.<\/p>\n<p style=\"text-align: justify;\">AA muhabirinin edindi\u011fi bilgiye g\u00f6re, ge\u00e7ti\u011fimiz hafta Pazartesi g\u00fcn\u00fc, 1600 cc ve alt\u0131 motorlara sahip ara\u00e7larda \u00d6TV oran\u0131n\u0131n, 3 ay i\u00e7in y\u00fczde 37&#8217;den y\u00fczde 18&#8217;e indirilmesi, \u00d6TV indiriminden sonra ilk <\/p>\n","protected":false},"author":1,"featured_media":0,"comment_status":"open","ping_status":"closed","sticky":false,"template":"","format":"standard","meta":{"footnotes":""},"categories":[7],"tags":[],"class_list":["post-6146","post","type-post","status-publish","format-standard","hentry","category-ekonomi","odd"],"_links":{"self":[{"href":"http:\/\/www.korhanyilmaz.com\/index.php?rest_route=\/wp\/v2\/posts\/6146","targetHints":{"allow":["GET"]}}],"collection":[{"href":"http:\/\/www.korhanyilmaz.com\/index.php?rest_route=\/wp\/v2\/posts"}],"about":[{"href":"http:\/\/www.korhanyilmaz.com\/index.php?rest_route=\/wp\/v2\/types\/post"}],"author":[{"embeddable":true,"href":"http:\/\/www.korhanyilmaz.com\/index.php?rest_route=\/wp\/v2\/users\/1"}],"replies":[{"embeddable":true,"href":"http:\/\/www.korhanyilmaz.com\/index.php?rest_route=%2Fwp%2Fv2%2Fcomments&post=6146"}],"version-history":[{"count":0,"href":"http:\/\/www.korhanyilmaz.com\/index.php?rest_route=\/wp\/v2\/posts\/6146\/revisions"}],"wp:attachment":[{"href":"http:\/\/www.korhanyilmaz.com\/index.php?rest_route=%2Fwp%2Fv2%2Fmedia&parent=6146"}],"wp:term":[{"taxonomy":"category","embeddable":true,"href":"http:\/\/www.korhanyilmaz.com\/index.php?rest_route=%2Fwp%2Fv2%2Fcategories&post=6146"},{"taxonomy":"post_tag","embeddable":true,"href":"http:\/\/www.korhanyilmaz.com\/index.php?rest_route=%2Fwp%2Fv2%2Ftags&post=6146"}],"curies":[{"name":"wp","href":"https:\/\/api.w.org\/{rel}","templated":true}]}}