{"id":6142,"date":"2009-03-22T12:34:03","date_gmt":"2009-03-22T10:34:03","guid":{"rendered":"http:\/\/www.korhanyilmaz.com\/?p=6142"},"modified":"2009-03-22T12:34:03","modified_gmt":"2009-03-22T10:34:03","slug":"akpnin-komur-dagitimina-chpden-baskin","status":"publish","type":"post","link":"http:\/\/www.korhanyilmaz.com\/?p=6142","title":{"rendered":"AKP&#039;nin k\u00f6m\u00fcr da\u011f\u0131t\u0131m\u0131na CHP&#039;den bask\u0131n"},"content":{"rendered":"<p><img loading=\"lazy\" decoding=\"async\" class=\"aligncenter size-full wp-image-6165\" title=\"AKP\u2019nin k\u00f6m\u00fcr da\u011f\u0131t\u0131m\u0131na CHP\u2019den bask\u0131n \" src=\"http:\/\/www.korhanyilmaz.com\/wp-content\/uploads\/2009\/03\/fft28_mf141733.jpeg\" alt=\"AKP\u2019nin k\u00f6m\u00fcr da\u011f\u0131t\u0131m\u0131na CHP\u2019den bask\u0131n \" width=\"357\" height=\"238\" \/><\/p>\n<p style=\"text-align: justify;\">TEK\u0130RDA\u011e&#8217;\u0131n \u015eark\u00f6y \u0130l\u00e7esi&#8217;ne ba\u011fl\u0131 M\u00fcrefte Beldesi&#8217;nde, AKP&#8217;nin Belediye Ba\u015fkan aday\u0131 \u0130lhan Ko\u00e7er&#8217;in vatanda\u015flara da\u011f\u0131t\u0131lmak \u00fczere yol ortas\u0131na TIR&#8217;la k\u00f6m\u00fcr bo\u015faltt\u0131\u011f\u0131n\u0131 \u00f6\u011frenen Belediye Ba\u015fkan\u0131 CHP&#8217;li Abdullah Per\u00e7in ile zab\u0131talar bask\u0131n yapt\u0131. Ba\u015fkan ve zab\u0131talar yakla\u015f\u0131k 1000 torba k\u00f6m\u00fcrle ilgili jandarmaya tutanak tutturdu.<\/p>\n<p style=\"text-align: justify;\">Belde \u00e7\u0131k\u0131\u015f\u0131nda bulunan mezbahane yolunda AKP&#8217;lilerin k\u00f6m\u00fcr da\u011f\u0131taca\u011f\u0131 ihbar\u0131n\u0131 alan M\u00fcrefte Belediye Ba\u015fkan\u0131 ve aday CHP&#8217;li Abdullah Per\u00e7in, zab\u0131ta ekiplerini alarak k\u00f6m\u00fcr\u00fcn bo\u015falt\u0131ld\u0131\u011f\u0131 yere bask\u0131n yapt\u0131. Ba\u015fkan ve zab\u0131talar TIR ile bo\u015falt\u0131ld\u0131\u011f\u0131n\u0131 tespit ettikleri k\u00f6m\u00fcrlerin bir trakt\u00f6r\u00fcn kasas\u0131na dolduruldu\u011fu g\u00f6r\u00fcnce hemen jandarmaya haber verdi. Trakt\u00f6r\u00fcn s\u00fcr\u00fcc\u00fcs\u00fc ise AKP&#8217;li Belediye Ba\u015fkan aday\u0131 \u0130lhan Ko\u00e7er ile AKP M\u00fcrefte Belde Ba\u015fkan\u0131 Metin Esen&#8217;i \u00e7a\u011f\u0131rd\u0131. Bu s\u0131rada k\u00f6m\u00fcrlerin da\u011f\u0131t\u0131ld\u0131\u011f\u0131 yere gelen jandarma ekipleri tespit \u00e7al\u0131\u015fmas\u0131 yapt\u0131 ve konu hak\u0131nda tutanak tuttu. <!--more--><\/p>\n<p style=\"text-align: justify;\">M\u00fcrefte Belediye Ba\u015fkan\u0131 Abdullah Per\u00e7in ile AKP&#8217;nin ba\u015fkan aday\u0131 \u0130lhan Ko\u00e7er aras\u0131nda tart\u0131\u015fma \u00e7\u0131kt\u0131. Per\u00e7in, k\u00f6m\u00fcrlerin da\u011f\u0131t\u0131lmas\u0131n\u0131n se\u00e7im yasaklar\u0131 nedeniyle su\u00e7 oldu\u011funu s\u00f6yledi. Ko\u00e7er, &#8220;Ben bu k\u00f6m\u00fcrleri vatanda\u015flara da\u011f\u0131tmak i\u00e7in getirttim. Ancak bu k\u00f6m\u00fcrleri \u015fimdi de\u011fil, se\u00e7imlerden sonra da\u011f\u0131taca\u011f\u0131m&#8221; dedi. Bunun \u00fczerine Per\u00e7in, &#8220;Sen k\u00f6m\u00fcr sat\u0131c\u0131s\u0131 m\u0131s\u0131n. E\u011fer k\u00f6m\u00fcr sat\u0131\u015f\u0131 yapacaksan ve buraya bo\u015faltacaksan \u00f6nce belediyeden ruhsat almak zorundas\u0131n. Ancak ruhsat\u0131n yok&#8221; dedi ve zab\u0131ta ekiplerinin tutanak tutmas\u0131n\u0131 istedi.<\/p>\n<p style=\"text-align: justify;\">M\u00fcrefte&#8217;ye d\u00fcn AKP Milletveki Ziyaeddin Akbulut&#8217;un geldi\u011fini s\u00f6yleyen CHP&#8217;li Ba\u015fkan Abdullah Per\u00e7in, &#8220;Milletvekili se\u00e7im \u00e7al\u0131\u015fmas\u0131 i\u00e7in buraya geldi ve kahvelerde konu\u015fma yaparken bir TIR&#8217;\u0131n mezbahane yoluna k\u00f6m\u00fcr bo\u015faltt\u0131\u011f\u0131 ihbar\u0131n\u0131 ald\u0131k. Olay yerine gitti\u011fimizde k\u00f6m\u00fcrleri g\u00f6rd\u00fck ve jandarmaya haber verdik. Gelen jandarma ekipleri de tutanak tuttu. Ben eski bir emniyet mensubuyum. T\u00fcrkiye&#8217;nin \u00e7e\u015fitli b\u00f6lgelerinde g\u00f6rev yapm\u0131\u015f birisiyim. \u0130ki d\u00f6nemdir de M\u00fcrefte&#8217;de Belediye Ba\u015fkanl\u0131\u011f\u0131 yap\u0131yorum. Bu yap\u0131lan da\u011f\u0131t\u0131m hem ay\u0131p hem de etik de\u011fil. T\u00fcrkiye&#8217;nin her taraf\u0131nda ayn\u0131 uygulamalar yap\u0131yorlar. Se\u00e7imi kaybedeceklerini anlay\u0131nca yapmayacaklar\u0131 kepazelik yok. Pazartesi g\u00fcn\u00fc tutulan tutanaklarla birlikte \u0130l\u00e7e Se\u00e7im Kurulu&#8217;na \u015fikayette bulunaca\u011f\u0131z&#8221; dedi.<\/p>\n<p style=\"text-align: justify;\">\u015eark\u00f6y CHP \u0130l\u00e7e Ba\u015fkan\u0131 Hasan Tekinsav ise &#8220;M\u00fcrefte&#8217;de se\u00e7im yasaklar\u0131na kar\u015f\u0131n \u00f6m\u00fcr da\u011f\u0131t\u0131m\u0131 yap\u0131lmaya \u00e7al\u0131\u015f\u0131l\u0131yor. Halk\u0131m\u0131z\u0131n bu gibi durumlara itibar etmeyece\u011fini biliyoruz. Se\u00e7imlerde halk\u0131m\u0131z gereken cezay\u0131 verecektir. Bu konu hakk\u0131nda gerekli yasal i\u015flemleri ba\u015flataca\u011f\u0131z. \u0130l\u00e7e Se\u00e7im Kurulu&#8217;nu ve \u015eark\u00f6y savc\u0131s\u0131n\u0131 g\u00f6reve \u00e7a\u011f\u0131r\u0131yoruz&#8221; dedi.<\/p>\n<p style=\"text-align: justify;\"><span style=\"color: #888888;\">DHA<\/span><\/p>\n","protected":false},"excerpt":{"rendered":"<\/p>\n<p style=\"text-align: justify;\">TEK\u0130RDA\u011e&#8217;\u0131n \u015eark\u00f6y \u0130l\u00e7esi&#8217;ne ba\u011fl\u0131 M\u00fcrefte Beldesi&#8217;nde, AKP&#8217;nin Belediye Ba\u015fkan aday\u0131 \u0130lhan Ko\u00e7er&#8217;in vatanda\u015flara da\u011f\u0131t\u0131lmak \u00fczere yol ortas\u0131na TIR&#8217;la k\u00f6m\u00fcr bo\u015faltt\u0131\u011f\u0131n\u0131 \u00f6\u011frenen Belediye Ba\u015fkan\u0131 CHP&#8217;li Abdullah Per\u00e7in ile zab\u0131talar bask\u0131n yapt\u0131. Ba\u015fkan ve zab\u0131talar yakla\u015f\u0131k 1000 torba k\u00f6m\u00fcrle ilgili jandarmaya tutanak tutturdu.<\/p>\n<p style=\"text-align: justify;\">Belde \u00e7\u0131k\u0131\u015f\u0131nda bulunan mezbahane yolunda AKP&#8217;lilerin k\u00f6m\u00fcr da\u011f\u0131taca\u011f\u0131 ihbar\u0131n\u0131 <\/p>\n","protected":false},"author":1,"featured_media":0,"comment_status":"open","ping_status":"closed","sticky":false,"template":"","format":"standard","meta":{"footnotes":""},"categories":[105],"tags":[],"class_list":["post-6142","post","type-post","status-publish","format-standard","hentry","category-gundem","odd"],"_links":{"self":[{"href":"http:\/\/www.korhanyilmaz.com\/index.php?rest_route=\/wp\/v2\/posts\/6142","targetHints":{"allow":["GET"]}}],"collection":[{"href":"http:\/\/www.korhanyilmaz.com\/index.php?rest_route=\/wp\/v2\/posts"}],"about":[{"href":"http:\/\/www.korhanyilmaz.com\/index.php?rest_route=\/wp\/v2\/types\/post"}],"author":[{"embeddable":true,"href":"http:\/\/www.korhanyilmaz.com\/index.php?rest_route=\/wp\/v2\/users\/1"}],"replies":[{"embeddable":true,"href":"http:\/\/www.korhanyilmaz.com\/index.php?rest_route=%2Fwp%2Fv2%2Fcomments&post=6142"}],"version-history":[{"count":0,"href":"http:\/\/www.korhanyilmaz.com\/index.php?rest_route=\/wp\/v2\/posts\/6142\/revisions"}],"wp:attachment":[{"href":"http:\/\/www.korhanyilmaz.com\/index.php?rest_route=%2Fwp%2Fv2%2Fmedia&parent=6142"}],"wp:term":[{"taxonomy":"category","embeddable":true,"href":"http:\/\/www.korhanyilmaz.com\/index.php?rest_route=%2Fwp%2Fv2%2Fcategories&post=6142"},{"taxonomy":"post_tag","embeddable":true,"href":"http:\/\/www.korhanyilmaz.com\/index.php?rest_route=%2Fwp%2Fv2%2Ftags&post=6142"}],"curies":[{"name":"wp","href":"https:\/\/api.w.org\/{rel}","templated":true}]}}