{"id":6129,"date":"2009-03-22T11:32:52","date_gmt":"2009-03-22T09:32:52","guid":{"rendered":"http:\/\/www.korhanyilmaz.com\/?p=6129"},"modified":"2009-03-22T11:32:52","modified_gmt":"2009-03-22T09:32:52","slug":"1-milyar-tl%e2%80%99nin-hesabini-ver","status":"publish","type":"post","link":"http:\/\/www.korhanyilmaz.com\/?p=6129","title":{"rendered":"1 milyar TL\u2019nin hesab\u0131n\u0131 ver!"},"content":{"rendered":"<p style=\"text-align: center;\"><img loading=\"lazy\" decoding=\"async\" class=\"aligncenter size-full wp-image-6130\" title=\"1 milyar TL\u2019nin hesab\u0131n\u0131 ver! \" src=\"http:\/\/www.korhanyilmaz.com\/wp-content\/uploads\/2009\/03\/220320091132023354495.jpg\" alt=\"1 milyar TL\u2019nin hesab\u0131n\u0131 ver! \" width=\"329\" height=\"210\" \/><\/p>\n<p style=\"text-align: justify;\"><strong>K\u0131l\u0131\u00e7daro\u011flu o raporu a\u00e7\u0131klad\u0131&#8230; <\/strong><\/p>\n<p style=\"text-align: justify;\">CHP \u0130stanbul B\u00fcy\u00fck\u015fehir Belediye ba\u015fkan aday\u0131 Kemal K\u0131l\u0131\u00e7daro\u011flu, cuma g\u00fcn\u00fc kamuoyuna &#8220;varl\u0131\u011f\u0131n\u0131&#8221; duyurdu\u011fu \u0130stanbul B\u00fcy\u00fck\u015fehir Belediyesi&#8217;nin (\u0130BB) kamu kaynaklar\u0131na verdi\u011fi zarar\u0131 g\u00f6steren Say\u0131\u015ftay raporunu a\u00e7\u0131klad\u0131.<\/p>\n<p style=\"text-align: justify;\">Say\u0131\u015ftay m\u00fcfetti\u015fleri taraf\u0131ndan 2007 y\u0131l\u0131na ait faaliyetlerin incelenmesi sonucunda haz\u0131rlanan raporlara g\u00f6re, \u0130BB&#8217;nin y\u00fcz\u00fc a\u015fk\u0131n icraat\u0131nda 1 milyar TL kamu zarar\u0131 olu\u015ftu.<\/p>\n<p style=\"text-align: justify;\">K\u0131l\u0131\u00e7daro\u011flu, \u00f6nceki g\u00fcn yapt\u0131\u011f\u0131 bas\u0131n toplant\u0131s\u0131nda Say\u0131\u015ftay&#8217;\u0131n 2007 denetimlerinde ortaya \u00e7\u0131kan kamu zarar\u0131n\u0131 a\u00e7\u0131klamas\u0131 i\u00e7in \u0130BB Ba\u015fkan\u0131 Kadir Topba\u015f&#8217;a bir g\u00fcnl\u00fck s\u00fcre verdi\u011fini duyurmu\u015ftu. K\u0131l\u0131\u00e7daro\u011flu, binlerce sayfadan olu\u015fan 2007 incelemelerini i\u00e7eren Say\u0131\u015ftay raporlar\u0131n\u0131 Milliyet&#8217;e a\u00e7\u0131klad\u0131. <!--more--><\/p>\n<p style=\"text-align: justify;\">K\u0131l\u0131\u00e7daro\u011flu, belediyenin devleti 1 milyar TL zarara u\u011fratt\u0131\u011f\u0131n\u0131n Say\u0131\u015ftay raporlar\u0131yla kan\u0131tland\u0131\u011f\u0131n\u0131 s\u00f6yleyerek, &#8220;Bu ola\u011fan\u00fcst\u00fc bir zarar.<br \/>\nBu zarar\u0131n ortaya \u00e7\u0131kmas\u0131, kamu kaynaklar\u0131n\u0131n ne kadar savurganca kullan\u0131ld\u0131\u011f\u0131n\u0131, AKP&#8217;nin ni\u00e7in bu kadar \u0130stanbul&#8217;un \u00fczerine titredi\u011fini, kimlere nas\u0131l kaynak aktard\u0131\u011f\u0131n\u0131 g\u00f6steriyor&#8221; dedi.\n<\/p>\n<p style=\"text-align: justify;\">Kamu zarar\u0131, kanunda &#8220;mevzuata ayk\u0131r\u0131 karar, i\u015flem, eylem veya ihmal sonucunda kaynaklarda olu\u015fan eksilme&#8221; olarak a\u00e7\u0131klan\u0131yor. Zarar, tespit edilmesi durumunda, yasal faiziyle birlikte ilgililerden tahsil edilmek zorunda.<\/p>\n<p style=\"text-align: justify;\"><strong>\u0130BB: SADECE 27 DOSYA<\/strong><\/p>\n<p style=\"text-align: justify;\">\u0130stanbul Belediyesi, &#8220;Say\u0131\u015ftay&#8217;\u0131n 2007&#8217;de belediyede 17 bin dosya inceledi\u011fini ve bu dosyalardan 27 tanesinin sorgu konusu edildi\u011fini&#8221; bildirdi. Belediyeden yap\u0131lan a\u00e7\u0131klamada, K\u0131l\u0131\u00e7daro\u011flu&#8217;nun &#8220;Say\u0131\u015ftay&#8217;\u0131n sadece 2007 denetimleri i\u00e7in geldi\u011fi ve ola\u011fan\u00fcst\u00fc rakamlarda kamu zarar\u0131 tespit etti\u011fi&#8221; iddialar\u0131n\u0131n ger\u00e7e\u011fi yans\u0131tmad\u0131\u011f\u0131 ifade edildi.<\/p>\n<p style=\"text-align: justify;\"><strong>K\u0130RA GEL\u0130RLER\u0130 TAHS\u0130L ED\u0130LEM\u0130YOR<\/strong><\/p>\n<p style=\"text-align: justify;\">Belediyenin kira gelirlerini de tahsil edemedi\u011fi belirlendi. Buna g\u00f6re, Feshane&#8217;deki kiralar\u0131n tahsil edilmemesi nedeniyle 1 milyon 902 bin 461 TL zarara u\u011frayan belediye, Galata K\u00f6pr\u00fcs\u00fc&#8217;n\u00fcn alt\u0131ndaki; Beyo\u011flu, \u015ei\u015fli ve Tuzla&#8217;daki baz\u0131 m\u00fclklerinin tahsil etmedi\u011fi kira gelirleri nedeniyle yine 1 milyon TL&#8217;yi a\u015fk\u0131n zarara u\u011frad\u0131.<\/p>\n<p style=\"text-align: justify;\">\u0130hale edilmedi\u011finden ya da piyasa fiyatlar\u0131n\u0131n \u00e7ok alt\u0131nda kiralanmas\u0131 nedeniyle Bak\u0131rk\u00f6y&#8217;deki 2 bin 687 metrekarelik arsa, B\u00fcy\u00fckada&#8217;daki plaj ve tesislerden 500 bin TL&#8217;ye varan zarar olu\u015ftu. B\u00fcy\u00fck\u015fehir at\u0131k su kanallar\u0131 i\u015fleri nedeniyle de devleti 50 milyon TL zarara u\u011fratt\u0131.<\/p>\n<p style=\"text-align: justify;\"><strong>\u0130\u015eTE KAMU ZARARI YAZAN \u0130\u015eLEMLER <\/strong><\/p>\n<p style=\"text-align: justify;\">K\u0131l\u0131\u00e7daro\u011flu&#8217;nun analiz etti\u011fi raporlara g\u00f6re, belediyenin rekor zarar\u0131n\u0131 &#8220;Di\u011fer Gelirler&#8221; ba\u015fl\u0131kl\u0131 b\u00f6l\u00fcm olu\u015fturuyor. Toplamda 143 milyon 702 bin YTL kamu zarar\u0131 tespit edildi\u011fi b\u00f6l\u00fcmde, &#8220;emlak vergisinden al\u0131nan pay, meskenlerin taksitle yap\u0131lan mal sat\u0131\u015f bedeli, \u00e7evre temizlik vergisinden al\u0131nan i\u015fyeri pay\u0131, ortak altyap\u0131 hizmetleri i\u00e7in di\u011fer kurumlardan al\u0131nan b\u00fct\u00e7e paylar\u0131&#8221; ba\u015fl\u0131klar\u0131 yer al\u0131yor.<\/p>\n<p style=\"text-align: justify;\"><strong><span style=\"color: #993300;\">Raporlarda yer alan, en y\u00fcksek kamu zarar\u0131 olu\u015fan baz\u0131 i\u015fler \u015f\u00f6yle:<\/span><\/strong><\/p>\n<p style=\"text-align: justify;\">&#8211; Ka\u011f\u0131thane-Piyalepa\u015fa-Bomonti-Dolmabah\u00e7e-Karayolu t\u00fcnellerinin in\u015faat i\u015fleri ve elektro mekanik i\u015fleri olarak iki ayr\u0131 ba\u015fl\u0131kta toplam 600 bin TL,<br \/>\n&#8211;  B\u00fcy\u00fck\u015fehir&#8217;in &#8220;ta\u015f\u0131nmaz mal kira, ilan ve reklam gelirlerinden&#8221; 143 milyon 702 bin TL,<br \/>\n&#8211;  Ki\u015fi borcu olarak kay\u0131tl\u0131 bulunan belediye alaca\u011f\u0131n\u0131n tahsil edilmemesi nedeniyle 143 milyon TL,<br \/>\n&#8211;  Vergi gelirlerinin tahsilinin yap\u0131lmamas\u0131 nedeniyle 7 milyon 746 bin TL,<br \/>\n&#8211; Tarihi yar\u0131mada, Emin\u00f6n\u00fc ve Fatih il\u00e7eleri sit alanlar\u0131, 1\/1500 ve 1\/1000 \u00f6l\u00e7ekli koruma planlar\u0131 do\u011frultusunda &#8220;Kentsel Koruma Yenileme ve D\u00f6n\u00fc\u015f\u00fcm Kapsam\u0131nda Ekonometrik Model Olu\u015fturulmas\u0131 Ama\u00e7l\u0131 Kentsel Tasar\u0131m Projesi&#8221; ba\u015fl\u0131kl\u0131 i\u015f nedeniyle 7 milyon 369 bin TL,<br \/>\n&#8211;  \u0130stanbul genelinde deniz ara\u00e7lar\u0131n\u0131n at\u0131klar\u0131n\u0131n al\u0131nmas\u0131 ve at\u0131k kabul tesisinin i\u015fletilmesi nedeniyle 2 milyon TL,\n<\/p>\n<p style=\"text-align: justify;\"><strong>T\u00dcNEL \u0130N\u015eAATI <\/strong><\/p>\n<p style=\"text-align: justify;\">&#8211;  Piyalepa\u015fa t\u00fcnelinin in\u015faat\u0131 nedeniyle 53 bin TL, t\u00fcnelin elektro manyetik i\u015fleri i\u00e7in 594 bin TL,<br \/>\n&#8211;  Avc\u0131lar Denizk\u00f6\u015fkler sahilindeki in\u015faat nedeniyle 119 bin TL,<br \/>\n&#8211;  \u0130stanbul kent i\u00e7i trafik sinyalizasyonu bak\u0131m ve onar\u0131m\u0131 171 bin TL,<br \/>\n&#8211;  \u0130stanbul geneli k\u0131y\u0131lar\u0131n ve denizlerin temizli\u011finin yap\u0131lmas\u0131 210 bin TL,\n<\/p>\n<p style=\"text-align: justify;\">&#8211;  Fatih spor kompleksi in\u015faat\u0131 470 bin TL,<\/p>\n<p style=\"text-align: justify;\">&#8211;  Florya Akvaryum in\u015faat\u0131 nedeniyle 497 bin TL,- Asya yakas\u0131ndaki ana arterlerin, yollar\u0131n, meydanlar\u0131n, ge\u00e7itlerin s\u00fcp\u00fcr\u00fclmesi, y\u0131kanmas\u0131 ve \u00e7\u0131kan art\u0131klar\u0131n ta\u015f\u0131nmas\u0131 ve g\u00f6r\u00fcnt\u00fc kirlili\u011finin giderilmesi 920 bin 398 TL.<span style=\"color: #000000;\">Ayn\u0131 i\u015flemlerin Avrupa yakas\u0131ndaki zarar\u0131 6 milyon TL,<\/span><\/p>\n<p style=\"text-align: justify;\">&#8211;  Amat\u00f6r spor kul\u00fcplerinde malzeme da\u011f\u0131t\u0131m \u015f\u00f6leni organizasyonu i\u015fi nedeniyle 215 bin 925 TL,<br \/>\n&#8211;  196 adet tepe lambal\u0131 binek ara\u00e7 kiralama i\u015finin ihaleyle de\u011fil, do\u011frudan temin yoluyla yap\u0131lmas\u0131 nedeniyle 893 bin TL,<br \/>\n&#8211;  Sultan\u00e7iftli\u011fi \u00c7e\u015fme Dura\u011f\u0131 Kav\u015fa\u011f\u0131&#8217;ndan 4 bin TL,<br \/>\n&#8211;  \u00dcmraniye Alemdar-Yenido\u011fan-Ta\u015fdelen beldeleri semt parklar\u0131 yap\u0131m\u0131ndan 2 bin TL,<br \/>\n&#8211;  Emin\u00f6n\u00fc \u015eerefiye Sarn\u0131c\u0131 ve Be\u015fikta\u015f tarihi su deposu restorasyon in\u015faat\u0131ndan 286 bin TL,<br \/>\n&#8211;  Ba\u011fc\u0131lar-G\u00fcne\u015fli-Tem ba\u011flant\u0131 yolu kav\u015fa\u011f\u0131 in\u015faat\u0131ndan 146 bin TL,<br \/>\n&#8211;  Sar\u0131yer Deresi dere a\u011fz\u0131 \u0131slah\u0131 in\u015faat\u0131ndan 81 bin TL,<br \/>\n&#8211;  Maltepe \u0130DO iskele ve terminal binas\u0131 in\u015faat\u0131ndan 55 bin TL,<br \/>\n&#8211;  G\u00fclhane Park\u0131 tarihi yap\u0131lar\u0131n onar\u0131m ve restorasyonu-1. Etap \u00c7evre D\u00fczenlemesi Tamamlama in\u015faat\u0131ndan 218 bin<br \/>\n&#8211;  Sar\u0131yer B\u00fcy\u00fckdere Caddesi Oto Sanayi Sitesi kav\u015fa\u011f\u0131 ve ba\u011flant\u0131 yollar\u0131 in\u015faat\u0131ndan14 bin TL,<br \/>\n&#8211;  \u00dcmraniye Hatboyu Caddesi yol ve altyap\u0131 tesisleri in\u015faat\u0131ndan 32 bin TL,<br \/>\n&#8211;  Ayaza\u011fa Kav\u015fa\u011f\u0131 yol ve ortak altyap\u0131 in\u015faat\u0131ndan 72 bin TL,<br \/>\n&#8211;  Eski Halkal\u0131 \u00e7\u00f6pl\u00fc\u011f\u00fc alan\u0131nda \u015fehir park\u0131 d\u00fczenleme in\u015faat\u0131ndan 29 bin TL,<br \/>\n&#8211;  Topkap\u0131 \u015eehir Park\u0131 Anadolu B\u00f6lgesi in\u015faat\u0131ndan 83 bin TL,<br \/>\n&#8211;  \u0130tfaiye Daire Ba\u015fkanl\u0131\u011f\u0131 \u0130tfaiye Destek Hizmetleri M\u00fcd\u00fcrl\u00fc\u011f\u00fc&#8217;n\u00fcn personel al\u0131m\u0131ndan 783 bin TL,\n<\/p>\n<p style=\"text-align: justify;\"><span style=\"color: #993300;\">\u0130halesiz kiralama<\/span><\/p>\n<p style=\"text-align: justify;\">&#8211; &#8220;Ba\u015fak\u015fehir Kent Merkezi Kentsel Tasar\u0131m Proje Yar\u0131\u015fmas\u0131&#8221; sonucu dereceye girenlere verilen \u00f6d\u00fcllerden gelir vergisi kesintisi yap\u0131lmamas\u0131 nedeniyle 156 bin 200 TL,<br \/>\n&#8211; Sar\u0131yer-Emirgan Park\u0131 i\u00e7indeki Beyaz K\u00f6\u015fk&#8217;\u00fcn K\u00fclt\u00fcr Bakanl\u0131\u011f\u0131&#8217;n\u0131n izni olmadan, ihalesiz olarak Kartal K\u00fclt\u00fcr Merkezi i\u00e7inde bulunan kafeterya ve b\u00fcfeleriyle birlikte belediye \u015firketi Beltur A.\u015e.&#8217;ye 5 y\u0131ll\u0131\u011f\u0131na kiralanmas\u0131ndan dolay\u0131 154 bin TL,<br \/>\n&#8211; M\u00fclkiyeti belediyeye ait K\u00fc\u00e7\u00fckyal\u0131 \u00c7aml\u0131k&#8217;taki Eski Belediye Plaj\u0131 \u00c7aml\u0131k B\u00fcfe, tuvalet ve \u00e7ay bah\u00e7esini 3 y\u0131ll\u0131\u011f\u0131na kiralayan kirac\u0131 Dere \u0130n\u015faat Turizm Sanayi ve Limited \u015eirketi&#8217;nin s\u00f6z konusu yerlerin 2007 y\u0131l\u0131na ait 8 ayl\u0131k kiras\u0131n\u0131 \u00f6dememesi, \u00f6denmeyen kira tutarlar\u0131na gecikme faizi uygulanarak tahakkuk i\u015fleminin yap\u0131lmamas\u0131 nedeniyle 426 bin 423 TL,<br \/>\n&#8211;  Belediye y\u00f6neticilerinin \u0130ngilizce e\u011fitimi kursunun belediye b\u00fct\u00e7esinden kar\u015f\u0131lanmas\u0131ndan dolay\u0131 29 bin TL.\n<\/p>\n<p style=\"text-align: justify;\"><span style=\"color: #888888;\">Kaynak :\u00a0 Milliyet<\/span><\/p>\n","protected":false},"excerpt":{"rendered":"<p style=\"text-align: center;\">\n<p style=\"text-align: justify;\">K\u0131l\u0131\u00e7daro\u011flu o raporu a\u00e7\u0131klad\u0131&#8230; <\/p>\n<p style=\"text-align: justify;\">CHP \u0130stanbul B\u00fcy\u00fck\u015fehir Belediye ba\u015fkan aday\u0131 Kemal K\u0131l\u0131\u00e7daro\u011flu, cuma g\u00fcn\u00fc kamuoyuna &#8220;varl\u0131\u011f\u0131n\u0131&#8221; duyurdu\u011fu \u0130stanbul B\u00fcy\u00fck\u015fehir Belediyesi&#8217;nin (\u0130BB) kamu kaynaklar\u0131na verdi\u011fi zarar\u0131 g\u00f6steren Say\u0131\u015ftay raporunu a\u00e7\u0131klad\u0131.<\/p>\n<p style=\"text-align: justify;\">Say\u0131\u015ftay m\u00fcfetti\u015fleri taraf\u0131ndan 2007 y\u0131l\u0131na ait faaliyetlerin incelenmesi sonucunda haz\u0131rlanan raporlara g\u00f6re, \u0130BB&#8217;nin y\u00fcz\u00fc a\u015fk\u0131n icraat\u0131nda <\/p>\n","protected":false},"author":1,"featured_media":0,"comment_status":"open","ping_status":"closed","sticky":false,"template":"","format":"standard","meta":{"footnotes":""},"categories":[105],"tags":[],"class_list":["post-6129","post","type-post","status-publish","format-standard","hentry","category-gundem","odd"],"_links":{"self":[{"href":"http:\/\/www.korhanyilmaz.com\/index.php?rest_route=\/wp\/v2\/posts\/6129","targetHints":{"allow":["GET"]}}],"collection":[{"href":"http:\/\/www.korhanyilmaz.com\/index.php?rest_route=\/wp\/v2\/posts"}],"about":[{"href":"http:\/\/www.korhanyilmaz.com\/index.php?rest_route=\/wp\/v2\/types\/post"}],"author":[{"embeddable":true,"href":"http:\/\/www.korhanyilmaz.com\/index.php?rest_route=\/wp\/v2\/users\/1"}],"replies":[{"embeddable":true,"href":"http:\/\/www.korhanyilmaz.com\/index.php?rest_route=%2Fwp%2Fv2%2Fcomments&post=6129"}],"version-history":[{"count":0,"href":"http:\/\/www.korhanyilmaz.com\/index.php?rest_route=\/wp\/v2\/posts\/6129\/revisions"}],"wp:attachment":[{"href":"http:\/\/www.korhanyilmaz.com\/index.php?rest_route=%2Fwp%2Fv2%2Fmedia&parent=6129"}],"wp:term":[{"taxonomy":"category","embeddable":true,"href":"http:\/\/www.korhanyilmaz.com\/index.php?rest_route=%2Fwp%2Fv2%2Fcategories&post=6129"},{"taxonomy":"post_tag","embeddable":true,"href":"http:\/\/www.korhanyilmaz.com\/index.php?rest_route=%2Fwp%2Fv2%2Ftags&post=6129"}],"curies":[{"name":"wp","href":"https:\/\/api.w.org\/{rel}","templated":true}]}}