{"id":6125,"date":"2009-03-22T11:46:05","date_gmt":"2009-03-22T09:46:05","guid":{"rendered":"http:\/\/www.korhanyilmaz.com\/?p=6125"},"modified":"2009-03-22T11:46:05","modified_gmt":"2009-03-22T09:46:05","slug":"akp-kendi-derin-devletini-yaratiyor","status":"publish","type":"post","link":"http:\/\/www.korhanyilmaz.com\/?p=6125","title":{"rendered":"AKP kendi derin devletini yarat\u0131yor!"},"content":{"rendered":"<p><img loading=\"lazy\" decoding=\"async\" class=\"aligncenter size-full wp-image-6126\" title=\"AKP kendi derin devletini yarat\u0131yor! \" src=\"http:\/\/www.korhanyilmaz.com\/wp-content\/uploads\/2009\/03\/220320091142484668026.jpg\" alt=\"AKP kendi derin devletini yarat\u0131yor! \" width=\"320\" height=\"100\" \/><\/p>\n<p style=\"text-align: justify;\"><strong>Newsweek dergisince yay\u0131nlanan bir makalede Ergenekon davas\u0131na dikkat \u00e7ekilirken &#8220;\u0130slamc\u0131lar, T\u00fcrkiye&#8217;nin karanl\u0131k Derin Devleti&#8217;nden kurtulmuyor ancak yerine kendilerinkini koyuyorlar&#8221; iddias\u0131nda bulunuldu<\/strong>.<\/p>\n<p style=\"text-align: justify;\">Yerel se\u00e7imlere bir hafta kala Newsweek dergisi yine, AKP&#8217;ye sert ele\u015ftirileriyle tan\u0131nan, Washington Enstit\u00fcs\u00fc&#8217;n\u00fcn k\u0131demli uzman\u0131 Soner \u00c7a\u011faptay&#8217;\u0131n bir makalesini yay\u0131nlad\u0131. Ergenekon davas\u0131na dikkat \u00e7ekildi\u011fi makalede &#8220;\u0130slamc\u0131lar, T\u00fcrkiye&#8217;nin karanl\u0131k Derin Devleti&#8217;nden kurtulmuyor ancak yerine kendilerinkini koyuyorlar&#8221; iddias\u0131na yer verildi.<\/p>\n<p style=\"text-align: justify;\">Prestijli Newsweek dergisinin son say\u0131s\u0131nda yay\u0131nlanan &#8220;T\u00fcrkiye&#8217;nin gizli g\u00fc\u00e7 tellallar\u0131&#8221; ba\u015fl\u0131kl\u0131 makalede Ergenekon davas\u0131na vurgu yap\u0131larak &#8220;\u0130slamc\u0131lar, T\u00fcrkiye&#8217;nin karanl\u0131k Derin Devleti&#8217;nden kurtulmuyor ancak yerine kendilerinkini koyuyorlar&#8221; sav\u0131nda bulunuldu.<!--more--><\/p>\n<p style=\"text-align: justify;\"><strong>-&#8220;BA\u015eKA B\u0130R BATILI TOPLUMDA TUTARSIZ SU\u00c7LAMALAR FANTEZ\u0130 D\u0130YE GER\u0130 \u00c7EVR\u0130L\u0130RD\u0130&#8221;<\/strong><\/p>\n<p style=\"text-align: justify;\">Ergenekon iddianamesinde inand\u0131r\u0131c\u0131 olmayan bir bi\u00e7imde &#8220;Laik milliyet\u00e7ilerin inand\u0131r\u0131c\u0131 olmayan bir bi\u00e7imde e\u015f zamanl\u0131 olarak \u0130slamc\u0131, Mar\u015fist ve K\u00fcrt yanl\u0131s\u0131 ter\u00f6r sald\u0131r\u0131lar\u0131n\u0131 planlad\u0131klar\u0131&#8221; \u00f6ne s\u00fcr\u00fcld\u00fc\u011f\u00fcne i\u015faret edilen makalede &#8220;Herhangi ba\u015fka bir Bat\u0131l\u0131 toplumda bu t\u00fcm tutars\u0131z su\u00e7lamalar, fantezi olarak geri \u00e7evrilirdi&#8221; ifadesi kullan\u0131ld\u0131.<\/p>\n<p style=\"text-align: justify;\">Makalede T\u00fcrkiye&#8217;de &#8220;eski Derin Devlet&#8221;in ge\u00e7mi\u015fte birka\u00e7 defa ortaya \u00e7\u0131kt\u0131\u011f\u0131 savunulurken, Susurluk kazas\u0131na de\u011finilerek T\u00fcrkiye&#8217;deki g\u00fc\u00e7l\u00fc orta s\u0131n\u0131f\u0131n \u00f6zg\u00fcrl\u00fckleri s\u0131n\u0131rland\u0131ran bu &#8220;yozla\u015fm\u0131\u015f elidi&#8221; geri itmeyi ba\u015fard\u0131\u011f\u0131, &#8220;Derin Devlet&#8221;in AB s\u00fcrecince daha da zay\u0131flat\u0131ld\u0131\u011f\u0131 yorumu yap\u0131ld\u0131.<\/p>\n<p style=\"text-align: justify;\"><strong>-&#8220;AKP ERGENEKON&#8217;U SE\u00c7\u0130M \u00d6NCES\u0130 MUHALEFET\u0130 YILDIRMAK \u0130\u00c7\u0130N KULLANIYOR&#8221;<\/strong><\/p>\n<p style=\"text-align: justify;\">AKP&#8217;nin iktidara gelmesi \u00fczerine bir\u00e7ok T\u00fcrk demokrat\u0131n\u0131n &#8220;Derin Devlet&#8217;in yok edilece\u011fini umdu\u011funu kaydeden \u00c7a\u011faptay, &#8220;Ancak o zamandan beri ge\u00e7en yedi y\u0131ll\u0131k s\u00fcrede AKP karanl\u0131k g\u00fc\u00e7 tellallar\u0131ndan kurtulmak yerine, h\u00fck\u00fcmeti devirmeyi ama\u00e7layan ger\u00e7ek bir komployu i\u00e7erdi\u011fi gibi g\u00f6r\u00fclen Ergenekon gibi davalar\u0131 T\u00fcrkiye&#8217;nin laik hakimlerini, medya, ordusu ve hemen hemen t\u00fcm siyasi kar\u015f\u0131tlar\u0131n\u0131 sald\u0131rmak i\u00e7in kulland\u0131&#8221; g\u00f6r\u00fc\u015f\u00fcn\u00fc dile getirdi.<\/p>\n<p style=\"text-align: justify;\">&#8220;H\u00fck\u00fcmetin iddialar\u0131n\u0131n g\u00fcl\u00fcn\u00e7l\u00fc\u011f\u00fc&#8221;ne ili\u015fkin ku\u015fkular\u0131 gidermek amac\u0131yla Tuncay G\u00fcney&#8217;in ki\u015fili\u011fine ve iddialar\u0131na dikkat \u00e7ekilen makalede \u015fu g\u00f6r\u00fc\u015fler de dile getirildi:<br \/>\n&#8220;Buradaki trajedi, AKP&#8217;nin, Ergenekon&#8217;u, sadece T\u00fcrkiye&#8217;nin Derin Devlet&#8217;ten kurtulmas\u0131n\u0131 sa\u011flamak i\u00e7in de\u011fil, ayna zamanda Mart 29&#8217;da \u00fclke \u00e7ap\u0131nda yap\u0131lacak yerel se\u00e7imi \u00f6ncesi me\u015fru muhalefeti y\u0131ld\u0131rmak amac\u0131yla da kullan\u0131yor olmas\u0131d\u0131r. Son se\u00e7imlerin g\u00f6sterdi\u011fi gibi n\u00fcfusun yar\u0131s\u0131ndan fazlas\u0131 hala AKP&#8217;ye kar\u015f\u0131 ancak bir\u00e7ok ki\u015fi \u015fimdi h\u00fck\u00fcmetin d\u00fc\u015fmanlar\u0131n\u0131 izledi\u011fi i\u015faretleri nedeniyle konu\u015fmaktan korkuyor.&#8221;<br \/>\nPolisin sadece Ergenekon soru\u015fturmas\u0131nda 1.5 milyon telefon g\u00f6r\u00fc\u015fmesi ve e-mesajlar\u0131n\u0131 kayda ald\u0131\u011f\u0131 \u00f6ne s\u00fcr\u00fcld\u00fc\u011f\u00fc makalede &#8220;Bu tur i\u015faretler, AKP&#8217;nin, eski Derin Devlet&#8217;in yerine kendisine ait yeni bir Derin Devlet&#8217;i yerle\u015ftirdi\u011fini g\u00f6steriyor&#8221; iddias\u0131nda bulunuldu. Makalede s\u00f6yle devam edildi:\n<\/p>\n<p style=\"text-align: justify;\"><strong>-&#8220;DE\u011e\u0130\u015e\u0130M \u0130\u00c7\u0130N L\u0130BERAL PART\u0130 GEREK\u0130R&#8221;-<\/strong><\/p>\n<p style=\"text-align: justify;\">&#8220;\u0130slamc\u0131lar, bir cad\u0131 av\u0131n\u0131 y\u00fcr\u00fctmek i\u00e7in hala \u00f6nceki sistemin hayaletini kullan\u0131rken \u015fimdi g\u00fc\u00e7 manivelalar\u0131n\u0131 \u00e7eviriyor. Derin Devlet bir zamanlar, kom\u00fcnistler ve \u0130slamc\u0131lar\u0131 korkutmak amac\u0131yla i\u015flemi\u015f olabilir ancak bug\u00fcn muhalifleri ezmek i\u00e7in laik, liberal ve milliyet\u00e7i T\u00fcrklere kar\u015f\u0131 kullan\u0131l\u0131yor. T\u00fcrkiye&#8217;nin ilericilerinin kalpleri k\u0131r\u0131k olmal\u0131. Siyasi modernizasyon ve AKP&#8217;nin, devleti komplo teorilerinden ve karanl\u0131k g\u00fc\u00e7lerden kurtaraca\u011f\u0131n\u0131 ummu\u015flard\u0131 ancak b\u00f6yle bir de\u011fi\u015fimin ger\u00e7ekle\u015febilmesi i\u00e7in \u00fclkenin d\u00fcmeninde liberal bir parti olmas\u0131 gerekiyordu.&#8221;<\/p>\n<p style=\"text-align: justify;\"><span style=\"color: #888888;\">ANKA<\/span><\/p>\n<p style=\"text-align: justify;\">\n","protected":false},"excerpt":{"rendered":"<\/p>\n<p style=\"text-align: justify;\">Newsweek dergisince yay\u0131nlanan bir makalede Ergenekon davas\u0131na dikkat \u00e7ekilirken &#8220;\u0130slamc\u0131lar, T\u00fcrkiye&#8217;nin karanl\u0131k Derin Devleti&#8217;nden kurtulmuyor ancak yerine kendilerinkini koyuyorlar&#8221; iddias\u0131nda bulunuldu.<\/p>\n<p style=\"text-align: justify;\">Yerel se\u00e7imlere bir hafta kala Newsweek dergisi yine, AKP&#8217;ye sert ele\u015ftirileriyle tan\u0131nan, Washington Enstit\u00fcs\u00fc&#8217;n\u00fcn k\u0131demli uzman\u0131 Soner \u00c7a\u011faptay&#8217;\u0131n bir makalesini yay\u0131nlad\u0131. Ergenekon davas\u0131na dikkat \u00e7ekildi\u011fi makalede &#8220;\u0130slamc\u0131lar, T\u00fcrkiye&#8217;nin karanl\u0131k <\/p>\n","protected":false},"author":1,"featured_media":0,"comment_status":"open","ping_status":"closed","sticky":false,"template":"","format":"standard","meta":{"footnotes":""},"categories":[105],"tags":[],"class_list":["post-6125","post","type-post","status-publish","format-standard","hentry","category-gundem","odd"],"_links":{"self":[{"href":"http:\/\/www.korhanyilmaz.com\/index.php?rest_route=\/wp\/v2\/posts\/6125","targetHints":{"allow":["GET"]}}],"collection":[{"href":"http:\/\/www.korhanyilmaz.com\/index.php?rest_route=\/wp\/v2\/posts"}],"about":[{"href":"http:\/\/www.korhanyilmaz.com\/index.php?rest_route=\/wp\/v2\/types\/post"}],"author":[{"embeddable":true,"href":"http:\/\/www.korhanyilmaz.com\/index.php?rest_route=\/wp\/v2\/users\/1"}],"replies":[{"embeddable":true,"href":"http:\/\/www.korhanyilmaz.com\/index.php?rest_route=%2Fwp%2Fv2%2Fcomments&post=6125"}],"version-history":[{"count":0,"href":"http:\/\/www.korhanyilmaz.com\/index.php?rest_route=\/wp\/v2\/posts\/6125\/revisions"}],"wp:attachment":[{"href":"http:\/\/www.korhanyilmaz.com\/index.php?rest_route=%2Fwp%2Fv2%2Fmedia&parent=6125"}],"wp:term":[{"taxonomy":"category","embeddable":true,"href":"http:\/\/www.korhanyilmaz.com\/index.php?rest_route=%2Fwp%2Fv2%2Fcategories&post=6125"},{"taxonomy":"post_tag","embeddable":true,"href":"http:\/\/www.korhanyilmaz.com\/index.php?rest_route=%2Fwp%2Fv2%2Ftags&post=6125"}],"curies":[{"name":"wp","href":"https:\/\/api.w.org\/{rel}","templated":true}]}}