{"id":61151,"date":"2015-10-27T08:36:53","date_gmt":"2015-10-27T06:36:53","guid":{"rendered":"http:\/\/www.korhanyilmaz.com\/?p=61151"},"modified":"2015-10-27T22:59:32","modified_gmt":"2015-10-27T20:59:32","slug":"vicdan-oyle-mi","status":"publish","type":"post","link":"http:\/\/www.korhanyilmaz.com\/?p=61151","title":{"rendered":"Vicdan \u00f6yle mi?"},"content":{"rendered":"<div id=\"attachment_37365\" style=\"width: 106px\" class=\"wp-caption alignright\"><img loading=\"lazy\" decoding=\"async\" aria-describedby=\"caption-attachment-37365\" class=\"wp-image-37365\" src=\"http:\/\/www.korhanyilmaz.com\/wp-content\/uploads\/2011\/07\/257.jpg\" alt=\"Y\u0131lmaz \u00d6zdil \" width=\"96\" height=\"102\" \/><p id=\"caption-attachment-37365\" class=\"wp-caption-text\">Y\u0131lmaz \u00d6zdil<\/p><\/div>\n<p style=\"text-align: justify;\">B\u00fclent Ar\u0131n\u00e7 \u00e7\u0131kt\u0131, \u201c<strong>birilerine olan sevgimi kaybettim, Yezid\u2019den daha fazla cinayet i\u015fliyorlar, TRT bana ambargo uyguluyor<\/strong>\u201d dedi.<\/p>\n<p style=\"text-align: justify;\">*<\/p>\n<p style=\"text-align: justify;\"><strong>\u201cVicdan konu\u015ftu\u201d<\/strong> deniyor.<\/p>\n<p style=\"text-align: justify;\">*<\/p>\n<p style=\"text-align: justify;\">\u0130yi de\u2026 Sahte haham\u0131 ekrana \u00e7\u0131karan, sahte cephanelik kaz\u0131lar\u0131n\u0131 canl\u0131 yay\u0131nlayan, varl\u0131\u011f\u0131yla onur duydu\u011fumuz Sabih Kanado\u011flu\u2019nun evinin bas\u0131ld\u0131\u011f\u0131n\u0131 hen\u00fcz ev bas\u0131lmadan duyuran, Silivri\u2019de Ergenekon iddianamesini spikerlerine okutan TRT\u2026 Hangi vicdan\u0131n sesiydi?<!--more--><\/p>\n<p style=\"text-align: justify;\">*<\/p>\n<p style=\"text-align: justify;\">Suikast yalan\u0131yla devletin kozmik odas\u0131\u2019na girilirken, hukuku guguk haline getirirlerken, yanda\u015f yarg\u0131 in\u015fa ederlerken, gevrek gevrek g\u00fclerek, \u201c<strong>kurban oldu\u011fum Allah, verdik\u00e7e veriyor<\/strong>\u201d diyen kimdi?<\/p>\n<p style=\"text-align: justify;\">*<\/p>\n<p style=\"text-align: justify;\">Atat\u00fcrk dahil, cumhurba\u015fkanlar\u0131m\u0131z dinsizmi\u015f gibi \u201c<strong>dindar cumhurba\u015fkan\u0131 se\u00e7ece\u011fiz<\/strong>\u201d diyen vicdan\u2026 Hangi dinin vicdan\u0131yd\u0131?<\/p>\n<p style=\"text-align: justify;\">*<\/p>\n<p style=\"text-align: justify;\">10\u2019uncu Y\u0131l Mar\u015f\u0131 duydu\u011funda \u201c<strong>asab\u0131m bozuldu<\/strong>\u201d derken\u2026 Abdullah \u00d6calan hakk\u0131nda \u201c<strong>oru\u00e7 tutard\u0131, camiye giderdi, namaz\u0131nda niyaz\u0131nda, masum bir \u00e7ocuktu, kurban edildi<\/strong>\u201d diyen\u2026 Hangi devletin vicdan\u0131yd\u0131?<\/p>\n<p style=\"text-align: justify;\">*<\/p>\n<p style=\"text-align: justify;\">Kendisi gibi d\u00fc\u015f\u00fcnmeyen T\u00fcsiad\u2019\u0131n kad\u0131n ba\u015fkan\u0131na \u201c<strong>pornocu<\/strong>\u201d itham\u0131nda bulunan\u2026 Kad\u0131n milletvekillerine \u201c<strong>yarat\u0131k<\/strong>\u201d diyen, \u201c<strong>sus<\/strong>\u201d diyen\u2026 Kahkaha atan kad\u0131nlara \u201c<strong>iffetsiz<\/strong>\u201d diyen\u2026 Vicdan \u00f6yle mi?<\/p>\n<p style=\"text-align: justify;\">*<\/p>\n<p style=\"text-align: justify;\">\u201c\u00c7ok \u015f\u00fck\u00fcr, satanist olanlar, memleketi soyanlar, yolsuzluk yapanlar, imam hatiplerden yeti\u015fmedi\u201d diyen\u2026 17\/25 kepazeli\u011fine ra\u011fmen, koltu\u011funu kaybedene kadar \u201c<strong>memleketi satan<\/strong>\u201distlerden hi\u00e7 bahsetmeyen vicdan, vicdan m\u0131d\u0131r?<\/p>\n<p style=\"text-align: justify;\">*<\/p>\n<p style=\"text-align: justify;\">Tayyip Erdo\u011fan\u2019\u0131n k\u00f6t\u00fc adam olmas\u0131, B\u00fclent Ar\u0131n\u00e7\u2019\u0131 iyi adam yapmaz.<\/p>\n<p style=\"text-align: justify;\">*<\/p>\n<p style=\"text-align: justify;\">T\u00fcrk silahl\u0131 kuvvetlerini iftirayla-kumpasla hapse atarlarken, madalyal\u0131 subaylar can\u0131na k\u0131yarken, kah\u0131rdan kanser olurken, \u201c<strong>T\u00fcrkiye ba\u011f\u0131rsaklar\u0131n\u0131 temizliyor<\/strong>\u201d diyen, kimin vicdan\u0131yd\u0131 mesela?<\/p>\n<p style=\"text-align: justify;\">*<\/p>\n<p style=\"text-align: justify;\"><span style=\"text-decoration: underline;\"><strong>G\u0131rtla\u011f\u0131na kadar boka batmak m\u0131d\u0131r vicdan?<\/strong><\/span><\/p>\n<p style=\"text-align: justify;\">Kaynak : <a href=\"http:\/\/www.sozcu.com.tr\/2015\/yazarlar\/yilmaz-ozdil\/vicdan-oyle-mi-969994\/\" target=\"_blank\">Y\u0131lmaz \u00d6zdil &#8211;\u00a0http:\/\/www.sozcu.com.tr\/<\/a><\/p>\n","protected":false},"excerpt":{"rendered":"<p id=\"caption-attachment-37365\" class=\"wp-caption-text\">Y\u0131lmaz \u00d6zdil<\/p>\n<p style=\"text-align: justify;\">B\u00fclent Ar\u0131n\u00e7 \u00e7\u0131kt\u0131, \u201cbirilerine olan sevgimi kaybettim, Yezid\u2019den daha fazla cinayet i\u015fliyorlar, TRT bana ambargo uyguluyor\u201d dedi.<\/p>\n<p style=\"text-align: justify;\">*<\/p>\n<p style=\"text-align: justify;\">\u201cVicdan konu\u015ftu\u201d deniyor.<\/p>\n<p style=\"text-align: justify;\">*<\/p>\n<p style=\"text-align: justify;\">\u0130yi de\u2026 Sahte haham\u0131 ekrana \u00e7\u0131karan, sahte cephanelik kaz\u0131lar\u0131n\u0131 canl\u0131 yay\u0131nlayan, varl\u0131\u011f\u0131yla onur duydu\u011fumuz Sabih Kanado\u011flu\u2019nun evinin bas\u0131ld\u0131\u011f\u0131n\u0131 hen\u00fcz <\/p>\n","protected":false},"author":1,"featured_media":0,"comment_status":"open","ping_status":"open","sticky":false,"template":"","format":"standard","meta":{"footnotes":""},"categories":[16],"tags":[30],"class_list":["post-61151","post","type-post","status-publish","format-standard","hentry","category-kose-yazilari","tag-yilmaz-ozdil","odd"],"_links":{"self":[{"href":"http:\/\/www.korhanyilmaz.com\/index.php?rest_route=\/wp\/v2\/posts\/61151","targetHints":{"allow":["GET"]}}],"collection":[{"href":"http:\/\/www.korhanyilmaz.com\/index.php?rest_route=\/wp\/v2\/posts"}],"about":[{"href":"http:\/\/www.korhanyilmaz.com\/index.php?rest_route=\/wp\/v2\/types\/post"}],"author":[{"embeddable":true,"href":"http:\/\/www.korhanyilmaz.com\/index.php?rest_route=\/wp\/v2\/users\/1"}],"replies":[{"embeddable":true,"href":"http:\/\/www.korhanyilmaz.com\/index.php?rest_route=%2Fwp%2Fv2%2Fcomments&post=61151"}],"version-history":[{"count":0,"href":"http:\/\/www.korhanyilmaz.com\/index.php?rest_route=\/wp\/v2\/posts\/61151\/revisions"}],"wp:attachment":[{"href":"http:\/\/www.korhanyilmaz.com\/index.php?rest_route=%2Fwp%2Fv2%2Fmedia&parent=61151"}],"wp:term":[{"taxonomy":"category","embeddable":true,"href":"http:\/\/www.korhanyilmaz.com\/index.php?rest_route=%2Fwp%2Fv2%2Fcategories&post=61151"},{"taxonomy":"post_tag","embeddable":true,"href":"http:\/\/www.korhanyilmaz.com\/index.php?rest_route=%2Fwp%2Fv2%2Ftags&post=61151"}],"curies":[{"name":"wp","href":"https:\/\/api.w.org\/{rel}","templated":true}]}}