{"id":6094,"date":"2009-03-22T09:09:48","date_gmt":"2009-03-22T07:09:48","guid":{"rendered":"http:\/\/www.korhanyilmaz.com\/?p=6094"},"modified":"2009-03-22T09:09:48","modified_gmt":"2009-03-22T07:09:48","slug":"teroristi-el-fatiha-kurtardi","status":"publish","type":"post","link":"http:\/\/www.korhanyilmaz.com\/?p=6094","title":{"rendered":"Ter\u00f6risti El Fatiha kurtard\u0131"},"content":{"rendered":"<p style=\"text-align: center;\"><img loading=\"lazy\" decoding=\"async\" class=\"aligncenter size-full wp-image-6095\" title=\"7604764\" src=\"http:\/\/www.korhanyilmaz.com\/wp-content\/uploads\/2009\/03\/7604764.jpg\" alt=\"7604764\" width=\"294\" height=\"196\" \/><\/p>\n<p style=\"text-align: justify;\"><strong>Bursa&#8217;da, ge\u00e7ti\u011fimiz \u00e7ar\u015famba g\u00fcn\u00fc, kimlik sorarak \u00e7antas\u0131n\u0131 aramak isteyen polis memuru \u0130smail \u00d6zbek&#8217;i tabancayla \u00f6ld\u00fcren MLKP \u00fcyesi Ender Bulhaz Akt\u00fcrk, imam\u0131n Fatiha Suresi&#8217;ni okudu\u011fu s\u0131rada adliyeden \u00e7\u0131kar\u0131larak lin\u00e7ten kurtuldu.<\/strong><\/p>\n<p style=\"text-align: justify;\"><strong>POL\u0130S KAT\u0130L\u0130NE L\u0130N\u00c7 G\u0130R\u0130\u015e\u0130M\u0130<\/strong><\/p>\n<p style=\"text-align: justify;\">Kestel Adliyesi&#8217;nden Bursa Cezaevi&#8217;ne Emniyet M\u00fcd\u00fcrl\u00fc\u011f\u00fc&#8217;ne ait panzerle g\u00f6t\u00fcr\u00fclmek istenen Ender Bulhaz Akt\u00fcrk, panzere bindirilmek istendi\u011fi s\u0131rada, Adliye \u00f6n\u00fcnde bekleyen yakla\u015f\u0131k bin ki\u015fi taraf\u0131ndan lin\u00e7 edilmek istendi. Akt\u00fcrk, polis taraf\u0131ndan \u00f6fkeli kalabal\u0131\u011f\u0131n elinden g\u00fc\u00e7l\u00fckle uzakla\u015ft\u0131r\u0131larak tekrar Adliye binas\u0131na sokuldu. Kalabal\u0131k ise &#8216;Kana kan, di\u015fe di\u015f intikam&#8217;, &#8216;\u015eehitler \u00f6lmez, vatan b\u00f6l\u00fcnmez&#8217;, &#8216;Buras\u0131 Kestel buradan \u00e7\u0131k\u0131\u015f yok&#8217; ve &#8216;\u015eehidim kan\u0131n yerde kalmayacak&#8217; sloganlar\u0131 att\u0131. \u0130l\u00e7e Emniyet M\u00fcd\u00fcrl\u00fc\u011f\u00fc g\u00fcvenli\u011fi sa\u011flamak i\u00e7in \u00c7evik Kuvvet \u015eube M\u00fcd\u00fcrl\u00fc\u011f\u00fc&#8217;nden takviye ekip isterken, kalabal\u0131k Adliye binas\u0131n\u0131n \u00f6n\u00fcnden ayr\u0131lmamakta direndi.<!--more--><br \/>\n<strong>\u0130MAM GET\u0130R\u0130LD\u0130, POL\u0130S KAT\u0130L\u0130 TUTUKLANDI<\/strong>\n<\/p>\n<p style=\"text-align: justify;\">Bursa&#8217;da, ge\u00e7ti\u011fimiz \u00e7ar\u015famba g\u00fcn\u00fc, kimlik sorarak \u00e7antas\u0131n\u0131 aramak isteyen polis memuru \u0130smail \u00d6zbek&#8217;i tabancayla \u00f6ld\u00fcren MLKP \u00fcyesi Ender Bulhaz Akt\u00fcrk, \u00e7\u0131kar\u0131ld\u0131\u011f\u0131 Kestel \u0130l\u00e7e Adliyesi&#8217;nce tutukland\u0131. Adliye \u00f6n\u00fcne gelen vatanda\u015flar\u0131n tepkisi nedeniyle ter\u00f6risti bir s\u00fcre adliyeden \u00e7\u0131karamayan polis ekipleri, \u00e7areyi Kestel Cami \u0130mam\u0131&#8217;n\u0131 adliyeye \u00e7a\u011f\u0131rmakta buldu.<\/p>\n<p style=\"text-align: justify;\">Adliye \u00f6n\u00fcnde \u015fehit polis memuru \u0130smail \u00d6zbek&#8217;in ruhuna dua okundu\u011fu s\u0131rada polis ekipleri taraf\u0131ndan z\u0131rhl\u0131 \u00f6zel harekat arac\u0131na bindirilen Akt\u00fcrk, cezaevine g\u00f6nderildi.<\/p>\n<p style=\"text-align: justify;\"><span style=\"color: #888888;\">Kaynak : H\u00fcrriyet Gazetesi<\/span><\/p>\n<p style=\"text-align: justify;\">\n","protected":false},"excerpt":{"rendered":"<p style=\"text-align: center;\">\n<p style=\"text-align: justify;\">Bursa&#8217;da, ge\u00e7ti\u011fimiz \u00e7ar\u015famba g\u00fcn\u00fc, kimlik sorarak \u00e7antas\u0131n\u0131 aramak isteyen polis memuru \u0130smail \u00d6zbek&#8217;i tabancayla \u00f6ld\u00fcren MLKP \u00fcyesi Ender Bulhaz Akt\u00fcrk, imam\u0131n Fatiha Suresi&#8217;ni okudu\u011fu s\u0131rada adliyeden \u00e7\u0131kar\u0131larak lin\u00e7ten kurtuldu.<\/p>\n<p style=\"text-align: justify;\">POL\u0130S KAT\u0130L\u0130NE L\u0130N\u00c7 G\u0130R\u0130\u015e\u0130M\u0130<\/p>\n<p style=\"text-align: justify;\">Kestel Adliyesi&#8217;nden Bursa Cezaevi&#8217;ne Emniyet M\u00fcd\u00fcrl\u00fc\u011f\u00fc&#8217;ne ait panzerle g\u00f6t\u00fcr\u00fclmek istenen Ender Bulhaz Akt\u00fcrk, <\/p>\n","protected":false},"author":1,"featured_media":0,"comment_status":"open","ping_status":"closed","sticky":false,"template":"","format":"standard","meta":{"footnotes":""},"categories":[105],"tags":[],"class_list":["post-6094","post","type-post","status-publish","format-standard","hentry","category-gundem","odd"],"_links":{"self":[{"href":"http:\/\/www.korhanyilmaz.com\/index.php?rest_route=\/wp\/v2\/posts\/6094","targetHints":{"allow":["GET"]}}],"collection":[{"href":"http:\/\/www.korhanyilmaz.com\/index.php?rest_route=\/wp\/v2\/posts"}],"about":[{"href":"http:\/\/www.korhanyilmaz.com\/index.php?rest_route=\/wp\/v2\/types\/post"}],"author":[{"embeddable":true,"href":"http:\/\/www.korhanyilmaz.com\/index.php?rest_route=\/wp\/v2\/users\/1"}],"replies":[{"embeddable":true,"href":"http:\/\/www.korhanyilmaz.com\/index.php?rest_route=%2Fwp%2Fv2%2Fcomments&post=6094"}],"version-history":[{"count":0,"href":"http:\/\/www.korhanyilmaz.com\/index.php?rest_route=\/wp\/v2\/posts\/6094\/revisions"}],"wp:attachment":[{"href":"http:\/\/www.korhanyilmaz.com\/index.php?rest_route=%2Fwp%2Fv2%2Fmedia&parent=6094"}],"wp:term":[{"taxonomy":"category","embeddable":true,"href":"http:\/\/www.korhanyilmaz.com\/index.php?rest_route=%2Fwp%2Fv2%2Fcategories&post=6094"},{"taxonomy":"post_tag","embeddable":true,"href":"http:\/\/www.korhanyilmaz.com\/index.php?rest_route=%2Fwp%2Fv2%2Ftags&post=6094"}],"curies":[{"name":"wp","href":"https:\/\/api.w.org\/{rel}","templated":true}]}}