{"id":6082,"date":"2009-03-22T08:57:13","date_gmt":"2009-03-22T06:57:13","guid":{"rendered":"http:\/\/www.korhanyilmaz.com\/?p=6082"},"modified":"2009-03-22T08:57:13","modified_gmt":"2009-03-22T06:57:13","slug":"benim-veya-ailemin-basina-bir-sey-gelirse-sorumlusu-gokcek%e2%80%99tir","status":"publish","type":"post","link":"http:\/\/www.korhanyilmaz.com\/?p=6082","title":{"rendered":"Benim veya ailemin ba\u015f\u0131na bir \u015fey gelirse sorumlusu G\u00f6k\u00e7ek\u2019tir"},"content":{"rendered":"<p style=\"text-align: center;\"><img loading=\"lazy\" decoding=\"async\" class=\"aligncenter size-full wp-image-6083\" title=\"Benim veya ailemin ba\u015f\u0131na bir \u015fey gelirse sorumlusu G\u00f6k\u00e7ek\u2019tir \" src=\"http:\/\/www.korhanyilmaz.com\/wp-content\/uploads\/2009\/03\/220320090608516152705.jpg\" alt=\"Benim veya ailemin ba\u015f\u0131na bir \u015fey gelirse sorumlusu G\u00f6k\u00e7ek\u2019tir \" width=\"329\" height=\"210\" \/><\/p>\n<p style=\"text-align: justify;\"><strong>U\u011fur D\u00fcndar, G\u00f6k\u00e7ek&#8217;in kendisini a\u00e7\u0131k bir \u015fekilde tehdit etti\u011fini s\u00f6yledi<\/strong><\/p>\n<p style=\"text-align: justify;\">Milliyet&#8217;in haberine g\u00f6re, Star Haber Grup Ba\u015fkan\u0131 U\u011fur D\u00fcndar, Ankara B\u00fcy\u00fck\u015fehir Belediye Ba\u015fkan\u0131 Melih G\u00f6k\u00e7ek&#8217;in &#8216;Ona d\u00fcnyay\u0131 dar edece\u011fim&#8217; s\u00f6z\u00fcn\u00fcn \u00e7ok a\u00e7\u0131k bir tehdit oldu\u011funu belirterek, &#8220;Benim ba\u015f\u0131ma bir \u015fey gelirse, benim ailemin, \u00e7ocuklar\u0131m\u0131n ba\u015f\u0131na bir \u015fey gelirse tek sorumlusu vard\u0131r o da Melih G\u00f6k\u00e7ek&#8217;tir&#8221; dedi.<\/p>\n<p style=\"text-align: justify;\">Star TV Ana Haber B\u00fclteni&#8217;ne telefonla ba\u011flanan D\u00fcndar, G\u00f6k\u00e7ek&#8217;in kendisi ve Kanal D Ana Haber Genel Yay\u0131n Y\u00f6netmeni Mehmet Ali Birand&#8217;\u0131 kast ederek s\u00f6yledi\u011fi, &#8220;Se\u00e7imden sonra onlarla \u00e7ok konu\u015faca\u011f\u0131z. Onlar\u0131n ellerinde kocaman televizyon var. Benim de se\u00e7menlerim var. Bu i\u015f burada bitmiyor&#8221; a\u00e7\u0131klamas\u0131n\u0131 hat\u0131rlatt\u0131. <!--more--><\/p>\n<p style=\"text-align: justify;\"><strong>&#8216;Dengelerini yitirmi\u015f&#8217;<\/strong><\/p>\n<p style=\"text-align: justify;\">D\u00fcndar, \u015funlar\u0131 s\u00f6yledi: &#8220;Melih G\u00f6k\u00e7ek k\u0131sa pantolonla dola\u015f\u0131rken ben bu \u00fclkede, hem de \u00fclkenin en gidilmez k\u00f6\u015felerinde memleketin sorunlar\u0131n\u0131n halk taraf\u0131ndan bilinmesi i\u00e7in u\u011fra\u015f veriyordum. Ben 40 y\u0131ld\u0131r bu mesle\u011fi yap\u0131yorum. Bir siyaset\u00e7inin, 40 y\u0131ll\u0131k bir gazeteciye bunlar\u0131 s\u00f6yleyebilmesi i\u00e7in t\u00fcm dengelerini yitirmi\u015f olmas\u0131 ve ne s\u00f6yledi\u011fini fark etmiyor duruma d\u00fc\u015fmesi laz\u0131m&#8221; dedi.<\/p>\n<p style=\"text-align: justify;\"><strong>&#8216;G\u00fcnlerdir susuyorum&#8217;<\/strong><\/p>\n<p style=\"text-align: justify;\">G\u00f6k\u00e7ek&#8217;e hakaret etmedi\u011fini ve iftira atmad\u0131\u011f\u0131n\u0131 belirten D\u00fcndar, \u015f\u00f6yle konu\u015ftu: &#8220;\u015eunu b\u00fct\u00fcn kamuoyuna duyuruyorum, &#8216;Ona d\u00fcnyay\u0131 dar edece\u011fim&#8217; s\u00f6z\u00fc \u00e7ok net, \u00e7ok a\u00e7\u0131k bir tehdittir. Bug\u00fcnden itibaren, \u015fu dakikadan itibaren ki g\u00fcnlerdir susuyordum ama art\u0131k i\u015f \u00f6fkeli toplumlara hedef g\u00f6stermeye gelince, susmamak bir g\u00f6rev olarak benim i\u00e7in \u015fu anda s\u00f6z konusudur. Benim ba\u015f\u0131ma bir \u015fey gelirse, benim ailemin, \u00e7ocuklar\u0131m\u0131n ba\u015f\u0131na bir \u015fey gelirse tek sorumlusu vard\u0131r o da Melih G\u00f6k\u00e7ek&#8217;tir.&#8221;<\/p>\n<p style=\"text-align: justify;\"><span style=\"color: #888888;\">Kaynak : Vatan Gazetesi<\/span><\/p>\n","protected":false},"excerpt":{"rendered":"<p style=\"text-align: center;\">\n<p style=\"text-align: justify;\">U\u011fur D\u00fcndar, G\u00f6k\u00e7ek&#8217;in kendisini a\u00e7\u0131k bir \u015fekilde tehdit etti\u011fini s\u00f6yledi<\/p>\n<p style=\"text-align: justify;\">Milliyet&#8217;in haberine g\u00f6re, Star Haber Grup Ba\u015fkan\u0131 U\u011fur D\u00fcndar, Ankara B\u00fcy\u00fck\u015fehir Belediye Ba\u015fkan\u0131 Melih G\u00f6k\u00e7ek&#8217;in &#8216;Ona d\u00fcnyay\u0131 dar edece\u011fim&#8217; s\u00f6z\u00fcn\u00fcn \u00e7ok a\u00e7\u0131k bir tehdit oldu\u011funu belirterek, &#8220;Benim ba\u015f\u0131ma bir \u015fey gelirse, benim ailemin, \u00e7ocuklar\u0131m\u0131n ba\u015f\u0131na bir \u015fey gelirse <\/p>\n","protected":false},"author":1,"featured_media":0,"comment_status":"open","ping_status":"closed","sticky":false,"template":"","format":"standard","meta":{"footnotes":""},"categories":[105],"tags":[],"class_list":["post-6082","post","type-post","status-publish","format-standard","hentry","category-gundem","odd"],"_links":{"self":[{"href":"http:\/\/www.korhanyilmaz.com\/index.php?rest_route=\/wp\/v2\/posts\/6082","targetHints":{"allow":["GET"]}}],"collection":[{"href":"http:\/\/www.korhanyilmaz.com\/index.php?rest_route=\/wp\/v2\/posts"}],"about":[{"href":"http:\/\/www.korhanyilmaz.com\/index.php?rest_route=\/wp\/v2\/types\/post"}],"author":[{"embeddable":true,"href":"http:\/\/www.korhanyilmaz.com\/index.php?rest_route=\/wp\/v2\/users\/1"}],"replies":[{"embeddable":true,"href":"http:\/\/www.korhanyilmaz.com\/index.php?rest_route=%2Fwp%2Fv2%2Fcomments&post=6082"}],"version-history":[{"count":0,"href":"http:\/\/www.korhanyilmaz.com\/index.php?rest_route=\/wp\/v2\/posts\/6082\/revisions"}],"wp:attachment":[{"href":"http:\/\/www.korhanyilmaz.com\/index.php?rest_route=%2Fwp%2Fv2%2Fmedia&parent=6082"}],"wp:term":[{"taxonomy":"category","embeddable":true,"href":"http:\/\/www.korhanyilmaz.com\/index.php?rest_route=%2Fwp%2Fv2%2Fcategories&post=6082"},{"taxonomy":"post_tag","embeddable":true,"href":"http:\/\/www.korhanyilmaz.com\/index.php?rest_route=%2Fwp%2Fv2%2Ftags&post=6082"}],"curies":[{"name":"wp","href":"https:\/\/api.w.org\/{rel}","templated":true}]}}