{"id":6072,"date":"2009-03-22T08:51:32","date_gmt":"2009-03-22T06:51:32","guid":{"rendered":"http:\/\/www.korhanyilmaz.com\/?p=6072"},"modified":"2009-03-22T08:51:32","modified_gmt":"2009-03-22T06:51:32","slug":"ya-degisecek-ya-gidecek","status":"publish","type":"post","link":"http:\/\/www.korhanyilmaz.com\/?p=6072","title":{"rendered":"&#039;Ya de\u011fi\u015fecek ya gidecek&#039;"},"content":{"rendered":"<p><img loading=\"lazy\" decoding=\"async\" class=\"aligncenter size-full wp-image-6073\" title=\"'Ya de\u011fi\u015fecek ya gidecek' \" src=\"http:\/\/www.korhanyilmaz.com\/wp-content\/uploads\/2009\/03\/220320090226454330451.jpg\" alt=\"'Ya de\u011fi\u015fecek ya gidecek' \" width=\"320\" height=\"100\" \/><\/p>\n<p style=\"text-align: justify;\"><strong>Balbay&#8217;a ait oldu\u011fu belirtilen g\u00fcnl\u00fcklerin son b\u00f6l\u00fcm\u00fcnde eski 1&#8217;inci Ordu Komutan\u0131 Orgeneral Do\u011fan&#8217;la ilgili notlar yer al\u0131yor<\/strong><\/p>\n<p style=\"text-align: justify;\">Balbay&#8217;\u0131n bilgisayar\u0131ndan \u00e7\u0131kt\u0131\u011f\u0131 ileri s\u00fcr\u00fclen g\u00fcnl\u00fckte AKP h\u00fck\u00fcmetinden memnun olmayan komutanlarla ilgili yeni bilgiler bulunuyor. G\u00fcnl\u00fc\u011fe g\u00f6re bir komutan &#8220;Mart&#8217;a kadar durum de\u011fi\u015fmezse biz de\u011fi\u015ftirece\u011fiz&#8221; diyor.<\/p>\n<p style=\"text-align: justify;\">Cumhuriyet gazetesi Ankara Temsilcisi Mustafa Balbay&#8217;a ait oldu\u011fu belirtilen g\u00fcnl\u00fcklerin son b\u00f6l\u00fcm\u00fcnde eski 1&#8217;inci Ordu Komutan\u0131 Orgeneral \u00c7etin Do\u011fan&#8217;la ilgili baz\u0131 bilinmeyen notlar yer al\u0131yor. Emekli Orgeneral Do\u011fan&#8217;\u0131n a\u011f\u0131r bir dille kaleme ald\u0131\u011f\u0131 konu\u015fma metninin d\u00f6nemin Genelkurmay \u0130kinci Ba\u015fkan\u0131 taraf\u0131ndan Genelkurmay Ba\u015fkan\u0131 Hilmi \u00d6zk\u00f6k&#8217;e iletilmedi\u011fi belirtiliyor. Kim oldu\u011fu bilinmeyen askeri bir ki\u015fi ise, m\u00fcdahele plan\u0131n\u0131n Mart 2004&#8217;e g\u00f6re haz\u0131rland\u0131\u011f\u0131n\u0131 a\u00e7\u0131kl\u0131yor. D\u00f6nemin Deniz Kuvvetleri Komutan\u0131 oramiral \u00d6zden \u00d6rnek&#8217;in g\u00fcnl\u00fcklerinde de \u015eener Eruygur&#8217;un K\u0131br\u0131s&#8217;taki referandumdan \u00f6nce (Nisan 2004) &#8216;Sar\u0131 k\u0131z&#8217; ve &#8216;Ay \u0131\u015f\u0131\u011f\u0131&#8217; darbe planlar\u0131n\u0131n uygulanmas\u0131na \u00e7al\u0131\u015ft\u0131\u011f\u0131 \u00f6ne s\u00fcr\u00fcl\u00fcyordu. <!--more--><\/p>\n<p style=\"text-align: justify;\">Tempo24.com.tr haber portal\u0131nda d\u00fcn yer alan Balbay&#8217;a ait g\u00fcnl\u00fcklerin Nisan 2003 tarihli b\u00f6l\u00fcm\u00fcnde \u015fu bilgiler yer al\u0131yor: &#8220;\u00c7etin Pa\u015fa Akt\u00fcel&#8217;deki yaz\u0131y\u0131 okuduktan sonra demi\u015f ki &#8216;Ameliyattan \u00f6nce tabancam yan taraf\u0131mdayd\u0131. \u015eimdi \u00e7apraz tutu\u015ftay\u0131m.<\/p>\n<p style=\"text-align: justify;\">O haz\u0131r. Onunla ilgili gidi\u015fte bir sorun yok. Ameliyattan hemen \u00f6nce \u0130zmir&#8217;de ordu komutanlar\u0131yla konu\u015fmak, toplanmak \u00fczere haz\u0131rl\u0131k yapt\u0131. Orada yapaca\u011f\u0131 konu\u015fmay\u0131 haz\u0131rlad\u0131. Bunu bilgi olsun diye, Genkur.&#8217;a da g\u00f6nderdi. Ya\u015far Pa\u015fa bir \u00fcste iletmedi. Konu\u015fmas\u0131 a\u011f\u0131rd\u0131. T\u00fcrkiye b\u00f6yle gitmez, h\u00fck\u00fcmet bu i\u015fi g\u00f6t\u00fcremiyor t\u00fcr\u00fcndeydi.. Kesin konu\u015fmay\u0131 yapacakt\u0131 Ayta\u00e7 Pa\u015fa yap demi\u015f&#8230;&#8217;<\/p>\n<p style=\"text-align: justify;\"><strong>&#8220;Bunlar de\u011fi\u015fecek&#8221; <\/strong><\/p>\n<p style=\"text-align: justify;\">G\u00fcnl\u00fcklerde ad\u0131 &#8216;Mehmet&#8217; olarak ge\u00e7en bir asker, 2003 y\u0131l\u0131 ba\u015flar\u0131nda K\u0131br\u0131s&#8217;taki referanduma gidilirken ya\u015fanan gerilimi anlat\u0131yor: &#8220;Bizim takvimlememiz marta kadar. Martta bunlar\u0131n ger\u00e7ek y\u00fczleri de ortaya \u00e7\u0131kacak. O zamana kadar de\u011fi\u015fmezse biz de\u011fi\u015ftirece\u011fiz. Ya de\u011fi\u015fecek ya gidecek. Biz ba\u015fkanla ters d\u00fc\u015fersek k\u00f6t\u00fc olur. Mesela emekli olur. Bu da ho\u015f olmaz ama, b\u00f6yle devam edemez.&#8221;<\/p>\n<p style=\"text-align: justify;\"><span style=\"color: #888888;\">Kaynak : Vatan Gazetesi<\/span><\/p>\n","protected":false},"excerpt":{"rendered":"<\/p>\n<p style=\"text-align: justify;\">Balbay&#8217;a ait oldu\u011fu belirtilen g\u00fcnl\u00fcklerin son b\u00f6l\u00fcm\u00fcnde eski 1&#8217;inci Ordu Komutan\u0131 Orgeneral Do\u011fan&#8217;la ilgili notlar yer al\u0131yor<\/p>\n<p style=\"text-align: justify;\">Balbay&#8217;\u0131n bilgisayar\u0131ndan \u00e7\u0131kt\u0131\u011f\u0131 ileri s\u00fcr\u00fclen g\u00fcnl\u00fckte AKP h\u00fck\u00fcmetinden memnun olmayan komutanlarla ilgili yeni bilgiler bulunuyor. G\u00fcnl\u00fc\u011fe g\u00f6re bir komutan &#8220;Mart&#8217;a kadar durum de\u011fi\u015fmezse biz de\u011fi\u015ftirece\u011fiz&#8221; diyor.<\/p>\n<p style=\"text-align: justify;\">Cumhuriyet gazetesi Ankara Temsilcisi Mustafa <\/p>\n","protected":false},"author":1,"featured_media":0,"comment_status":"open","ping_status":"closed","sticky":false,"template":"","format":"standard","meta":{"footnotes":""},"categories":[105],"tags":[],"class_list":["post-6072","post","type-post","status-publish","format-standard","hentry","category-gundem","odd"],"_links":{"self":[{"href":"http:\/\/www.korhanyilmaz.com\/index.php?rest_route=\/wp\/v2\/posts\/6072","targetHints":{"allow":["GET"]}}],"collection":[{"href":"http:\/\/www.korhanyilmaz.com\/index.php?rest_route=\/wp\/v2\/posts"}],"about":[{"href":"http:\/\/www.korhanyilmaz.com\/index.php?rest_route=\/wp\/v2\/types\/post"}],"author":[{"embeddable":true,"href":"http:\/\/www.korhanyilmaz.com\/index.php?rest_route=\/wp\/v2\/users\/1"}],"replies":[{"embeddable":true,"href":"http:\/\/www.korhanyilmaz.com\/index.php?rest_route=%2Fwp%2Fv2%2Fcomments&post=6072"}],"version-history":[{"count":0,"href":"http:\/\/www.korhanyilmaz.com\/index.php?rest_route=\/wp\/v2\/posts\/6072\/revisions"}],"wp:attachment":[{"href":"http:\/\/www.korhanyilmaz.com\/index.php?rest_route=%2Fwp%2Fv2%2Fmedia&parent=6072"}],"wp:term":[{"taxonomy":"category","embeddable":true,"href":"http:\/\/www.korhanyilmaz.com\/index.php?rest_route=%2Fwp%2Fv2%2Fcategories&post=6072"},{"taxonomy":"post_tag","embeddable":true,"href":"http:\/\/www.korhanyilmaz.com\/index.php?rest_route=%2Fwp%2Fv2%2Ftags&post=6072"}],"curies":[{"name":"wp","href":"https:\/\/api.w.org\/{rel}","templated":true}]}}