{"id":6067,"date":"2009-03-22T08:44:39","date_gmt":"2009-03-22T06:44:39","guid":{"rendered":"http:\/\/www.korhanyilmaz.com\/?p=6067"},"modified":"2009-03-22T08:44:39","modified_gmt":"2009-03-22T06:44:39","slug":"%e2%80%98akp-istanbul%e2%80%99u-kaybederse-biter%e2%80%99","status":"publish","type":"post","link":"http:\/\/www.korhanyilmaz.com\/?p=6067","title":{"rendered":"\u2018AKP \u0130stanbul\u2019u kaybederse biter\u2019"},"content":{"rendered":"<p><img loading=\"lazy\" decoding=\"async\" class=\"aligncenter size-full wp-image-6068\" title=\" \u2018AKP \u0130stanbul\u2019u kaybederse biter\u2019 \" src=\"http:\/\/www.korhanyilmaz.com\/wp-content\/uploads\/2009\/03\/220320090355382945678.jpg\" alt=\" \u2018AKP \u0130stanbul\u2019u kaybederse biter\u2019 \" width=\"320\" height=\"100\" \/><\/p>\n<p style=\"text-align: justify;\"><strong>CHP aday\u0131 K\u0131l\u0131\u00e7daro\u011flu yine AKP&#8217;ye y\u00fcklendi: &#8220;AKP \u0130stanbul&#8217;u kaybederlerse AKP diye bir \u015fey olmayaca\u011f\u0131n\u0131 biliyorlar&#8221;<\/strong><\/p>\n<p style=\"text-align: justify;\">CHP&#8217;nin \u0130stanbul B\u00fcy\u00fck\u015fehir Belediyesi ba\u015fkan aday\u0131 Kemal K\u0131l\u0131\u00e7daro\u011flu, bir g\u00fcne Silivri, Halkal\u0131, Bah\u00e7e\u015fehir, Alibeyk\u00f6y ve Sultanbeyli etkinliklerini s\u0131\u011fd\u0131rd\u0131. Bah\u00e7e\u015fehir&#8217;de yakla\u015f\u0131k 2 bin ki\u015fiye konu\u015fan K\u0131l\u0131\u00e7daro\u011flu, Ba\u015fbakan Tayyip Erdo\u011fan ile rakipi Kadir Topba\u015f&#8217;a y\u00fcklendi. Ba\u015fbakan&#8217;\u0131n \u0130stanbul merak\u0131n\u0131n, &#8220;hortumculuktan&#8221; kaynakland\u0131\u011f\u0131n\u0131 savunan K\u0131l\u0131\u00e7daro\u011flu, &#8220;AKP, \u0130stanbul&#8217;dan besleniyor. \u0130stanbul&#8217;u kaybederlerse AKP diye bir\u015fey olmayaca\u011f\u0131n\u0131 biliyorlar. Kul hakk\u0131 yiyenlerden hesap sormazsam namerdim&#8221; dedi. K\u0131l\u0131\u00e7daro\u011flu, alanda toplananlar\u0131n att\u0131\u011f\u0131, &#8220;Tayyip halka hesap verecek&#8221; slogan\u0131na da &#8220;Yetki verirseniz elbette ki hesap verecekler&#8221; yan\u0131t\u0131n\u0131 verdi. <!--more--><\/p>\n<p style=\"text-align: justify;\"><strong>Topba\u015f bize oy versin<\/strong><\/p>\n<p style=\"text-align: justify;\">Ge\u00e7en se\u00e7im 2 milyona yak\u0131n se\u00e7menin sand\u0131\u011fa gitmedi\u011fine vurgu yapan K\u0131l\u0131\u00e7daro\u011flu, herkesi, hevesli olmayan arkada\u015f\u0131n\u0131, yak\u0131n\u0131n\u0131 oy kullanma konusunda ikna etmeye \u00e7a\u011f\u0131rd\u0131. K\u0131l\u0131\u00e7daro\u011flu \u015f\u00f6yle konu\u015ftu: &#8220;Siz i\u015fsiz kalmay\u0131 bilirsiniz ama birilerinin keyfi yerindedir. \u00c7ocuklar\u0131n\u0131 zengin edip, kendileri de k\u00f6\u015feyi d\u00f6nm\u00fc\u015ft\u00fcr. Bunun i\u00e7in sand\u0131\u011fa gidip bunlardan hesap soraca\u011f\u0131z. Dedik ki, &#8216;Kad\u0131n\u0131n ad\u0131na hesap a\u00e7\u0131p, verece\u011fimiz paray\u0131 buraya yat\u0131raca\u011f\u0131z&#8217;. Paray\u0131 nereden bulaca\u011f\u0131m\u0131z\u0131 soruyorlar. Merak ediyorsan\u0131z bize oy verin. Topba\u015f da oyunu bize versin. O zaman g\u00f6r\u00fcr paray\u0131 nereden bulaca\u011f\u0131m\u0131z\u0131. Bunlar fakire gelince paran\u0131n nereden bulunaca\u011f\u0131n\u0131 sorarlar ama \u00e7ocuklar\u0131na para aktar\u0131rken bu ak\u0131llar\u0131na gelmez. Biz paray\u0131 buluruz. Siz yeter ki d\u00fc\u015f\u00fcn yakam\u0131zdan. Bunlar \u00f6nce a\u00e7l\u0131\u011f\u0131 getirdiler, milleti bitirdiler, \u015fimdi de bulduklar\u0131n\u0131 g\u00f6t\u00fcr\u00fcyorlar.&#8221;<\/p>\n<p style=\"text-align: justify;\"><strong>NEVRUZ ATE\u015e\u0130NDEN ATLADI<\/strong><\/p>\n<p style=\"text-align: justify;\">Kemal K\u0131l\u0131\u00e7daro\u011flu, Halkal\u0131&#8217;daki A\u015fure Meydan\u0131&#8217;nda ger\u00e7ekle\u015ftirilen Nevruz kutlamalar\u0131na kat\u0131ld\u0131. Nevruz ate\u015finin \u00fczerinden atlayan K\u0131l\u0131\u00e7daro\u011flu, \u0130stanbul B\u00fcy\u00fck\u015fehir Belediyesi eski ba\u015fkan\u0131 Ali M\u00fcfit G\u00fcrtuna ile baz\u0131 milletvekillerinin de kat\u0131ld\u0131\u011f\u0131 kutlamalarda t\u00f6re gere\u011fi 7 kez demir d\u00f6vd\u00fc.<\/p>\n<p style=\"text-align: justify;\"><strong>DSP&#8217;li Tan: K\u0131l\u0131\u00e7daro\u011flu ve ekibiyle \u00e7al\u0131\u015faca\u011f\u0131m<\/strong><\/p>\n<p style=\"text-align: justify;\">DSP \u0130stanbul Milletvekili Ahmet Tan, CHP&#8217;nin \u0130stanbul B\u00fcy\u00fck\u015fehir Belediye Ba\u015fkan aday\u0131 Kemal K\u0131l\u0131\u00e7daro\u011flu&#8217;na destek verece\u011fini a\u00e7\u0131klad\u0131. Tan, \u015f\u00f6yle dedi: &#8220;Yoksullu\u011fu ve keyfili\u011fi ak\u0131l almaz boyutlara s\u00fcr\u00fckleyen AKP&#8217;-ye \u0130stanbul&#8217;un bir &#8216;ihtar&#8217; vermesinin \u015fart oldu\u011funu belirttik. Bu &#8216;ihtar&#8217;ancak AKP&#8217;ye kar\u015f\u0131 en g\u00fc\u00e7l\u00fc aday olan K\u0131l\u0131\u00e7daro\u011flu&#8217;-nun desteklenmesiyle verilecektir. Ecevit uzla\u015f\u0131y\u0131 vasiyet etmi\u015fti. K\u0131l\u0131\u00e7daro\u011flu&#8217;-nun ekibiyle \u00e7al\u0131\u015fmaya ba\u015fl\u0131yorum. K\u0131l\u0131\u00e7daro\u011flu&#8217;na destek, AKP elinde t\u00f6kezleyen demokrasiye, hak ve adalete de destek olacakt\u0131r.&#8221;<\/p>\n<p style=\"text-align: justify;\"><span style=\"color: #888888;\">Kaynak : Cahit Y\u00fcce \/ Vatan<\/span><\/p>\n<p style=\"text-align: justify;\">\n","protected":false},"excerpt":{"rendered":"<\/p>\n<p style=\"text-align: justify;\">CHP aday\u0131 K\u0131l\u0131\u00e7daro\u011flu yine AKP&#8217;ye y\u00fcklendi: &#8220;AKP \u0130stanbul&#8217;u kaybederlerse AKP diye bir \u015fey olmayaca\u011f\u0131n\u0131 biliyorlar&#8221;<\/p>\n<p style=\"text-align: justify;\">CHP&#8217;nin \u0130stanbul B\u00fcy\u00fck\u015fehir Belediyesi ba\u015fkan aday\u0131 Kemal K\u0131l\u0131\u00e7daro\u011flu, bir g\u00fcne Silivri, Halkal\u0131, Bah\u00e7e\u015fehir, Alibeyk\u00f6y ve Sultanbeyli etkinliklerini s\u0131\u011fd\u0131rd\u0131. Bah\u00e7e\u015fehir&#8217;de yakla\u015f\u0131k 2 bin ki\u015fiye konu\u015fan K\u0131l\u0131\u00e7daro\u011flu, Ba\u015fbakan Tayyip Erdo\u011fan ile rakipi Kadir Topba\u015f&#8217;a y\u00fcklendi. Ba\u015fbakan&#8217;\u0131n \u0130stanbul <\/p>\n","protected":false},"author":1,"featured_media":0,"comment_status":"open","ping_status":"closed","sticky":false,"template":"","format":"standard","meta":{"footnotes":""},"categories":[105],"tags":[],"class_list":["post-6067","post","type-post","status-publish","format-standard","hentry","category-gundem","odd"],"_links":{"self":[{"href":"http:\/\/www.korhanyilmaz.com\/index.php?rest_route=\/wp\/v2\/posts\/6067","targetHints":{"allow":["GET"]}}],"collection":[{"href":"http:\/\/www.korhanyilmaz.com\/index.php?rest_route=\/wp\/v2\/posts"}],"about":[{"href":"http:\/\/www.korhanyilmaz.com\/index.php?rest_route=\/wp\/v2\/types\/post"}],"author":[{"embeddable":true,"href":"http:\/\/www.korhanyilmaz.com\/index.php?rest_route=\/wp\/v2\/users\/1"}],"replies":[{"embeddable":true,"href":"http:\/\/www.korhanyilmaz.com\/index.php?rest_route=%2Fwp%2Fv2%2Fcomments&post=6067"}],"version-history":[{"count":0,"href":"http:\/\/www.korhanyilmaz.com\/index.php?rest_route=\/wp\/v2\/posts\/6067\/revisions"}],"wp:attachment":[{"href":"http:\/\/www.korhanyilmaz.com\/index.php?rest_route=%2Fwp%2Fv2%2Fmedia&parent=6067"}],"wp:term":[{"taxonomy":"category","embeddable":true,"href":"http:\/\/www.korhanyilmaz.com\/index.php?rest_route=%2Fwp%2Fv2%2Fcategories&post=6067"},{"taxonomy":"post_tag","embeddable":true,"href":"http:\/\/www.korhanyilmaz.com\/index.php?rest_route=%2Fwp%2Fv2%2Ftags&post=6067"}],"curies":[{"name":"wp","href":"https:\/\/api.w.org\/{rel}","templated":true}]}}