{"id":6051,"date":"2009-03-21T20:52:18","date_gmt":"2009-03-21T18:52:18","guid":{"rendered":"http:\/\/www.korhanyilmaz.com\/?p=6051"},"modified":"2009-03-21T20:52:18","modified_gmt":"2009-03-21T18:52:18","slug":"baykala-sifreli-yanit","status":"publish","type":"post","link":"http:\/\/www.korhanyilmaz.com\/?p=6051","title":{"rendered":"Baykal&#039;a &#039;\u015fifreli&#039; yan\u0131t"},"content":{"rendered":"<p style=\"text-align: center;\"><img loading=\"lazy\" decoding=\"async\" class=\"aligncenter size-full wp-image-6052\" title=\"Baykal'a '\u015fifreli' yan\u0131t \" src=\"http:\/\/www.korhanyilmaz.com\/wp-content\/uploads\/2009\/03\/210320092117107464882.jpg\" alt=\"Baykal'a '\u015fifreli' yan\u0131t \" width=\"329\" height=\"210\" \/><\/p>\n<p style=\"text-align: justify;\"><strong>Ba\u015fbakan Erdo\u011fan, CHP liderine y\u00fcklenirken Baykal&#8217;\u0131n b\u00fcrokratlara y\u00f6nelik s\u00f6zleri i\u00e7in yarg\u0131ya seslendi<\/strong>.<\/p>\n<p style=\"text-align: justify;\">AKP Genel Ba\u015fkan\u0131 ve Ba\u015fbakan Recep Tayyip Erdo\u011fan, &#8216;Say\u0131n Baykal kendini par\u00e7al\u0131yor &#8216;ekranlara \u00e7\u0131kal\u0131m&#8217; diye. Say\u0131n Baykal, ekranlar senin olsun. \u00c7ark\u0131fele\u011fe mi \u00e7\u0131kars\u0131n, televoleye mi \u00e7\u0131kars\u0131n, nereye \u00e7\u0131karsan \u00e7\u0131k ama sadece ben senden bir \u015fey rica ediyorum. Ne olur gece 12&#8217;den sonra \u00e7\u0131k ya da \u015fifreli kanallarda \u00e7\u0131k. \u00c7\u00fcnk\u00fc senin yan\u0131nda birlikte \u00e7\u0131kaca\u011f\u0131n ki\u015filer bu yavrular\u0131m\u0131z\u0131n ahlak\u0131n\u0131 bozabilir&#8217; dedi.<\/p>\n<p style=\"text-align: justify;\">Erdo\u011fan, partisince Sincan&#8217;da d\u00fczenlenen mitingde yapt\u0131\u011f\u0131 konu\u015fmada, yerel se\u00e7imde, y\u00f6neticilerin kim olaca\u011f\u0131na de\u011fil, ayn\u0131 zamanda \u00fclkenin gidi\u015fat\u0131n\u0131n ne y\u00f6ne olaca\u011f\u0131na oy verilece\u011fini s\u00f6yledi.<\/p>\n<p style=\"text-align: justify;\">Ba\u015fkent Ankara&#8217;n\u0131n se\u00e7imde kendine yak\u0131\u015fan b\u00fcy\u00fckl\u00fckte d\u00fc\u015f\u00fcnece\u011fini dile getiren Erdo\u011fan, &#8216;AK Parti ile a\u015fkla heyecanla Ankara &#8216;yola devam&#8217; diyecek&#8217; dedi.<!--more--><\/p>\n<p style=\"text-align: justify;\">T\u00fcrkiye&#8217;nin, AK Parti&#8217;nin iktidara geldi\u011fi 3 Kas\u0131m 2002&#8217;den bu yana nas\u0131l bir de\u011fi\u015fim g\u00f6sterdi\u011finin ortada oldu\u011funu ifade eden Erdo\u011fan, \u015funlar\u0131 s\u00f6yledi:<\/p>\n<p style=\"text-align: justify;\">&#8216;2002&#8217;den \u00f6nceki ve sonraki T\u00fcrkiye aras\u0131ndaki fark ne? D\u00fcn, ekonomik olarak \u00e7\u00f6k\u00fc\u015f\u00fcn e\u015fi\u011fine gelmi\u015f T\u00fcrkiye vard\u0131; bug\u00fcn dev k\u00fcresel krizlere ra\u011fmen ayakta kalmay\u0131 ba\u015farabilen sa\u011flam bir T\u00fcrkiye var. O g\u00fcnlerde yar\u0131n ne olaca\u011f\u0131 kestirilemeyen bir sisler \u00fclkesi vard\u0131; bug\u00fcn istikrarl\u0131 ve g\u00fcvenli bir T\u00fcrkiye var. O g\u00fcnlerde s\u0131k\u0131nt\u0131lar\u0131n\u0131n alt\u0131nda bo\u011fulan T\u00fcrkiye vard\u0131; bug\u00fcn s\u0131k\u0131nt\u0131lar\u0131n\u0131n \u00fcst\u00fcne cesaretle, kararl\u0131l\u0131kla giden, b\u00fct\u00fcn zorluklar\u0131 a\u015fma azminde olan bir T\u00fcrkiye var. O g\u00fcnlerde T\u00fcrkiye&#8217;yi i\u00e7ine kapatan y\u00f6netimler vard\u0131, hatta toplant\u0131lar\u0131n\u0131 yapamayan Bakanlar Kurulu vard\u0131; bug\u00fcn milletimizin haysiyetini b\u00fct\u00fcn d\u00fcnyada temsil eden bir y\u00f6netim var.&#8217;<\/p>\n<p style=\"text-align: justify;\">Erdo\u011fan, bug\u00fcn b\u00fct\u00fcn d\u00fcnyan\u0131n; T\u00fcrkiye&#8217;nin, Ankara&#8217;n\u0131n sesini merak etti\u011fini ifade ederek, Ankara&#8217;dan \u00e7\u0131kan sesin b\u00fct\u00fcn d\u00fcnyada yank\u0131land\u0131\u011f\u0131n\u0131 belirtti. Erdo\u011fan, &#8216;Ba\u015fkent Ankara, bizimle beraber d\u00fcnyan\u0131n en sayg\u0131n ba\u015fkentlerinden biri oldu. T\u00fcrkiye&#8217;nin hukukuna sahip \u00e7\u0131kmak budur. T\u00fcrkiye Cumhuriyeti Devleti bu itibar\u0131, sayg\u0131nl\u0131\u011f\u0131 bizimle elde etti&#8217; diye konu\u015ftu.<\/p>\n<p style=\"text-align: justify;\">Polatl\u0131&#8217;dan Sakarya&#8217;ya, Dumlup\u0131nar&#8217;dan \u00c7anakkale&#8217;ye \u015fehit kanlar\u0131n\u0131n sembol\u00fc olan ay y\u0131ld\u0131zl\u0131 bayra\u011f\u0131n bu d\u00f6nemde daha \u00f6zg\u00fcrce dalgaland\u0131\u011f\u0131n\u0131 dile getiren Erdo\u011fan, &#8216;B\u00fcy\u00fck milletimizin bizden istedi\u011fi de siyasetten istedi\u011fi de budur. Bu millet, bizden b\u00fcy\u00fck d\u00fc\u015f\u00fcnmemizi istiyor, bu millet b\u00fcy\u00fck T\u00fcrkiye istiyor&#8217; g\u00f6r\u00fc\u015f\u00fcn\u00fc dile getirdi.<\/p>\n<p style=\"text-align: justify;\"><strong>&#8216;S\u0130ZDEN OY \u0130STEME P\u0130\u015eK\u0130NL\u0130\u011e\u0130N\u0130 G\u00d6STERENLER&#8230;&#8217;<\/strong><\/p>\n<p style=\"text-align: justify;\">Erdo\u011fan, kendilerinden \u00f6nceki h\u00fck\u00fcmetlerin icraatlar\u0131n\u0131 ele\u015ftirerek, konu\u015fmas\u0131n\u0131 \u015f\u00f6yle s\u00fcrd\u00fcrd\u00fc:<\/p>\n<p style=\"text-align: justify;\">&#8216;Bu \u00fclkenin insanlar\u0131n\u0131n umutlar\u0131 s\u00f6nmeye y\u00fcz tutmam\u0131\u015f m\u0131yd\u0131? \u00dclkenin gen\u00e7leri T\u00fcrkiye&#8217;nin gelece\u011finden umut kesecek noktaya gelmemi\u015f miydi? \u00dclkenin sorunlar\u0131n\u0131 \u00e7\u00f6zs\u00fcnler diye iktidara getirilenler, \u015fu MHP, Bakanlar Kurulunu bile toplayamayacak kadar acziyet i\u00e7inde de\u011fil miydi? Devlet, memuruna maa\u015f \u00f6deyecek paray\u0131 bile bulamayacak kadar \u00e7aresiz de\u011fil miydi? Bor\u00e7lar da\u011f gibi y\u0131\u011f\u0131l\u0131 de\u011fil miydi? Y\u00fcksek enflasyon, y\u00fcksek faizler, durmadan artan fiyatlar bu milletin can\u0131na tak ettirmemi\u015f miydi? Bu \u00fclkenin kaynaklar\u0131 h\u0131rs\u0131za, ars\u0131za, soysuza pe\u015fke\u015f \u00e7ekilmiyor muydu? Bankalar\u0131m\u0131z\u0131n i\u00e7i bo\u015falt\u0131lm\u0131yor muydu? 16 banka fona devredilmemi\u015f miydi? Bu milletin h\u00fcr iradesine ipotek konulmuyor muydu? Demokrasi a\u011f\u0131r yaral\u0131 de\u011fil miydi? Hukuk devleti \u00e7aresiz de\u011fil miydi? Siyaset, derbeder koalisyonlarla siyaset olmaktan \u00e7\u0131kmam\u0131\u015f m\u0131yd\u0131? D\u00fcnyada \u00e7al\u0131nan her kap\u0131 T\u00fcrkiye&#8217;nin y\u00fcz\u00fcne kapat\u0131lm\u0131yor muydu? Bug\u00fcn yine bu milletin kar\u015f\u0131s\u0131na \u00e7\u0131kan, sizden oy isteme pi\u015fkinli\u011fini g\u00f6sterenler o g\u00fcn siyasette de\u011fil miydi?&#8217;<\/p>\n<p style=\"text-align: justify;\">Kendi h\u00fck\u00fcmetlerinden \u00f6nceki 57. H\u00fck\u00fcmet&#8217;in koalisyon ortaklar\u0131 DSP, MHP ve ANAP&#8217;\u0131n, \u00fclke meseleleriyle ilgili fikir ve proje \u00fcretemediklerini ifade eden Erdo\u011fan, &#8216;B\u0131rak\u0131n yeni fikir \u00fcretmeyi, T\u00fcrkiye&#8217;nin ba\u015far\u0131lar\u0131na bile sevinemiyorlar&#8217; dedi.<\/p>\n<p style=\"text-align: justify;\">Erdo\u011fan, 79 senede 230 milyar dolar olan gayrisafi milli has\u0131lan\u0131n \u00fczerine 6.5 senede 520 milyar dolar eklediklerini, devletin kendilerinden \u00f6nce y\u00fczde 63, \u015fimdi ise y\u00fczde 13 faizle bor\u00e7land\u0131\u011f\u0131n\u0131, enflasyonun y\u00fczde 30&#8217;dan y\u00fczde 7,7&#8217;ye geriledi\u011fini anlatarak, aradaki fark\u0131n vatanda\u015f\u0131n cebinde kald\u0131\u011f\u0131n\u0131 s\u00f6yledi.<\/p>\n<p style=\"text-align: justify;\"><strong>&#8216;BIRAKSAN KOYUN G\u00dcDEMEZLER YA&#8230;&#8217;<\/strong><\/p>\n<p style=\"text-align: justify;\">Erdo\u011fan, \u015f\u00f6yle devam etti:<\/p>\n<p style=\"text-align: justify;\">&#8216;Ne dediler, &#8216;enflasyon patlar&#8217;&#8230; Ne oldu? \u00c7atlad\u0131, \u00e7atlad\u0131, patlamad\u0131. Bitmedi&#8230; IMF&#8217;ye gittiler bor\u00e7land\u0131lar. D\u00fcn Bilecik&#8217;te konu\u015fuyor, &#8216;hayalimiz, arzumuz IMF&#8217;siz bir ekonomiydi&#8217;. Ne oldu? B\u0131raksan koyun g\u00fcdemezler ya. Bunlara sak\u0131n 3 tane koyun teslim edeyim demeyin, hele hele Etimesgut&#8217;u, Sincan&#8217;\u0131 falan teslim etmeye kalkmay\u0131n. Etimesgut elden gider ha, Sincan elden gider. Bunlar g\u00fcdemezler, sak\u0131n. Kaybeder gelirler. Bunlar elden gider. \u0130stanbul&#8217;un belediye ba\u015fkanl\u0131\u011f\u0131n\u0131 yapt\u0131m 4,5 sene. Nas\u0131l bir belediye ald\u0131k, nereye getirdik belli. Ondan sonra buralara geldik.&#8217;<\/p>\n<p style=\"text-align: justify;\">Erdo\u011fan, iktidara geldiklerinde IMF&#8217;ye 23,5 milyar dolar bor\u00e7 oldu\u011funu, bunu 7,8 milyar milyar dolara indirdiklerini belirterek, &#8216;D\u00fcr\u00fcst olun. Bir taraftan IMF&#8217;ye verip veri\u015ftireceksin, ondan sonra gidip bor\u00e7lanacaks\u0131n. Ondan sonra da AK Parti&#8217;ye bor\u00e7 y\u0131\u011f\u0131n\u0131 b\u0131rakcaks\u0131n. AK Parti senin b\u0131rakt\u0131\u011f\u0131n borcu \u00f6deyecek, sonra da s\u0131k\u0131lmadan diyeceksin ki &#8216;ne yapt\u0131lar?&#8217;. Daha ne yapal\u0131m, senin bor\u00e7lar\u0131n\u0131 biz \u00f6d\u00fcyoruz&#8217; diye konu\u015ftu.<\/p>\n<p style=\"text-align: justify;\"><strong>&#8216;ONLAR T\u00dcKETT\u0130, B\u0130Z \u00dcRETT\u0130K&#8217;<\/strong><\/p>\n<p style=\"text-align: justify;\">\u0130ktidara geldiklerinde Merkez Bankas\u0131&#8217;n\u0131n kasas\u0131nda 26,5 milyar dolar oldu\u011funu, \u015fu anda bu rakam\u0131n 67 milyar dolara y\u00fckseldi\u011fini ifade eden Erdo\u011fan, &#8216;Onlar bankalar\u0131 bat\u0131r\u0131rken 40 milyar dolar bu millete \u00f6dettiler. Merkez Bankam\u0131z\u0131n kasas\u0131nda \u015fu anda 40 milyar dolar art\u0131 var, fark\u0131m\u0131z bu. Onlar t\u00fcketti biz \u00fcrettik&#8217; dedi.<\/p>\n<p style=\"text-align: justify;\">Erdo\u011fan, muhalefet partilerinin &#8216;kara \u00e7almak, iftira atmak, ba\u011f\u0131r\u0131p \u00e7a\u011f\u0131rmak, \u00fclkenin huzurunu ka\u00e7\u0131rmak d\u0131\u015f\u0131nda bir \u015fey yapmad\u0131klar\u0131n\u0131&#8217; savunarak, MHP Genel Ba\u015fkan\u0131 Devlet Bah\u00e7eli ve CHP Genel Ba\u015fkan\u0131 Deniz Baykal&#8217;dan, Ba\u015fbakan Yard\u0131mc\u0131l\u0131\u011f\u0131 ve Bakanl\u0131k yapt\u0131klar\u0131 d\u00f6nemlerdeki icraatlar\u0131n\u0131 anlatmalar\u0131n\u0131 istedi.<\/p>\n<p style=\"text-align: justify;\">Erdo\u011fan, \u015funlar\u0131 kaydetti:<\/p>\n<p style=\"text-align: justify;\">&#8216;Say\u0131n Baykal kendini par\u00e7al\u0131yor &#8216;ekranlara \u00e7\u0131kal\u0131m&#8217; diye. Say\u0131n Baykal, ekranlar senin olsun. \u00c7ark\u0131fele\u011fe mi \u00e7\u0131kars\u0131n Televoleye mi \u00e7\u0131kars\u0131n nereye \u00e7\u0131karsan \u00e7\u0131k ama sadece ben senden bir \u015fey rica ediyorum, ne olur gece 12&#8217;den sonra \u00e7\u0131k ya da \u015fifreli kanallarda \u00e7\u0131k. \u00c7\u00fcnk\u00fc senin yan\u0131nda birlikte \u00e7\u0131kaca\u011f\u0131n ki\u015filer bu yavrular\u0131m\u0131z\u0131n ahlak\u0131n\u0131 bozabilir. \u00c7\u00fcnk\u00fc \u00f6yle \u015feyler diyor ki &#8216;telefonda rahat rahat vatanda\u015f h\u00fck\u00fcmete hakaret edebilir, k\u00fcfredebilir&#8217;. Hatta daha ileri gidiyor, &#8216;vatanda\u015f birbiriyle a\u011f\u0131z tad\u0131yla k\u00fcf\u00fcrle\u015femiyor&#8217; diyor. Bir siyasi partinin genel ba\u015fkan\u0131 bunu s\u00f6yler mi, yak\u0131\u015f\u0131r m\u0131 bu? Sen k\u00fcf\u00fcrbaz olabilirsin. Benim milletim zaten bu \u00fclkede k\u00fcf\u00fcrbazdan ba\u015fbakan yapmaz. Benim milletim bu \u00fclkede adam gibi adam olan ba\u015fbakan ister ama zaten senin bu \u00fclkede iktidar olmak gibi bir derdin yok.&#8217;<\/p>\n<p style=\"text-align: justify;\">Erdo\u011fan, Baykal&#8217;\u0131n, se\u00e7imlerde AK Parti&#8217;nin y\u00fczde 52&#8217;nin alt\u0131nda kalmas\u0131 durumunda ba\u015far\u0131s\u0131z say\u0131laca\u011f\u0131n\u0131 s\u00f6yledi\u011fini ifade ederek, &#8216;Sana ne? Yani CHP olarak ne oy alaca\u011f\u0131n\u0131 s\u00f6ylemiyor, &#8216;bu se\u00e7imin birincisi ben olaca\u011f\u0131m&#8217; demiyor. Bir lider b\u00f6yle konu\u015fur mu? Siyaset sahnesine birinci olmak i\u00e7in, lider olmak i\u00e7in kazanmak i\u00e7in \u00e7\u0131kar. Daha ba\u015ftan ma\u00e7\u0131 kaybedece\u011fini biliyor, re\u00e7etesini haz\u0131rl\u0131yor: (Bak y\u00fczde 50&#8217;nin alt\u0131nda kal\u0131rsan ba\u015far\u0131s\u0131zs\u0131n)&#8217; dedi.<\/p>\n<p style=\"text-align: justify;\">AK Partinin birinci parti olmamas\u0131 durumunda genel ba\u015fkanl\u0131ktan da siyasetten de \u00e7ekilece\u011fini a\u00e7\u0131klad\u0131\u011f\u0131n\u0131 an\u0131msatan Erdo\u011fan, \u015funlar\u0131 s\u00f6yledi:<\/p>\n<p style=\"text-align: justify;\">&#8216;Ama Say\u0131n Baykal sen birinci parti olamazsan siyasetten veya genel ba\u015fkanl\u0131ktan \u00e7ekilmeye var m\u0131s\u0131n? \u00c7ekil de hi\u00e7 olmazsa CHP&#8217;li vatanda\u015flar\u0131m rahatlas\u0131nlar ya, senden kurtulsunlar ya&#8230; E\u011fer niyetin yoksa ben b\u00f6yle bir ana muhalefete bay\u0131l\u0131r\u0131m. \u0130\u015fimiz \u00e7ok kolay, \u00e7ok yorulmay\u0131z. Niye? \u00c7\u00fcnk\u00fc s\u00f6yledi\u011fi \u015fey, &#8216;y\u00fczde 52&#8217;nin biraz alt\u0131nda kal\u0131rsa ba\u015far\u0131s\u0131z&#8217;. Sana ne? Yani CHP olarak ne oy alaca\u011f\u0131n\u0131 s\u00f6ylemiyor, &#8216;Bu se\u00e7imin birincisi ben olaca\u011f\u0131m&#8217; demiyor. Bir lider b\u00f6yle konu\u015fur mu? Senin gibi muhalefete ben kurban olay\u0131m be. Sen g\u00f6reve devam et. B\u0131raksan koyun g\u00fcdemezler ya. Bunlara sak\u0131n 3 tane koyun teslim edeyim demeyin, hele hele Etimesgut&#8217;u, Sincan&#8217;\u0131 falan teslim etmeye kalkmay\u0131n. Etimesgut elden gider ha, Sincan elden gider. Bunlar g\u00fcdemezler, sak\u0131n. B\u00f6yle muhalefete can kurban ve bununla beraber biz daha \u00e7ok y\u00fcr\u00fcr\u00fcz \u00e7\u00fcnk\u00fc iktidar derdi yok zaten.&#8217;<\/p>\n<p style=\"text-align: justify;\">Ge\u00e7ti\u011fimiz g\u00fcnlerde partisince d\u00fczenlenen bir mitingde, CHP ile ilgili as\u0131lan pankarttaki &#8216;ebedi muhalefet&#8217; ifadesini an\u0131msatan Erdo\u011fan, &#8216;hakikaten \u00f6yle&#8217; de\u011ferlendirmesinde bulundu.<\/p>\n<p style=\"text-align: justify;\">AK Parti Genel Ba\u015fkan\u0131 ve Ba\u015fbakan Recep Tayyip Erdo\u011fan, T\u00fcrkiye&#8217;nin eskisi gibi olmad\u0131\u011f\u0131n\u0131 belirterek, &#8216;Art\u0131k kalk\u0131nan b\u00fcy\u00fcyen, g\u00fc\u00e7l\u00fc bir T\u00fcrkiye var. Benim insan\u0131m art\u0131k onurlu, gururlu&#8217; dedi.<\/p>\n<p style=\"text-align: justify;\">Erdo\u011fan, partisince Sincan&#8217;da d\u00fczenlenen mitingde yapt\u0131\u011f\u0131 konu\u015fmada, Konya&#8217;da bir \u00e7ift\u00e7inin verdi\u011fi belgeyi g\u00f6sterip, bunun &#8216;Deniz Baykal&#8217;\u0131n karnesi oldu\u011funu&#8217; ifade ederek, bu karnedeki notlar\u0131n \u00e7ok k\u00f6t\u00fc oldu\u011funu s\u00f6yledi.<\/p>\n<p style=\"text-align: justify;\">&#8216;Enerji ve Tabii Kaynaklar Bakan\u0131yken benim vatanda\u015f\u0131ma, \u00e7ift\u00e7i vatanda\u015f\u0131ma ne \u00e7ileler \u00e7ektirmi\u015f&#8217; diyen Erdo\u011fan, s\u00f6zlerini \u015f\u00f6yle s\u00fcrd\u00fcrd\u00fc:<\/p>\n<p style=\"text-align: justify;\">&#8216;Konya&#8217;da bir \u00e7ift\u00e7inin bana verdi\u011fi bir \u015fey. &#8216;\u015eu akaryak\u0131t istasyonundan sana \u015fu kadar mazot&#8217; \u0130\u015fte buyrun. \u015eimdi benim \u00e7ift\u00e7im mazot almak i\u00e7in akaryak\u0131t istasyonunda kuyru\u011fa m\u0131 giriyor? Benzin almak i\u00e7in akaryak\u0131t istasyonlar\u0131nda kuyruk var m\u0131? Gaz ya\u011f\u0131 diye bir \u015fey kalmad\u0131. Do\u011falgaz art\u0131k her yere yay\u0131l\u0131yor. Art\u0131k kalk\u0131nan b\u00fcy\u00fcyen g\u00fc\u00e7l\u00fc bir T\u00fcrkiye var. Benim insan\u0131m art\u0131k onurlu, gururlu. Eksiklerimiz yok mu, var. Onu da kabul ediyorum, ama 750 milyar dolarl\u0131k bir milli gelire ula\u015ft\u0131k. Gayri safi yurti\u00e7i has\u0131laya ula\u015ft\u0131k.&#8217;<\/p>\n<p style=\"text-align: justify;\">Erdo\u011fan, MHP Genel Ba\u015fkan\u0131 Devlet Bah\u00e7eli&#8217;nin &#8216;Sizin cebinize ne girdi onu s\u00f6yleyin&#8217; dedi\u011fini belirterek, s\u00f6zlerine \u015f\u00f6yle s\u00fcrd\u00fcrd\u00fc:<\/p>\n<p style=\"text-align: justify;\">&#8216;Allah iyili\u011fini versin. Milli gelirden vatanda\u015f\u0131n cebine ortak olarak ne girdi diye sorulur mu? Milli gelir, gayri safi yurti\u00e7i has\u0131la, bir \u00fclkenin g\u00fcc\u00fcn\u00fc, b\u00fcy\u00fckl\u00fc\u011f\u00fcn\u00fc g\u00f6sterir. Ben bu rakam\u0131 ifade ediyorum, ama sen bundan anlam\u0131yorsan ben ne yapay\u0131m. Diyoruz ki ihracat\u0131m\u0131z 132 milyar dolara \u00e7\u0131kt\u0131, ama senin d\u00f6neminde 36 milyar dolard\u0131. Bak, 79 senede 36 milyar dolar, ama \u015furada 6,5 y\u0131lda bunun \u00fczerine 96 milyar dolar ilave ettik, 132 milyar dolar oldu.<\/p>\n<p style=\"text-align: justify;\">Yat\u0131yorlar kalk\u0131yorlar dedikleri \u015fey \u015fu; i\u015fsizlik, i\u015fsizlik, i\u015fsizlik&#8230; ABD&#8217;de i\u015fsizlik var, 8,1 oran\u0131nda. ABD bir numaral\u0131 \u00fclke d\u00fcnyada. Biz de 10,3&#8217;le devrald\u0131k, \u015fu anda 13,6. Do\u011fru, var. M\u00fccadelemizi veriyoruz, verece\u011fiz. Evvelallah tekrar geriye d\u00fc\u015f\u00fcrece\u011fiz. \u00c7al\u0131\u015fmam\u0131z bu. Biz \u00fclkeyi, \u015fehirleri daha iyi y\u00f6nettik deyin yahu. Say\u0131n Baykal, \u0130stanbul&#8217;u ben senin partinden ald\u0131m. Senin partinden ald\u0131\u011f\u0131m zaman \u00e7\u00f6p da\u011flar\u0131 vard\u0131 \u0130stanbul&#8217;da. Hava kirlili\u011finden gezilmiyordu. Susuzluk alm\u0131\u015f ba\u015f\u0131n\u0131 gidiyordu. Bak, devrald\u0131k, o g\u00fcn bug\u00fcnd\u00fcr bizim arkada\u015flar\u0131m\u0131z y\u00f6netiyor \u0130stanbul&#8217;u.<\/p>\n<p style=\"text-align: justify;\">Ankara da \u00f6yle. Niye Ankaral\u0131 acaba bir daha CHP&#8217;ye Ankara&#8217;da belediyeyi vermedi? Ankaral\u0131 demokratik hakk\u0131n\u0131 kullan\u0131rken ni\u00e7in bug\u00fcne kadar Melih G\u00f6k\u00e7ek dedi. Halep oradaysa ar\u015f\u0131n Ankara&#8217;da. Dedik ya eser ortada. Esere bak notunu ver. Halk\u0131 aldatamazs\u0131n. &#8216;Biz \u00fclke y\u00f6netiminden anlamay\u0131z, ama belediyecilikten anlar\u0131z&#8217; diyebilir misin Say\u0131n Baykal, Say\u0131n Bah\u00e7eli?. Nereyi abad ettiniz ya s\u00f6yleyin.<\/p>\n<p style=\"text-align: justify;\">Bizim zaman\u0131m\u0131zda Ba\u015fkent Ankara&#8217;n\u0131n b\u00fct\u00fcn d\u00fcnyada sayg\u0131nl\u0131\u011f\u0131 daha fazlayd\u0131 desinler. Biz milletimizin hukukunu daha fazla koruduk desinler. Biz sosyal bar\u0131\u015f\u0131 daha \u00e7ok g\u00fc\u00e7lendirdik desinler. Biz e\u011fitim, sa\u011fl\u0131k hizmetlerinde, adalette de emniyette de daha \u00e7ok i\u015f yapt\u0131k desinler. Biz daha \u00e7ok \u00fcniversite a\u00e7t\u0131k, biz daha \u00e7ok konut yapt\u0131k, kentsel d\u00f6n\u00fc\u015f\u00fcm yapt\u0131k desinler. Biz Ankara&#8217;n\u0131n Anadolu&#8217;ya giden yollar\u0131n\u0131 daha \u00e7ok a\u00e7t\u0131k desinler. Bir \u015fey desinler de bizi de mahcup etsinler, ama yapm\u0131yorlar, yapamazlar. \u00c7\u00fcnk\u00fc \u00e7ok \u00e7aresizler. \u00c7\u00fcnk\u00fc her \u015fey milletimin g\u00f6z\u00fc \u00f6n\u00fcnde. Bunlar\u0131n bu milletin derdine derman olacak bir planlar\u0131, programlar\u0131 yok, ama biz planla, programla, yapt\u0131klar\u0131m\u0131zla konu\u015fuyoruz. Hedeflerimizi ortaya koyuyoruz, ama bunlarda hi\u00e7biri yok.&#8217;<\/p>\n<p style=\"text-align: justify;\"><strong>&#8216;TIRNAKLARIMLA TOPRA\u011eI KAZIYA KAZIYA GELD\u0130M&#8217;<\/strong><\/p>\n<p style=\"text-align: justify;\">Erdo\u011fan, T\u00fcrkiye&#8217;yi 4 temel ta\u015f \u00fcst\u00fcnde y\u00fckselteceklerini, bunlar\u0131n, e\u011fitim, sa\u011fl\u0131k, adalet ve emniyet oldu\u011funu s\u00f6yledi.<\/p>\n<p style=\"text-align: justify;\">\u0130lk\u00f6\u011fretimdeki \u00fccretsiz ders kitab\u0131 uygulamas\u0131ndan s\u00f6z eden Erdo\u011fan, \u00f6n\u00fcm\u00fczdeki y\u0131ldan itibaren a\u00e7\u0131k ilk\u00f6\u011fretim, a\u00e7\u0131k liseye gidenlere de kitaplar\u0131n\u0131 \u00fccretsiz vereceklerini kaydetti.<\/p>\n<p style=\"text-align: justify;\">Erdo\u011fan, iktidarlar\u0131 d\u00f6neminde 56 yeni \u00fcniversite a\u00e7t\u0131klar\u0131 \u015fu anda 81 ilde \u00fcniversite bulundu\u011funu s\u00f6yledi.<\/p>\n<p style=\"text-align: justify;\">CHP Genel Ba\u015fkan\u0131 Baykal&#8217;a y\u00f6nelik ele\u015ftirilerini s\u00fcrd\u00fcren Erdo\u011fan, \u015f\u00f6yle konu\u015ftu:<\/p>\n<p style=\"text-align: justify;\">&#8216;D\u00fcn bana s\u00f6yleniyor; &#8216;Sen diyor ekmek bulamayan\u0131n halinden anlar m\u0131s\u0131n&#8217; Ben ondan \u00e7ok iyi anlar\u0131m. Ben o \u00e7ileyi \u00e7eke \u00e7eke geldim. T\u0131rnaklar\u0131mla topra\u011f\u0131 kaz\u0131ya kaz\u0131ya geldim. Su da satt\u0131m, simit de satt\u0131m. Okul ihtiya\u00e7lar\u0131m\u0131 \u00f6yle kar\u015f\u0131layarak geldim, \u00f6yle b\u00fcy\u00fcd\u00fcm, \u00f6yle yeti\u015ftim ve ondan \u00e7ok iyi anlar\u0131m. Ben \u015fimdi Say\u0131n Baykal&#8217;a sesleniyorum; Say\u0131n Baykal, biz \u00fcniversite \u00f6\u011frencilerine belediyeler olarak burs veriyorduk da sen ni\u00e7in Anayasa Mahkemesine gidip \u00fcniversiteli gen\u00e7li\u011fe burs verilmesini kald\u0131rd\u0131n bunu s\u00f6yle.&#8217;<\/p>\n<p style=\"text-align: justify;\">AKP Genel Ba\u015fkan\u0131 ve Ba\u015fbakan Recep Tayyip Erdo\u011fan, CHP Genel Ba\u015fkan\u0131 Deniz Baykal&#8217;\u0131 ele\u015ftirerek, &#8216;Yarg\u0131y\u0131 tehdit eder, savc\u0131y\u0131 eder&#8230; Ben \u015funa \u015fa\u015f\u0131yorum, bu kadar tehdit alan yarg\u0131, ni\u00e7in bu zata kar\u015f\u0131 kalk\u0131p da haklar\u0131n\u0131 savunmaz, bunu da anlam\u0131yorum&#8217; dedi.<\/p>\n<p style=\"text-align: justify;\">Erdo\u011fan, partisince Sincan&#8217;da d\u00fczenlenen mitingde yapt\u0131\u011f\u0131 konu\u015fmada, Sincan&#8217;\u0131, Mamak&#8217;\u0131, Alt\u0131nda\u011f&#8217;\u0131, Etimesgut&#8217;u, Yenimahalle&#8217;yi, Ke\u00e7i\u00f6ren&#8217;i d\u00fcne kadar &#8216;varo\u015f&#8217; diye k\u00fc\u00e7\u00fcmseyenlerin art\u0131k eski model siyaseti y\u00fcr\u00fctemeyeceklerini s\u00f6yledi.<\/p>\n<p style=\"text-align: justify;\">&#8216;Art\u0131k ne Ankara, ne T\u00fcrkiye, saatinin durmas\u0131na, krize, kaosa raz\u0131 olur&#8217; diyen Erdo\u011fan, s\u00f6zlerini \u015f\u00f6yle s\u00fcrd\u00fcrd\u00fc:<\/p>\n<p style=\"text-align: justify;\">&#8216;T\u00fcrkiye&#8217;nin art\u0131k bu milletin b\u00fcy\u00fckl\u00fc\u011f\u00fcne ger\u00e7ekten inanan, g\u00f6n\u00fclden inanan, milletin istikametini kendine istikamet se\u00e7mi\u015f bir h\u00fck\u00fcmeti var. CHP&#8217;nin patronu Say\u0131n Baykal&#8217;d\u0131r. Tapusu ondad\u0131r. MHP&#8217;nin patronu Say\u0131n Bah\u00e7eli&#8217;dir. Tapusu Bah\u00e7eli&#8217;dedir. AK Parti&#8217;nin tapusu millettedir, millette. Fark bu. Millet ne derse o olur. 29 Mart&#8217;ta da o olur. Bu \u00fclkenin \u00e7\u00f6z\u00fclemeyecek hi\u00e7 bir s\u0131k\u0131nt\u0131s\u0131 olmad\u0131\u011f\u0131n\u0131 bilen bir y\u00f6netim gelince, bunlar b\u00fct\u00fcn kifayetsizlikleriyle a\u00e7\u0131\u011fa \u00e7\u0131kt\u0131lar. Soruyorum sizlere Allah a\u015fk\u0131na, ayn\u0131 tekerlemeyle siyasette yar\u0131m as\u0131r ge\u00e7er mi ya? Hi\u00e7 bu milletten utanm\u0131yor musunuz? Sizlere diyorlar ki &#8216;bu iktidar k\u00f6t\u00fc, gelin bize oy verin&#8217; T\u00fcrkiye&#8217;nin bu kadar meselesi var, nas\u0131l \u00e7\u00f6zeceksiniz? Hangi program\u0131n\u0131z var? Bunlarda \u00e7\u0131t yok. Ni\u00e7in vatanda\u015f\u0131m sana oy versin? Sen emaneti ta\u015f\u0131yamad\u0131n Say\u0131n Bah\u00e7eli. Be\u015f y\u0131ll\u0131\u011f\u0131na g\u00f6rev verildi, \u00fc\u00e7 bu\u00e7uk y\u0131lda b\u0131rak\u0131p ka\u00e7t\u0131n. Be\u015f y\u0131l\u0131 kullanamad\u0131n. F\u0131rsatlar\u0131 heba etmi\u015fsin. Hep ayn\u0131 \u015feyi s\u00f6yl\u00fcyorsun, bozuk plak gibi d\u00f6ne d\u00f6ne. Vatanda\u015f, halk\u0131m iyi bilir siyaseti kendi i\u00e7in yapan ile millete hizmet i\u00e7in yapan\u0131n fark\u0131 g\u00f6zler \u00f6n\u00fcne seriliyor. \u0130ktidar ehliyetsiz, kifayetsiz, ruhsats\u0131z olarak trafi\u011fe \u00e7\u0131kmad\u0131. Bizim fark\u0131m\u0131z bu. Bu iktidar demokrasi kapka\u00e7\u00e7\u0131lar\u0131n\u0131n kendini yenilemeyen k\u00f6hne zihniyetlerin iktidar\u0131 de\u011fildir.&#8217;<\/p>\n<p style=\"text-align: justify;\"><strong>&#8216;BOYLARININ \u00d6L\u00c7\u00dcS\u00dcN\u00dc ALSINLAR&#8217;<\/strong><\/p>\n<p style=\"text-align: justify;\">Bug\u00fcn Nevruz Bayram\u0131&#8217;n\u0131n kutland\u0131\u011f\u0131n\u0131 an\u0131msatan Erdo\u011fan, kavgan\u0131n bu topraklarda hi\u00e7 bir zaman zemin bulamad\u0131\u011f\u0131n\u0131 belirterek, bundan sonra da bulamayaca\u011f\u0131n\u0131 kaydetti.<\/p>\n<p style=\"text-align: justify;\">Erdo\u011fan, &#8216;Bu \u00fclkede hakimiyet kay\u0131ts\u0131z \u015farts\u0131z milletindir. Kimse milletin elindeki hakimiyete g\u00f6z dikemez. Milletin iradesini savunun iktidar ortadad\u0131r. AK Parti iktidar\u0131d\u0131r&#8217; dedi. Erdo\u011fan \u015f\u00f6yle devam etti:<\/p>\n<p style=\"text-align: justify;\">&#8216;Milletin de\u011fil de \u00e7etelerin avukatl\u0131\u011f\u0131na soyunanlar g\u00f6r\u00fcn bak\u0131n daha neler olacak se\u00e7imden sonra. Derin \u00e7etelerle milleti tehdit edenler boylar\u0131n\u0131n \u00f6l\u00e7\u00fcs\u00fcn\u00fc als\u0131nlar. Bak\u0131n Baykal, devletin valilerini tehdit ediyor, &#8216;AKP ile gelen APS ile gider&#8217; diyor. Bak Say\u0131n Baykal, ben haddimi bildi\u011fim i\u00e7in a\u011f\u0131r konu\u015fmuyorum. Ama buna siyasi adaptan uzak olmak denir. Bu devletin valisine sen hakaret edemezsin, sayg\u0131s\u0131zl\u0131k edemezsin. \u00d6nce sayg\u0131n\u0131 tak\u0131n. 81 vilayetteki valilerimizin hepsi bu devletin b\u00fcrokrat\u0131d\u0131r. Bunlar devlete benimle girmedi, AK Parti iktidar\u0131 ile girmedi. Bunlar on y\u0131llarca bu \u00fclkede, devlette kaymakaml\u0131k yapt\u0131, m\u00fclkiye m\u00fcfetti\u015fli\u011fi yapt\u0131, \u0130\u00e7i\u015fleri Bakanl\u0131\u011f\u0131nda \u00e7al\u0131\u015ft\u0131lar. Hangi hakla sen bu valilere hemen bir yafta yap\u0131\u015ft\u0131r\u0131yorsun. Ay\u0131pt\u0131r ay\u0131p. Ne demek bu ya? Bu valileri atarken, Say\u0131n Baykal, hangi valiyi atayaca\u011f\u0131m\u0131z\u0131 sana m\u0131 soraca\u011f\u0131z. Yoksa, Bolu Valisi gibi senin genel sekreterinle g\u00f6r\u00fc\u015f\u00fcrken yes, no telefonla m\u0131 yapaca\u011f\u0131z bunu? B\u00f6yle bir siyasi liderlik olmaz. Devletin b\u00fcrokrasisini b\u00f6yle a\u015fa\u011f\u0131layan ve g\u00fcven kayb\u0131na zemin haz\u0131rlayan olmaz.<\/p>\n<p style=\"text-align: justify;\">Yarg\u0131y\u0131 tehdit eder, savc\u0131y\u0131 eder&#8230; Ben \u015funa da \u015fa\u015f\u0131yorum, bu kadar tehdit alan yarg\u0131, ni\u00e7in bu zata kar\u015f\u0131 kalk\u0131p da haklar\u0131n\u0131 savunmaz, bunu da anlam\u0131yorum. Anayasa&#8217;da yarg\u0131 s\u00fcrecine m\u00fcdahale edenlerin bu noktada asl\u0131nda yarg\u0131lanmalar\u0131 gerekirken bug\u00fcne kadar Say\u0131n Baykal&#8217;la ilgili a\u00e7\u0131lm\u0131\u015f bir tane dava yok. Bunu da anlamakta zorlan\u0131yorum. Ama acaba ayn\u0131 \u015feyi bir ba\u015fkas\u0131na yaparlar m\u0131 bu da beni d\u00fc\u015f\u00fcnd\u00fcr\u00fcyor. Bunlar\u0131 \u00e7ok ya\u015fad\u0131k. Fakat \u015funa inan\u0131yorum 29 Mart bir bahar\u0131n ba\u015flang\u0131c\u0131 olacak.<\/p>\n<p style=\"text-align: justify;\">D\u00fcr\u00fcst de\u011filler, samimi de\u011filler. B\u00fcrokrat\u0131 nas\u0131l tehdit edersin? O b\u00fcrokrat g\u00f6revini yap\u0131yor, vazifesini yap\u0131yor. Bir de kalk\u0131p damgal\u0131yorsun. Bunlar\u0131n kanaatleri kendilerinedir. Bizim bu noktada b\u00f6yle bir derdimiz yok. Biz sizin gibi k\u00fc\u00e7\u00fck d\u00fc\u015f\u00fcnm\u00fcyoruz Baykal. Ama biz \u015funu biliyoruz bu \u00fclkenin demokrasi tarihinde CHP&#8217;nin il ba\u015fkanlar\u0131n\u0131n valilik yapt\u0131\u011f\u0131n\u0131 iyi biliriz. AK Parti&#8217;nin il ba\u015fkanlar\u0131n\u0131n b\u00f6yle bir derdi yok.&#8217;<\/p>\n<p style=\"text-align: justify;\">-NOTLAR-<\/p>\n<p style=\"text-align: justify;\">Ba\u015fbakan Erdo\u011fan gelmeden, miting alan\u0131na cebinde yumurta ile girmeye \u00e7al\u0131\u015fan Ahmet Hulusi \u00c7etin isimli bir ki\u015fi g\u00f6zalt\u0131na al\u0131narak, Sincan Emniyet M\u00fcd\u00fcrl\u00fc\u011f\u00fcne g\u00f6t\u00fcr\u00fcld\u00fc.<\/p>\n<p style=\"text-align: justify;\">Mitingde 2 bin 700 g\u00fcvenlik g\u00f6revlisi g\u00f6rev yapt\u0131. Bir k\u0131z \u00e7ocu\u011fu Ba\u015fbakan&#8217;a Ankara&#8217;n\u0131n s\u00fcper Ligde temsil futbol tak\u0131mlar\u0131n\u0131n atk\u0131lar\u0131n\u0131 hediye etti.<\/p>\n<p style=\"text-align: justify;\">Alandaki pankartlar aras\u0131nda  &#8216;Ba\u015fbakan&#8217;\u0131n Erciyes Da\u011f\u0131 gibi yan\u0131nday\u0131z&#8217; yaz\u0131l\u0131 pankart dikkati \u00e7ekti.<\/p>\n<p style=\"text-align: justify;\"><span style=\"color: #888888;\">AA<\/span><\/p>\n<p style=\"text-align: justify;\">\n","protected":false},"excerpt":{"rendered":"<p style=\"text-align: center;\">\n<p style=\"text-align: justify;\">Ba\u015fbakan Erdo\u011fan, CHP liderine y\u00fcklenirken Baykal&#8217;\u0131n b\u00fcrokratlara y\u00f6nelik s\u00f6zleri i\u00e7in yarg\u0131ya seslendi.<\/p>\n<p style=\"text-align: justify;\">AKP Genel Ba\u015fkan\u0131 ve Ba\u015fbakan Recep Tayyip Erdo\u011fan, &#8216;Say\u0131n Baykal kendini par\u00e7al\u0131yor &#8216;ekranlara \u00e7\u0131kal\u0131m&#8217; diye. Say\u0131n Baykal, ekranlar senin olsun. \u00c7ark\u0131fele\u011fe mi \u00e7\u0131kars\u0131n, televoleye mi \u00e7\u0131kars\u0131n, nereye \u00e7\u0131karsan \u00e7\u0131k ama sadece ben senden bir \u015fey rica <\/p>\n","protected":false},"author":1,"featured_media":0,"comment_status":"open","ping_status":"closed","sticky":false,"template":"","format":"standard","meta":{"footnotes":""},"categories":[105],"tags":[],"class_list":["post-6051","post","type-post","status-publish","format-standard","hentry","category-gundem","odd"],"_links":{"self":[{"href":"http:\/\/www.korhanyilmaz.com\/index.php?rest_route=\/wp\/v2\/posts\/6051","targetHints":{"allow":["GET"]}}],"collection":[{"href":"http:\/\/www.korhanyilmaz.com\/index.php?rest_route=\/wp\/v2\/posts"}],"about":[{"href":"http:\/\/www.korhanyilmaz.com\/index.php?rest_route=\/wp\/v2\/types\/post"}],"author":[{"embeddable":true,"href":"http:\/\/www.korhanyilmaz.com\/index.php?rest_route=\/wp\/v2\/users\/1"}],"replies":[{"embeddable":true,"href":"http:\/\/www.korhanyilmaz.com\/index.php?rest_route=%2Fwp%2Fv2%2Fcomments&post=6051"}],"version-history":[{"count":0,"href":"http:\/\/www.korhanyilmaz.com\/index.php?rest_route=\/wp\/v2\/posts\/6051\/revisions"}],"wp:attachment":[{"href":"http:\/\/www.korhanyilmaz.com\/index.php?rest_route=%2Fwp%2Fv2%2Fmedia&parent=6051"}],"wp:term":[{"taxonomy":"category","embeddable":true,"href":"http:\/\/www.korhanyilmaz.com\/index.php?rest_route=%2Fwp%2Fv2%2Fcategories&post=6051"},{"taxonomy":"post_tag","embeddable":true,"href":"http:\/\/www.korhanyilmaz.com\/index.php?rest_route=%2Fwp%2Fv2%2Ftags&post=6051"}],"curies":[{"name":"wp","href":"https:\/\/api.w.org\/{rel}","templated":true}]}}