{"id":6026,"date":"2009-03-21T20:59:07","date_gmt":"2009-03-21T18:59:07","guid":{"rendered":"http:\/\/www.korhanyilmaz.com\/?p=6026"},"modified":"2009-03-21T20:59:07","modified_gmt":"2009-03-21T18:59:07","slug":"bu-ulkede-halk-muslumandir-yonetim-laiktir","status":"publish","type":"post","link":"http:\/\/www.korhanyilmaz.com\/?p=6026","title":{"rendered":"Bu \u00fclkede halk M\u00fcsl\u00fcmand\u0131r y\u00f6netim laiktir"},"content":{"rendered":"<p style=\"text-align: center;\"><img loading=\"lazy\" decoding=\"async\" class=\"aligncenter size-full wp-image-6027\" title=\"T\u00fcrkiye Cumhuriyeti Ba\u015fbakan\u0131 Recep Tayyip Erdo\u011fan\" src=\"http:\/\/www.korhanyilmaz.com\/wp-content\/uploads\/2009\/03\/r_20080319164429_tayyip_erdogan.jpg\" alt=\"T\u00fcrkiye Cumhuriyeti Ba\u015fbakan\u0131 Recep Tayyip Erdo\u011fan\" width=\"250\" height=\"203\" \/><\/p>\n<p style=\"text-align: justify;\">Ba\u015fbakan, YSK&#8217;n\u0131n sand\u0131k ba\u015f\u0131ndaki g\u00f6revlilerin t\u00fcrban takamayaca\u011f\u0131 karar\u0131yla ilgili &#8220;Oraya gelen memur de\u011fil. Orada hizmet veren sand\u0131k temsilcisi. Siz bunu nas\u0131l b\u00f6yle g\u00f6r\u00fcrs\u00fcn\u00fcz&#8221; dedi<\/p>\n<p style=\"text-align: justify;\">Ba\u015fbakan Erdo\u011fan d\u00fcn ak\u015fam atv&#8217;nin canl\u0131 yay\u0131n\u0131na kat\u0131larak, Sabah Genel Yay\u0131n Y\u00f6netmeni Erdal \u015eafak, Ba\u015fyazar\u0131 Mehmet Barlas, k\u00f6\u015fe yazar\u0131 Hasan B\u00fclent Kahraman ile atv Genel Yay\u0131n Y\u00f6netmeni Fuat U\u011fur&#8217;un sorular\u0131n\u0131 yan\u0131tlad\u0131. Y\u00fcksek Se\u00e7im Kurulu&#8217;nun sand\u0131k ba\u015f\u0131ndaki g\u00f6revlilerin t\u00fcrban takamayaca\u011f\u0131 konusundaki yasak karar\u0131n\u0131 ele\u015ftiren Erdo\u011fan&#8217;\u0131n a\u00e7\u0131klamalar \u00f6zetle \u015f\u00f6yle: <!--more--><\/p>\n<p style=\"text-align: justify;\"><strong>YSK&#8217;NIN KAMUSAL ALAN KARARI:<\/strong> Sand\u0131k kurulunun oldu\u011fu alan kamusald\u0131r, bu nedenle k\u0131yafet yasaya uygun olacak. Oraya gelen memur de\u011fil. Orada hizmet veren sand\u0131k temsilcisi. \u0130\u00e7lerinde m\u00fc\u015fahitler var. M\u00fc\u015fahitler sabah geliyor, ba\u015fkan, sand\u0131k g\u00f6revlisi gelmezse o m\u00fc\u015fahitlerden birisini se\u00e7ebiliyor. Siz bunu nas\u0131l b\u00f6yle g\u00f6r\u00fcrs\u00fcn\u00fcz. \u0130nsanlar demokratik haklar\u0131n\u0131 yerine getirirken bu s\u00fcrece de katk\u0131da bulunuyorlar.<\/p>\n<p style=\"text-align: justify;\"><strong>\u00d6FKEL\u0130 DE\u011e\u0130L\u0130M:<\/strong> Ben gerginli\u011fi de \u00f6fkeyi de kabul etmiyorum. Bu benden kaynaklanm\u0131yor. Onun cevab\u0131n\u0131 halk\u0131m pazar g\u00fcn\u00fc verecek. Ben hem partimi hem \u00fclkemi ta\u015f\u0131man\u0131n m\u00fccadelesini veriyorum. Benim y\u00fck\u00fcm \u00e7ok daha a\u011f\u0131r. T\u00fcm partiler iktidar partisinin kar\u015f\u0131s\u0131nda. T\u00fcm bunlara kar\u015f\u0131 ben hem do\u011fru olan\u0131 g\u00f6stermek hem de \u00fclkenin onlar\u0131n anlatt\u0131\u011f\u0131 \u015fekilde olmad\u0131\u011f\u0131n\u0131 g\u00f6stermek zorunday\u0131m.<\/p>\n<p style=\"text-align: justify;\"><strong>SE\u00c7\u0130MDE BA\u015eARI KR\u0130TER\u0130:<\/strong> \u0130ki kriterimiz var. \u00d6nce 3 Kas\u0131m, biri de il genel meclisi se\u00e7imlerinde 22 Temmuz&#8217;la bir k\u0131yaslama i\u00e7in \u00f6nemli. Partinin ne durumda oldu\u011funu g\u00f6rmek i\u00e7in. Kriz olmasayd\u0131 bizim ba\u015far\u0131 \u015fans\u0131m\u0131z \u00e7ok daha farkl\u0131 olurdu. Bunu bir mazeret olarak kabul etmiyoruz. Meydanlar\u0131n dili, biz AKP iktidar\u0131na g\u00fcveniyoruz diyor.<\/p>\n<p style=\"text-align: justify;\"><strong>ILIMLI \u0130SLAM PART\u0130S\u0130:<\/strong> Siyasal \u0130slam, \u0130slami ter\u00f6r gibi kavramlar yanl\u0131\u015ft\u0131r. \u0130slam&#8217;\u0131 yozla\u015ft\u0131rmaya kimsenin hakk\u0131 yok. \u0130slam a\u015f\u0131r\u0131l\u0131klar\u0131 kabul etmiyor. Orta yol en ideal yoldur. Han\u0131mfendi&#8217;nin (ABD D\u0131\u015fi\u015fleri Bakan\u0131 Hillary Clinton) de AKP&#8217;yi \u0131l\u0131ml\u0131 \u0130slam olarak g\u00f6rmediklerini kabul etmesi \u00e7ok \u00f6nemli, ben kendilerine m\u00fcte\u015fekkirim.<\/p>\n<p style=\"text-align: justify;\"><strong>HALK M\u00dcSL\u00dcMAN, Y\u00d6NET\u0130M LA\u0130K:<\/strong> (Mehmet Barlas&#8217;\u0131n &#8220;T\u00fcrkiye zaten \u0131l\u0131ml\u0131 islam \u00fclkesi&#8221; s\u00f6z\u00fc \u00fczerine) Bu \u00fclkede halk M\u00fcsl\u00fcman&#8217;d\u0131r, y\u00f6netim laiktir. Laik y\u00f6netimin g\u00f6revi insanlar\u0131n inan\u00e7lar\u0131n\u0131 g\u00fcvence alt\u0131na almakt\u0131r.<\/p>\n<p style=\"text-align: justify;\"><strong>TSK \u0130LE \u0130L\u0130\u015eK\u0130LER:<\/strong> Silahl\u0131 Kuvvetler&#8217;le aram\u0131zda s\u0131k\u0131nt\u0131 s\u00f6z konusu de\u011fil. Her ge\u00e7en g\u00fcn birbirimizi daha iyi anl\u0131yoruz. Eskiden bazen g\u00fcven sorunu ya\u015fam\u0131\u015f olabiliriz ama zamanla bu g\u00fcven sorunun a\u015ft\u0131k.<\/p>\n<p style=\"text-align: justify;\"><strong>\u0130\u015f Adamlar\u0131na uyar\u0131:<\/strong> Biz i\u015fadamlar\u0131na \u00e7a\u011fr\u0131m\u0131z\u0131 yapt\u0131k: &#8220;Sak\u0131n i\u015f\u00e7i \u00e7\u0131karmay\u0131n&#8221;. 6 ayl\u0131k bir s\u00fcre verdik. K\u0131smi \u00e7al\u0131\u015fma \u00f6dene\u011fini 3 aydan 6 aya \u00e7\u0131kard\u0131k. Maalesef buna uyan oldu, uymayan oldu. B\u00fcy\u00fck firmalardan baz\u0131lar\u0131 uyacaklar\u0131n\u0131 a\u00e7\u0131klad\u0131. Birisi Ford. Kay\u0131t d\u0131\u015f\u0131 eme\u011fe tesevv\u00fcl edenlerin \u00e7ok ciddi takip\u00e7isi olaca\u011f\u0131z, se\u00e7im sonunda bunu takip edece\u011fiz. Bu, \u00fclkeye ihanettir. Bankalar da giri\u015fimciye yanl\u0131\u015f yap\u0131yorlar. Kriz atlat\u0131ld\u0131\u011f\u0131nda sen onlar\u0131n kap\u0131s\u0131nda s\u0131raya gireceksin.<\/p>\n<p style=\"text-align: justify;\"><strong>En \u00e7ok etkileyen olay:<\/strong> En fazla etkilendi\u011fim olay cumhurba\u015fkanl\u0131\u011f\u0131 se\u00e7imi olay\u0131d\u0131r. \u00d6zal, Demirel, Sezer se\u00e7imleri var, hepsinde uygulanan sistem G\u00fcl&#8217;e geldi\u011finde alt\u00fcst oldu. Orada bu nas\u0131l \u00fclkedir diye d\u00fc\u015f\u00fcnd\u00fcm. Sistemi nas\u0131l kilitlediler g\u00f6rd\u00fck. 411&#8217;de beni \u00e7ok etkiledi. Parlementer sistemin \u00fcst\u00fcnde ba\u015fka \u015feyler ortaya \u00e7\u0131k\u0131yor. Yasaman\u0131n, y\u00fcr\u00fctmenin, yarg\u0131n\u0131n yeniden tan\u0131m\u0131 gerekiyor.<\/p>\n<p style=\"text-align: justify;\"><span style=\"color: #888888;\">Kaynak :Vatan Gazetesi <\/span><\/p>\n","protected":false},"excerpt":{"rendered":"<p style=\"text-align: center;\">\n<p style=\"text-align: justify;\">Ba\u015fbakan, YSK&#8217;n\u0131n sand\u0131k ba\u015f\u0131ndaki g\u00f6revlilerin t\u00fcrban takamayaca\u011f\u0131 karar\u0131yla ilgili &#8220;Oraya gelen memur de\u011fil. Orada hizmet veren sand\u0131k temsilcisi. Siz bunu nas\u0131l b\u00f6yle g\u00f6r\u00fcrs\u00fcn\u00fcz&#8221; dedi<\/p>\n<p style=\"text-align: justify;\">Ba\u015fbakan Erdo\u011fan d\u00fcn ak\u015fam atv&#8217;nin canl\u0131 yay\u0131n\u0131na kat\u0131larak, Sabah Genel Yay\u0131n Y\u00f6netmeni Erdal \u015eafak, Ba\u015fyazar\u0131 Mehmet Barlas, k\u00f6\u015fe yazar\u0131 Hasan B\u00fclent Kahraman ile atv <\/p>\n","protected":false},"author":1,"featured_media":0,"comment_status":"open","ping_status":"closed","sticky":false,"template":"","format":"standard","meta":{"footnotes":""},"categories":[105],"tags":[],"class_list":["post-6026","post","type-post","status-publish","format-standard","hentry","category-gundem","odd"],"_links":{"self":[{"href":"http:\/\/www.korhanyilmaz.com\/index.php?rest_route=\/wp\/v2\/posts\/6026","targetHints":{"allow":["GET"]}}],"collection":[{"href":"http:\/\/www.korhanyilmaz.com\/index.php?rest_route=\/wp\/v2\/posts"}],"about":[{"href":"http:\/\/www.korhanyilmaz.com\/index.php?rest_route=\/wp\/v2\/types\/post"}],"author":[{"embeddable":true,"href":"http:\/\/www.korhanyilmaz.com\/index.php?rest_route=\/wp\/v2\/users\/1"}],"replies":[{"embeddable":true,"href":"http:\/\/www.korhanyilmaz.com\/index.php?rest_route=%2Fwp%2Fv2%2Fcomments&post=6026"}],"version-history":[{"count":0,"href":"http:\/\/www.korhanyilmaz.com\/index.php?rest_route=\/wp\/v2\/posts\/6026\/revisions"}],"wp:attachment":[{"href":"http:\/\/www.korhanyilmaz.com\/index.php?rest_route=%2Fwp%2Fv2%2Fmedia&parent=6026"}],"wp:term":[{"taxonomy":"category","embeddable":true,"href":"http:\/\/www.korhanyilmaz.com\/index.php?rest_route=%2Fwp%2Fv2%2Fcategories&post=6026"},{"taxonomy":"post_tag","embeddable":true,"href":"http:\/\/www.korhanyilmaz.com\/index.php?rest_route=%2Fwp%2Fv2%2Ftags&post=6026"}],"curies":[{"name":"wp","href":"https:\/\/api.w.org\/{rel}","templated":true}]}}