{"id":6021,"date":"2009-03-21T22:21:15","date_gmt":"2009-03-21T20:21:15","guid":{"rendered":"http:\/\/www.korhanyilmaz.com\/?p=6021"},"modified":"2009-03-21T22:21:15","modified_gmt":"2009-03-21T20:21:15","slug":"kamil-atak-yakalandi","status":"publish","type":"post","link":"http:\/\/www.korhanyilmaz.com\/?p=6021","title":{"rendered":"Kamil Atak yakaland\u0131"},"content":{"rendered":"<p style=\"text-align: center;\"><img loading=\"lazy\" decoding=\"async\" class=\"aligncenter size-full wp-image-6022\" src=\"http:\/\/www.korhanyilmaz.com\/wp-content\/uploads\/2009\/03\/imageresizeasp.jpg\" alt=\"\" width=\"300\" height=\"207\" \/><\/p>\n<p style=\"text-align: justify;\">\u015eIRNAK&#8217;\u0131n Silopi ve Cizre il\u00e7elerinde 1990&#8217;l\u0131 y\u0131llarda baz\u0131 ki\u015filerin \u00f6l\u00fcr\u00fclerek kuyulara at\u0131ld\u0131\u011f\u0131 iddialar\u0131 \u00fczerine &#8216;\u00f6l\u00fcm kuyular\u0131&#8217; denilen yerlerde yap\u0131lan kaz\u0131lar\u0131n ard\u0131ndan aranan Cizre eski Belediye Ba\u015fkan\u0131 ve Korucuba\u015f\u0131 Kamil Atak, bug\u00fcn ak\u015fam saatlerinde Mardin&#8217;in Nusaybin \u0130lcesi&#8217;nde yap\u0131lan operasyonla yakaland\u0131.<\/p>\n<p style=\"text-align: justify;\">&#8216;\u00d6l\u00fcm kuyular\u0131&#8217; konusunda bir itiraf\u00e7\u0131n\u0131n verdi\u011fi bilgiler do\u011frultusunda, Cizre \u0130l\u00e7esi&#8217;ne ba\u011fl\u0131 Ku\u015ftepe K\u00f6y\u00fc&#8217;nde yap\u0131lan kaz\u0131larda 20 kemik bulunmu\u015ftu. Bu konudaki soru\u015fturmayla ilgili olarak aralar\u0131nda Cizre eski Belediye Ba\u015fkan\u0131 ve korucuba\u015f\u0131 Kamil Atak&#8217;\u0131n o\u011fullar\u0131n\u0131n da bulundu\u011fu 5 ki\u015fi g\u00f6zalt\u0131na al\u0131nd\u0131, arand\u0131\u011f\u0131n\u0131 \u00f6\u011frenen Kamil Atak ise ka\u00e7t\u0131.<!--more--><\/p>\n<p style=\"text-align: justify;\">Hakk\u0131nda yakalama karar\u0131 verilen ve g\u00fcvenlik g\u00fc\u00e7lerinin her yerde arad\u0131\u011f\u0131 Kamil Atak&#8217;\u0131n, Mardin&#8217;in Nusaybin \u0130l\u00e7esi&#8217;nde bir evde sakland\u0131\u011f\u0131 saptand\u0131. Polis bu ak\u015fam saatlerinde yapt\u0131\u011f\u0131 operasyonda Kamil Atak&#8217;\u0131 yakalad\u0131.<\/p>\n<p style=\"text-align: justify;\">Mardin Emniyet M\u00fcd\u00fcrl\u00fc\u011f\u00fc&#8217;ne g\u00f6t\u00fcr\u00fclen Kamil Atak, burada ilk sorgusunun ard\u0131ndan, \u00f6l\u00fcm kuyular\u0131 soru\u015fturmas\u0131 kapsam\u0131nda sorgulanmak \u00fczere Diyarbak\u0131r Emniyet M\u00fcd\u00fcrl\u00fc\u011f\u00fc Ter\u00f6rle M\u00fccadele \u015eubesi&#8217;ne g\u00f6nderilecek.<\/p>\n<p style=\"text-align: justify;\">Bu arada daha \u00f6nce g\u00f6zalt\u0131na al\u0131nan 5 ki\u015fi Diyarbak\u0131r Emniyet M\u00fcd\u00fcrl\u00fc\u011f\u00fc&#8217;ndeki sorgular\u0131n\u0131n ard\u0131ndan d\u00fcn adliyeye sevkedildi ve Kamil Atak&#8217;\u0131n o\u011flu Temel Atak, &#8216;silahl\u0131 \u00f6rg\u00fct \u00fcyesi olmak&#8217; ve &#8216;adam \u00f6ld\u00fcrmek&#8217; su\u00e7undan tutuklanarak cezaevine g\u00f6nderildi.<\/p>\n<p style=\"text-align: justify;\"><span style=\"color: #888888;\">NUSAYB\u0130N (Mardin), (DHA)<\/span><\/p>\n","protected":false},"excerpt":{"rendered":"<p style=\"text-align: center;\">\n<p style=\"text-align: justify;\">\u015eIRNAK&#8217;\u0131n Silopi ve Cizre il\u00e7elerinde 1990&#8217;l\u0131 y\u0131llarda baz\u0131 ki\u015filerin \u00f6l\u00fcr\u00fclerek kuyulara at\u0131ld\u0131\u011f\u0131 iddialar\u0131 \u00fczerine &#8216;\u00f6l\u00fcm kuyular\u0131&#8217; denilen yerlerde yap\u0131lan kaz\u0131lar\u0131n ard\u0131ndan aranan Cizre eski Belediye Ba\u015fkan\u0131 ve Korucuba\u015f\u0131 Kamil Atak, bug\u00fcn ak\u015fam saatlerinde Mardin&#8217;in Nusaybin \u0130lcesi&#8217;nde yap\u0131lan operasyonla yakaland\u0131.<\/p>\n<p style=\"text-align: justify;\">&#8216;\u00d6l\u00fcm kuyular\u0131&#8217; konusunda bir itiraf\u00e7\u0131n\u0131n verdi\u011fi bilgiler do\u011frultusunda, Cizre <\/p>\n","protected":false},"author":1,"featured_media":0,"comment_status":"open","ping_status":"closed","sticky":false,"template":"","format":"standard","meta":{"footnotes":""},"categories":[105],"tags":[],"class_list":["post-6021","post","type-post","status-publish","format-standard","hentry","category-gundem","odd"],"_links":{"self":[{"href":"http:\/\/www.korhanyilmaz.com\/index.php?rest_route=\/wp\/v2\/posts\/6021","targetHints":{"allow":["GET"]}}],"collection":[{"href":"http:\/\/www.korhanyilmaz.com\/index.php?rest_route=\/wp\/v2\/posts"}],"about":[{"href":"http:\/\/www.korhanyilmaz.com\/index.php?rest_route=\/wp\/v2\/types\/post"}],"author":[{"embeddable":true,"href":"http:\/\/www.korhanyilmaz.com\/index.php?rest_route=\/wp\/v2\/users\/1"}],"replies":[{"embeddable":true,"href":"http:\/\/www.korhanyilmaz.com\/index.php?rest_route=%2Fwp%2Fv2%2Fcomments&post=6021"}],"version-history":[{"count":0,"href":"http:\/\/www.korhanyilmaz.com\/index.php?rest_route=\/wp\/v2\/posts\/6021\/revisions"}],"wp:attachment":[{"href":"http:\/\/www.korhanyilmaz.com\/index.php?rest_route=%2Fwp%2Fv2%2Fmedia&parent=6021"}],"wp:term":[{"taxonomy":"category","embeddable":true,"href":"http:\/\/www.korhanyilmaz.com\/index.php?rest_route=%2Fwp%2Fv2%2Fcategories&post=6021"},{"taxonomy":"post_tag","embeddable":true,"href":"http:\/\/www.korhanyilmaz.com\/index.php?rest_route=%2Fwp%2Fv2%2Ftags&post=6021"}],"curies":[{"name":"wp","href":"https:\/\/api.w.org\/{rel}","templated":true}]}}