{"id":6017,"date":"2009-03-21T15:15:07","date_gmt":"2009-03-21T13:15:07","guid":{"rendered":"http:\/\/www.korhanyilmaz.com\/?p=6017"},"modified":"2009-03-21T15:15:07","modified_gmt":"2009-03-21T13:15:07","slug":"akpli-vekilden-cakma-mesaj","status":"publish","type":"post","link":"http:\/\/www.korhanyilmaz.com\/?p=6017","title":{"rendered":"AKP&#039;li vekilden `\u00e7akma&#039; mesaj"},"content":{"rendered":"<p style=\"text-align: center;\"><img loading=\"lazy\" decoding=\"async\" class=\"aligncenter size-full wp-image-6018\" title=\"210320091703186415086\" src=\"http:\/\/www.korhanyilmaz.com\/wp-content\/uploads\/2009\/03\/210320091703186415086.jpg\" alt=\"210320091703186415086\" width=\"329\" height=\"210\" \/><\/p>\n<p style=\"text-align: justify;\"><strong>Ahmet Necdet Sezer&#8217;in 2004&#8217;de yay\u0131nlad\u0131\u011f\u0131 Nevruz mesaj\u0131n\u0131 aynen kopya etti<\/strong>.<\/p>\n<p style=\"text-align: justify;\">AKP Gaziantep Milletvekili \u00d6zlem M\u00fcft\u00fco\u011flu&#8217;nun Nevruz mesaj\u0131n\u0131n, 5 y\u0131l \u00f6nce, d\u00f6nemin Cumhurba\u015fkan\u0131 Ahmet Necdet Sezer&#8217;in yay\u0131nlad\u0131\u011f\u0131 Nevruz Mesaj\u0131&#8217;yla hemen hemen ayn\u0131 olmas\u0131 dikkat \u00e7ekti.<\/p>\n<p style=\"text-align: justify;\">2007&#8217;de TBMM&#8217;nin oturumuna deri ceketle kat\u0131ld\u0131\u011f\u0131 i\u00e7in divandan uyar\u0131 alan AKP&#8217;li kad\u0131n vekil \u00d6zlem M\u00fcft\u00fco\u011flu&#8217;nun bas\u0131n kurulu\u015flar\u0131na g\u00f6nderdi\u011fi 21 Mart 2009 tarihli Nevruz kutlama mesaj\u0131, 10&#8217;uncu Cumhurba\u015fkan\u0131 Sezer&#8217;in 20 Mart 2004&#8217;te Cumhurba\u015fkanl\u0131\u011f\u0131&#8217;n\u0131n resmi internet sitesinden yay\u0131nlanan ve ayn\u0131 sitede hala yer alan mesaj\u0131yla, birka\u00e7 c\u00fcmledeki \u00e7ok az kelime de\u011fi\u015fikli\u011fi ile sat\u0131r sat\u0131r ayn\u0131 \u00e7\u0131kt\u0131. Her iki mesaj, &#8216;Toplumlarda bar\u0131\u015f k\u00fclt\u00fcr\u00fcn\u00fcn olu\u015fmas\u0131nda ve s\u00fcrekli k\u0131l\u0131nmas\u0131nda sevgi, sayg\u0131 ve ho\u015fg\u00f6r\u00fcye dayal\u0131 insan ili\u015fkilerinin yan\u0131 s\u0131ra, bu evrensel de\u011ferleri vurgulayan ve \u00f6nemini an\u0131msatan k\u00fclt\u00fcrel ve toplumsal etkinlikler b\u00fcy\u00fck \u00f6nem ta\u015f\u0131maktad\u0131r&#8217; diye ba\u015fl\u0131yor. Mesaj\u0131n bundan sonraki b\u00f6l\u00fcmlerinde ise k\u00fc\u00e7\u00fck de\u011fi\u015fiklikler yap\u0131ld\u0131\u011f\u0131 g\u00f6r\u00fcl\u00fcyor. AKP&#8217;li vekilin taklit mesaj\u0131, Gaziantep&#8217;teki yerel bir gazetede de haber olarak verildi. <!--more--><\/p>\n<p style=\"text-align: justify;\"><strong>&#8216;DANI\u015eMANLARIM YAZMI\u015e, \u0130\u015eTEN \u00c7IKARACA\u011eIM&#8217;<\/strong><\/p>\n<p style=\"text-align: justify;\">DHA Muhabiri&#8217;nin telefonla g\u00f6r\u00fc\u015ft\u00fc\u011f\u00fc AKP Gaziantep Milletvekili \u00d6zlem M\u00fcft\u00fco\u011flu, \u00f6nce Nevruz Mesaj\u0131&#8217;n\u0131n eski Cumhurba\u015fkan\u0131 Ahmet Necdet Sezer&#8217;in mesaj\u0131n\u0131n taklidi oldu\u011fuyla ilgili iddia ve bu iddian\u0131n baz\u0131 yerel gazetelerde yay\u0131nlanmas\u0131 konusunda, &#8220;Ben yay\u0131nlanan haberleri okumad\u0131m. \u015eu an se\u00e7im \u00e7al\u0131\u015fmalar\u0131n\u0131 y\u00fcr\u00fct\u00fcyorum&#8221; dedi.<\/p>\n<p style=\"text-align: justify;\">Daha sonra DHA muhabirini telefonla arayan AKP Gaziantep Milletvekili \u00d6zlem M\u00fcft\u00fco\u011flu, 10&#8217;uncu Cumhurba\u015fkan\u0131 Sezer&#8217;in nevruz mesaj\u0131yla, kendi mesaj\u0131n\u0131 kar\u015f\u0131la\u015ft\u0131rd\u0131\u011f\u0131n\u0131 belirterek, \u015funlar\u0131 s\u00f6yledi:<\/p>\n<p style=\"text-align: justify;\">&#8220;Ben hemen dan\u0131\u015fmanlar\u0131m\u0131 arad\u0131m. Bu yaz\u0131y\u0131 g\u00f6nderen benim dan\u0131\u015fman\u0131m. Ben \u00e7\u00fcnk\u00fc Antep&#8217;teyim. Se\u00e7im \u00e7al\u0131\u015fmalar\u0131nday\u0131m. Arkada\u015flar bunu yazm\u0131\u015f g\u00f6ndermi\u015fler. Ben de Bizimkiler diyorlar ki; &#8216;Biz bunu internet sitelerinden alarak indirdik. Yani Necdet Sezer&#8217;in sitesine filan girmedik. Nevruzla ilgili a\u00e7\u0131klama olan sitelere girip yazd\u0131k g\u00f6nderdik&#8217; diyorlar. Ben de \u015fimdi Necdet Sezer&#8217;in sitesine bak\u0131yorum, benzerlikler var yani. Tan\u0131mlar, filan ayn\u0131, hemen hemen ayn\u0131. Durum bundan ibaret. Hangi siteden ald\u0131klar\u0131n\u0131 bak\u0131p bana s\u00f6yleyecekler ben de size bildirece\u011fim. B\u00f6yle bir\u015fey olmu\u015fsa ben onlarla \u00e7al\u0131\u015fmay\u0131 zaten kabul etmem. Ben olmadan nas\u0131l yerime imza at\u0131p g\u00f6nderiyorlar, onu da soraca\u011f\u0131m onlara. Onlar\u0131 i\u015ften \u00e7\u0131karaca\u011f\u0131m. Bu benim i\u00e7in \u00e7ok \u00f6nemli. Ben hayat\u0131mda b\u00f6yle \u015feylere bula\u015fmam\u0131\u015f\u0131m. Yan\u0131mda \u00e7al\u0131\u015ft\u0131\u011f\u0131m insan bana bunu yaparsa. \u015eurada 20 g\u00fcnd\u00fcr sanki kendi se\u00e7imimmi\u015f gibi gece yar\u0131lar\u0131na kadar gecem, g\u00fcnd\u00fcz\u00fcm yok. Ben yan\u0131mda \u00e7al\u0131\u015ft\u0131rd\u0131\u011f\u0131m insana bu \u015fekilde g\u00fcvenemeyeceksem o insan\u0131n benimle \u00e7al\u0131\u015fmas\u0131na gerek yok. Orda benim imza s\u00fcrk\u00fcm var. O s\u00fcrk\u00fcm\u00fc de kullanm\u0131\u015f olabilirler.&#8221;<\/p>\n<p style=\"text-align: justify;\"><span style=\"color: #993300;\"><strong>20 Mart 2004 (10. Cumhurba\u015fkan\u0131 Sezer&#8217;in mesaj\u0131)<\/strong><\/span><\/p>\n<p style=\"text-align: justify;\">TOPLUMLARDA bar\u0131\u015f k\u00fclt\u00fcr\u00fcn\u00fcn olu\u015fmas\u0131nda ve s\u00fcrekli k\u0131l\u0131nmas\u0131nda sevgi, sayg\u0131 ve ho\u015fg\u00f6r\u00fcye dayal\u0131 insan ili\u015fkilerinin yan\u0131 s\u0131ra, bu evrensel de\u011ferleri vurgulayan ve \u00f6nemini an\u0131msatan k\u00fclt\u00fcrel ve toplumsal etkinlikler b\u00fcy\u00fck \u00f6nem ta\u015f\u0131maktad\u0131r.<\/p>\n<p style=\"text-align: justify;\">Geleneksel niteli\u011fiyle y\u00fczy\u0131llard\u0131r canl\u0131 tutulan ve kutlanan, bahar\u0131n geli\u015fini ve do\u011fan\u0131n uyan\u0131\u015f\u0131n\u0131 simgeleyen bir etkinlik olan Nevruz, dostlu\u011fun ve karde\u015fli\u011fin yo\u011fun olarak ya\u015fand\u0131\u011f\u0131, birlik ve dayan\u0131\u015fman\u0131n g\u00fc\u00e7lendi\u011fi \u00f6zel g\u00fcnlerimizdendir.<\/p>\n<p style=\"text-align: justify;\">De\u011fi\u015fimlerin \u00f6z\u00fcn\u00fc do\u011fada arayan ve kendindeki de\u011fi\u015fimleri do\u011fayla ili\u015fkilendiren insan, ilkbaharda do\u011fan\u0131n canlanmas\u0131na tepkisiz kalamayarak, do\u011fadaki bu de\u011fi\u015fikli\u011fi, tarihin eski d\u00f6nemlerinden bu yana \u015f\u00f6lenlerle kutlanmaktad\u0131r.<\/p>\n<p style=\"text-align: justify;\">Umut dolu g\u00fczel g\u00fcnlerin ba\u015flang\u0131c\u0131 kabul edilen Nevruz, toplumlar\u0131, birlik ve dayan\u0131\u015fma i\u00e7inde g\u00fc\u00e7lendirmekte, t\u00fcm bireylerin kat\u0131ld\u0131\u011f\u0131 etkinlikler, ulusal birli\u011fi ve ulusun \u00f6z de\u011ferlerini peki\u015ftirmektedir.<\/p>\n<p style=\"text-align: justify;\">Anadolu&#8217;da, Orta Asya&#8217;da, Kafkasya&#8217;da, Orta Do\u011fu&#8217;da ve Balkanlar&#8217;da ortak co\u015fku ve benzer etkinliklerle kutlanan Nevruz, ayn\u0131 zamanda karde\u015f \u00fclke ve topluluklarla aram\u0131zdaki tarihsel ve k\u00fclt\u00fcrel ba\u011flar\u0131m\u0131z\u0131 g\u00fc\u00e7lendirmektedir.<\/p>\n<p style=\"text-align: justify;\">Nevruz&#8217;un, insanc\u0131l, payla\u015f\u0131mc\u0131 ve b\u00fct\u00fcnle\u015ftirici y\u00f6n\u00fcyle, dinsel ve ulusal s\u0131n\u0131rlar\u0131 a\u015farak umut, ho\u015fg\u00f6r\u00fc, karde\u015flik ve dostluk g\u00fcn\u00fc olarak kutlanmas\u0131, bar\u0131\u015f dolu gelecek i\u00e7in umutlar\u0131m\u0131z\u0131 art\u0131rmaktad\u0131r.<\/p>\n<p style=\"text-align: justify;\">Do\u011fan\u0131n t\u00fcm renkleriyle canlanmaya ba\u015flad\u0131\u011f\u0131 bahar\u0131n insanl\u0131\u011fa, her zaman \u00f6zlemini duydu\u011fumuz bar\u0131\u015f, karde\u015flik, umut ve ya\u015fama sevinci getirmesini diliyor, T\u00fcrk d\u00fcnyas\u0131n\u0131n ve yurtta\u015flar\u0131m\u0131z\u0131n Nevruz&#8217;unu kutluyorum.<\/p>\n<p style=\"text-align: justify;\"><span style=\"color: #993300;\"><strong>21 Mart 2009 (AKP Milletvekili \u00d6zlem M\u00fcft\u00fco\u011flu&#8217;nun mesaj\u0131)<\/strong><\/span><\/p>\n<p style=\"text-align: justify;\">TOPLUMLARDA bar\u0131\u015f k\u00fclt\u00fcr\u00fcn\u00fcn olu\u015fmas\u0131nda ve s\u00fcreklili\u011finde sevgi, sayg\u0131 ve ho\u015fg\u00f6r\u00fcye dayal\u0131 insan ili\u015fkilerinin yan\u0131 s\u0131ra, evrensel de\u011ferleri vurgulayan ve \u00f6nemini hat\u0131rlatan k\u00fclt\u00fcrel ve toplumsal etkinlikler b\u00fcy\u00fck \u00f6nem ta\u015f\u0131maktad\u0131r. Geleneksel niteli\u011fiyle y\u00fczy\u0131llard\u0131r canl\u0131 tutulan ve kutlanan, bahar\u0131n geli\u015fini ve do\u011fan\u0131n uyan\u0131\u015f\u0131n\u0131 simgeleyen bir etkinlik olan Nevruz, dostlu\u011fun ve karde\u015fli\u011fin yo\u011fun olarak ya\u015fand\u0131\u011f\u0131, birlik ve dayan\u0131\u015fman\u0131n g\u00fc\u00e7lendi\u011fi \u00f6zel g\u00fcnlerden biridir.<\/p>\n<p style=\"text-align: justify;\">Kendisindeki de\u011fi\u015fimleri do\u011fa ile ili\u015fkilendiren ve b\u00fct\u00fcnle\u015ftiren insan, ilkbaharda do\u011fan\u0131n canlanmas\u0131na tepkisiz kalamayarak, do\u011fadaki bu de\u011fi\u015fikli\u011fi, tarihin eski d\u00f6nemlerinden beri kutlamaktad\u0131r. Umut dolu g\u00fczel g\u00fcnlerin ba\u015flang\u0131c\u0131 kabul edilen Nevruz; toplumlar\u0131, birlik ve dayan\u0131\u015fma i\u00e7inde g\u00fc\u00e7lendirmekte, bireylerin kat\u0131ld\u0131\u011f\u0131 etkinlikler, ulusal birli\u011fimizi peki\u015ftirmektedir.<\/p>\n<p style=\"text-align: justify;\">Anadolu&#8217;da, Orta Asya&#8217;da, Kafkasya&#8217;da, Orta Do\u011fu&#8217;da ve Balkanlar&#8217;da ortak co\u015fku ve benzer etkinliklerle kutlanan Nevruz, ayn\u0131 zamanda karde\u015f \u00fclke ve topluluklarla aram\u0131zdaki tarihsel ve k\u00fclt\u00fcrel ba\u011flar\u0131m\u0131z\u0131 da g\u00fc\u00e7lendirmektedir.<\/p>\n<p style=\"text-align: justify;\">Nevruz&#8217;un; insanc\u0131l, payla\u015f\u0131mc\u0131 ve b\u00fct\u00fcnle\u015ftirici y\u00f6n\u00fc ile ulusal s\u0131n\u0131rlar\u0131 a\u015farak umut, ho\u015fg\u00f6r\u00fc, karde\u015flik ve dostluk g\u00fcn\u00fc olarak kutlanmas\u0131, bar\u0131\u015f dolu gelecek i\u00e7in umutlar\u0131m\u0131z\u0131 art\u0131rmaktad\u0131r.<\/p>\n<p style=\"text-align: justify;\">Nevruz&#8217;un do\u011fan\u0131n t\u00fcm renkleriyle canlanmaya ba\u015flad\u0131\u011f\u0131 bahar\u0131n insanl\u0131\u011fa, her zaman \u00f6zlemini duydu\u011fumuz bar\u0131\u015f, karde\u015flik, umut ve ya\u015fama sevinci getirmesini diliyorum.<\/p>\n<p style=\"text-align: justify;\"><span style=\"color: #808080;\">Kaynak : Vatan Gazetesi<\/span><\/p>\n<p style=\"text-align: justify;\">\n","protected":false},"excerpt":{"rendered":"<p style=\"text-align: center;\">\n<p style=\"text-align: justify;\">Ahmet Necdet Sezer&#8217;in 2004&#8217;de yay\u0131nlad\u0131\u011f\u0131 Nevruz mesaj\u0131n\u0131 aynen kopya etti.<\/p>\n<p style=\"text-align: justify;\">AKP Gaziantep Milletvekili \u00d6zlem M\u00fcft\u00fco\u011flu&#8217;nun Nevruz mesaj\u0131n\u0131n, 5 y\u0131l \u00f6nce, d\u00f6nemin Cumhurba\u015fkan\u0131 Ahmet Necdet Sezer&#8217;in yay\u0131nlad\u0131\u011f\u0131 Nevruz Mesaj\u0131&#8217;yla hemen hemen ayn\u0131 olmas\u0131 dikkat \u00e7ekti.<\/p>\n<p style=\"text-align: justify;\">2007&#8217;de TBMM&#8217;nin oturumuna deri ceketle kat\u0131ld\u0131\u011f\u0131 i\u00e7in divandan uyar\u0131 alan AKP&#8217;li kad\u0131n <\/p>\n","protected":false},"author":1,"featured_media":0,"comment_status":"open","ping_status":"closed","sticky":false,"template":"","format":"standard","meta":{"footnotes":""},"categories":[105],"tags":[],"class_list":["post-6017","post","type-post","status-publish","format-standard","hentry","category-gundem","odd"],"_links":{"self":[{"href":"http:\/\/www.korhanyilmaz.com\/index.php?rest_route=\/wp\/v2\/posts\/6017","targetHints":{"allow":["GET"]}}],"collection":[{"href":"http:\/\/www.korhanyilmaz.com\/index.php?rest_route=\/wp\/v2\/posts"}],"about":[{"href":"http:\/\/www.korhanyilmaz.com\/index.php?rest_route=\/wp\/v2\/types\/post"}],"author":[{"embeddable":true,"href":"http:\/\/www.korhanyilmaz.com\/index.php?rest_route=\/wp\/v2\/users\/1"}],"replies":[{"embeddable":true,"href":"http:\/\/www.korhanyilmaz.com\/index.php?rest_route=%2Fwp%2Fv2%2Fcomments&post=6017"}],"version-history":[{"count":0,"href":"http:\/\/www.korhanyilmaz.com\/index.php?rest_route=\/wp\/v2\/posts\/6017\/revisions"}],"wp:attachment":[{"href":"http:\/\/www.korhanyilmaz.com\/index.php?rest_route=%2Fwp%2Fv2%2Fmedia&parent=6017"}],"wp:term":[{"taxonomy":"category","embeddable":true,"href":"http:\/\/www.korhanyilmaz.com\/index.php?rest_route=%2Fwp%2Fv2%2Fcategories&post=6017"},{"taxonomy":"post_tag","embeddable":true,"href":"http:\/\/www.korhanyilmaz.com\/index.php?rest_route=%2Fwp%2Fv2%2Ftags&post=6017"}],"curies":[{"name":"wp","href":"https:\/\/api.w.org\/{rel}","templated":true}]}}