{"id":5973,"date":"2009-03-21T12:52:22","date_gmt":"2009-03-21T10:52:22","guid":{"rendered":"http:\/\/www.korhanyilmaz.com\/?p=5973"},"modified":"2009-03-21T12:52:22","modified_gmt":"2009-03-21T10:52:22","slug":"ordu-ile-guven-sikintilari-oldu","status":"publish","type":"post","link":"http:\/\/www.korhanyilmaz.com\/?p=5973","title":{"rendered":"&#039;Ordu ile g\u00fcven s\u0131k\u0131nt\u0131lar\u0131 oldu&#039;"},"content":{"rendered":"<p style=\"text-align: center;\"><img loading=\"lazy\" decoding=\"async\" class=\"aligncenter size-full wp-image-5974\" title=\"'Ordu ile g\u00fcven s\u0131k\u0131nt\u0131lar\u0131 oldu' \" src=\"http:\/\/www.korhanyilmaz.com\/wp-content\/uploads\/2009\/03\/210320091358315528554.jpg\" alt=\"'Ordu ile g\u00fcven s\u0131k\u0131nt\u0131lar\u0131 oldu' \" width=\"329\" height=\"210\" \/><\/p>\n<p style=\"text-align: justify;\"><strong>Ba\u015fbakan Erdo\u011fan, ordu ile g\u00fcven bunal\u0131m\u0131n\u0131 a\u015ft\u0131klar\u0131n\u0131 s\u00f6yledi<\/strong><\/p>\n<p style=\"text-align: justify;\">Ba\u015fbakan Recep Tayyip Erdo\u011fan, T\u00fcrk Silahl\u0131 Kuvvetleri ile aralar\u0131nda herhangi bir sorun bulunmad\u0131\u011f\u0131n\u0131 belirterek, &#8220;Her ge\u00e7en g\u00fcn birbirimizi \u00e7ok daha iyi anlaman\u0131n bir yerde de huzuru i\u00e7erisindeyiz. Bizim de belki zaman i\u00e7erisinde aram\u0131zda baz\u0131 g\u00fcven s\u0131k\u0131nt\u0131lar\u0131 olmu\u015f olabilir. Ama zaman ge\u00e7tik\u00e7e birbirimizi daha iyi tan\u0131d\u0131\u011f\u0131m\u0131z i\u00e7in bu g\u00fcven bunal\u0131mlar\u0131 da ortadan kalkm\u0131\u015f oldu&#8221; dedi.<!--more--><\/p>\n<p style=\"text-align: justify;\">Erdo\u011fan, ATV&#8217;nin canl\u0131 yay\u0131n\u0131nda, g\u00fcndemdeki konulara ili\u015fkin sorular\u0131 yan\u0131tlad\u0131.<\/p>\n<p style=\"text-align: justify;\">Yar\u0131 ba\u015fkanl\u0131k sistemi hakk\u0131ndaki g\u00f6r\u00fc\u015f\u00fcn\u00fcn sorulmas\u0131 \u00fczerine Erdo\u011fan, Anayasa ile ilgili ba\u015flatt\u0131klar\u0131 baz\u0131 \u00e7al\u0131\u015fmalar s\u0131ras\u0131nda, ortak ak\u0131l<br \/>\nolu\u015fturmada bir tak\u0131m s\u0131k\u0131nt\u0131lar g\u00f6rd\u00fcklerini dile getirerek, &#8220;Yasama organ\u0131n\u0131n i\u00e7inde ne kadar g\u00fc\u00e7l\u00fc olursan\u0131z olun, veya ortaya koydu\u011funuz Anayasa<br \/>\nde\u011fi\u015fikli\u011fine ne kadar g\u00fc\u00e7l\u00fc bir destek bulursan\u0131z bulun, bak\u0131yorsunuz Anayasa Mahkemesi&#8217;nden bu d\u00f6nebiliyor. Dolay\u0131s\u0131yla yasama organ\u0131 burada zaten tamam\u0131yla out oluyor. B\u00f6yle bir durum var&#8221; diye konu\u015ftu.<\/p>\n<p style=\"text-align: justify;\">&#8220;Ba\u015fbakanl\u0131\u011f\u0131n\u0131z boyunca sizi en fazla etkileyen olay neydi&#8221; sorusuna ise Erdo\u011fan, &#8220;Cumhurba\u015fkanl\u0131\u011f\u0131 se\u00e7imi olay\u0131 beni \u00e7ok etkilemi\u015ftir. \u00c7\u00fcnk\u00fc<br \/>\nT\u00fcrkiye&#8217;de \u00d6zal se\u00e7ilmi\u015f \u00f6n\u00fcm\u00fczde bir \u00f6rnek, Demirel se\u00e7ilmi\u015f \u00f6n\u00fcm\u00fczde bir \u00f6rnek, arkadan Sezer&#8217;in se\u00e7imi var. Arkadan yeni bir se\u00e7im yap\u0131yoruz. Hepsinde uygulanan bir sistem. Say\u0131n G\u00fcl&#8217;e geldi\u011finde her \u015fey alt\u00fcst oluyor. Bu nas\u0131l \u00fclkedir diye d\u00fc\u015f\u00fcn\u00fcyorum. Sistemi nas\u0131l kilitlediler g\u00f6rd\u00fck. B\u00f6yle bir \u015fey olur mu?&#8221; \u015feklinde yan\u0131t verdi.\n<\/p>\n<p style=\"text-align: justify;\">Ba\u015fbakan Erdo\u011fan, &#8220;G-20 zirvesinde, \u00e7ok somut \u00f6nemli tarihi ve somut ad\u0131mlar var m\u0131?&#8221; \u015feklindeki bir soru \u00fczerine \u015funlar\u0131 s\u00f6yledi:<\/p>\n<p style=\"text-align: justify;\">&#8220;\u015eimdi bir defa burada bir b\u00f6l\u00fcnme var. \u0130ngiltere ve ABD bir tarafta, Avrupa Birli\u011fi \u00fcyesi \u00fclkeler bir tarafta, belki Avustralya ile birlikte 3. bir<br \/>\ngrup da ortaya \u00e7\u0131kabilir. Herkesin birle\u015fti\u011fi bir mutabakat hala olamad\u0131. Halbuki bunun olmas\u0131 laz\u0131m. Do\u011fal bir mutabakat sa\u011flanamad\u0131\u011f\u0131 s\u00fcrece G-20&#8217;den sa\u011fl\u0131kl\u0131 bir netice beklemiyorum.&#8221;\n<\/p>\n<p style=\"text-align: justify;\"><strong>&#8220;\u0130SLAMIN ILIMLISI ILIMSIZI OLMAZ&#8221;<\/strong><\/p>\n<p style=\"text-align: justify;\">&#8220;ABD D\u0131\u015fi\u015fleri Bakan\u0131 Hillary Clinton, T\u00fcrkiye ziyareti s\u0131ras\u0131nda, art\u0131k AK Parti&#8217;yi bir \u0131l\u0131ml\u0131 \u0130slam partisi olarak nitelendirmeyeceklerini s\u00f6yledi. Dolay\u0131s\u0131yla sizin bu cevab\u0131 yorumlay\u0131\u015f\u0131n\u0131z nas\u0131l olacakt\u0131r?&#8221; sorusu \u00fczerine Erdo\u011fan \u015f\u00f6yle konu\u015ftu:<\/p>\n<p style=\"text-align: justify;\">&#8220;Bir defa biz bu terminolojiye kar\u015f\u0131y\u0131z. Baz\u0131 kavramlar var ki \u00f6zellikle muhatab\u0131 olan toplumlar\u0131 ciddi manada rahats\u0131z eder. Bir tanesi bunlar\u0131n siyasal \u0130slam. Bu \u00e7ok ciddi tepki alanlardan bir tanesidir. \u0130slam ter\u00f6r\u00fc veya \u0130slami ter\u00f6r gibi kavramlar ciddi manada rahats\u0131z etmi\u015ftir. \u015eimdi \u0131l\u0131ml\u0131 \u0130slam da bunun de\u011fi\u015fik bir versiyonu. \u0130slam\u0131n \u0131l\u0131ml\u0131s\u0131, \u0131l\u0131ms\u0131z\u0131 diye bir \u015fey olmaz. \u0130slam, \u0130slamd\u0131r. Yani bunu yozla\u015ft\u0131rmaya hi\u00e7birimizin hakk\u0131 yok. B\u00fct\u00fcn mesele<br \/>\na\u015f\u0131r\u0131l\u0131klardan bir defa ar\u0131nd\u0131r\u0131lm\u0131\u015f bir \u0130slam. Kald\u0131 ki \u0130slam zaten a\u015f\u0131r\u0131l\u0131klar\u0131 kabul etmiyor. \u00c7\u00fcnk\u00fc a\u015f\u0131r\u0131l\u0131klar\u0131n hepsi insan\u0131n aya\u011f\u0131n\u0131 kayd\u0131r\u0131r. Nerede olursa olsun. Onun i\u00e7in de orta yol en ideal olan\u0131d\u0131r. \u015eimdi dindar dedi\u011fimiz M\u00fcsl\u00fcman orta yolu tutturand\u0131r zaten. A\u015f\u0131r\u0131l\u0131klara giden de\u011fildir. D\u00fcnyan\u0131n her yerinde a\u015f\u0131r\u0131lar var m\u0131? Var. Her dinin i\u00e7inde, her d\u00fc\u015f\u00fcnce grubunun i\u00e7erisinde var. Onlar\u0131n da bedelleri, faturalar\u0131 mensuplar\u0131na \u00e7ok \u00e7ok a\u011f\u0131r oluyor. Kald\u0131 ki \u0130slam kelime itibariyle ele ald\u0131\u011f\u0131m\u0131z zaman bar\u0131\u015f anlam\u0131na geliyor. Dolay\u0131s\u0131yla bar\u0131\u015f anlam\u0131na gelen \u0130slama farkl\u0131 \u015feyler yak\u0131\u015ft\u0131rmak, \u00e7ok \u00e7ok yanl\u0131\u015ft\u0131r.&#8221;<\/p>\n<p style=\"text-align: justify;\">&#8220;Anayasa de\u011fi\u015fikli\u011fi s\u0131ras\u0131nda t\u00fcrban konusu yeniden g\u00fcndeme gelmi\u015fti. Bundan sonra o konudaki genel de\u011ferlendirme nas\u0131l olacak?&#8221; sorusuna ise Erdo\u011fan, &#8220;Ben orada do\u011frusu Anayasa Mahkemesi Ba\u015fkan\u0131&#8217;n\u0131n muhalefet \u015ferhini aynen payla\u015f\u0131yorum. \u015eu anda demek ki baz\u0131 \u015feylerin daha T\u00fcrkiye&#8217;de olgunla\u015fmas\u0131<br \/>\ngerekiyor. Bu olgunla\u015fma s\u00fcrecini de sab\u0131rla beklemekte fayda var&#8221; \u015feklinde yan\u0131t verdi.<\/p>\n<p style=\"text-align: justify;\">YSK&#8217;n\u0131n a\u00e7\u0131klamas\u0131na da de\u011finen Erdo\u011fan, &#8220;Bu bir memur de\u011fil oraya giren. Hizmet veren ki\u015filerin hepsi sand\u0131k temsilcisi. \u0130\u00e7inde m\u00fc\u015fahitler var. Bu<br \/>\nm\u00fc\u015fahitler sabah erkenden geliyor. Sand\u0131k g\u00f6revlisi gelmezse sand\u0131k ba\u015fkan\u0131 o m\u00fc\u015fahitlerden birini se\u00e7ip orada g\u00f6revlendirebiliyor. Siz onu g\u00f6r\u00fcrs\u00fcn\u00fcz. Kald\u0131 ki bunlar demokratik bir haklar\u0131n\u0131 yerine getirirken, bir yerde de bu s\u00fcrece katk\u0131da bulunuyorlar&#8221; diye konu\u015ftu.<\/p>\n<p style=\"text-align: justify;\">\u0130stanbul&#8217;a ili\u015fkin projelerini de anlatan Erdo\u011fan, &#8220;\u0130stanbul&#8217;da, Kemal K\u0131l\u0131\u00e7daro\u011flu&#8217;nun \u015fans\u0131 nedir?&#8221; sorusuna, &#8220;Oran olarak bir \u015fey vermeyeyim ama<br \/>\nse\u00e7imin galibi bellidir. Kadir Topba\u015f&#8221; yan\u0131t\u0131n\u0131 verdi.<\/p>\n<p style=\"text-align: justify;\">&#8220;Do\u011fan medya grubu ile gelirler idaresi aras\u0131ndaki vergi konusu ve kesilen vergi cezas\u0131&#8221; ile ilgili bir soru \u00fczerine de Erdo\u011fan, ortada mali bir<br \/>\nsorunun bulundu\u011funu ve \u015fu anda s\u00fcrecin i\u015fledi\u011fini belirterek, kendisinin bu s\u00fcrece m\u00fcdahalesinin s\u00f6z konusu olmad\u0131\u011f\u0131n\u0131 s\u00f6yledi.\n<\/p>\n<p style=\"text-align: justify;\"><strong>ERGENEKON DAVASI<\/strong><\/p>\n<p style=\"text-align: justify;\">Ergenekon Davas\u0131&#8217;na ili\u015fkin de\u011ferlendirmelerinin sorulmas\u0131 \u00fczerine Ba\u015fbakan Erdo\u011fan, \u015funlar\u0131 kaydetti:<\/p>\n<p style=\"text-align: justify;\">&#8220;Tabii Anayasam\u0131z, yasama, y\u00fcr\u00fctme ve yarg\u0131 organ\u0131n\u0131n yerini, konumunu belirtmi\u015f. Biz y\u00fcr\u00fctme organ\u0131 olarak bu g\u00f6revimizi yapar\u0131z. Bu g\u00f6rev alan\u0131m\u0131za do\u011frusu birilerinin girmesini de istemeyiz. Yasama organ\u0131 olarak da \u00fczerimize d\u00fc\u015fen ne ise bir milletvekili olarak onu yapar\u0131z. \u015eu anda olay bir yarg\u0131 s\u00fcrecinin i\u00e7indedir. Yarg\u0131 s\u00fcreci devam ediyor. Dolay\u0131s\u0131yla bu yarg\u0131 s\u00fcrecinin i\u00e7erisinde, bizim s\u00fcreci yorumlamaya y\u00f6nelik herhangi bir hakk\u0131m\u0131z yok. Bunu yapamay\u0131z. Yarg\u0131n\u0131n herhangi bir talebi, talimat\u0131 olmas\u0131 halinde, oldu\u011fu takdirde g\u00fcvenlik g\u00fc\u00e7lerimiz burada kendilerine d\u00fc\u015fen g\u00f6revi savc\u0131n\u0131n talimat\u0131yla yerine getirir, yapar. S\u00fcmen alt\u0131 etmez. \u015eu anda yap\u0131lan da budur. Ama anla\u015f\u0131lan o ki ge\u00e7mi\u015fte demek ki s\u00fcmen alt\u0131 ediliyordu bir\u00e7ok \u015feyler. Ama \u015fimdi s\u00fcmen alt\u0131 edilmiyor. \u00c7\u00fcnk\u00fc ger\u00e7eklerin ortaya \u00e7\u0131kmas\u0131 laz\u0131m. Bu ger\u00e7ekler ortaya \u00e7\u0131kacak ki gelecek ku\u015faklara ve nesillere bizler \u00e7ok daha farkl\u0131 bir T\u00fcrkiye&#8217;yi b\u0131rakal\u0131m. \u00c7ok daha g\u00fcvenli, devletin milletiyle kayna\u015ft\u0131\u011f\u0131 \u00f6rt\u00fc\u015ft\u00fc\u011f\u00fc bir T\u00fcrkiye&#8217;yi b\u0131rakal\u0131m. Herkesin birbirine \u015f\u00fcpheyle bakt\u0131\u011f\u0131 bir T\u00fcrkiye olmas\u0131n. Bunu istemiyoruz. Dayan\u0131\u015fma i\u00e7erisinde oldu\u011fumuz bir T\u00fcrkiye olsun. Faili me\u00e7huller de olmas\u0131n, yarg\u0131s\u0131z infazlar da olmas\u0131n. Ben inan\u0131yorum ki bu s\u00fcre\u00e7te demokrasi kazan\u0131yor. Bu s\u00fcreci medyas\u0131yla, siyasileriyle hep birlikte desteklemeliyiz.&#8221;<\/p>\n<p style=\"text-align: justify;\">&#8220;Ordu ve iktidar ili\u015fkisi bak\u0131m\u0131ndan daha bir normalizasyon ya\u015fand\u0131\u011f\u0131 kan\u0131s\u0131nda m\u0131s\u0131n\u0131z bu d\u00f6nemde?&#8221; \u015feklindeki bir soru \u00fczerine Ba\u015fbakan Erdo\u011fan, \u015fu a\u00e7\u0131klamay\u0131 yapt\u0131:<\/p>\n<p style=\"text-align: justify;\">&#8220;Silahl\u0131 kuvvetlerimizle aram\u0131zda herhangi bir s\u0131k\u0131nt\u0131 s\u00f6z konusu de\u011fil. Rutin \u00e7al\u0131\u015fmalar\u0131m\u0131z g\u00f6r\u00fc\u015fmelerimiz var. Her ge\u00e7en g\u00fcn birbirimizi \u00e7ok daha iyi anlaman\u0131n bir yerde de huzuru i\u00e7erisindeyiz. Bizimde belki zaman i\u00e7erisinde aram\u0131zda baz\u0131 g\u00fcven s\u0131k\u0131nt\u0131lar\u0131 olmu\u015f olabilir. Ama zaman ge\u00e7tik\u00e7e birbirimizi daha iyi tan\u0131d\u0131\u011f\u0131m\u0131z i\u00e7in bu g\u00fcven bunal\u0131mlar\u0131 da ortadan kalkm\u0131\u015f oldu. Tabi daha ideali daha g\u00fczel g\u00fcnleri yakalamak. \u00c7\u00fcnk\u00fc TSK ile h\u00fck\u00fcmetin birbirine g\u00fcveni \u00fclkem i\u00e7in \u00e7ok \u00f6nemli, milletim i\u00e7in \u00e7ok \u00f6nemli. Burada en ufak bir \u015f\u00fcphe do\u011farsa bunun bedelini \u00fclke, millet \u00f6der ve bunun kayb\u0131 da demokrasiye olur. B\u00f6yle bir \u015feyi ya\u015fatmaya kimsenin hakk\u0131 yok.&#8221;<\/p>\n<p style=\"text-align: justify;\">Ba\u015fbakan Erdo\u011fan, &#8220;Davos&#8217;a ger\u00e7ekten bir daha gitmeyecek misiniz, Davos bitti mi&#8221; sorusuna &#8220;\u015euanda yok&#8221; yan\u0131t\u0131n\u0131 verdi.<\/p>\n<p style=\"text-align: justify;\"><span style=\"color: #888888;\">Kaynak : Vatan Gazetesi<\/span><\/p>\n","protected":false},"excerpt":{"rendered":"<p style=\"text-align: center;\">\n<p style=\"text-align: justify;\">Ba\u015fbakan Erdo\u011fan, ordu ile g\u00fcven bunal\u0131m\u0131n\u0131 a\u015ft\u0131klar\u0131n\u0131 s\u00f6yledi<\/p>\n<p style=\"text-align: justify;\">Ba\u015fbakan Recep Tayyip Erdo\u011fan, T\u00fcrk Silahl\u0131 Kuvvetleri ile aralar\u0131nda herhangi bir sorun bulunmad\u0131\u011f\u0131n\u0131 belirterek, &#8220;Her ge\u00e7en g\u00fcn birbirimizi \u00e7ok daha iyi anlaman\u0131n bir yerde de huzuru i\u00e7erisindeyiz. Bizim de belki zaman i\u00e7erisinde aram\u0131zda baz\u0131 g\u00fcven s\u0131k\u0131nt\u0131lar\u0131 olmu\u015f olabilir. Ama zaman <\/p>\n","protected":false},"author":1,"featured_media":0,"comment_status":"open","ping_status":"closed","sticky":false,"template":"","format":"standard","meta":{"footnotes":""},"categories":[105],"tags":[],"class_list":["post-5973","post","type-post","status-publish","format-standard","hentry","category-gundem","odd"],"_links":{"self":[{"href":"http:\/\/www.korhanyilmaz.com\/index.php?rest_route=\/wp\/v2\/posts\/5973","targetHints":{"allow":["GET"]}}],"collection":[{"href":"http:\/\/www.korhanyilmaz.com\/index.php?rest_route=\/wp\/v2\/posts"}],"about":[{"href":"http:\/\/www.korhanyilmaz.com\/index.php?rest_route=\/wp\/v2\/types\/post"}],"author":[{"embeddable":true,"href":"http:\/\/www.korhanyilmaz.com\/index.php?rest_route=\/wp\/v2\/users\/1"}],"replies":[{"embeddable":true,"href":"http:\/\/www.korhanyilmaz.com\/index.php?rest_route=%2Fwp%2Fv2%2Fcomments&post=5973"}],"version-history":[{"count":0,"href":"http:\/\/www.korhanyilmaz.com\/index.php?rest_route=\/wp\/v2\/posts\/5973\/revisions"}],"wp:attachment":[{"href":"http:\/\/www.korhanyilmaz.com\/index.php?rest_route=%2Fwp%2Fv2%2Fmedia&parent=5973"}],"wp:term":[{"taxonomy":"category","embeddable":true,"href":"http:\/\/www.korhanyilmaz.com\/index.php?rest_route=%2Fwp%2Fv2%2Fcategories&post=5973"},{"taxonomy":"post_tag","embeddable":true,"href":"http:\/\/www.korhanyilmaz.com\/index.php?rest_route=%2Fwp%2Fv2%2Ftags&post=5973"}],"curies":[{"name":"wp","href":"https:\/\/api.w.org\/{rel}","templated":true}]}}